{"id":392368,"date":"2026-04-25T01:00:56","date_gmt":"2026-04-25T04:00:56","guid":{"rendered":"https:\/\/www.notibras.com\/site\/?p=392368"},"modified":"2026-04-24T00:05:47","modified_gmt":"2026-04-24T03:05:47","slug":"o-equilibrio-do-risco","status":"publish","type":"post","link":"https:\/\/www.notibras.com\/site\/o-equilibrio-do-risco\/","title":{"rendered":"O EQUIL\u00cdBRIO DO RISCO"},"content":{"rendered":"<p><strong>BICICLETA<\/strong><\/p>\n<p>Na curva da rua, desperta o sentido.<br \/>\nMeu corpo se encontra no a\u00e7o polido.<br \/>\nA roda que gira, constante e concisa,<br \/>\nTraduz o que a carne n\u00e3o diz, mas precisa.<\/p>\n<p>O pulso acelera em firme cad\u00eancia.<br \/>\nDialoga com o tempo e desafia a in\u00e9rcia.<br \/>\nNo sopro do vento, que corta e refaz,<br \/>\nMe ensina o limite e a ir sempre mais.<\/p>\n<p>Os m\u00fasculos falam em l\u00edngua precisa,<br \/>\nNa fibra que rompe e for\u00e7a que pisa.<br \/>\nO joelho, dobrando, revela a verdade.<br \/>\nN\u00e3o h\u00e1 movimento sem fragilidade.<\/p>\n<p>A corrente que canta em um ciclo perfeito,<br \/>\nRepete no corpo o \u00edntimo leito.<br \/>\nO sangue acompanha, em fluxo profundo,<br \/>\nO giro constante que move o mundo.<\/p>\n<p>Se paro, desabo, em uma li\u00e7\u00e3o incontida.<br \/>\nH\u00e1 um equil\u00edbrio em verbo que exige partida.<br \/>\nSeguir \u00e9 o pacto silencioso e forte,<br \/>\nEntre o corpo que insiste e o risco do corte.<\/p>\n<p>E assim, bicicleta e corpo se alinham,<br \/>\nEm rimas que o tempo e o f\u00f4lego dan\u00e7am.<br \/>\nUm verso se escreve no asfalto e no ser.<br \/>\nEntendi que viver \u00e9 cair, e ainda assim, correr.<\/p>\n<p><strong>\u2026\u2026\u2026\u2026\u2026<\/strong><\/p>\n<p><strong>Renan Dam\u00e1zio, carioca, \u00e9 advogado, professor e poeta, autor do livro \u201cEmo\u00e7\u00f5es e Reflex\u00f5es\u201d.<\/strong><\/p>\n","protected":false},"excerpt":{"rendered":"<p>BICICLETA Na curva da rua, desperta o sentido. Meu corpo se encontra no a\u00e7o polido. A roda que gira, constante e concisa, Traduz o que a carne n\u00e3o diz, mas precisa. O pulso acelera em firme cad\u00eancia. Dialoga com o tempo e desafia a in\u00e9rcia. No sopro do vento, que corta e refaz, Me ensina [&hellip;]<\/p>\n","protected":false},"author":21,"featured_media":392369,"comment_status":"closed","ping_status":"closed","sticky":false,"template":"","format":"standard","meta":{"_acf_changed":false,"footnotes":""},"categories":[234],"tags":[],"class_list":["post-392368","post","type-post","status-publish","format-standard","has-post-thumbnail","hentry","category-cafe-literario"],"acf":[],"yoast_head":"<!-- This site is optimized with the Yoast SEO plugin v27.2 - https:\/\/yoast.com\/product\/yoast-seo-wordpress\/ -->\n<title>O EQUIL\u00cdBRIO DO RISCO - Notibras<\/title>\n<meta name=\"robots\" content=\"index, follow, max-snippet:-1, max-image-preview:large, max-video-preview:-1\" \/>\n<link rel=\"canonical\" href=\"https:\/\/www.notibras.com\/site\/o-equilibrio-do-risco\/\" \/>\n<meta property=\"og:locale\" content=\"pt_BR\" \/>\n<meta property=\"og:type\" content=\"article\" \/>\n<meta property=\"og:title\" content=\"O EQUIL\u00cdBRIO DO RISCO - Notibras\" \/>\n<meta property=\"og:description\" content=\"BICICLETA Na curva da rua, desperta o sentido. Meu corpo se encontra no a\u00e7o polido. A roda que gira, constante e concisa, Traduz o que a carne n\u00e3o diz, mas precisa. O pulso acelera em firme cad\u00eancia. Dialoga com o tempo e desafia a in\u00e9rcia. No sopro do vento, que corta e refaz, Me ensina [&hellip;]\" \/>\n<meta property=\"og:url\" content=\"https:\/\/www.notibras.com\/site\/o-equilibrio-do-risco\/\" \/>\n<meta property=\"og:site_name\" content=\"Notibras\" \/>\n<meta property=\"article:publisher\" content=\"https:\/\/www.facebook.com\/notibras\/\" \/>\n<meta property=\"article:published_time\" content=\"2026-04-25T04:00:56+00:00\" \/>\n<meta property=\"og:image\" content=\"https:\/\/www.notibras.com\/site\/wp-content\/uploads\/2026\/04\/ChatGPT-Image-23-de-abr.-de-2026-23_20_19-1024x576.png\" \/>\n\t<meta property=\"og:image:width\" content=\"1024\" \/>\n\t<meta property=\"og:image:height\" content=\"576\" \/>\n\t<meta property=\"og:image:type\" content=\"image\/png\" \/>\n<meta name=\"author\" content=\"Eduardo Mart\u00ednez\" \/>\n<meta name=\"twitter:card\" content=\"summary_large_image\" \/>\n<meta name=\"twitter:creator\" content=\"@Notibras\" \/>\n<meta name=\"twitter:site\" content=\"@Notibras\" \/>\n<meta name=\"twitter:label1\" content=\"Escrito por\" \/>\n\t<meta name=\"twitter:data1\" content=\"Eduardo Mart\u00ednez\" \/>\n\t<meta name=\"twitter:label2\" content=\"Est. tempo de leitura\" \/>\n\t<meta name=\"twitter:data2\" content=\"2 minutos\" \/>\n<script type=\"application\/ld+json\" class=\"yoast-schema-graph\">{\"@context\":\"https:\/\/schema.org\",\"@graph\":[{\"@type\":\"Article\",\"@id\":\"https:\/\/www.notibras.com\/site\/o-equilibrio-do-risco\/#article\",\"isPartOf\":{\"@id\":\"https:\/\/www.notibras.com\/site\/o-equilibrio-do-risco\/\"},\"author\":{\"name\":\"Eduardo Mart\u00ednez\",\"@id\":\"https:\/\/www.notibras.com\/site\/#\/schema\/person\/5b7fabf2aedc3ada2105f03b22b4d3dd\"},\"headline\":\"O EQUIL\u00cdBRIO DO RISCO\",\"datePublished\":\"2026-04-25T04:00:56+00:00\",\"mainEntityOfPage\":{\"@id\":\"https:\/\/www.notibras.com\/site\/o-equilibrio-do-risco\/\"},\"wordCount\":211,\"publisher\":{\"@id\":\"https:\/\/www.notibras.com\/site\/#organization\"},\"image\":{\"@id\":\"https:\/\/www.notibras.com\/site\/o-equilibrio-do-risco\/#primaryimage\"},\"thumbnailUrl\":\"https:\/\/www.notibras.com\/site\/wp-content\/uploads\/2026\/04\/ChatGPT-Image-23-de-abr.-de-2026-23_20_19.png\",\"articleSection\":[\"Caf\u00e9 Liter\u00e1rio\"],\"inLanguage\":\"pt-BR\"},{\"@type\":\"WebPage\",\"@id\":\"https:\/\/www.notibras.com\/site\/o-equilibrio-do-risco\/\",\"url\":\"https:\/\/www.notibras.com\/site\/o-equilibrio-do-risco\/\",\"name\":\"O EQUIL\u00cdBRIO DO RISCO - Notibras\",\"isPartOf\":{\"@id\":\"https:\/\/www.notibras.com\/site\/#website\"},\"primaryImageOfPage\":{\"@id\":\"https:\/\/www.notibras.com\/site\/o-equilibrio-do-risco\/#primaryimage\"},\"image\":{\"@id\":\"https:\/\/www.notibras.com\/site\/o-equilibrio-do-risco\/#primaryimage\"},\"thumbnailUrl\":\"https:\/\/www.notibras.com\/site\/wp-content\/uploads\/2026\/04\/ChatGPT-Image-23-de-abr.-de-2026-23_20_19.png\",\"datePublished\":\"2026-04-25T04:00:56+00:00\",\"breadcrumb\":{\"@id\":\"https:\/\/www.notibras.com\/site\/o-equilibrio-do-risco\/#breadcrumb\"},\"inLanguage\":\"pt-BR\",\"potentialAction\":[{\"@type\":\"ReadAction\",\"target\":[\"https:\/\/www.notibras.com\/site\/o-equilibrio-do-risco\/\"]}]},{\"@type\":\"ImageObject\",\"inLanguage\":\"pt-BR\",\"@id\":\"https:\/\/www.notibras.com\/site\/o-equilibrio-do-risco\/#primaryimage\",\"url\":\"https:\/\/www.notibras.com\/site\/wp-content\/uploads\/2026\/04\/ChatGPT-Image-23-de-abr.-de-2026-23_20_19.png\",\"contentUrl\":\"https:\/\/www.notibras.com\/site\/wp-content\/uploads\/2026\/04\/ChatGPT-Image-23-de-abr.-de-2026-23_20_19.png\",\"width\":1672,\"height\":941},{\"@type\":\"BreadcrumbList\",\"@id\":\"https:\/\/www.notibras.com\/site\/o-equilibrio-do-risco\/#breadcrumb\",\"itemListElement\":[{\"@type\":\"ListItem\",\"position\":1,\"name\":\"In\u00edcio\",\"item\":\"https:\/\/www.notibras.com\/site\/\"},{\"@type\":\"ListItem\",\"position\":2,\"name\":\"O EQUIL\u00cdBRIO DO RISCO\"}]},{\"@type\":\"WebSite\",\"@id\":\"https:\/\/www.notibras.com\/site\/#website\",\"url\":\"https:\/\/www.notibras.com\/site\/\",\"name\":\"Notibras\",\"description\":\"Not\u00edcias de Bras\u00edlia, do Brasil e do Mundo\",\"publisher\":{\"@id\":\"https:\/\/www.notibras.com\/site\/#organization\"},\"potentialAction\":[{\"@type\":\"SearchAction\",\"target\":{\"@type\":\"EntryPoint\",\"urlTemplate\":\"https:\/\/www.notibras.com\/site\/?s={search_term_string}\"},\"query-input\":{\"@type\":\"PropertyValueSpecification\",\"valueRequired\":true,\"valueName\":\"search_term_string\"}}],\"inLanguage\":\"pt-BR\"},{\"@type\":\"Organization\",\"@id\":\"https:\/\/www.notibras.com\/site\/#organization\",\"name\":\"Grupo Notibras de Comunica\u00e7\u00e3o\",\"url\":\"https:\/\/www.notibras.com\/site\/\",\"logo\":{\"@type\":\"ImageObject\",\"inLanguage\":\"pt-BR\",\"@id\":\"https:\/\/www.notibras.com\/site\/#\/schema\/logo\/image\/\",\"url\":\"https:\/\/www.notibras.com\/site\/wp-content\/uploads\/2023\/01\/notibras23.png\",\"contentUrl\":\"https:\/\/www.notibras.com\/site\/wp-content\/uploads\/2023\/01\/notibras23.png\",\"width\":350,\"height\":87,\"caption\":\"Grupo Notibras de Comunica\u00e7\u00e3o\"},\"image\":{\"@id\":\"https:\/\/www.notibras.com\/site\/#\/schema\/logo\/image\/\"},\"sameAs\":[\"https:\/\/www.facebook.com\/notibras\/\",\"https:\/\/x.com\/Notibras\",\"https:\/\/www.instagram.com\/notibras\/\"]},{\"@type\":\"Person\",\"@id\":\"https:\/\/www.notibras.com\/site\/#\/schema\/person\/5b7fabf2aedc3ada2105f03b22b4d3dd\",\"name\":\"Eduardo Mart\u00ednez\",\"image\":{\"@type\":\"ImageObject\",\"inLanguage\":\"pt-BR\",\"@id\":\"https:\/\/secure.gravatar.com\/avatar\/7902f906289926289cbcda644b5197c796b893c6ffd7b9a536a42d290f7704a0?s=96&d=mm&r=g\",\"url\":\"https:\/\/secure.gravatar.com\/avatar\/7902f906289926289cbcda644b5197c796b893c6ffd7b9a536a42d290f7704a0?s=96&d=mm&r=g\",\"contentUrl\":\"https:\/\/secure.gravatar.com\/avatar\/7902f906289926289cbcda644b5197c796b893c6ffd7b9a536a42d290f7704a0?s=96&d=mm&r=g\",\"caption\":\"Eduardo Mart\u00ednez\"}}]}<\/script>\n<!-- \/ Yoast SEO plugin. -->","yoast_head_json":{"title":"O EQUIL\u00cdBRIO DO RISCO - Notibras","robots":{"index":"index","follow":"follow","max-snippet":"max-snippet:-1","max-image-preview":"max-image-preview:large","max-video-preview":"max-video-preview:-1"},"canonical":"https:\/\/www.notibras.com\/site\/o-equilibrio-do-risco\/","og_locale":"pt_BR","og_type":"article","og_title":"O EQUIL\u00cdBRIO DO RISCO - Notibras","og_description":"BICICLETA Na curva da rua, desperta o sentido. Meu corpo se encontra no a\u00e7o polido. A roda que gira, constante e concisa, Traduz o que a carne n\u00e3o diz, mas precisa. O pulso acelera em firme cad\u00eancia. Dialoga com o tempo e desafia a in\u00e9rcia. No sopro do vento, que corta e refaz, Me ensina [&hellip;]","og_url":"https:\/\/www.notibras.com\/site\/o-equilibrio-do-risco\/","og_site_name":"Notibras","article_publisher":"https:\/\/www.facebook.com\/notibras\/","article_published_time":"2026-04-25T04:00:56+00:00","og_image":[{"width":1024,"height":576,"url":"https:\/\/www.notibras.com\/site\/wp-content\/uploads\/2026\/04\/ChatGPT-Image-23-de-abr.-de-2026-23_20_19-1024x576.png","type":"image\/png"}],"author":"Eduardo Mart\u00ednez","twitter_card":"summary_large_image","twitter_creator":"@Notibras","twitter_site":"@Notibras","twitter_misc":{"Escrito por":"Eduardo Mart\u00ednez","Est. tempo de leitura":"2 minutos"},"schema":{"@context":"https:\/\/schema.org","@graph":[{"@type":"Article","@id":"https:\/\/www.notibras.com\/site\/o-equilibrio-do-risco\/#article","isPartOf":{"@id":"https:\/\/www.notibras.com\/site\/o-equilibrio-do-risco\/"},"author":{"name":"Eduardo Mart\u00ednez","@id":"https:\/\/www.notibras.com\/site\/#\/schema\/person\/5b7fabf2aedc3ada2105f03b22b4d3dd"},"headline":"O EQUIL\u00cdBRIO DO RISCO","datePublished":"2026-04-25T04:00:56+00:00","mainEntityOfPage":{"@id":"https:\/\/www.notibras.com\/site\/o-equilibrio-do-risco\/"},"wordCount":211,"publisher":{"@id":"https:\/\/www.notibras.com\/site\/#organization"},"image":{"@id":"https:\/\/www.notibras.com\/site\/o-equilibrio-do-risco\/#primaryimage"},"thumbnailUrl":"https:\/\/www.notibras.com\/site\/wp-content\/uploads\/2026\/04\/ChatGPT-Image-23-de-abr.-de-2026-23_20_19.png","articleSection":["Caf\u00e9 Liter\u00e1rio"],"inLanguage":"pt-BR"},{"@type":"WebPage","@id":"https:\/\/www.notibras.com\/site\/o-equilibrio-do-risco\/","url":"https:\/\/www.notibras.com\/site\/o-equilibrio-do-risco\/","name":"O EQUIL\u00cdBRIO DO RISCO - Notibras","isPartOf":{"@id":"https:\/\/www.notibras.com\/site\/#website"},"primaryImageOfPage":{"@id":"https:\/\/www.notibras.com\/site\/o-equilibrio-do-risco\/#primaryimage"},"image":{"@id":"https:\/\/www.notibras.com\/site\/o-equilibrio-do-risco\/#primaryimage"},"thumbnailUrl":"https:\/\/www.notibras.com\/site\/wp-content\/uploads\/2026\/04\/ChatGPT-Image-23-de-abr.-de-2026-23_20_19.png","datePublished":"2026-04-25T04:00:56+00:00","breadcrumb":{"@id":"https:\/\/www.notibras.com\/site\/o-equilibrio-do-risco\/#breadcrumb"},"inLanguage":"pt-BR","potentialAction":[{"@type":"ReadAction","target":["https:\/\/www.notibras.com\/site\/o-equilibrio-do-risco\/"]}]},{"@type":"ImageObject","inLanguage":"pt-BR","@id":"https:\/\/www.notibras.com\/site\/o-equilibrio-do-risco\/#primaryimage","url":"https:\/\/www.notibras.com\/site\/wp-content\/uploads\/2026\/04\/ChatGPT-Image-23-de-abr.-de-2026-23_20_19.png","contentUrl":"https:\/\/www.notibras.com\/site\/wp-content\/uploads\/2026\/04\/ChatGPT-Image-23-de-abr.-de-2026-23_20_19.png","width":1672,"height":941},{"@type":"BreadcrumbList","@id":"https:\/\/www.notibras.com\/site\/o-equilibrio-do-risco\/#breadcrumb","itemListElement":[{"@type":"ListItem","position":1,"name":"In\u00edcio","item":"https:\/\/www.notibras.com\/site\/"},{"@type":"ListItem","position":2,"name":"O EQUIL\u00cdBRIO DO RISCO"}]},{"@type":"WebSite","@id":"https:\/\/www.notibras.com\/site\/#website","url":"https:\/\/www.notibras.com\/site\/","name":"Notibras","description":"Not\u00edcias de Bras\u00edlia, do Brasil e do Mundo","publisher":{"@id":"https:\/\/www.notibras.com\/site\/#organization"},"potentialAction":[{"@type":"SearchAction","target":{"@type":"EntryPoint","urlTemplate":"https:\/\/www.notibras.com\/site\/?s={search_term_string}"},"query-input":{"@type":"PropertyValueSpecification","valueRequired":true,"valueName":"search_term_string"}}],"inLanguage":"pt-BR"},{"@type":"Organization","@id":"https:\/\/www.notibras.com\/site\/#organization","name":"Grupo Notibras de Comunica\u00e7\u00e3o","url":"https:\/\/www.notibras.com\/site\/","logo":{"@type":"ImageObject","inLanguage":"pt-BR","@id":"https:\/\/www.notibras.com\/site\/#\/schema\/logo\/image\/","url":"https:\/\/www.notibras.com\/site\/wp-content\/uploads\/2023\/01\/notibras23.png","contentUrl":"https:\/\/www.notibras.com\/site\/wp-content\/uploads\/2023\/01\/notibras23.png","width":350,"height":87,"caption":"Grupo Notibras de Comunica\u00e7\u00e3o"},"image":{"@id":"https:\/\/www.notibras.com\/site\/#\/schema\/logo\/image\/"},"sameAs":["https:\/\/www.facebook.com\/notibras\/","https:\/\/x.com\/Notibras","https:\/\/www.instagram.com\/notibras\/"]},{"@type":"Person","@id":"https:\/\/www.notibras.com\/site\/#\/schema\/person\/5b7fabf2aedc3ada2105f03b22b4d3dd","name":"Eduardo Mart\u00ednez","image":{"@type":"ImageObject","inLanguage":"pt-BR","@id":"https:\/\/secure.gravatar.com\/avatar\/7902f906289926289cbcda644b5197c796b893c6ffd7b9a536a42d290f7704a0?s=96&d=mm&r=g","url":"https:\/\/secure.gravatar.com\/avatar\/7902f906289926289cbcda644b5197c796b893c6ffd7b9a536a42d290f7704a0?s=96&d=mm&r=g","contentUrl":"https:\/\/secure.gravatar.com\/avatar\/7902f906289926289cbcda644b5197c796b893c6ffd7b9a536a42d290f7704a0?s=96&d=mm&r=g","caption":"Eduardo Mart\u00ednez"}}]}},"amp_enabled":true,"_links":{"self":[{"href":"https:\/\/www.notibras.com\/site\/wp-json\/wp\/v2\/posts\/392368","targetHints":{"allow":["GET"]}}],"collection":[{"href":"https:\/\/www.notibras.com\/site\/wp-json\/wp\/v2\/posts"}],"about":[{"href":"https:\/\/www.notibras.com\/site\/wp-json\/wp\/v2\/types\/post"}],"author":[{"embeddable":true,"href":"https:\/\/www.notibras.com\/site\/wp-json\/wp\/v2\/users\/21"}],"replies":[{"embeddable":true,"href":"https:\/\/www.notibras.com\/site\/wp-json\/wp\/v2\/comments?post=392368"}],"version-history":[{"count":1,"href":"https:\/\/www.notibras.com\/site\/wp-json\/wp\/v2\/posts\/392368\/revisions"}],"predecessor-version":[{"id":392370,"href":"https:\/\/www.notibras.com\/site\/wp-json\/wp\/v2\/posts\/392368\/revisions\/392370"}],"wp:featuredmedia":[{"embeddable":true,"href":"https:\/\/www.notibras.com\/site\/wp-json\/wp\/v2\/media\/392369"}],"wp:attachment":[{"href":"https:\/\/www.notibras.com\/site\/wp-json\/wp\/v2\/media?parent=392368"}],"wp:term":[{"taxonomy":"category","embeddable":true,"href":"https:\/\/www.notibras.com\/site\/wp-json\/wp\/v2\/categories?post=392368"},{"taxonomy":"post_tag","embeddable":true,"href":"https:\/\/www.notibras.com\/site\/wp-json\/wp\/v2\/tags?post=392368"}],"curies":[{"name":"wp","href":"https:\/\/api.w.org\/{rel}","templated":true}]}}