{"id":392372,"date":"2026-04-27T01:15:06","date_gmt":"2026-04-27T04:15:06","guid":{"rendered":"https:\/\/www.notibras.com\/site\/?p=392372"},"modified":"2026-04-23T23:33:43","modified_gmt":"2026-04-24T02:33:43","slug":"o-velorio-de-quem-ainda-respira","status":"publish","type":"post","link":"https:\/\/www.notibras.com\/site\/o-velorio-de-quem-ainda-respira\/","title":{"rendered":"O VEL\u00d3RIO DE QUEM AINDA RESPIRA"},"content":{"rendered":"<p><strong>AGONIA<\/strong><\/p>\n<p>Tudo o que \u00e9 luz.<br \/>\nTudo o que \u00e9 belo<br \/>\nTudo o que \u00e9 forte<br \/>\nTudo o que \u00e9 bom.<\/p>\n<p>Tudo o que \u00e9 virtuoso.<br \/>\nTudo o que \u00e9 \u00e9tico.<br \/>\nTudo o que \u00e9 nobre.<br \/>\nTudo o que \u00e9 certo.<\/p>\n<p>Tudo isso me mata.<br \/>\nLembra quem sou.<br \/>\nLembra quem preciso ser.<br \/>\nLembra da linha entre um e o outro.<\/p>\n<p>A ansiedade mata a mente.<br \/>\nMata meu corpo.<br \/>\nMeu cora\u00e7\u00e3o.<\/p>\n<p>Mata minha alma.<br \/>\nTudo o que constru\u00ed.<br \/>\nEstou morto pra mim.<br \/>\nS\u00f3 falta anunciar aos terceiros.<\/p>\n<p>Preparem o vel\u00f3rio.<br \/>\nS\u00e3o Miguel esteja em minha l\u00e1pide.<br \/>\nN\u00e3o morro por morrer.<br \/>\nMorro pela falta do prazer de n\u00e3o te ter.<br \/>\nE, tudo o que \u00e9, passa a n\u00e3o ser.<\/p>\n<p><strong>\u2026\u2026\u2026\u2026\u2026<\/strong><\/p>\n<p><strong>Renan Dam\u00e1zio, carioca, \u00e9 advogado, professor e poeta, autor do livro \u201cEmo\u00e7\u00f5es e Reflex\u00f5es\u201d.<\/strong><\/p>\n","protected":false},"excerpt":{"rendered":"<p>AGONIA Tudo o que \u00e9 luz. Tudo o que \u00e9 belo Tudo o que \u00e9 forte Tudo o que \u00e9 bom. Tudo o que \u00e9 virtuoso. Tudo o que \u00e9 \u00e9tico. Tudo o que \u00e9 nobre. Tudo o que \u00e9 certo. Tudo isso me mata. Lembra quem sou. Lembra quem preciso ser. Lembra da linha [&hellip;]<\/p>\n","protected":false},"author":21,"featured_media":392373,"comment_status":"closed","ping_status":"closed","sticky":false,"template":"","format":"standard","meta":{"_acf_changed":false,"footnotes":""},"categories":[234],"tags":[],"class_list":["post-392372","post","type-post","status-publish","format-standard","has-post-thumbnail","hentry","category-cafe-literario"],"acf":[],"yoast_head":"<!-- This site is optimized with the Yoast SEO plugin v27.2 - https:\/\/yoast.com\/product\/yoast-seo-wordpress\/ -->\n<title>O VEL\u00d3RIO DE QUEM AINDA RESPIRA - Notibras<\/title>\n<meta name=\"robots\" content=\"index, follow, max-snippet:-1, max-image-preview:large, max-video-preview:-1\" \/>\n<link rel=\"canonical\" href=\"https:\/\/www.notibras.com\/site\/o-velorio-de-quem-ainda-respira\/\" \/>\n<meta property=\"og:locale\" content=\"pt_BR\" \/>\n<meta property=\"og:type\" content=\"article\" \/>\n<meta property=\"og:title\" content=\"O VEL\u00d3RIO DE QUEM AINDA RESPIRA - Notibras\" \/>\n<meta property=\"og:description\" content=\"AGONIA Tudo o que \u00e9 luz. Tudo o que \u00e9 belo Tudo o que \u00e9 forte Tudo o que \u00e9 bom. Tudo o que \u00e9 virtuoso. Tudo o que \u00e9 \u00e9tico. Tudo o que \u00e9 nobre. Tudo o que \u00e9 certo. Tudo isso me mata. Lembra quem sou. Lembra quem preciso ser. Lembra da linha [&hellip;]\" \/>\n<meta property=\"og:url\" content=\"https:\/\/www.notibras.com\/site\/o-velorio-de-quem-ainda-respira\/\" \/>\n<meta property=\"og:site_name\" content=\"Notibras\" \/>\n<meta property=\"article:publisher\" content=\"https:\/\/www.facebook.com\/notibras\/\" \/>\n<meta property=\"article:published_time\" content=\"2026-04-27T04:15:06+00:00\" \/>\n<meta property=\"og:image\" content=\"https:\/\/www.notibras.com\/site\/wp-content\/uploads\/2026\/04\/ChatGPT-Image-23-de-abr.-de-2026-23_30_00-1024x576.png\" \/>\n\t<meta property=\"og:image:width\" content=\"1024\" \/>\n\t<meta property=\"og:image:height\" content=\"576\" \/>\n\t<meta property=\"og:image:type\" content=\"image\/png\" \/>\n<meta name=\"author\" content=\"Eduardo Mart\u00ednez\" \/>\n<meta name=\"twitter:card\" content=\"summary_large_image\" \/>\n<meta name=\"twitter:creator\" content=\"@Notibras\" \/>\n<meta name=\"twitter:site\" content=\"@Notibras\" \/>\n<meta name=\"twitter:label1\" content=\"Escrito por\" \/>\n\t<meta name=\"twitter:data1\" content=\"Eduardo Mart\u00ednez\" \/>\n\t<meta name=\"twitter:label2\" content=\"Est. tempo de leitura\" \/>\n\t<meta name=\"twitter:data2\" content=\"1 minuto\" \/>\n<script type=\"application\/ld+json\" class=\"yoast-schema-graph\">{\"@context\":\"https:\/\/schema.org\",\"@graph\":[{\"@type\":\"Article\",\"@id\":\"https:\/\/www.notibras.com\/site\/o-velorio-de-quem-ainda-respira\/#article\",\"isPartOf\":{\"@id\":\"https:\/\/www.notibras.com\/site\/o-velorio-de-quem-ainda-respira\/\"},\"author\":{\"name\":\"Eduardo Mart\u00ednez\",\"@id\":\"https:\/\/www.notibras.com\/site\/#\/schema\/person\/5b7fabf2aedc3ada2105f03b22b4d3dd\"},\"headline\":\"O VEL\u00d3RIO DE QUEM AINDA RESPIRA\",\"datePublished\":\"2026-04-27T04:15:06+00:00\",\"mainEntityOfPage\":{\"@id\":\"https:\/\/www.notibras.com\/site\/o-velorio-de-quem-ainda-respira\/\"},\"wordCount\":138,\"publisher\":{\"@id\":\"https:\/\/www.notibras.com\/site\/#organization\"},\"image\":{\"@id\":\"https:\/\/www.notibras.com\/site\/o-velorio-de-quem-ainda-respira\/#primaryimage\"},\"thumbnailUrl\":\"https:\/\/www.notibras.com\/site\/wp-content\/uploads\/2026\/04\/ChatGPT-Image-23-de-abr.-de-2026-23_30_00.png\",\"articleSection\":[\"Caf\u00e9 Liter\u00e1rio\"],\"inLanguage\":\"pt-BR\"},{\"@type\":\"WebPage\",\"@id\":\"https:\/\/www.notibras.com\/site\/o-velorio-de-quem-ainda-respira\/\",\"url\":\"https:\/\/www.notibras.com\/site\/o-velorio-de-quem-ainda-respira\/\",\"name\":\"O VEL\u00d3RIO DE QUEM AINDA RESPIRA - Notibras\",\"isPartOf\":{\"@id\":\"https:\/\/www.notibras.com\/site\/#website\"},\"primaryImageOfPage\":{\"@id\":\"https:\/\/www.notibras.com\/site\/o-velorio-de-quem-ainda-respira\/#primaryimage\"},\"image\":{\"@id\":\"https:\/\/www.notibras.com\/site\/o-velorio-de-quem-ainda-respira\/#primaryimage\"},\"thumbnailUrl\":\"https:\/\/www.notibras.com\/site\/wp-content\/uploads\/2026\/04\/ChatGPT-Image-23-de-abr.-de-2026-23_30_00.png\",\"datePublished\":\"2026-04-27T04:15:06+00:00\",\"breadcrumb\":{\"@id\":\"https:\/\/www.notibras.com\/site\/o-velorio-de-quem-ainda-respira\/#breadcrumb\"},\"inLanguage\":\"pt-BR\",\"potentialAction\":[{\"@type\":\"ReadAction\",\"target\":[\"https:\/\/www.notibras.com\/site\/o-velorio-de-quem-ainda-respira\/\"]}]},{\"@type\":\"ImageObject\",\"inLanguage\":\"pt-BR\",\"@id\":\"https:\/\/www.notibras.com\/site\/o-velorio-de-quem-ainda-respira\/#primaryimage\",\"url\":\"https:\/\/www.notibras.com\/site\/wp-content\/uploads\/2026\/04\/ChatGPT-Image-23-de-abr.-de-2026-23_30_00.png\",\"contentUrl\":\"https:\/\/www.notibras.com\/site\/wp-content\/uploads\/2026\/04\/ChatGPT-Image-23-de-abr.-de-2026-23_30_00.png\",\"width\":1672,\"height\":941},{\"@type\":\"BreadcrumbList\",\"@id\":\"https:\/\/www.notibras.com\/site\/o-velorio-de-quem-ainda-respira\/#breadcrumb\",\"itemListElement\":[{\"@type\":\"ListItem\",\"position\":1,\"name\":\"In\u00edcio\",\"item\":\"https:\/\/www.notibras.com\/site\/\"},{\"@type\":\"ListItem\",\"position\":2,\"name\":\"O VEL\u00d3RIO DE QUEM AINDA RESPIRA\"}]},{\"@type\":\"WebSite\",\"@id\":\"https:\/\/www.notibras.com\/site\/#website\",\"url\":\"https:\/\/www.notibras.com\/site\/\",\"name\":\"Notibras\",\"description\":\"Not\u00edcias de Bras\u00edlia, do Brasil e do Mundo\",\"publisher\":{\"@id\":\"https:\/\/www.notibras.com\/site\/#organization\"},\"potentialAction\":[{\"@type\":\"SearchAction\",\"target\":{\"@type\":\"EntryPoint\",\"urlTemplate\":\"https:\/\/www.notibras.com\/site\/?s={search_term_string}\"},\"query-input\":{\"@type\":\"PropertyValueSpecification\",\"valueRequired\":true,\"valueName\":\"search_term_string\"}}],\"inLanguage\":\"pt-BR\"},{\"@type\":\"Organization\",\"@id\":\"https:\/\/www.notibras.com\/site\/#organization\",\"name\":\"Grupo Notibras de Comunica\u00e7\u00e3o\",\"url\":\"https:\/\/www.notibras.com\/site\/\",\"logo\":{\"@type\":\"ImageObject\",\"inLanguage\":\"pt-BR\",\"@id\":\"https:\/\/www.notibras.com\/site\/#\/schema\/logo\/image\/\",\"url\":\"https:\/\/www.notibras.com\/site\/wp-content\/uploads\/2023\/01\/notibras23.png\",\"contentUrl\":\"https:\/\/www.notibras.com\/site\/wp-content\/uploads\/2023\/01\/notibras23.png\",\"width\":350,\"height\":87,\"caption\":\"Grupo Notibras de Comunica\u00e7\u00e3o\"},\"image\":{\"@id\":\"https:\/\/www.notibras.com\/site\/#\/schema\/logo\/image\/\"},\"sameAs\":[\"https:\/\/www.facebook.com\/notibras\/\",\"https:\/\/x.com\/Notibras\",\"https:\/\/www.instagram.com\/notibras\/\"]},{\"@type\":\"Person\",\"@id\":\"https:\/\/www.notibras.com\/site\/#\/schema\/person\/5b7fabf2aedc3ada2105f03b22b4d3dd\",\"name\":\"Eduardo Mart\u00ednez\",\"image\":{\"@type\":\"ImageObject\",\"inLanguage\":\"pt-BR\",\"@id\":\"https:\/\/secure.gravatar.com\/avatar\/7902f906289926289cbcda644b5197c796b893c6ffd7b9a536a42d290f7704a0?s=96&d=mm&r=g\",\"url\":\"https:\/\/secure.gravatar.com\/avatar\/7902f906289926289cbcda644b5197c796b893c6ffd7b9a536a42d290f7704a0?s=96&d=mm&r=g\",\"contentUrl\":\"https:\/\/secure.gravatar.com\/avatar\/7902f906289926289cbcda644b5197c796b893c6ffd7b9a536a42d290f7704a0?s=96&d=mm&r=g\",\"caption\":\"Eduardo Mart\u00ednez\"}}]}<\/script>\n<!-- \/ Yoast SEO plugin. -->","yoast_head_json":{"title":"O VEL\u00d3RIO DE QUEM AINDA RESPIRA - Notibras","robots":{"index":"index","follow":"follow","max-snippet":"max-snippet:-1","max-image-preview":"max-image-preview:large","max-video-preview":"max-video-preview:-1"},"canonical":"https:\/\/www.notibras.com\/site\/o-velorio-de-quem-ainda-respira\/","og_locale":"pt_BR","og_type":"article","og_title":"O VEL\u00d3RIO DE QUEM AINDA RESPIRA - Notibras","og_description":"AGONIA Tudo o que \u00e9 luz. Tudo o que \u00e9 belo Tudo o que \u00e9 forte Tudo o que \u00e9 bom. Tudo o que \u00e9 virtuoso. Tudo o que \u00e9 \u00e9tico. Tudo o que \u00e9 nobre. Tudo o que \u00e9 certo. Tudo isso me mata. Lembra quem sou. Lembra quem preciso ser. Lembra da linha [&hellip;]","og_url":"https:\/\/www.notibras.com\/site\/o-velorio-de-quem-ainda-respira\/","og_site_name":"Notibras","article_publisher":"https:\/\/www.facebook.com\/notibras\/","article_published_time":"2026-04-27T04:15:06+00:00","og_image":[{"width":1024,"height":576,"url":"https:\/\/www.notibras.com\/site\/wp-content\/uploads\/2026\/04\/ChatGPT-Image-23-de-abr.-de-2026-23_30_00-1024x576.png","type":"image\/png"}],"author":"Eduardo Mart\u00ednez","twitter_card":"summary_large_image","twitter_creator":"@Notibras","twitter_site":"@Notibras","twitter_misc":{"Escrito por":"Eduardo Mart\u00ednez","Est. tempo de leitura":"1 minuto"},"schema":{"@context":"https:\/\/schema.org","@graph":[{"@type":"Article","@id":"https:\/\/www.notibras.com\/site\/o-velorio-de-quem-ainda-respira\/#article","isPartOf":{"@id":"https:\/\/www.notibras.com\/site\/o-velorio-de-quem-ainda-respira\/"},"author":{"name":"Eduardo Mart\u00ednez","@id":"https:\/\/www.notibras.com\/site\/#\/schema\/person\/5b7fabf2aedc3ada2105f03b22b4d3dd"},"headline":"O VEL\u00d3RIO DE QUEM AINDA RESPIRA","datePublished":"2026-04-27T04:15:06+00:00","mainEntityOfPage":{"@id":"https:\/\/www.notibras.com\/site\/o-velorio-de-quem-ainda-respira\/"},"wordCount":138,"publisher":{"@id":"https:\/\/www.notibras.com\/site\/#organization"},"image":{"@id":"https:\/\/www.notibras.com\/site\/o-velorio-de-quem-ainda-respira\/#primaryimage"},"thumbnailUrl":"https:\/\/www.notibras.com\/site\/wp-content\/uploads\/2026\/04\/ChatGPT-Image-23-de-abr.-de-2026-23_30_00.png","articleSection":["Caf\u00e9 Liter\u00e1rio"],"inLanguage":"pt-BR"},{"@type":"WebPage","@id":"https:\/\/www.notibras.com\/site\/o-velorio-de-quem-ainda-respira\/","url":"https:\/\/www.notibras.com\/site\/o-velorio-de-quem-ainda-respira\/","name":"O VEL\u00d3RIO DE QUEM AINDA RESPIRA - Notibras","isPartOf":{"@id":"https:\/\/www.notibras.com\/site\/#website"},"primaryImageOfPage":{"@id":"https:\/\/www.notibras.com\/site\/o-velorio-de-quem-ainda-respira\/#primaryimage"},"image":{"@id":"https:\/\/www.notibras.com\/site\/o-velorio-de-quem-ainda-respira\/#primaryimage"},"thumbnailUrl":"https:\/\/www.notibras.com\/site\/wp-content\/uploads\/2026\/04\/ChatGPT-Image-23-de-abr.-de-2026-23_30_00.png","datePublished":"2026-04-27T04:15:06+00:00","breadcrumb":{"@id":"https:\/\/www.notibras.com\/site\/o-velorio-de-quem-ainda-respira\/#breadcrumb"},"inLanguage":"pt-BR","potentialAction":[{"@type":"ReadAction","target":["https:\/\/www.notibras.com\/site\/o-velorio-de-quem-ainda-respira\/"]}]},{"@type":"ImageObject","inLanguage":"pt-BR","@id":"https:\/\/www.notibras.com\/site\/o-velorio-de-quem-ainda-respira\/#primaryimage","url":"https:\/\/www.notibras.com\/site\/wp-content\/uploads\/2026\/04\/ChatGPT-Image-23-de-abr.-de-2026-23_30_00.png","contentUrl":"https:\/\/www.notibras.com\/site\/wp-content\/uploads\/2026\/04\/ChatGPT-Image-23-de-abr.-de-2026-23_30_00.png","width":1672,"height":941},{"@type":"BreadcrumbList","@id":"https:\/\/www.notibras.com\/site\/o-velorio-de-quem-ainda-respira\/#breadcrumb","itemListElement":[{"@type":"ListItem","position":1,"name":"In\u00edcio","item":"https:\/\/www.notibras.com\/site\/"},{"@type":"ListItem","position":2,"name":"O VEL\u00d3RIO DE QUEM AINDA RESPIRA"}]},{"@type":"WebSite","@id":"https:\/\/www.notibras.com\/site\/#website","url":"https:\/\/www.notibras.com\/site\/","name":"Notibras","description":"Not\u00edcias de Bras\u00edlia, do Brasil e do Mundo","publisher":{"@id":"https:\/\/www.notibras.com\/site\/#organization"},"potentialAction":[{"@type":"SearchAction","target":{"@type":"EntryPoint","urlTemplate":"https:\/\/www.notibras.com\/site\/?s={search_term_string}"},"query-input":{"@type":"PropertyValueSpecification","valueRequired":true,"valueName":"search_term_string"}}],"inLanguage":"pt-BR"},{"@type":"Organization","@id":"https:\/\/www.notibras.com\/site\/#organization","name":"Grupo Notibras de Comunica\u00e7\u00e3o","url":"https:\/\/www.notibras.com\/site\/","logo":{"@type":"ImageObject","inLanguage":"pt-BR","@id":"https:\/\/www.notibras.com\/site\/#\/schema\/logo\/image\/","url":"https:\/\/www.notibras.com\/site\/wp-content\/uploads\/2023\/01\/notibras23.png","contentUrl":"https:\/\/www.notibras.com\/site\/wp-content\/uploads\/2023\/01\/notibras23.png","width":350,"height":87,"caption":"Grupo Notibras de Comunica\u00e7\u00e3o"},"image":{"@id":"https:\/\/www.notibras.com\/site\/#\/schema\/logo\/image\/"},"sameAs":["https:\/\/www.facebook.com\/notibras\/","https:\/\/x.com\/Notibras","https:\/\/www.instagram.com\/notibras\/"]},{"@type":"Person","@id":"https:\/\/www.notibras.com\/site\/#\/schema\/person\/5b7fabf2aedc3ada2105f03b22b4d3dd","name":"Eduardo Mart\u00ednez","image":{"@type":"ImageObject","inLanguage":"pt-BR","@id":"https:\/\/secure.gravatar.com\/avatar\/7902f906289926289cbcda644b5197c796b893c6ffd7b9a536a42d290f7704a0?s=96&d=mm&r=g","url":"https:\/\/secure.gravatar.com\/avatar\/7902f906289926289cbcda644b5197c796b893c6ffd7b9a536a42d290f7704a0?s=96&d=mm&r=g","contentUrl":"https:\/\/secure.gravatar.com\/avatar\/7902f906289926289cbcda644b5197c796b893c6ffd7b9a536a42d290f7704a0?s=96&d=mm&r=g","caption":"Eduardo Mart\u00ednez"}}]}},"amp_enabled":true,"_links":{"self":[{"href":"https:\/\/www.notibras.com\/site\/wp-json\/wp\/v2\/posts\/392372","targetHints":{"allow":["GET"]}}],"collection":[{"href":"https:\/\/www.notibras.com\/site\/wp-json\/wp\/v2\/posts"}],"about":[{"href":"https:\/\/www.notibras.com\/site\/wp-json\/wp\/v2\/types\/post"}],"author":[{"embeddable":true,"href":"https:\/\/www.notibras.com\/site\/wp-json\/wp\/v2\/users\/21"}],"replies":[{"embeddable":true,"href":"https:\/\/www.notibras.com\/site\/wp-json\/wp\/v2\/comments?post=392372"}],"version-history":[{"count":2,"href":"https:\/\/www.notibras.com\/site\/wp-json\/wp\/v2\/posts\/392372\/revisions"}],"predecessor-version":[{"id":392375,"href":"https:\/\/www.notibras.com\/site\/wp-json\/wp\/v2\/posts\/392372\/revisions\/392375"}],"wp:featuredmedia":[{"embeddable":true,"href":"https:\/\/www.notibras.com\/site\/wp-json\/wp\/v2\/media\/392373"}],"wp:attachment":[{"href":"https:\/\/www.notibras.com\/site\/wp-json\/wp\/v2\/media?parent=392372"}],"wp:term":[{"taxonomy":"category","embeddable":true,"href":"https:\/\/www.notibras.com\/site\/wp-json\/wp\/v2\/categories?post=392372"},{"taxonomy":"post_tag","embeddable":true,"href":"https:\/\/www.notibras.com\/site\/wp-json\/wp\/v2\/tags?post=392372"}],"curies":[{"name":"wp","href":"https:\/\/api.w.org\/{rel}","templated":true}]}}