{"id":392421,"date":"2026-04-25T01:15:42","date_gmt":"2026-04-25T04:15:42","guid":{"rendered":"https:\/\/www.notibras.com\/site\/?p=392421"},"modified":"2026-04-24T10:13:35","modified_gmt":"2026-04-24T13:13:35","slug":"policia-civil-investiga-denuncia-de-abuso-sexual-contra-jovem-em-festa","status":"publish","type":"post","link":"https:\/\/www.notibras.com\/site\/policia-civil-investiga-denuncia-de-abuso-sexual-contra-jovem-em-festa\/","title":{"rendered":"Pol\u00edcia Civil investiga den\u00fancia de abuso sexual contra jovem em festa"},"content":{"rendered":"<p>Uma jovem de 18 anos denunciou ter sido abusada sexualmente e agredida durante uma festa no Setor de Clubes Esportivos Sul, em Bras\u00edlia, na madrugada de 11 de mar\u00e7o. O caso, registrado como importuna\u00e7\u00e3o sexual, est\u00e1 sendo investigado pela Delegacia da Mulher (DEAM), na Asa Sul. A v\u00edtima conseguiu fugir e acionou amigos, que contataram sua fam\u00edlia.<\/p>\n<p>Segundo o relato da jovem, ela come\u00e7ou a passar mal na festa, com crises de solu\u00e7o, momento em que um rapaz de 19 anos ofereceu ajuda. Ele teria comprado \u00e1gua e a conduzido para um local mais afastado e escuro da \u00e1rea de eventos.<\/p>\n<p>A v\u00edtima afirmou que o suspeito passou a segur\u00e1-la com for\u00e7a pelos bra\u00e7os, deixando marcas, e, ignorando seus pedidos para retornar \u00e0 festa, a agrediu com um tapa forte no rosto. &#8220;Eu fiquei em estado de choque&#8221;, relatou a jovem sobre a viol\u00eancia f\u00edsica sofrida.<\/p>\n<p>Ap\u00f3s a agress\u00e3o, o homem teria jogado a jovem no ch\u00e3o e tentado abus\u00e1-la. A v\u00edtima conseguiu escapar e buscar aux\u00edlio com amigos, que acionaram o pai dela. O pai a buscou no local e seguiu para a delegacia para registrar o boletim de ocorr\u00eancia na mesma noite.<\/p>\n<p>A fam\u00edlia da jovem expressou revolta e reclama da falta de exames de corpo de delito realizados pela Pol\u00edcia Civil na delegacia. O pai relatou que a equipe policial apenas fotografou os bra\u00e7os roxos e o rosto da filha, sem encaminh\u00e1-la para atendimento m\u00e9dico imediato no local.<\/p>\n<p>O pai da jovem cobra um atendimento mais qualificado e exames periciais rigorosos por parte das autoridades. Ele destacou que a filha est\u00e1 passando por acompanhamento m\u00e9dico ap\u00f3s o trauma sofrido, mas a aus\u00eancia de exames imediatos gera inseguran\u00e7a.<\/p>\n<p>O suspeito, um rapaz de 19 anos, ainda n\u00e3o prestou depoimento, mas, segundo a pol\u00edcia, deve ser ouvido nos pr\u00f3ximos dias. O crime \u00e9 tratado inicialmente como importuna\u00e7\u00e3o sexual, \u00e1rea que abrange atos libidinosos sem consentimento.<\/p>\n<p>A defesa do investigado afirmou que ele &#8220;jamais praticou qualquer ato de viol\u00eancia&#8221;. A defesa sustentou que a apura\u00e7\u00e3o dos fatos pelas autoridades competentes esclarecer\u00e1 o ocorrido.<\/p>\n<p>A reportagem questionou a Pol\u00edcia Civil do Distrito Federal sobre os protocolos de atendimento prestados \u00e0 jovem na unidade policial, mas, at\u00e9 o fechamento desta mat\u00e9ria, n\u00e3o obteve resposta sobre a reclama\u00e7\u00e3o da fam\u00edlia.<\/p>\n<p>O crime ocorreu em uma \u00e1rea nobre da capital, \u00e0s margens do Lago Parano\u00e1, conhecida pela grande concentra\u00e7\u00e3o de festas e restaurantes, alertando para a seguran\u00e7a em eventos de grande porte na regi\u00e3o.<\/p>\n","protected":false},"excerpt":{"rendered":"<p>Uma jovem de 18 anos denunciou ter sido abusada sexualmente e agredida durante uma festa no Setor de Clubes Esportivos Sul, em Bras\u00edlia, na madrugada de 11 de mar\u00e7o. O caso, registrado como importuna\u00e7\u00e3o sexual, est\u00e1 sendo investigado pela Delegacia da Mulher (DEAM), na Asa Sul. A v\u00edtima conseguiu fugir e acionou amigos, que contataram [&hellip;]<\/p>\n","protected":false},"author":21,"featured_media":392423,"comment_status":"closed","ping_status":"closed","sticky":false,"template":"","format":"standard","meta":{"_acf_changed":false,"footnotes":""},"categories":[161],"tags":[],"class_list":["post-392421","post","type-post","status-publish","format-standard","has-post-thumbnail","hentry","category-quadradinho-em-foco"],"acf":[],"yoast_head":"<!-- This site is optimized with the Yoast SEO plugin v27.2 - https:\/\/yoast.com\/product\/yoast-seo-wordpress\/ -->\n<title>Pol\u00edcia Civil investiga den\u00fancia de abuso sexual contra jovem em festa - Notibras<\/title>\n<meta name=\"robots\" content=\"index, follow, max-snippet:-1, max-image-preview:large, max-video-preview:-1\" \/>\n<link rel=\"canonical\" href=\"https:\/\/www.notibras.com\/site\/policia-civil-investiga-denuncia-de-abuso-sexual-contra-jovem-em-festa\/\" \/>\n<meta property=\"og:locale\" content=\"pt_BR\" \/>\n<meta property=\"og:type\" content=\"article\" \/>\n<meta property=\"og:title\" content=\"Pol\u00edcia Civil investiga den\u00fancia de abuso sexual contra jovem em festa - Notibras\" \/>\n<meta property=\"og:description\" content=\"Uma jovem de 18 anos denunciou ter sido abusada sexualmente e agredida durante uma festa no Setor de Clubes Esportivos Sul, em Bras\u00edlia, na madrugada de 11 de mar\u00e7o. O caso, registrado como importuna\u00e7\u00e3o sexual, est\u00e1 sendo investigado pela Delegacia da Mulher (DEAM), na Asa Sul. A v\u00edtima conseguiu fugir e acionou amigos, que contataram [&hellip;]\" \/>\n<meta property=\"og:url\" content=\"https:\/\/www.notibras.com\/site\/policia-civil-investiga-denuncia-de-abuso-sexual-contra-jovem-em-festa\/\" \/>\n<meta property=\"og:site_name\" content=\"Notibras\" \/>\n<meta property=\"article:publisher\" content=\"https:\/\/www.facebook.com\/notibras\/\" \/>\n<meta property=\"article:published_time\" content=\"2026-04-25T04:15:42+00:00\" \/>\n<meta property=\"og:image\" content=\"https:\/\/www.notibras.com\/site\/wp-content\/uploads\/2026\/04\/WhatsApp-Image-2026-04-24-at-10.12.04.jpeg\" \/>\n\t<meta property=\"og:image:width\" content=\"399\" \/>\n\t<meta property=\"og:image:height\" content=\"440\" \/>\n\t<meta property=\"og:image:type\" content=\"image\/jpeg\" \/>\n<meta name=\"author\" content=\"Eduardo Mart\u00ednez\" \/>\n<meta name=\"twitter:card\" content=\"summary_large_image\" \/>\n<meta name=\"twitter:creator\" content=\"@Notibras\" \/>\n<meta name=\"twitter:site\" content=\"@Notibras\" \/>\n<meta name=\"twitter:label1\" content=\"Escrito por\" \/>\n\t<meta name=\"twitter:data1\" content=\"Eduardo Mart\u00ednez\" \/>\n\t<meta name=\"twitter:label2\" content=\"Est. tempo de leitura\" \/>\n\t<meta name=\"twitter:data2\" content=\"3 minutos\" \/>\n<script type=\"application\/ld+json\" class=\"yoast-schema-graph\">{\"@context\":\"https:\/\/schema.org\",\"@graph\":[{\"@type\":\"Article\",\"@id\":\"https:\/\/www.notibras.com\/site\/policia-civil-investiga-denuncia-de-abuso-sexual-contra-jovem-em-festa\/#article\",\"isPartOf\":{\"@id\":\"https:\/\/www.notibras.com\/site\/policia-civil-investiga-denuncia-de-abuso-sexual-contra-jovem-em-festa\/\"},\"author\":{\"name\":\"Eduardo Mart\u00ednez\",\"@id\":\"https:\/\/www.notibras.com\/site\/#\/schema\/person\/5b7fabf2aedc3ada2105f03b22b4d3dd\"},\"headline\":\"Pol\u00edcia Civil investiga den\u00fancia de abuso sexual contra jovem em festa\",\"datePublished\":\"2026-04-25T04:15:42+00:00\",\"mainEntityOfPage\":{\"@id\":\"https:\/\/www.notibras.com\/site\/policia-civil-investiga-denuncia-de-abuso-sexual-contra-jovem-em-festa\/\"},\"wordCount\":459,\"publisher\":{\"@id\":\"https:\/\/www.notibras.com\/site\/#organization\"},\"image\":{\"@id\":\"https:\/\/www.notibras.com\/site\/policia-civil-investiga-denuncia-de-abuso-sexual-contra-jovem-em-festa\/#primaryimage\"},\"thumbnailUrl\":\"https:\/\/www.notibras.com\/site\/wp-content\/uploads\/2026\/04\/WhatsApp-Image-2026-04-24-at-10.12.04.jpeg\",\"articleSection\":[\"Quadradinho em Foco\"],\"inLanguage\":\"pt-BR\"},{\"@type\":\"WebPage\",\"@id\":\"https:\/\/www.notibras.com\/site\/policia-civil-investiga-denuncia-de-abuso-sexual-contra-jovem-em-festa\/\",\"url\":\"https:\/\/www.notibras.com\/site\/policia-civil-investiga-denuncia-de-abuso-sexual-contra-jovem-em-festa\/\",\"name\":\"Pol\u00edcia Civil investiga den\u00fancia de abuso sexual contra jovem em festa - Notibras\",\"isPartOf\":{\"@id\":\"https:\/\/www.notibras.com\/site\/#website\"},\"primaryImageOfPage\":{\"@id\":\"https:\/\/www.notibras.com\/site\/policia-civil-investiga-denuncia-de-abuso-sexual-contra-jovem-em-festa\/#primaryimage\"},\"image\":{\"@id\":\"https:\/\/www.notibras.com\/site\/policia-civil-investiga-denuncia-de-abuso-sexual-contra-jovem-em-festa\/#primaryimage\"},\"thumbnailUrl\":\"https:\/\/www.notibras.com\/site\/wp-content\/uploads\/2026\/04\/WhatsApp-Image-2026-04-24-at-10.12.04.jpeg\",\"datePublished\":\"2026-04-25T04:15:42+00:00\",\"breadcrumb\":{\"@id\":\"https:\/\/www.notibras.com\/site\/policia-civil-investiga-denuncia-de-abuso-sexual-contra-jovem-em-festa\/#breadcrumb\"},\"inLanguage\":\"pt-BR\",\"potentialAction\":[{\"@type\":\"ReadAction\",\"target\":[\"https:\/\/www.notibras.com\/site\/policia-civil-investiga-denuncia-de-abuso-sexual-contra-jovem-em-festa\/\"]}]},{\"@type\":\"ImageObject\",\"inLanguage\":\"pt-BR\",\"@id\":\"https:\/\/www.notibras.com\/site\/policia-civil-investiga-denuncia-de-abuso-sexual-contra-jovem-em-festa\/#primaryimage\",\"url\":\"https:\/\/www.notibras.com\/site\/wp-content\/uploads\/2026\/04\/WhatsApp-Image-2026-04-24-at-10.12.04.jpeg\",\"contentUrl\":\"https:\/\/www.notibras.com\/site\/wp-content\/uploads\/2026\/04\/WhatsApp-Image-2026-04-24-at-10.12.04.jpeg\",\"width\":399,\"height\":440},{\"@type\":\"BreadcrumbList\",\"@id\":\"https:\/\/www.notibras.com\/site\/policia-civil-investiga-denuncia-de-abuso-sexual-contra-jovem-em-festa\/#breadcrumb\",\"itemListElement\":[{\"@type\":\"ListItem\",\"position\":1,\"name\":\"In\u00edcio\",\"item\":\"https:\/\/www.notibras.com\/site\/\"},{\"@type\":\"ListItem\",\"position\":2,\"name\":\"Pol\u00edcia Civil investiga den\u00fancia de abuso sexual contra jovem em festa\"}]},{\"@type\":\"WebSite\",\"@id\":\"https:\/\/www.notibras.com\/site\/#website\",\"url\":\"https:\/\/www.notibras.com\/site\/\",\"name\":\"Notibras\",\"description\":\"Not\u00edcias de Bras\u00edlia, do Brasil e do Mundo\",\"publisher\":{\"@id\":\"https:\/\/www.notibras.com\/site\/#organization\"},\"potentialAction\":[{\"@type\":\"SearchAction\",\"target\":{\"@type\":\"EntryPoint\",\"urlTemplate\":\"https:\/\/www.notibras.com\/site\/?s={search_term_string}\"},\"query-input\":{\"@type\":\"PropertyValueSpecification\",\"valueRequired\":true,\"valueName\":\"search_term_string\"}}],\"inLanguage\":\"pt-BR\"},{\"@type\":\"Organization\",\"@id\":\"https:\/\/www.notibras.com\/site\/#organization\",\"name\":\"Grupo Notibras de Comunica\u00e7\u00e3o\",\"url\":\"https:\/\/www.notibras.com\/site\/\",\"logo\":{\"@type\":\"ImageObject\",\"inLanguage\":\"pt-BR\",\"@id\":\"https:\/\/www.notibras.com\/site\/#\/schema\/logo\/image\/\",\"url\":\"https:\/\/www.notibras.com\/site\/wp-content\/uploads\/2023\/01\/notibras23.png\",\"contentUrl\":\"https:\/\/www.notibras.com\/site\/wp-content\/uploads\/2023\/01\/notibras23.png\",\"width\":350,\"height\":87,\"caption\":\"Grupo Notibras de Comunica\u00e7\u00e3o\"},\"image\":{\"@id\":\"https:\/\/www.notibras.com\/site\/#\/schema\/logo\/image\/\"},\"sameAs\":[\"https:\/\/www.facebook.com\/notibras\/\",\"https:\/\/x.com\/Notibras\",\"https:\/\/www.instagram.com\/notibras\/\"]},{\"@type\":\"Person\",\"@id\":\"https:\/\/www.notibras.com\/site\/#\/schema\/person\/5b7fabf2aedc3ada2105f03b22b4d3dd\",\"name\":\"Eduardo Mart\u00ednez\",\"image\":{\"@type\":\"ImageObject\",\"inLanguage\":\"pt-BR\",\"@id\":\"https:\/\/secure.gravatar.com\/avatar\/7902f906289926289cbcda644b5197c796b893c6ffd7b9a536a42d290f7704a0?s=96&d=mm&r=g\",\"url\":\"https:\/\/secure.gravatar.com\/avatar\/7902f906289926289cbcda644b5197c796b893c6ffd7b9a536a42d290f7704a0?s=96&d=mm&r=g\",\"contentUrl\":\"https:\/\/secure.gravatar.com\/avatar\/7902f906289926289cbcda644b5197c796b893c6ffd7b9a536a42d290f7704a0?s=96&d=mm&r=g\",\"caption\":\"Eduardo Mart\u00ednez\"}}]}<\/script>\n<!-- \/ Yoast SEO plugin. -->","yoast_head_json":{"title":"Pol\u00edcia Civil investiga den\u00fancia de abuso sexual contra jovem em festa - Notibras","robots":{"index":"index","follow":"follow","max-snippet":"max-snippet:-1","max-image-preview":"max-image-preview:large","max-video-preview":"max-video-preview:-1"},"canonical":"https:\/\/www.notibras.com\/site\/policia-civil-investiga-denuncia-de-abuso-sexual-contra-jovem-em-festa\/","og_locale":"pt_BR","og_type":"article","og_title":"Pol\u00edcia Civil investiga den\u00fancia de abuso sexual contra jovem em festa - Notibras","og_description":"Uma jovem de 18 anos denunciou ter sido abusada sexualmente e agredida durante uma festa no Setor de Clubes Esportivos Sul, em Bras\u00edlia, na madrugada de 11 de mar\u00e7o. O caso, registrado como importuna\u00e7\u00e3o sexual, est\u00e1 sendo investigado pela Delegacia da Mulher (DEAM), na Asa Sul. A v\u00edtima conseguiu fugir e acionou amigos, que contataram [&hellip;]","og_url":"https:\/\/www.notibras.com\/site\/policia-civil-investiga-denuncia-de-abuso-sexual-contra-jovem-em-festa\/","og_site_name":"Notibras","article_publisher":"https:\/\/www.facebook.com\/notibras\/","article_published_time":"2026-04-25T04:15:42+00:00","og_image":[{"width":399,"height":440,"url":"https:\/\/www.notibras.com\/site\/wp-content\/uploads\/2026\/04\/WhatsApp-Image-2026-04-24-at-10.12.04.jpeg","type":"image\/jpeg"}],"author":"Eduardo Mart\u00ednez","twitter_card":"summary_large_image","twitter_creator":"@Notibras","twitter_site":"@Notibras","twitter_misc":{"Escrito por":"Eduardo Mart\u00ednez","Est. tempo de leitura":"3 minutos"},"schema":{"@context":"https:\/\/schema.org","@graph":[{"@type":"Article","@id":"https:\/\/www.notibras.com\/site\/policia-civil-investiga-denuncia-de-abuso-sexual-contra-jovem-em-festa\/#article","isPartOf":{"@id":"https:\/\/www.notibras.com\/site\/policia-civil-investiga-denuncia-de-abuso-sexual-contra-jovem-em-festa\/"},"author":{"name":"Eduardo Mart\u00ednez","@id":"https:\/\/www.notibras.com\/site\/#\/schema\/person\/5b7fabf2aedc3ada2105f03b22b4d3dd"},"headline":"Pol\u00edcia Civil investiga den\u00fancia de abuso sexual contra jovem em festa","datePublished":"2026-04-25T04:15:42+00:00","mainEntityOfPage":{"@id":"https:\/\/www.notibras.com\/site\/policia-civil-investiga-denuncia-de-abuso-sexual-contra-jovem-em-festa\/"},"wordCount":459,"publisher":{"@id":"https:\/\/www.notibras.com\/site\/#organization"},"image":{"@id":"https:\/\/www.notibras.com\/site\/policia-civil-investiga-denuncia-de-abuso-sexual-contra-jovem-em-festa\/#primaryimage"},"thumbnailUrl":"https:\/\/www.notibras.com\/site\/wp-content\/uploads\/2026\/04\/WhatsApp-Image-2026-04-24-at-10.12.04.jpeg","articleSection":["Quadradinho em Foco"],"inLanguage":"pt-BR"},{"@type":"WebPage","@id":"https:\/\/www.notibras.com\/site\/policia-civil-investiga-denuncia-de-abuso-sexual-contra-jovem-em-festa\/","url":"https:\/\/www.notibras.com\/site\/policia-civil-investiga-denuncia-de-abuso-sexual-contra-jovem-em-festa\/","name":"Pol\u00edcia Civil investiga den\u00fancia de abuso sexual contra jovem em festa - Notibras","isPartOf":{"@id":"https:\/\/www.notibras.com\/site\/#website"},"primaryImageOfPage":{"@id":"https:\/\/www.notibras.com\/site\/policia-civil-investiga-denuncia-de-abuso-sexual-contra-jovem-em-festa\/#primaryimage"},"image":{"@id":"https:\/\/www.notibras.com\/site\/policia-civil-investiga-denuncia-de-abuso-sexual-contra-jovem-em-festa\/#primaryimage"},"thumbnailUrl":"https:\/\/www.notibras.com\/site\/wp-content\/uploads\/2026\/04\/WhatsApp-Image-2026-04-24-at-10.12.04.jpeg","datePublished":"2026-04-25T04:15:42+00:00","breadcrumb":{"@id":"https:\/\/www.notibras.com\/site\/policia-civil-investiga-denuncia-de-abuso-sexual-contra-jovem-em-festa\/#breadcrumb"},"inLanguage":"pt-BR","potentialAction":[{"@type":"ReadAction","target":["https:\/\/www.notibras.com\/site\/policia-civil-investiga-denuncia-de-abuso-sexual-contra-jovem-em-festa\/"]}]},{"@type":"ImageObject","inLanguage":"pt-BR","@id":"https:\/\/www.notibras.com\/site\/policia-civil-investiga-denuncia-de-abuso-sexual-contra-jovem-em-festa\/#primaryimage","url":"https:\/\/www.notibras.com\/site\/wp-content\/uploads\/2026\/04\/WhatsApp-Image-2026-04-24-at-10.12.04.jpeg","contentUrl":"https:\/\/www.notibras.com\/site\/wp-content\/uploads\/2026\/04\/WhatsApp-Image-2026-04-24-at-10.12.04.jpeg","width":399,"height":440},{"@type":"BreadcrumbList","@id":"https:\/\/www.notibras.com\/site\/policia-civil-investiga-denuncia-de-abuso-sexual-contra-jovem-em-festa\/#breadcrumb","itemListElement":[{"@type":"ListItem","position":1,"name":"In\u00edcio","item":"https:\/\/www.notibras.com\/site\/"},{"@type":"ListItem","position":2,"name":"Pol\u00edcia Civil investiga den\u00fancia de abuso sexual contra jovem em festa"}]},{"@type":"WebSite","@id":"https:\/\/www.notibras.com\/site\/#website","url":"https:\/\/www.notibras.com\/site\/","name":"Notibras","description":"Not\u00edcias de Bras\u00edlia, do Brasil e do Mundo","publisher":{"@id":"https:\/\/www.notibras.com\/site\/#organization"},"potentialAction":[{"@type":"SearchAction","target":{"@type":"EntryPoint","urlTemplate":"https:\/\/www.notibras.com\/site\/?s={search_term_string}"},"query-input":{"@type":"PropertyValueSpecification","valueRequired":true,"valueName":"search_term_string"}}],"inLanguage":"pt-BR"},{"@type":"Organization","@id":"https:\/\/www.notibras.com\/site\/#organization","name":"Grupo Notibras de Comunica\u00e7\u00e3o","url":"https:\/\/www.notibras.com\/site\/","logo":{"@type":"ImageObject","inLanguage":"pt-BR","@id":"https:\/\/www.notibras.com\/site\/#\/schema\/logo\/image\/","url":"https:\/\/www.notibras.com\/site\/wp-content\/uploads\/2023\/01\/notibras23.png","contentUrl":"https:\/\/www.notibras.com\/site\/wp-content\/uploads\/2023\/01\/notibras23.png","width":350,"height":87,"caption":"Grupo Notibras de Comunica\u00e7\u00e3o"},"image":{"@id":"https:\/\/www.notibras.com\/site\/#\/schema\/logo\/image\/"},"sameAs":["https:\/\/www.facebook.com\/notibras\/","https:\/\/x.com\/Notibras","https:\/\/www.instagram.com\/notibras\/"]},{"@type":"Person","@id":"https:\/\/www.notibras.com\/site\/#\/schema\/person\/5b7fabf2aedc3ada2105f03b22b4d3dd","name":"Eduardo Mart\u00ednez","image":{"@type":"ImageObject","inLanguage":"pt-BR","@id":"https:\/\/secure.gravatar.com\/avatar\/7902f906289926289cbcda644b5197c796b893c6ffd7b9a536a42d290f7704a0?s=96&d=mm&r=g","url":"https:\/\/secure.gravatar.com\/avatar\/7902f906289926289cbcda644b5197c796b893c6ffd7b9a536a42d290f7704a0?s=96&d=mm&r=g","contentUrl":"https:\/\/secure.gravatar.com\/avatar\/7902f906289926289cbcda644b5197c796b893c6ffd7b9a536a42d290f7704a0?s=96&d=mm&r=g","caption":"Eduardo Mart\u00ednez"}}]}},"amp_enabled":true,"_links":{"self":[{"href":"https:\/\/www.notibras.com\/site\/wp-json\/wp\/v2\/posts\/392421","targetHints":{"allow":["GET"]}}],"collection":[{"href":"https:\/\/www.notibras.com\/site\/wp-json\/wp\/v2\/posts"}],"about":[{"href":"https:\/\/www.notibras.com\/site\/wp-json\/wp\/v2\/types\/post"}],"author":[{"embeddable":true,"href":"https:\/\/www.notibras.com\/site\/wp-json\/wp\/v2\/users\/21"}],"replies":[{"embeddable":true,"href":"https:\/\/www.notibras.com\/site\/wp-json\/wp\/v2\/comments?post=392421"}],"version-history":[{"count":3,"href":"https:\/\/www.notibras.com\/site\/wp-json\/wp\/v2\/posts\/392421\/revisions"}],"predecessor-version":[{"id":392425,"href":"https:\/\/www.notibras.com\/site\/wp-json\/wp\/v2\/posts\/392421\/revisions\/392425"}],"wp:featuredmedia":[{"embeddable":true,"href":"https:\/\/www.notibras.com\/site\/wp-json\/wp\/v2\/media\/392423"}],"wp:attachment":[{"href":"https:\/\/www.notibras.com\/site\/wp-json\/wp\/v2\/media?parent=392421"}],"wp:term":[{"taxonomy":"category","embeddable":true,"href":"https:\/\/www.notibras.com\/site\/wp-json\/wp\/v2\/categories?post=392421"},{"taxonomy":"post_tag","embeddable":true,"href":"https:\/\/www.notibras.com\/site\/wp-json\/wp\/v2\/tags?post=392421"}],"curies":[{"name":"wp","href":"https:\/\/api.w.org\/{rel}","templated":true}]}}