{"id":392436,"date":"2026-04-25T01:00:00","date_gmt":"2026-04-25T04:00:00","guid":{"rendered":"https:\/\/www.notibras.com\/site\/?p=392436"},"modified":"2026-04-24T17:03:56","modified_gmt":"2026-04-24T20:03:56","slug":"major-da-pmdf-e-investigado-por-assedio-sexual-e-abuso-de-autoridade","status":"publish","type":"post","link":"https:\/\/www.notibras.com\/site\/major-da-pmdf-e-investigado-por-assedio-sexual-e-abuso-de-autoridade\/","title":{"rendered":"Major da PMDF \u00e9 investigado por ass\u00e9dio sexual e abuso de autoridade"},"content":{"rendered":"<p>A Pol\u00edcia Militar do Distrito Federal (PMDF) instaurou um Inqu\u00e9rito Policial Militar (IPM) para apurar graves den\u00fancias contra o major Diego dos Santos. O oficial, lotado no Departamento de Controle e Correi\u00e7\u00e3o (DCC), \u00e9 acusado de cometer ass\u00e9dio sexual e abuso de autoridade contra uma cabo da corpora\u00e7\u00e3o que era sua subordinada direta.<\/p>\n<p>A investiga\u00e7\u00e3o foi formalmente aberta pela Corregedoria da PM ap\u00f3s uma requisi\u00e7\u00e3o direta do Minist\u00e9rio P\u00fablico do Distrito Federal e Territ\u00f3rios (MPDFT). O documento que autoriza a apura\u00e7\u00e3o foi publicado originalmente no dia 5 de janeiro, mas o conte\u00fado dos fatos veio a p\u00fablico apenas nesta sexta-feira.<\/p>\n<p>De acordo com as informa\u00e7\u00f5es colhidas no inqu\u00e9rito, os epis\u00f3dios de ass\u00e9dio teriam ocorrido de forma sistem\u00e1tica entre dezembro de 2023 e julho de 2025. O cen\u00e1rio dos crimes seriam as pr\u00f3prias depend\u00eancias do Departamento de Controle e Correi\u00e7\u00e3o, unidade ironicamente respons\u00e1vel por zelar pela \u00e9tica na tropa.<\/p>\n<p>O caso corre sob sigilo de justi\u00e7a para preservar a identidade e a integridade da v\u00edtima. Segundo o Minist\u00e9rio P\u00fablico, a cabo decidiu buscar ajuda e compareceu pessoalmente \u00e0 institui\u00e7\u00e3o para formalizar a den\u00fancia, relatando uma rotina de constrangimentos que teria se estendido por quase dois anos.<\/p>\n<p>O relato da v\u00edtima aponta que o comportamento inadequado do major teve in\u00edcio ap\u00f3s uma confraterniza\u00e7\u00e3o da unidade em dezembro de 2023. Na ocasi\u00e3o, o oficial teria insistido excessivamente para acompanh\u00e1-la at\u00e9 sua resid\u00eancia, demonstrando um comportamento invasivo que rompia a rela\u00e7\u00e3o profissional.<\/p>\n<p>Ap\u00f3s esse evento, o major teria passado a proferir coment\u00e1rios impr\u00f3prios e de cunho sexual no ambiente de trabalho. Mesmo diante da resist\u00eancia da subordinada, as investidas continuaram, criando um ambiente hostil e degradante para a policial dentro do quartel.<\/p>\n<p>A situa\u00e7\u00e3o teria se agravado quando a cabo iniciou um relacionamento afetivo com outro militar, que tamb\u00e9m era subordinado ao major investigado. A partir desse momento, a den\u00fancia indica que o ass\u00e9dio sexual se desdobrou em persegui\u00e7\u00e3o profissional e abuso de autoridade como forma de puni\u00e7\u00e3o.<\/p>\n<p>A v\u00edtima relatou ter sofrido diversas &#8220;retalia\u00e7\u00f5es funcionais&#8221; ap\u00f3s o oficial tomar conhecimento de seu relacionamento pessoal. O inqu\u00e9rito detalha que a rotina de trabalho da cabo passou a ser prejudicada por decis\u00f5es administrativas que visavam puni-la ou isol\u00e1-la dentro da unidade.<\/p>\n<p>Em um dos epis\u00f3dios citados, ocorrido em agosto de 2024, o major Diego dos Santos teria acusado a subordinada formalmente de indisciplina. A acusa\u00e7\u00e3o teria sido fabricada ap\u00f3s a cabo questionar uma abordagem do oficial, servindo como ferramenta de intimida\u00e7\u00e3o e controle.<\/p>\n<p>Em nota oficial, a Pol\u00edcia Militar informou que, assim que tomou conhecimento das graves acusa\u00e7\u00f5es, a Corregedoria agiu imediatamente. Al\u00e9m da abertura do inqu\u00e9rito, foi solicitada \u00e0 Diretoria de Pessoal Militar a movimenta\u00e7\u00e3o cautelar de todos os envolvidos no caso.<\/p>\n<p>A corpora\u00e7\u00e3o ressaltou que o afastamento e a transfer\u00eancia dos militares de suas fun\u00e7\u00f5es originais s\u00e3o medidas necess\u00e1rias para assegurar a total imparcialidade na apura\u00e7\u00e3o dos fatos. O objetivo \u00e9 evitar que o poder hier\u00e1rquico do investigado possa interferir na coleta de provas ou no depoimento de testemunhas.<\/p>\n<p>At\u00e9 o fechamento desta reportagem, a defesa do major Diego dos Santos n\u00e3o havia sido localizada para comentar as acusa\u00e7\u00f5es. O espa\u00e7o segue aberto para que o oficial apresente sua vers\u00e3o sobre os fatos investigados pela Corregedoria e pelo Minist\u00e9rio P\u00fablico.<\/p>\n","protected":false},"excerpt":{"rendered":"<p>A Pol\u00edcia Militar do Distrito Federal (PMDF) instaurou um Inqu\u00e9rito Policial Militar (IPM) para apurar graves den\u00fancias contra o major Diego dos Santos. O oficial, lotado no Departamento de Controle e Correi\u00e7\u00e3o (DCC), \u00e9 acusado de cometer ass\u00e9dio sexual e abuso de autoridade contra uma cabo da corpora\u00e7\u00e3o que era sua subordinada direta. A investiga\u00e7\u00e3o [&hellip;]<\/p>\n","protected":false},"author":21,"featured_media":392438,"comment_status":"closed","ping_status":"closed","sticky":false,"template":"","format":"standard","meta":{"_acf_changed":false,"footnotes":""},"categories":[161],"tags":[],"class_list":["post-392436","post","type-post","status-publish","format-standard","has-post-thumbnail","hentry","category-quadradinho-em-foco"],"acf":[],"yoast_head":"<!-- This site is optimized with the Yoast SEO plugin v27.2 - https:\/\/yoast.com\/product\/yoast-seo-wordpress\/ -->\n<title>Major da PMDF \u00e9 investigado por ass\u00e9dio sexual e abuso de autoridade - Notibras<\/title>\n<meta name=\"robots\" content=\"index, follow, max-snippet:-1, max-image-preview:large, max-video-preview:-1\" \/>\n<link rel=\"canonical\" href=\"https:\/\/www.notibras.com\/site\/major-da-pmdf-e-investigado-por-assedio-sexual-e-abuso-de-autoridade\/\" \/>\n<meta property=\"og:locale\" content=\"pt_BR\" \/>\n<meta property=\"og:type\" content=\"article\" \/>\n<meta property=\"og:title\" content=\"Major da PMDF \u00e9 investigado por ass\u00e9dio sexual e abuso de autoridade - Notibras\" \/>\n<meta property=\"og:description\" content=\"A Pol\u00edcia Militar do Distrito Federal (PMDF) instaurou um Inqu\u00e9rito Policial Militar (IPM) para apurar graves den\u00fancias contra o major Diego dos Santos. O oficial, lotado no Departamento de Controle e Correi\u00e7\u00e3o (DCC), \u00e9 acusado de cometer ass\u00e9dio sexual e abuso de autoridade contra uma cabo da corpora\u00e7\u00e3o que era sua subordinada direta. A investiga\u00e7\u00e3o [&hellip;]\" \/>\n<meta property=\"og:url\" content=\"https:\/\/www.notibras.com\/site\/major-da-pmdf-e-investigado-por-assedio-sexual-e-abuso-de-autoridade\/\" \/>\n<meta property=\"og:site_name\" content=\"Notibras\" \/>\n<meta property=\"article:publisher\" content=\"https:\/\/www.facebook.com\/notibras\/\" \/>\n<meta property=\"article:published_time\" content=\"2026-04-25T04:00:00+00:00\" \/>\n<meta property=\"og:image\" content=\"https:\/\/www.notibras.com\/site\/wp-content\/uploads\/2026\/04\/16545725086-1139e7ab0a-k.webp\" \/>\n\t<meta property=\"og:image:width\" content=\"984\" \/>\n\t<meta property=\"og:image:height\" content=\"656\" \/>\n\t<meta property=\"og:image:type\" content=\"image\/webp\" \/>\n<meta name=\"author\" content=\"Eduardo Mart\u00ednez\" \/>\n<meta name=\"twitter:card\" content=\"summary_large_image\" \/>\n<meta name=\"twitter:creator\" content=\"@Notibras\" \/>\n<meta name=\"twitter:site\" content=\"@Notibras\" \/>\n<meta name=\"twitter:label1\" content=\"Escrito por\" \/>\n\t<meta name=\"twitter:data1\" content=\"Eduardo Mart\u00ednez\" \/>\n\t<meta name=\"twitter:label2\" content=\"Est. tempo de leitura\" \/>\n\t<meta name=\"twitter:data2\" content=\"4 minutos\" \/>\n<script type=\"application\/ld+json\" class=\"yoast-schema-graph\">{\"@context\":\"https:\/\/schema.org\",\"@graph\":[{\"@type\":\"Article\",\"@id\":\"https:\/\/www.notibras.com\/site\/major-da-pmdf-e-investigado-por-assedio-sexual-e-abuso-de-autoridade\/#article\",\"isPartOf\":{\"@id\":\"https:\/\/www.notibras.com\/site\/major-da-pmdf-e-investigado-por-assedio-sexual-e-abuso-de-autoridade\/\"},\"author\":{\"name\":\"Eduardo Mart\u00ednez\",\"@id\":\"https:\/\/www.notibras.com\/site\/#\/schema\/person\/5b7fabf2aedc3ada2105f03b22b4d3dd\"},\"headline\":\"Major da PMDF \u00e9 investigado por ass\u00e9dio sexual e abuso de autoridade\",\"datePublished\":\"2026-04-25T04:00:00+00:00\",\"mainEntityOfPage\":{\"@id\":\"https:\/\/www.notibras.com\/site\/major-da-pmdf-e-investigado-por-assedio-sexual-e-abuso-de-autoridade\/\"},\"wordCount\":617,\"publisher\":{\"@id\":\"https:\/\/www.notibras.com\/site\/#organization\"},\"image\":{\"@id\":\"https:\/\/www.notibras.com\/site\/major-da-pmdf-e-investigado-por-assedio-sexual-e-abuso-de-autoridade\/#primaryimage\"},\"thumbnailUrl\":\"https:\/\/www.notibras.com\/site\/wp-content\/uploads\/2026\/04\/16545725086-1139e7ab0a-k.webp\",\"articleSection\":[\"Quadradinho em Foco\"],\"inLanguage\":\"pt-BR\"},{\"@type\":\"WebPage\",\"@id\":\"https:\/\/www.notibras.com\/site\/major-da-pmdf-e-investigado-por-assedio-sexual-e-abuso-de-autoridade\/\",\"url\":\"https:\/\/www.notibras.com\/site\/major-da-pmdf-e-investigado-por-assedio-sexual-e-abuso-de-autoridade\/\",\"name\":\"Major da PMDF \u00e9 investigado por ass\u00e9dio sexual e abuso de autoridade - Notibras\",\"isPartOf\":{\"@id\":\"https:\/\/www.notibras.com\/site\/#website\"},\"primaryImageOfPage\":{\"@id\":\"https:\/\/www.notibras.com\/site\/major-da-pmdf-e-investigado-por-assedio-sexual-e-abuso-de-autoridade\/#primaryimage\"},\"image\":{\"@id\":\"https:\/\/www.notibras.com\/site\/major-da-pmdf-e-investigado-por-assedio-sexual-e-abuso-de-autoridade\/#primaryimage\"},\"thumbnailUrl\":\"https:\/\/www.notibras.com\/site\/wp-content\/uploads\/2026\/04\/16545725086-1139e7ab0a-k.webp\",\"datePublished\":\"2026-04-25T04:00:00+00:00\",\"breadcrumb\":{\"@id\":\"https:\/\/www.notibras.com\/site\/major-da-pmdf-e-investigado-por-assedio-sexual-e-abuso-de-autoridade\/#breadcrumb\"},\"inLanguage\":\"pt-BR\",\"potentialAction\":[{\"@type\":\"ReadAction\",\"target\":[\"https:\/\/www.notibras.com\/site\/major-da-pmdf-e-investigado-por-assedio-sexual-e-abuso-de-autoridade\/\"]}]},{\"@type\":\"ImageObject\",\"inLanguage\":\"pt-BR\",\"@id\":\"https:\/\/www.notibras.com\/site\/major-da-pmdf-e-investigado-por-assedio-sexual-e-abuso-de-autoridade\/#primaryimage\",\"url\":\"https:\/\/www.notibras.com\/site\/wp-content\/uploads\/2026\/04\/16545725086-1139e7ab0a-k.webp\",\"contentUrl\":\"https:\/\/www.notibras.com\/site\/wp-content\/uploads\/2026\/04\/16545725086-1139e7ab0a-k.webp\",\"width\":984,\"height\":656},{\"@type\":\"BreadcrumbList\",\"@id\":\"https:\/\/www.notibras.com\/site\/major-da-pmdf-e-investigado-por-assedio-sexual-e-abuso-de-autoridade\/#breadcrumb\",\"itemListElement\":[{\"@type\":\"ListItem\",\"position\":1,\"name\":\"In\u00edcio\",\"item\":\"https:\/\/www.notibras.com\/site\/\"},{\"@type\":\"ListItem\",\"position\":2,\"name\":\"Major da PMDF \u00e9 investigado por ass\u00e9dio sexual e abuso de autoridade\"}]},{\"@type\":\"WebSite\",\"@id\":\"https:\/\/www.notibras.com\/site\/#website\",\"url\":\"https:\/\/www.notibras.com\/site\/\",\"name\":\"Notibras\",\"description\":\"Not\u00edcias de Bras\u00edlia, do Brasil e do Mundo\",\"publisher\":{\"@id\":\"https:\/\/www.notibras.com\/site\/#organization\"},\"potentialAction\":[{\"@type\":\"SearchAction\",\"target\":{\"@type\":\"EntryPoint\",\"urlTemplate\":\"https:\/\/www.notibras.com\/site\/?s={search_term_string}\"},\"query-input\":{\"@type\":\"PropertyValueSpecification\",\"valueRequired\":true,\"valueName\":\"search_term_string\"}}],\"inLanguage\":\"pt-BR\"},{\"@type\":\"Organization\",\"@id\":\"https:\/\/www.notibras.com\/site\/#organization\",\"name\":\"Grupo Notibras de Comunica\u00e7\u00e3o\",\"url\":\"https:\/\/www.notibras.com\/site\/\",\"logo\":{\"@type\":\"ImageObject\",\"inLanguage\":\"pt-BR\",\"@id\":\"https:\/\/www.notibras.com\/site\/#\/schema\/logo\/image\/\",\"url\":\"https:\/\/www.notibras.com\/site\/wp-content\/uploads\/2023\/01\/notibras23.png\",\"contentUrl\":\"https:\/\/www.notibras.com\/site\/wp-content\/uploads\/2023\/01\/notibras23.png\",\"width\":350,\"height\":87,\"caption\":\"Grupo Notibras de Comunica\u00e7\u00e3o\"},\"image\":{\"@id\":\"https:\/\/www.notibras.com\/site\/#\/schema\/logo\/image\/\"},\"sameAs\":[\"https:\/\/www.facebook.com\/notibras\/\",\"https:\/\/x.com\/Notibras\",\"https:\/\/www.instagram.com\/notibras\/\"]},{\"@type\":\"Person\",\"@id\":\"https:\/\/www.notibras.com\/site\/#\/schema\/person\/5b7fabf2aedc3ada2105f03b22b4d3dd\",\"name\":\"Eduardo Mart\u00ednez\",\"image\":{\"@type\":\"ImageObject\",\"inLanguage\":\"pt-BR\",\"@id\":\"https:\/\/secure.gravatar.com\/avatar\/7902f906289926289cbcda644b5197c796b893c6ffd7b9a536a42d290f7704a0?s=96&d=mm&r=g\",\"url\":\"https:\/\/secure.gravatar.com\/avatar\/7902f906289926289cbcda644b5197c796b893c6ffd7b9a536a42d290f7704a0?s=96&d=mm&r=g\",\"contentUrl\":\"https:\/\/secure.gravatar.com\/avatar\/7902f906289926289cbcda644b5197c796b893c6ffd7b9a536a42d290f7704a0?s=96&d=mm&r=g\",\"caption\":\"Eduardo Mart\u00ednez\"}}]}<\/script>\n<!-- \/ Yoast SEO plugin. -->","yoast_head_json":{"title":"Major da PMDF \u00e9 investigado por ass\u00e9dio sexual e abuso de autoridade - Notibras","robots":{"index":"index","follow":"follow","max-snippet":"max-snippet:-1","max-image-preview":"max-image-preview:large","max-video-preview":"max-video-preview:-1"},"canonical":"https:\/\/www.notibras.com\/site\/major-da-pmdf-e-investigado-por-assedio-sexual-e-abuso-de-autoridade\/","og_locale":"pt_BR","og_type":"article","og_title":"Major da PMDF \u00e9 investigado por ass\u00e9dio sexual e abuso de autoridade - Notibras","og_description":"A Pol\u00edcia Militar do Distrito Federal (PMDF) instaurou um Inqu\u00e9rito Policial Militar (IPM) para apurar graves den\u00fancias contra o major Diego dos Santos. O oficial, lotado no Departamento de Controle e Correi\u00e7\u00e3o (DCC), \u00e9 acusado de cometer ass\u00e9dio sexual e abuso de autoridade contra uma cabo da corpora\u00e7\u00e3o que era sua subordinada direta. A investiga\u00e7\u00e3o [&hellip;]","og_url":"https:\/\/www.notibras.com\/site\/major-da-pmdf-e-investigado-por-assedio-sexual-e-abuso-de-autoridade\/","og_site_name":"Notibras","article_publisher":"https:\/\/www.facebook.com\/notibras\/","article_published_time":"2026-04-25T04:00:00+00:00","og_image":[{"width":984,"height":656,"url":"https:\/\/www.notibras.com\/site\/wp-content\/uploads\/2026\/04\/16545725086-1139e7ab0a-k.webp","type":"image\/webp"}],"author":"Eduardo Mart\u00ednez","twitter_card":"summary_large_image","twitter_creator":"@Notibras","twitter_site":"@Notibras","twitter_misc":{"Escrito por":"Eduardo Mart\u00ednez","Est. tempo de leitura":"4 minutos"},"schema":{"@context":"https:\/\/schema.org","@graph":[{"@type":"Article","@id":"https:\/\/www.notibras.com\/site\/major-da-pmdf-e-investigado-por-assedio-sexual-e-abuso-de-autoridade\/#article","isPartOf":{"@id":"https:\/\/www.notibras.com\/site\/major-da-pmdf-e-investigado-por-assedio-sexual-e-abuso-de-autoridade\/"},"author":{"name":"Eduardo Mart\u00ednez","@id":"https:\/\/www.notibras.com\/site\/#\/schema\/person\/5b7fabf2aedc3ada2105f03b22b4d3dd"},"headline":"Major da PMDF \u00e9 investigado por ass\u00e9dio sexual e abuso de autoridade","datePublished":"2026-04-25T04:00:00+00:00","mainEntityOfPage":{"@id":"https:\/\/www.notibras.com\/site\/major-da-pmdf-e-investigado-por-assedio-sexual-e-abuso-de-autoridade\/"},"wordCount":617,"publisher":{"@id":"https:\/\/www.notibras.com\/site\/#organization"},"image":{"@id":"https:\/\/www.notibras.com\/site\/major-da-pmdf-e-investigado-por-assedio-sexual-e-abuso-de-autoridade\/#primaryimage"},"thumbnailUrl":"https:\/\/www.notibras.com\/site\/wp-content\/uploads\/2026\/04\/16545725086-1139e7ab0a-k.webp","articleSection":["Quadradinho em Foco"],"inLanguage":"pt-BR"},{"@type":"WebPage","@id":"https:\/\/www.notibras.com\/site\/major-da-pmdf-e-investigado-por-assedio-sexual-e-abuso-de-autoridade\/","url":"https:\/\/www.notibras.com\/site\/major-da-pmdf-e-investigado-por-assedio-sexual-e-abuso-de-autoridade\/","name":"Major da PMDF \u00e9 investigado por ass\u00e9dio sexual e abuso de autoridade - Notibras","isPartOf":{"@id":"https:\/\/www.notibras.com\/site\/#website"},"primaryImageOfPage":{"@id":"https:\/\/www.notibras.com\/site\/major-da-pmdf-e-investigado-por-assedio-sexual-e-abuso-de-autoridade\/#primaryimage"},"image":{"@id":"https:\/\/www.notibras.com\/site\/major-da-pmdf-e-investigado-por-assedio-sexual-e-abuso-de-autoridade\/#primaryimage"},"thumbnailUrl":"https:\/\/www.notibras.com\/site\/wp-content\/uploads\/2026\/04\/16545725086-1139e7ab0a-k.webp","datePublished":"2026-04-25T04:00:00+00:00","breadcrumb":{"@id":"https:\/\/www.notibras.com\/site\/major-da-pmdf-e-investigado-por-assedio-sexual-e-abuso-de-autoridade\/#breadcrumb"},"inLanguage":"pt-BR","potentialAction":[{"@type":"ReadAction","target":["https:\/\/www.notibras.com\/site\/major-da-pmdf-e-investigado-por-assedio-sexual-e-abuso-de-autoridade\/"]}]},{"@type":"ImageObject","inLanguage":"pt-BR","@id":"https:\/\/www.notibras.com\/site\/major-da-pmdf-e-investigado-por-assedio-sexual-e-abuso-de-autoridade\/#primaryimage","url":"https:\/\/www.notibras.com\/site\/wp-content\/uploads\/2026\/04\/16545725086-1139e7ab0a-k.webp","contentUrl":"https:\/\/www.notibras.com\/site\/wp-content\/uploads\/2026\/04\/16545725086-1139e7ab0a-k.webp","width":984,"height":656},{"@type":"BreadcrumbList","@id":"https:\/\/www.notibras.com\/site\/major-da-pmdf-e-investigado-por-assedio-sexual-e-abuso-de-autoridade\/#breadcrumb","itemListElement":[{"@type":"ListItem","position":1,"name":"In\u00edcio","item":"https:\/\/www.notibras.com\/site\/"},{"@type":"ListItem","position":2,"name":"Major da PMDF \u00e9 investigado por ass\u00e9dio sexual e abuso de autoridade"}]},{"@type":"WebSite","@id":"https:\/\/www.notibras.com\/site\/#website","url":"https:\/\/www.notibras.com\/site\/","name":"Notibras","description":"Not\u00edcias de Bras\u00edlia, do Brasil e do Mundo","publisher":{"@id":"https:\/\/www.notibras.com\/site\/#organization"},"potentialAction":[{"@type":"SearchAction","target":{"@type":"EntryPoint","urlTemplate":"https:\/\/www.notibras.com\/site\/?s={search_term_string}"},"query-input":{"@type":"PropertyValueSpecification","valueRequired":true,"valueName":"search_term_string"}}],"inLanguage":"pt-BR"},{"@type":"Organization","@id":"https:\/\/www.notibras.com\/site\/#organization","name":"Grupo Notibras de Comunica\u00e7\u00e3o","url":"https:\/\/www.notibras.com\/site\/","logo":{"@type":"ImageObject","inLanguage":"pt-BR","@id":"https:\/\/www.notibras.com\/site\/#\/schema\/logo\/image\/","url":"https:\/\/www.notibras.com\/site\/wp-content\/uploads\/2023\/01\/notibras23.png","contentUrl":"https:\/\/www.notibras.com\/site\/wp-content\/uploads\/2023\/01\/notibras23.png","width":350,"height":87,"caption":"Grupo Notibras de Comunica\u00e7\u00e3o"},"image":{"@id":"https:\/\/www.notibras.com\/site\/#\/schema\/logo\/image\/"},"sameAs":["https:\/\/www.facebook.com\/notibras\/","https:\/\/x.com\/Notibras","https:\/\/www.instagram.com\/notibras\/"]},{"@type":"Person","@id":"https:\/\/www.notibras.com\/site\/#\/schema\/person\/5b7fabf2aedc3ada2105f03b22b4d3dd","name":"Eduardo Mart\u00ednez","image":{"@type":"ImageObject","inLanguage":"pt-BR","@id":"https:\/\/secure.gravatar.com\/avatar\/7902f906289926289cbcda644b5197c796b893c6ffd7b9a536a42d290f7704a0?s=96&d=mm&r=g","url":"https:\/\/secure.gravatar.com\/avatar\/7902f906289926289cbcda644b5197c796b893c6ffd7b9a536a42d290f7704a0?s=96&d=mm&r=g","contentUrl":"https:\/\/secure.gravatar.com\/avatar\/7902f906289926289cbcda644b5197c796b893c6ffd7b9a536a42d290f7704a0?s=96&d=mm&r=g","caption":"Eduardo Mart\u00ednez"}}]}},"amp_enabled":true,"_links":{"self":[{"href":"https:\/\/www.notibras.com\/site\/wp-json\/wp\/v2\/posts\/392436","targetHints":{"allow":["GET"]}}],"collection":[{"href":"https:\/\/www.notibras.com\/site\/wp-json\/wp\/v2\/posts"}],"about":[{"href":"https:\/\/www.notibras.com\/site\/wp-json\/wp\/v2\/types\/post"}],"author":[{"embeddable":true,"href":"https:\/\/www.notibras.com\/site\/wp-json\/wp\/v2\/users\/21"}],"replies":[{"embeddable":true,"href":"https:\/\/www.notibras.com\/site\/wp-json\/wp\/v2\/comments?post=392436"}],"version-history":[{"count":3,"href":"https:\/\/www.notibras.com\/site\/wp-json\/wp\/v2\/posts\/392436\/revisions"}],"predecessor-version":[{"id":392440,"href":"https:\/\/www.notibras.com\/site\/wp-json\/wp\/v2\/posts\/392436\/revisions\/392440"}],"wp:featuredmedia":[{"embeddable":true,"href":"https:\/\/www.notibras.com\/site\/wp-json\/wp\/v2\/media\/392438"}],"wp:attachment":[{"href":"https:\/\/www.notibras.com\/site\/wp-json\/wp\/v2\/media?parent=392436"}],"wp:term":[{"taxonomy":"category","embeddable":true,"href":"https:\/\/www.notibras.com\/site\/wp-json\/wp\/v2\/categories?post=392436"},{"taxonomy":"post_tag","embeddable":true,"href":"https:\/\/www.notibras.com\/site\/wp-json\/wp\/v2\/tags?post=392436"}],"curies":[{"name":"wp","href":"https:\/\/api.w.org\/{rel}","templated":true}]}}