{"id":392441,"date":"2026-04-25T00:45:29","date_gmt":"2026-04-25T03:45:29","guid":{"rendered":"https:\/\/www.notibras.com\/site\/?p=392441"},"modified":"2026-04-24T17:37:59","modified_gmt":"2026-04-24T20:37:59","slug":"tamandua-bandeira-cai-em-piscina-e-e-resgatado-pela-pm","status":"publish","type":"post","link":"https:\/\/www.notibras.com\/site\/tamandua-bandeira-cai-em-piscina-e-e-resgatado-pela-pm\/","title":{"rendered":"Tamandu\u00e1-bandeira cai em piscina e \u00e9 resgatado pela PM"},"content":{"rendered":"<p>Um tamandu\u00e1-bandeira, animal s\u00edmbolo do Cerrado, viveu momentos de tens\u00e3o na manh\u00e3 desta sexta-feira (24) ap\u00f3s cair na piscina de uma resid\u00eancia localizada no Jardim Bot\u00e2nico, Distrito Federal. O incidente inusitado mobilizou equipes de resgate na regi\u00e3o.<\/p>\n<p>O animal foi encontrado por volta das 7h, quando o morador da casa percebeu a presen\u00e7a do bicho na \u00e1gua. Sem conseguir sair por conta pr\u00f3pria devido \u00e0s bordas altas, o tamandu\u00e1 corria risco de exaust\u00e3o.<\/p>\n<p>Em um ato r\u00e1pido de socorro, o morador utilizou uma espregui\u00e7adeira, colocando-a dentro da piscina para oferecer um ponto de apoio ao animal. O equipamento permitiu que o tamandu\u00e1 se mantivesse parcialmente fora d&#8217;\u00e1gua at\u00e9 a chegada do socorro especializado.<\/p>\n<p>O Batalh\u00e3o de Pol\u00edcia Militar Ambiental (BPMA) foi imediatamente acionado para atender a ocorr\u00eancia. Os policiais ambientais especializados chegaram ao local para realizar a retirada com seguran\u00e7a, minimizando o estresse do mam\u00edfero.<\/p>\n<p>Segundo informa\u00e7\u00f5es do BPMA, o resgate foi conclu\u00eddo com sucesso e o animal n\u00e3o apresentava ferimentos aparentes ap\u00f3s a queda. A equipe de especialistas avaliou o tamandu\u00e1 antes de liber\u00e1-lo.<\/p>\n<p>O tamandu\u00e1-bandeira j\u00e1 foi devolvido ao seu habitat natural, em uma \u00e1rea de preserva\u00e7\u00e3o adequada e distante da zona urbana. O local garante que o animal possa retornar \u00e0 sua rotina sem novos riscos.<\/p>\n<p>Este tipo de ocorr\u00eancia demonstra a presen\u00e7a da fauna silvestre em \u00e1reas residenciais pr\u00f3ximas a \u00e1reas de mata no Distrito Federal. A aproxima\u00e7\u00e3o de animais silvestres, como tamandu\u00e1s e tamandu\u00e1s-mirins, \u00e9 comum, especialmente em per\u00edodos de seca ou expans\u00e3o urbana.<\/p>\n<p>A Pol\u00edcia Militar do Distrito Federal orienta que, ao avistar animais silvestres em situa\u00e7\u00f5es de risco ou em locais inadequados, a popula\u00e7\u00e3o n\u00e3o tente realizar a captura ou manuseio. O correto \u00e9 isolar a \u00e1rea e acionar os \u00f3rg\u00e3os competentes.<\/p>\n<p>O manuseio incorreto de um tamandu\u00e1-bandeira pode ser perigoso, j\u00e1 que o animal possui garras fortes e longas, utilizadas para defesa e para quebrar cupinzeiros. O BPMA est\u00e1 equipado e treinado para esse tipo de manejo.<\/p>\n<p>O animal resgatado no Jardim Bot\u00e2nico \u00e9 um exemplo da import\u00e2ncia da conviv\u00eancia harm\u00f4nica entre a expans\u00e3o urbana do Distrito Federal e a biodiversidade local. O resgate r\u00e1pido garantiu a vida do animal.<\/p>\n<p><strong>Saiba um pouco sobre o tamandu\u00e1-bandeira<\/strong><\/p>\n<p>O tamandu\u00e1-bandeira (Myrmecophaga tridactyla) \u00e9 o maior representante da fam\u00edlia dos mirmecofag\u00eddeos, sendo um mam\u00edfero fascinante encontrado na Am\u00e9rica Central e do Sul. Ele \u00e9 conhecido por diversos nomes populares, como tamandu\u00e1-a\u00e7u, tamandu\u00e1-cavalo, jurumi e urso-formigueiro-gigante.<\/p>\n<p>Como o maior de quatro esp\u00e9cies de tamandu\u00e1s, ele faz parte da ordem Pilosa, junto com as pregui\u00e7as. Sua presen\u00e7a \u00e9 marcante, com um comprimento que varia entre 1,8 e 2,1 metros e um peso que pode chegar a 41 kg.<\/p>\n<p>Uma de suas caracter\u00edsticas mais not\u00e1veis \u00e9 o focinho extremamente longo, projetado para sua dieta especializada, e uma cauda peluda e densa que lembra uma bandeira. Ele possui garras poderosas nas patas dianteiras, o que o obriga a caminhar com uma postura peculiar, apoiando-se nos n\u00f3s dos dedos.<\/p>\n<p style=\"text-align: center;\"><img loading=\"lazy\" decoding=\"async\" class=\"alignnone wp-image-392443\" src=\"https:\/\/www.notibras.com\/site\/wp-content\/uploads\/2026\/04\/WhatsApp-Image-2026-04-24-at-17.22.54.jpeg\" alt=\"\" width=\"535\" height=\"356\" \/><\/p>\n<p style=\"text-align: center;\"><strong>Foto ilustrativa<\/strong><\/p>\n<p>Diferente de seus parentes tamandu\u00e1-mirim e tamandua\u00ed, que vivem em \u00e1rvores, o tamandu\u00e1-bandeira tem um h\u00e1bito predominantemente terrestre. Ele vive sozinho e \u00e9 um animal tranquilo, sendo visto em grupos apenas em situa\u00e7\u00f5es de corte ou quando a f\u00eamea cuida de um filhote.<\/p>\n<p>Sua alimenta\u00e7\u00e3o \u00e9 extremamente especializada, baseando-se no consumo de formigas e cupins, os quais ele captura com sua l\u00edngua comprida e pegajosa. Embora sua dieta natural seja restrita a esses insetos, em ambientes de cativeiro eles podem ser alimentados com ra\u00e7\u00e3o, carne mo\u00edda e ovos.<\/p>\n<p>Ele \u00e9 um animal que transita bem entre diversos ambientes, vivendo tanto em \u00e1reas de florestas quanto em savanas. Ele prefere forragear (buscar comida) em locais abertos, mas utiliza florestas e \u00e1reas \u00famidas para descansar e regular sua temperatura corporal.<\/p>\n<p>Apesar de ser um animal de terra, o tamandu\u00e1-bandeira \u00e9 um bom nadador e \u00e9 capaz de atravessar rios amplos. Sua pelagem densa, no entanto, pode atrair parasitas, como carrapatos.<\/p>\n<p>Na natureza, os tamandu\u00e1s-bandeira podem se tornar presas de grandes felinos, como a on\u00e7a-pintada e a su\u00e7uarana, enquanto aves de rapina podem atacar os filhotes. As garras fortes, usadas para abrir formigueiros, tamb\u00e9m servem como defesa contra predadores.<\/p>\n<p>Apesar de sua import\u00e2ncia ecol\u00f3gica, a esp\u00e9cie enfrenta s\u00e9rios riscos e \u00e9 classificada como &#8220;vulner\u00e1vel&#8221; pela IUCN. Esse status de amea\u00e7a destaca a necessidade de conserva\u00e7\u00e3o para garantir sua sobreviv\u00eancia.<\/p>\n<p>O tamandu\u00e1-bandeira tem sofrido com a perda de habitat e j\u00e1 foi extinto em algumas \u00e1reas de sua distribui\u00e7\u00e3o geogr\u00e1fica, evidenciando a fragilidade da esp\u00e9cie diante das atividades humanas.<\/p>\n","protected":false},"excerpt":{"rendered":"<p>Um tamandu\u00e1-bandeira, animal s\u00edmbolo do Cerrado, viveu momentos de tens\u00e3o na manh\u00e3 desta sexta-feira (24) ap\u00f3s cair na piscina de uma resid\u00eancia localizada no Jardim Bot\u00e2nico, Distrito Federal. O incidente inusitado mobilizou equipes de resgate na regi\u00e3o. O animal foi encontrado por volta das 7h, quando o morador da casa percebeu a presen\u00e7a do bicho [&hellip;]<\/p>\n","protected":false},"author":21,"featured_media":392442,"comment_status":"closed","ping_status":"closed","sticky":false,"template":"","format":"standard","meta":{"_acf_changed":false,"footnotes":""},"categories":[161],"tags":[],"class_list":["post-392441","post","type-post","status-publish","format-standard","has-post-thumbnail","hentry","category-quadradinho-em-foco"],"acf":[],"yoast_head":"<!-- This site is optimized with the Yoast SEO plugin v27.2 - https:\/\/yoast.com\/product\/yoast-seo-wordpress\/ -->\n<title>Tamandu\u00e1-bandeira cai em piscina e \u00e9 resgatado pela PM - Notibras<\/title>\n<meta name=\"robots\" content=\"index, follow, max-snippet:-1, max-image-preview:large, max-video-preview:-1\" \/>\n<link rel=\"canonical\" href=\"https:\/\/www.notibras.com\/site\/tamandua-bandeira-cai-em-piscina-e-e-resgatado-pela-pm\/\" \/>\n<meta property=\"og:locale\" content=\"pt_BR\" \/>\n<meta property=\"og:type\" content=\"article\" \/>\n<meta property=\"og:title\" content=\"Tamandu\u00e1-bandeira cai em piscina e \u00e9 resgatado pela PM - Notibras\" \/>\n<meta property=\"og:description\" content=\"Um tamandu\u00e1-bandeira, animal s\u00edmbolo do Cerrado, viveu momentos de tens\u00e3o na manh\u00e3 desta sexta-feira (24) ap\u00f3s cair na piscina de uma resid\u00eancia localizada no Jardim Bot\u00e2nico, Distrito Federal. O incidente inusitado mobilizou equipes de resgate na regi\u00e3o. O animal foi encontrado por volta das 7h, quando o morador da casa percebeu a presen\u00e7a do bicho [&hellip;]\" \/>\n<meta property=\"og:url\" content=\"https:\/\/www.notibras.com\/site\/tamandua-bandeira-cai-em-piscina-e-e-resgatado-pela-pm\/\" \/>\n<meta property=\"og:site_name\" content=\"Notibras\" \/>\n<meta property=\"article:publisher\" content=\"https:\/\/www.facebook.com\/notibras\/\" \/>\n<meta property=\"article:published_time\" content=\"2026-04-25T03:45:29+00:00\" \/>\n<meta property=\"og:image\" content=\"https:\/\/www.notibras.com\/site\/wp-content\/uploads\/2026\/04\/WhatsApp-Image-2026-04-24-at-17.20.12.jpeg\" \/>\n\t<meta property=\"og:image:width\" content=\"984\" \/>\n\t<meta property=\"og:image:height\" content=\"678\" \/>\n\t<meta property=\"og:image:type\" content=\"image\/jpeg\" \/>\n<meta name=\"author\" content=\"Eduardo Mart\u00ednez\" \/>\n<meta name=\"twitter:card\" content=\"summary_large_image\" \/>\n<meta name=\"twitter:creator\" content=\"@Notibras\" \/>\n<meta name=\"twitter:site\" content=\"@Notibras\" \/>\n<meta name=\"twitter:label1\" content=\"Escrito por\" \/>\n\t<meta name=\"twitter:data1\" content=\"Eduardo Mart\u00ednez\" \/>\n\t<meta name=\"twitter:label2\" content=\"Est. tempo de leitura\" \/>\n\t<meta name=\"twitter:data2\" content=\"5 minutos\" \/>\n<script type=\"application\/ld+json\" class=\"yoast-schema-graph\">{\"@context\":\"https:\/\/schema.org\",\"@graph\":[{\"@type\":\"Article\",\"@id\":\"https:\/\/www.notibras.com\/site\/tamandua-bandeira-cai-em-piscina-e-e-resgatado-pela-pm\/#article\",\"isPartOf\":{\"@id\":\"https:\/\/www.notibras.com\/site\/tamandua-bandeira-cai-em-piscina-e-e-resgatado-pela-pm\/\"},\"author\":{\"name\":\"Eduardo Mart\u00ednez\",\"@id\":\"https:\/\/www.notibras.com\/site\/#\/schema\/person\/5b7fabf2aedc3ada2105f03b22b4d3dd\"},\"headline\":\"Tamandu\u00e1-bandeira cai em piscina e \u00e9 resgatado pela PM\",\"datePublished\":\"2026-04-25T03:45:29+00:00\",\"mainEntityOfPage\":{\"@id\":\"https:\/\/www.notibras.com\/site\/tamandua-bandeira-cai-em-piscina-e-e-resgatado-pela-pm\/\"},\"wordCount\":824,\"publisher\":{\"@id\":\"https:\/\/www.notibras.com\/site\/#organization\"},\"image\":{\"@id\":\"https:\/\/www.notibras.com\/site\/tamandua-bandeira-cai-em-piscina-e-e-resgatado-pela-pm\/#primaryimage\"},\"thumbnailUrl\":\"https:\/\/www.notibras.com\/site\/wp-content\/uploads\/2026\/04\/WhatsApp-Image-2026-04-24-at-17.20.12.jpeg\",\"articleSection\":[\"Quadradinho em Foco\"],\"inLanguage\":\"pt-BR\"},{\"@type\":\"WebPage\",\"@id\":\"https:\/\/www.notibras.com\/site\/tamandua-bandeira-cai-em-piscina-e-e-resgatado-pela-pm\/\",\"url\":\"https:\/\/www.notibras.com\/site\/tamandua-bandeira-cai-em-piscina-e-e-resgatado-pela-pm\/\",\"name\":\"Tamandu\u00e1-bandeira cai em piscina e \u00e9 resgatado pela PM - Notibras\",\"isPartOf\":{\"@id\":\"https:\/\/www.notibras.com\/site\/#website\"},\"primaryImageOfPage\":{\"@id\":\"https:\/\/www.notibras.com\/site\/tamandua-bandeira-cai-em-piscina-e-e-resgatado-pela-pm\/#primaryimage\"},\"image\":{\"@id\":\"https:\/\/www.notibras.com\/site\/tamandua-bandeira-cai-em-piscina-e-e-resgatado-pela-pm\/#primaryimage\"},\"thumbnailUrl\":\"https:\/\/www.notibras.com\/site\/wp-content\/uploads\/2026\/04\/WhatsApp-Image-2026-04-24-at-17.20.12.jpeg\",\"datePublished\":\"2026-04-25T03:45:29+00:00\",\"breadcrumb\":{\"@id\":\"https:\/\/www.notibras.com\/site\/tamandua-bandeira-cai-em-piscina-e-e-resgatado-pela-pm\/#breadcrumb\"},\"inLanguage\":\"pt-BR\",\"potentialAction\":[{\"@type\":\"ReadAction\",\"target\":[\"https:\/\/www.notibras.com\/site\/tamandua-bandeira-cai-em-piscina-e-e-resgatado-pela-pm\/\"]}]},{\"@type\":\"ImageObject\",\"inLanguage\":\"pt-BR\",\"@id\":\"https:\/\/www.notibras.com\/site\/tamandua-bandeira-cai-em-piscina-e-e-resgatado-pela-pm\/#primaryimage\",\"url\":\"https:\/\/www.notibras.com\/site\/wp-content\/uploads\/2026\/04\/WhatsApp-Image-2026-04-24-at-17.20.12.jpeg\",\"contentUrl\":\"https:\/\/www.notibras.com\/site\/wp-content\/uploads\/2026\/04\/WhatsApp-Image-2026-04-24-at-17.20.12.jpeg\",\"width\":984,\"height\":678},{\"@type\":\"BreadcrumbList\",\"@id\":\"https:\/\/www.notibras.com\/site\/tamandua-bandeira-cai-em-piscina-e-e-resgatado-pela-pm\/#breadcrumb\",\"itemListElement\":[{\"@type\":\"ListItem\",\"position\":1,\"name\":\"In\u00edcio\",\"item\":\"https:\/\/www.notibras.com\/site\/\"},{\"@type\":\"ListItem\",\"position\":2,\"name\":\"Tamandu\u00e1-bandeira cai em piscina e \u00e9 resgatado pela PM\"}]},{\"@type\":\"WebSite\",\"@id\":\"https:\/\/www.notibras.com\/site\/#website\",\"url\":\"https:\/\/www.notibras.com\/site\/\",\"name\":\"Notibras\",\"description\":\"Not\u00edcias de Bras\u00edlia, do Brasil e do Mundo\",\"publisher\":{\"@id\":\"https:\/\/www.notibras.com\/site\/#organization\"},\"potentialAction\":[{\"@type\":\"SearchAction\",\"target\":{\"@type\":\"EntryPoint\",\"urlTemplate\":\"https:\/\/www.notibras.com\/site\/?s={search_term_string}\"},\"query-input\":{\"@type\":\"PropertyValueSpecification\",\"valueRequired\":true,\"valueName\":\"search_term_string\"}}],\"inLanguage\":\"pt-BR\"},{\"@type\":\"Organization\",\"@id\":\"https:\/\/www.notibras.com\/site\/#organization\",\"name\":\"Grupo Notibras de Comunica\u00e7\u00e3o\",\"url\":\"https:\/\/www.notibras.com\/site\/\",\"logo\":{\"@type\":\"ImageObject\",\"inLanguage\":\"pt-BR\",\"@id\":\"https:\/\/www.notibras.com\/site\/#\/schema\/logo\/image\/\",\"url\":\"https:\/\/www.notibras.com\/site\/wp-content\/uploads\/2023\/01\/notibras23.png\",\"contentUrl\":\"https:\/\/www.notibras.com\/site\/wp-content\/uploads\/2023\/01\/notibras23.png\",\"width\":350,\"height\":87,\"caption\":\"Grupo Notibras de Comunica\u00e7\u00e3o\"},\"image\":{\"@id\":\"https:\/\/www.notibras.com\/site\/#\/schema\/logo\/image\/\"},\"sameAs\":[\"https:\/\/www.facebook.com\/notibras\/\",\"https:\/\/x.com\/Notibras\",\"https:\/\/www.instagram.com\/notibras\/\"]},{\"@type\":\"Person\",\"@id\":\"https:\/\/www.notibras.com\/site\/#\/schema\/person\/5b7fabf2aedc3ada2105f03b22b4d3dd\",\"name\":\"Eduardo Mart\u00ednez\",\"image\":{\"@type\":\"ImageObject\",\"inLanguage\":\"pt-BR\",\"@id\":\"https:\/\/secure.gravatar.com\/avatar\/7902f906289926289cbcda644b5197c796b893c6ffd7b9a536a42d290f7704a0?s=96&d=mm&r=g\",\"url\":\"https:\/\/secure.gravatar.com\/avatar\/7902f906289926289cbcda644b5197c796b893c6ffd7b9a536a42d290f7704a0?s=96&d=mm&r=g\",\"contentUrl\":\"https:\/\/secure.gravatar.com\/avatar\/7902f906289926289cbcda644b5197c796b893c6ffd7b9a536a42d290f7704a0?s=96&d=mm&r=g\",\"caption\":\"Eduardo Mart\u00ednez\"}}]}<\/script>\n<!-- \/ Yoast SEO plugin. -->","yoast_head_json":{"title":"Tamandu\u00e1-bandeira cai em piscina e \u00e9 resgatado pela PM - Notibras","robots":{"index":"index","follow":"follow","max-snippet":"max-snippet:-1","max-image-preview":"max-image-preview:large","max-video-preview":"max-video-preview:-1"},"canonical":"https:\/\/www.notibras.com\/site\/tamandua-bandeira-cai-em-piscina-e-e-resgatado-pela-pm\/","og_locale":"pt_BR","og_type":"article","og_title":"Tamandu\u00e1-bandeira cai em piscina e \u00e9 resgatado pela PM - Notibras","og_description":"Um tamandu\u00e1-bandeira, animal s\u00edmbolo do Cerrado, viveu momentos de tens\u00e3o na manh\u00e3 desta sexta-feira (24) ap\u00f3s cair na piscina de uma resid\u00eancia localizada no Jardim Bot\u00e2nico, Distrito Federal. O incidente inusitado mobilizou equipes de resgate na regi\u00e3o. O animal foi encontrado por volta das 7h, quando o morador da casa percebeu a presen\u00e7a do bicho [&hellip;]","og_url":"https:\/\/www.notibras.com\/site\/tamandua-bandeira-cai-em-piscina-e-e-resgatado-pela-pm\/","og_site_name":"Notibras","article_publisher":"https:\/\/www.facebook.com\/notibras\/","article_published_time":"2026-04-25T03:45:29+00:00","og_image":[{"width":984,"height":678,"url":"https:\/\/www.notibras.com\/site\/wp-content\/uploads\/2026\/04\/WhatsApp-Image-2026-04-24-at-17.20.12.jpeg","type":"image\/jpeg"}],"author":"Eduardo Mart\u00ednez","twitter_card":"summary_large_image","twitter_creator":"@Notibras","twitter_site":"@Notibras","twitter_misc":{"Escrito por":"Eduardo Mart\u00ednez","Est. tempo de leitura":"5 minutos"},"schema":{"@context":"https:\/\/schema.org","@graph":[{"@type":"Article","@id":"https:\/\/www.notibras.com\/site\/tamandua-bandeira-cai-em-piscina-e-e-resgatado-pela-pm\/#article","isPartOf":{"@id":"https:\/\/www.notibras.com\/site\/tamandua-bandeira-cai-em-piscina-e-e-resgatado-pela-pm\/"},"author":{"name":"Eduardo Mart\u00ednez","@id":"https:\/\/www.notibras.com\/site\/#\/schema\/person\/5b7fabf2aedc3ada2105f03b22b4d3dd"},"headline":"Tamandu\u00e1-bandeira cai em piscina e \u00e9 resgatado pela PM","datePublished":"2026-04-25T03:45:29+00:00","mainEntityOfPage":{"@id":"https:\/\/www.notibras.com\/site\/tamandua-bandeira-cai-em-piscina-e-e-resgatado-pela-pm\/"},"wordCount":824,"publisher":{"@id":"https:\/\/www.notibras.com\/site\/#organization"},"image":{"@id":"https:\/\/www.notibras.com\/site\/tamandua-bandeira-cai-em-piscina-e-e-resgatado-pela-pm\/#primaryimage"},"thumbnailUrl":"https:\/\/www.notibras.com\/site\/wp-content\/uploads\/2026\/04\/WhatsApp-Image-2026-04-24-at-17.20.12.jpeg","articleSection":["Quadradinho em Foco"],"inLanguage":"pt-BR"},{"@type":"WebPage","@id":"https:\/\/www.notibras.com\/site\/tamandua-bandeira-cai-em-piscina-e-e-resgatado-pela-pm\/","url":"https:\/\/www.notibras.com\/site\/tamandua-bandeira-cai-em-piscina-e-e-resgatado-pela-pm\/","name":"Tamandu\u00e1-bandeira cai em piscina e \u00e9 resgatado pela PM - Notibras","isPartOf":{"@id":"https:\/\/www.notibras.com\/site\/#website"},"primaryImageOfPage":{"@id":"https:\/\/www.notibras.com\/site\/tamandua-bandeira-cai-em-piscina-e-e-resgatado-pela-pm\/#primaryimage"},"image":{"@id":"https:\/\/www.notibras.com\/site\/tamandua-bandeira-cai-em-piscina-e-e-resgatado-pela-pm\/#primaryimage"},"thumbnailUrl":"https:\/\/www.notibras.com\/site\/wp-content\/uploads\/2026\/04\/WhatsApp-Image-2026-04-24-at-17.20.12.jpeg","datePublished":"2026-04-25T03:45:29+00:00","breadcrumb":{"@id":"https:\/\/www.notibras.com\/site\/tamandua-bandeira-cai-em-piscina-e-e-resgatado-pela-pm\/#breadcrumb"},"inLanguage":"pt-BR","potentialAction":[{"@type":"ReadAction","target":["https:\/\/www.notibras.com\/site\/tamandua-bandeira-cai-em-piscina-e-e-resgatado-pela-pm\/"]}]},{"@type":"ImageObject","inLanguage":"pt-BR","@id":"https:\/\/www.notibras.com\/site\/tamandua-bandeira-cai-em-piscina-e-e-resgatado-pela-pm\/#primaryimage","url":"https:\/\/www.notibras.com\/site\/wp-content\/uploads\/2026\/04\/WhatsApp-Image-2026-04-24-at-17.20.12.jpeg","contentUrl":"https:\/\/www.notibras.com\/site\/wp-content\/uploads\/2026\/04\/WhatsApp-Image-2026-04-24-at-17.20.12.jpeg","width":984,"height":678},{"@type":"BreadcrumbList","@id":"https:\/\/www.notibras.com\/site\/tamandua-bandeira-cai-em-piscina-e-e-resgatado-pela-pm\/#breadcrumb","itemListElement":[{"@type":"ListItem","position":1,"name":"In\u00edcio","item":"https:\/\/www.notibras.com\/site\/"},{"@type":"ListItem","position":2,"name":"Tamandu\u00e1-bandeira cai em piscina e \u00e9 resgatado pela PM"}]},{"@type":"WebSite","@id":"https:\/\/www.notibras.com\/site\/#website","url":"https:\/\/www.notibras.com\/site\/","name":"Notibras","description":"Not\u00edcias de Bras\u00edlia, do Brasil e do Mundo","publisher":{"@id":"https:\/\/www.notibras.com\/site\/#organization"},"potentialAction":[{"@type":"SearchAction","target":{"@type":"EntryPoint","urlTemplate":"https:\/\/www.notibras.com\/site\/?s={search_term_string}"},"query-input":{"@type":"PropertyValueSpecification","valueRequired":true,"valueName":"search_term_string"}}],"inLanguage":"pt-BR"},{"@type":"Organization","@id":"https:\/\/www.notibras.com\/site\/#organization","name":"Grupo Notibras de Comunica\u00e7\u00e3o","url":"https:\/\/www.notibras.com\/site\/","logo":{"@type":"ImageObject","inLanguage":"pt-BR","@id":"https:\/\/www.notibras.com\/site\/#\/schema\/logo\/image\/","url":"https:\/\/www.notibras.com\/site\/wp-content\/uploads\/2023\/01\/notibras23.png","contentUrl":"https:\/\/www.notibras.com\/site\/wp-content\/uploads\/2023\/01\/notibras23.png","width":350,"height":87,"caption":"Grupo Notibras de Comunica\u00e7\u00e3o"},"image":{"@id":"https:\/\/www.notibras.com\/site\/#\/schema\/logo\/image\/"},"sameAs":["https:\/\/www.facebook.com\/notibras\/","https:\/\/x.com\/Notibras","https:\/\/www.instagram.com\/notibras\/"]},{"@type":"Person","@id":"https:\/\/www.notibras.com\/site\/#\/schema\/person\/5b7fabf2aedc3ada2105f03b22b4d3dd","name":"Eduardo Mart\u00ednez","image":{"@type":"ImageObject","inLanguage":"pt-BR","@id":"https:\/\/secure.gravatar.com\/avatar\/7902f906289926289cbcda644b5197c796b893c6ffd7b9a536a42d290f7704a0?s=96&d=mm&r=g","url":"https:\/\/secure.gravatar.com\/avatar\/7902f906289926289cbcda644b5197c796b893c6ffd7b9a536a42d290f7704a0?s=96&d=mm&r=g","contentUrl":"https:\/\/secure.gravatar.com\/avatar\/7902f906289926289cbcda644b5197c796b893c6ffd7b9a536a42d290f7704a0?s=96&d=mm&r=g","caption":"Eduardo Mart\u00ednez"}}]}},"amp_enabled":true,"_links":{"self":[{"href":"https:\/\/www.notibras.com\/site\/wp-json\/wp\/v2\/posts\/392441","targetHints":{"allow":["GET"]}}],"collection":[{"href":"https:\/\/www.notibras.com\/site\/wp-json\/wp\/v2\/posts"}],"about":[{"href":"https:\/\/www.notibras.com\/site\/wp-json\/wp\/v2\/types\/post"}],"author":[{"embeddable":true,"href":"https:\/\/www.notibras.com\/site\/wp-json\/wp\/v2\/users\/21"}],"replies":[{"embeddable":true,"href":"https:\/\/www.notibras.com\/site\/wp-json\/wp\/v2\/comments?post=392441"}],"version-history":[{"count":3,"href":"https:\/\/www.notibras.com\/site\/wp-json\/wp\/v2\/posts\/392441\/revisions"}],"predecessor-version":[{"id":392446,"href":"https:\/\/www.notibras.com\/site\/wp-json\/wp\/v2\/posts\/392441\/revisions\/392446"}],"wp:featuredmedia":[{"embeddable":true,"href":"https:\/\/www.notibras.com\/site\/wp-json\/wp\/v2\/media\/392442"}],"wp:attachment":[{"href":"https:\/\/www.notibras.com\/site\/wp-json\/wp\/v2\/media?parent=392441"}],"wp:term":[{"taxonomy":"category","embeddable":true,"href":"https:\/\/www.notibras.com\/site\/wp-json\/wp\/v2\/categories?post=392441"},{"taxonomy":"post_tag","embeddable":true,"href":"https:\/\/www.notibras.com\/site\/wp-json\/wp\/v2\/tags?post=392441"}],"curies":[{"name":"wp","href":"https:\/\/api.w.org\/{rel}","templated":true}]}}