{"id":392447,"date":"2026-04-25T00:30:41","date_gmt":"2026-04-25T03:30:41","guid":{"rendered":"https:\/\/www.notibras.com\/site\/?p=392447"},"modified":"2026-04-24T21:54:42","modified_gmt":"2026-04-25T00:54:42","slug":"encontro-discute-cuidados-e-protecao-de-jovens-nas-redes-sociais","status":"publish","type":"post","link":"https:\/\/www.notibras.com\/site\/encontro-discute-cuidados-e-protecao-de-jovens-nas-redes-sociais\/","title":{"rendered":"Encontro discute cuidados e prote\u00e7\u00e3o de jovens nas redes sociais"},"content":{"rendered":"<p>A Secretaria de Educa\u00e7\u00e3o do Distrito Federal (SEEDF) recebeu, na \u00faltima quinta-feira (23), na sede da Pasta, o delegado da Diretoria de Combate a Crimes Cibern\u00e9ticos (Dciber) da Pol\u00edcia Federal (PF), Thiago Medeiros, para uma palestra sobre o tema relacionado \u00e0 viol\u00eancia sexual contra crian\u00e7as e adolescentes. A a\u00e7\u00e3o faz parte do programa Guardi\u00f5es da Inf\u00e2ncia, fruto da parceria firmada entre a SEEDF e a PF, que j\u00e1 alcan\u00e7ou 3.500 estudantes e cerca de 1.000 professores da rede p\u00fablica de ensino.<\/p>\n<p>Organizado pela Assessoria Especial de Cultura de Paz nas Escolas da SEEDF, o evento lotou o audit\u00f3rio Neusa Fran\u00e7a com profissionais da educa\u00e7\u00e3o que buscam capacita\u00e7\u00e3o sobre o assunto para estarem cada vez mais preparados para lidar com situa\u00e7\u00f5es que envolvam bullying, cyberbullying, viol\u00eancia sexual, entre outros crimes cibern\u00e9ticos ou n\u00e3o.<\/p>\n<p>Presente na abertura do evento, a secret\u00e1ria de Educa\u00e7\u00e3o do DF interina, I\u00eades Braga, destacou a import\u00e2ncia da forma\u00e7\u00e3o. \u201cN\u00f3s precisamos estar atentos \u00e0s condi\u00e7\u00f5es do bullying, que n\u00e3o acontece s\u00f3 nas escolas, acontece em todos os espa\u00e7os. A gente vive um momento em que o cyberbullying tem sido um grande vil\u00e3o na vida dos nossos estudantes. Precisamos usar as redes sociais de forma consciente\u201d.<\/p>\n<p>Atenta \u00e0 movimenta\u00e7\u00e3o relacionada aos casos de bullying e cyberbullying nas escolas, a chefe da Assessoria Especial de Cultura de Paz, Ana Beatriz Goldstein, refor\u00e7a a import\u00e2ncia de falar sobre o tema principalmente no primeiro semestre.<\/p>\n<p>\u201cO bullying e o cyberbullying s\u00e3o os maiores casos de viol\u00eancia que n\u00f3s temos dentro do ambiente escolar, especialmente quando se tem o abandono digital, no qual os estudantes ficam muito tempo nas redes sociais. Verificamos tamb\u00e9m um aumento dessas situa\u00e7\u00f5es de viol\u00eancia no in\u00edcio do ano, em mar\u00e7o e abril. Ent\u00e3o, intensificamos nossas a\u00e7\u00f5es no semestre inteiro com a parceria da Pol\u00edcia Federal, Secretaria de Seguran\u00e7a P\u00fablica, Batalh\u00e3o Escolar, Anatel, para trabalhar seguran\u00e7a nas redes\u201d, salientou.<\/p>\n<p><strong>Acompanhamento e identifica\u00e7\u00e3o de sinais<\/strong><\/p>\n<p>O abandono digital refere-se a uma forma de neglig\u00eancia dos respons\u00e1veis, marcada pela falta de cuidado, prote\u00e7\u00e3o e orienta\u00e7\u00e3o dos filhos no ambiente online. Quando crian\u00e7as e adolescentes t\u00eam acesso livre e excessivo aos conte\u00fados da internet, sem o devido acompanhamento dos pais nesse universo digital, podem ser expostos a situa\u00e7\u00f5es de risco e vulnerabilidade.<\/p>\n<p>Portanto, o intuito da palestra concedida pelo delegado da Pol\u00edcia Federal, Thiago Medeiros, \u00e9 capacitar educadores em rela\u00e7\u00e3o \u00e0 tem\u00e1tica da viol\u00eancia sexual infantojuvenil, perfis e sinais identificadores do abuso, bem como quanto \u00e0 atua\u00e7\u00e3o em \u00e2mbito escolar e quais procedimentos a serem adotados no caso de suspeita de abuso sexual (abrangendo t\u00f3picos de seguran\u00e7a online e offline).<\/p>\n<p>Segundo dados oficiais do Anu\u00e1rio Brasileiro de Seguran\u00e7a P\u00fablica, de 2024, a cada 100 mil habitantes, 41,2 j\u00e1 foram v\u00edtimas de estupro de vulner\u00e1vel, e 80% dessas v\u00edtimas s\u00e3o menores de 18 anos. Um dos dados mais impressionantes \u00e9 que 84,7% dessas pessoas foram abusadas por pessoas conhecidas ou familiares.<\/p>\n<p>Uma das espectadoras da palestra, a servidora da Unidade de Gest\u00e3o Articuladora da Educa\u00e7\u00e3o B\u00e1sica (Unigaeb), Natalia Acioly, comentou. \u201cA escola \u00e9 um lugar onde tudo eclode, inclusive esses problemas sociais, de abuso infantil, tudo aparece dentro da escola, \u00e9 o primeiro ref\u00fagio que a crian\u00e7a tem, depois do seu conv\u00edvio mais direto com seus familiares, ent\u00e3o, geralmente, ela procura um professor, algu\u00e9m da escola para tentar ajud\u00e1-la a sair dessa situa\u00e7\u00e3o\u201d.<\/p>\n<p>O delegado Thiago salientou que n\u00e3o h\u00e1 um perfil definido de abusador, pode ser qualquer um. No entanto, ressaltou alguns pontos importantes que podem ajudar na identifica\u00e7\u00e3o de casos.<\/p>\n<p><strong>&#8211; Aspectos que favorecem a vitimiza\u00e7\u00e3o de crian\u00e7as e adolescentes:<\/strong><\/p>\n<p>Grande quantidade de horas em redes sociais e pouca vigil\u00e2ncia dos respons\u00e1veis;<\/p>\n<p>Crian\u00e7as carentes emocionalmente (necessidade excessiva de afeto e aten\u00e7\u00e3o);<\/p>\n<p>Exist\u00eancia de alguma vulnerabilidade pr\u00e9via (introspec\u00e7\u00e3o, defici\u00eancias, depress\u00e3o, etc);<\/p>\n<p>Hist\u00f3rico de bullying;<\/p>\n<p>Ambiente familiar conflituoso.<\/p>\n<p><strong>&#8211; Sinais identificadores f\u00edsicos:<\/strong><\/p>\n<p>Dor ou irrita\u00e7\u00e3o na \u00e1rea anogenital ou altera\u00e7\u00f5es cl\u00ednicas (hematomas, assaduras constantes, corrimentos, sangramento, infec\u00e7\u00e3o de repeti\u00e7\u00e3o, infec\u00e7\u00f5es urin\u00e1rias, etc);<\/p>\n<p>Dificuldades em urinar ou evacuar, escapes frequentes (diurnos ou noturnos);<\/p>\n<p>Doen\u00e7as sexualmente transmiss\u00edveis;<\/p>\n<p>Gesta\u00e7\u00e3o.<\/p>\n<p><strong>&#8211; Sinais identificadores sociais:<\/strong><\/p>\n<p>Mudan\u00e7as comportamentais radicais, s\u00fabitas e incompreens\u00edveis (oscila\u00e7\u00f5es de humor, agressividade, medo e\/ou p\u00e2nico);<\/p>\n<p>Tend\u00eancia ao isolamento social, apresentando poucas rela\u00e7\u00f5es com colegas e companheiros;<\/p>\n<p>Tristeza, abatimento profundo ou depress\u00e3o cr\u00f4nica;<\/p>\n<p>Culpa e autoles\u00e3o;<\/p>\n<p>Recusa de estabelecer contato f\u00edsico;<\/p>\n<p>Medo de pessoas ou lugares espec\u00edficos (casa, escola, etc);<\/p>\n<p>Comportamentos infantis repentinos (urinar nas cal\u00e7as, na cama, em p\u00fablico);<\/p>\n<p>Sil\u00eancio predominante;<\/p>\n<p>Dificuldade de concentra\u00e7\u00e3o e queda de rendimento escolar;<\/p>\n<p>Curiosidade sexual, interesse ou conhecimento s\u00fabito e n\u00e3o usual para sua idade sobre quest\u00f5es sexuais.<\/p>\n<p><strong>&#8211; Para os educadores terem melhores condi\u00e7\u00f5es de identificar e acolher:<\/strong><\/p>\n<p>Observar sempre seus alunos, criando v\u00ednculos com eles, principalmente com os \u201cmais problem\u00e1ticos\u2019 ou com os mais \u201ct\u00edmidos\u201d;<\/p>\n<p>Manter registros sobre o desempenho\/hist\u00f3rico escolar do aluno;<\/p>\n<p>Conversar com o (a) aluno (a) quando perceber altera\u00e7\u00f5es no comportamento e humor;<\/p>\n<p>Demonstrar disponibilidade para conversar e buscar um ambiente acolhedor para a conversa;<\/p>\n<p>Ouvir atentamente, sem interromper, e n\u00e3o pressionar para obter informa\u00e7\u00f5es;<\/p>\n<p>Utilizar linguagem acess\u00edvel \u00e0 crian\u00e7a\/adolescentes;<\/p>\n<p>Evitar perguntas desnecess\u00e1rias, perguntar somente o necess\u00e1rio para saber o que fazer em seguida;<\/p>\n<p>Levar a s\u00e9rio tudo o que ouvir, sem julgar, criticar ou duvidar do que a crian\u00e7a-adolescente diz;<\/p>\n<p>Manter-se calmo e tranquilo, sem rea\u00e7\u00f5es extremadas ou passionais;<\/p>\n<p>Expressar apoio, solidariedade e respeito.<\/p>\n","protected":false},"excerpt":{"rendered":"<p>A Secretaria de Educa\u00e7\u00e3o do Distrito Federal (SEEDF) recebeu, na \u00faltima quinta-feira (23), na sede da Pasta, o delegado da Diretoria de Combate a Crimes Cibern\u00e9ticos (Dciber) da Pol\u00edcia Federal (PF), Thiago Medeiros, para uma palestra sobre o tema relacionado \u00e0 viol\u00eancia sexual contra crian\u00e7as e adolescentes. A a\u00e7\u00e3o faz parte do programa Guardi\u00f5es da [&hellip;]<\/p>\n","protected":false},"author":21,"featured_media":392448,"comment_status":"closed","ping_status":"closed","sticky":false,"template":"","format":"standard","meta":{"_acf_changed":false,"footnotes":""},"categories":[161],"tags":[],"class_list":["post-392447","post","type-post","status-publish","format-standard","has-post-thumbnail","hentry","category-quadradinho-em-foco"],"acf":[],"yoast_head":"<!-- This site is optimized with the Yoast SEO plugin v27.2 - https:\/\/yoast.com\/product\/yoast-seo-wordpress\/ -->\n<title>Encontro discute cuidados e prote\u00e7\u00e3o de jovens nas redes sociais - Notibras<\/title>\n<meta name=\"robots\" content=\"index, follow, max-snippet:-1, max-image-preview:large, max-video-preview:-1\" \/>\n<link rel=\"canonical\" href=\"https:\/\/www.notibras.com\/site\/encontro-discute-cuidados-e-protecao-de-jovens-nas-redes-sociais\/\" \/>\n<meta property=\"og:locale\" content=\"pt_BR\" \/>\n<meta property=\"og:type\" content=\"article\" \/>\n<meta property=\"og:title\" content=\"Encontro discute cuidados e prote\u00e7\u00e3o de jovens nas redes sociais - Notibras\" \/>\n<meta property=\"og:description\" content=\"A Secretaria de Educa\u00e7\u00e3o do Distrito Federal (SEEDF) recebeu, na \u00faltima quinta-feira (23), na sede da Pasta, o delegado da Diretoria de Combate a Crimes Cibern\u00e9ticos (Dciber) da Pol\u00edcia Federal (PF), Thiago Medeiros, para uma palestra sobre o tema relacionado \u00e0 viol\u00eancia sexual contra crian\u00e7as e adolescentes. A a\u00e7\u00e3o faz parte do programa Guardi\u00f5es da [&hellip;]\" \/>\n<meta property=\"og:url\" content=\"https:\/\/www.notibras.com\/site\/encontro-discute-cuidados-e-protecao-de-jovens-nas-redes-sociais\/\" \/>\n<meta property=\"og:site_name\" content=\"Notibras\" \/>\n<meta property=\"article:publisher\" content=\"https:\/\/www.facebook.com\/notibras\/\" \/>\n<meta property=\"article:published_time\" content=\"2026-04-25T03:30:41+00:00\" \/>\n<meta property=\"og:image\" content=\"https:\/\/www.notibras.com\/site\/wp-content\/uploads\/2026\/04\/Foto-Iedes-Cultura-de-Paz-por-Felipe-de-Noronha-2-scaled.jpg\" \/>\n\t<meta property=\"og:image:width\" content=\"2560\" \/>\n\t<meta property=\"og:image:height\" content=\"1707\" \/>\n\t<meta property=\"og:image:type\" content=\"image\/jpeg\" \/>\n<meta name=\"author\" content=\"Eduardo Mart\u00ednez\" \/>\n<meta name=\"twitter:card\" content=\"summary_large_image\" \/>\n<meta name=\"twitter:creator\" content=\"@Notibras\" \/>\n<meta name=\"twitter:site\" content=\"@Notibras\" \/>\n<meta name=\"twitter:label1\" content=\"Escrito por\" \/>\n\t<meta name=\"twitter:data1\" content=\"Eduardo Mart\u00ednez\" \/>\n\t<meta name=\"twitter:label2\" content=\"Est. tempo de leitura\" \/>\n\t<meta name=\"twitter:data2\" content=\"6 minutos\" \/>\n<script type=\"application\/ld+json\" class=\"yoast-schema-graph\">{\"@context\":\"https:\/\/schema.org\",\"@graph\":[{\"@type\":\"Article\",\"@id\":\"https:\/\/www.notibras.com\/site\/encontro-discute-cuidados-e-protecao-de-jovens-nas-redes-sociais\/#article\",\"isPartOf\":{\"@id\":\"https:\/\/www.notibras.com\/site\/encontro-discute-cuidados-e-protecao-de-jovens-nas-redes-sociais\/\"},\"author\":{\"name\":\"Eduardo Mart\u00ednez\",\"@id\":\"https:\/\/www.notibras.com\/site\/#\/schema\/person\/5b7fabf2aedc3ada2105f03b22b4d3dd\"},\"headline\":\"Encontro discute cuidados e prote\u00e7\u00e3o de jovens nas redes sociais\",\"datePublished\":\"2026-04-25T03:30:41+00:00\",\"mainEntityOfPage\":{\"@id\":\"https:\/\/www.notibras.com\/site\/encontro-discute-cuidados-e-protecao-de-jovens-nas-redes-sociais\/\"},\"wordCount\":1005,\"publisher\":{\"@id\":\"https:\/\/www.notibras.com\/site\/#organization\"},\"image\":{\"@id\":\"https:\/\/www.notibras.com\/site\/encontro-discute-cuidados-e-protecao-de-jovens-nas-redes-sociais\/#primaryimage\"},\"thumbnailUrl\":\"https:\/\/www.notibras.com\/site\/wp-content\/uploads\/2026\/04\/Foto-Iedes-Cultura-de-Paz-por-Felipe-de-Noronha-2-scaled.jpg\",\"articleSection\":[\"Quadradinho em Foco\"],\"inLanguage\":\"pt-BR\"},{\"@type\":\"WebPage\",\"@id\":\"https:\/\/www.notibras.com\/site\/encontro-discute-cuidados-e-protecao-de-jovens-nas-redes-sociais\/\",\"url\":\"https:\/\/www.notibras.com\/site\/encontro-discute-cuidados-e-protecao-de-jovens-nas-redes-sociais\/\",\"name\":\"Encontro discute cuidados e prote\u00e7\u00e3o de jovens nas redes sociais - Notibras\",\"isPartOf\":{\"@id\":\"https:\/\/www.notibras.com\/site\/#website\"},\"primaryImageOfPage\":{\"@id\":\"https:\/\/www.notibras.com\/site\/encontro-discute-cuidados-e-protecao-de-jovens-nas-redes-sociais\/#primaryimage\"},\"image\":{\"@id\":\"https:\/\/www.notibras.com\/site\/encontro-discute-cuidados-e-protecao-de-jovens-nas-redes-sociais\/#primaryimage\"},\"thumbnailUrl\":\"https:\/\/www.notibras.com\/site\/wp-content\/uploads\/2026\/04\/Foto-Iedes-Cultura-de-Paz-por-Felipe-de-Noronha-2-scaled.jpg\",\"datePublished\":\"2026-04-25T03:30:41+00:00\",\"breadcrumb\":{\"@id\":\"https:\/\/www.notibras.com\/site\/encontro-discute-cuidados-e-protecao-de-jovens-nas-redes-sociais\/#breadcrumb\"},\"inLanguage\":\"pt-BR\",\"potentialAction\":[{\"@type\":\"ReadAction\",\"target\":[\"https:\/\/www.notibras.com\/site\/encontro-discute-cuidados-e-protecao-de-jovens-nas-redes-sociais\/\"]}]},{\"@type\":\"ImageObject\",\"inLanguage\":\"pt-BR\",\"@id\":\"https:\/\/www.notibras.com\/site\/encontro-discute-cuidados-e-protecao-de-jovens-nas-redes-sociais\/#primaryimage\",\"url\":\"https:\/\/www.notibras.com\/site\/wp-content\/uploads\/2026\/04\/Foto-Iedes-Cultura-de-Paz-por-Felipe-de-Noronha-2-scaled.jpg\",\"contentUrl\":\"https:\/\/www.notibras.com\/site\/wp-content\/uploads\/2026\/04\/Foto-Iedes-Cultura-de-Paz-por-Felipe-de-Noronha-2-scaled.jpg\",\"width\":2560,\"height\":1707},{\"@type\":\"BreadcrumbList\",\"@id\":\"https:\/\/www.notibras.com\/site\/encontro-discute-cuidados-e-protecao-de-jovens-nas-redes-sociais\/#breadcrumb\",\"itemListElement\":[{\"@type\":\"ListItem\",\"position\":1,\"name\":\"In\u00edcio\",\"item\":\"https:\/\/www.notibras.com\/site\/\"},{\"@type\":\"ListItem\",\"position\":2,\"name\":\"Encontro discute cuidados e prote\u00e7\u00e3o de jovens nas redes sociais\"}]},{\"@type\":\"WebSite\",\"@id\":\"https:\/\/www.notibras.com\/site\/#website\",\"url\":\"https:\/\/www.notibras.com\/site\/\",\"name\":\"Notibras\",\"description\":\"Not\u00edcias de Bras\u00edlia, do Brasil e do Mundo\",\"publisher\":{\"@id\":\"https:\/\/www.notibras.com\/site\/#organization\"},\"potentialAction\":[{\"@type\":\"SearchAction\",\"target\":{\"@type\":\"EntryPoint\",\"urlTemplate\":\"https:\/\/www.notibras.com\/site\/?s={search_term_string}\"},\"query-input\":{\"@type\":\"PropertyValueSpecification\",\"valueRequired\":true,\"valueName\":\"search_term_string\"}}],\"inLanguage\":\"pt-BR\"},{\"@type\":\"Organization\",\"@id\":\"https:\/\/www.notibras.com\/site\/#organization\",\"name\":\"Grupo Notibras de Comunica\u00e7\u00e3o\",\"url\":\"https:\/\/www.notibras.com\/site\/\",\"logo\":{\"@type\":\"ImageObject\",\"inLanguage\":\"pt-BR\",\"@id\":\"https:\/\/www.notibras.com\/site\/#\/schema\/logo\/image\/\",\"url\":\"https:\/\/www.notibras.com\/site\/wp-content\/uploads\/2023\/01\/notibras23.png\",\"contentUrl\":\"https:\/\/www.notibras.com\/site\/wp-content\/uploads\/2023\/01\/notibras23.png\",\"width\":350,\"height\":87,\"caption\":\"Grupo Notibras de Comunica\u00e7\u00e3o\"},\"image\":{\"@id\":\"https:\/\/www.notibras.com\/site\/#\/schema\/logo\/image\/\"},\"sameAs\":[\"https:\/\/www.facebook.com\/notibras\/\",\"https:\/\/x.com\/Notibras\",\"https:\/\/www.instagram.com\/notibras\/\"]},{\"@type\":\"Person\",\"@id\":\"https:\/\/www.notibras.com\/site\/#\/schema\/person\/5b7fabf2aedc3ada2105f03b22b4d3dd\",\"name\":\"Eduardo Mart\u00ednez\",\"image\":{\"@type\":\"ImageObject\",\"inLanguage\":\"pt-BR\",\"@id\":\"https:\/\/secure.gravatar.com\/avatar\/7902f906289926289cbcda644b5197c796b893c6ffd7b9a536a42d290f7704a0?s=96&d=mm&r=g\",\"url\":\"https:\/\/secure.gravatar.com\/avatar\/7902f906289926289cbcda644b5197c796b893c6ffd7b9a536a42d290f7704a0?s=96&d=mm&r=g\",\"contentUrl\":\"https:\/\/secure.gravatar.com\/avatar\/7902f906289926289cbcda644b5197c796b893c6ffd7b9a536a42d290f7704a0?s=96&d=mm&r=g\",\"caption\":\"Eduardo Mart\u00ednez\"}}]}<\/script>\n<!-- \/ Yoast SEO plugin. -->","yoast_head_json":{"title":"Encontro discute cuidados e prote\u00e7\u00e3o de jovens nas redes sociais - Notibras","robots":{"index":"index","follow":"follow","max-snippet":"max-snippet:-1","max-image-preview":"max-image-preview:large","max-video-preview":"max-video-preview:-1"},"canonical":"https:\/\/www.notibras.com\/site\/encontro-discute-cuidados-e-protecao-de-jovens-nas-redes-sociais\/","og_locale":"pt_BR","og_type":"article","og_title":"Encontro discute cuidados e prote\u00e7\u00e3o de jovens nas redes sociais - Notibras","og_description":"A Secretaria de Educa\u00e7\u00e3o do Distrito Federal (SEEDF) recebeu, na \u00faltima quinta-feira (23), na sede da Pasta, o delegado da Diretoria de Combate a Crimes Cibern\u00e9ticos (Dciber) da Pol\u00edcia Federal (PF), Thiago Medeiros, para uma palestra sobre o tema relacionado \u00e0 viol\u00eancia sexual contra crian\u00e7as e adolescentes. A a\u00e7\u00e3o faz parte do programa Guardi\u00f5es da [&hellip;]","og_url":"https:\/\/www.notibras.com\/site\/encontro-discute-cuidados-e-protecao-de-jovens-nas-redes-sociais\/","og_site_name":"Notibras","article_publisher":"https:\/\/www.facebook.com\/notibras\/","article_published_time":"2026-04-25T03:30:41+00:00","og_image":[{"width":2560,"height":1707,"url":"https:\/\/www.notibras.com\/site\/wp-content\/uploads\/2026\/04\/Foto-Iedes-Cultura-de-Paz-por-Felipe-de-Noronha-2-scaled.jpg","type":"image\/jpeg"}],"author":"Eduardo Mart\u00ednez","twitter_card":"summary_large_image","twitter_creator":"@Notibras","twitter_site":"@Notibras","twitter_misc":{"Escrito por":"Eduardo Mart\u00ednez","Est. tempo de leitura":"6 minutos"},"schema":{"@context":"https:\/\/schema.org","@graph":[{"@type":"Article","@id":"https:\/\/www.notibras.com\/site\/encontro-discute-cuidados-e-protecao-de-jovens-nas-redes-sociais\/#article","isPartOf":{"@id":"https:\/\/www.notibras.com\/site\/encontro-discute-cuidados-e-protecao-de-jovens-nas-redes-sociais\/"},"author":{"name":"Eduardo Mart\u00ednez","@id":"https:\/\/www.notibras.com\/site\/#\/schema\/person\/5b7fabf2aedc3ada2105f03b22b4d3dd"},"headline":"Encontro discute cuidados e prote\u00e7\u00e3o de jovens nas redes sociais","datePublished":"2026-04-25T03:30:41+00:00","mainEntityOfPage":{"@id":"https:\/\/www.notibras.com\/site\/encontro-discute-cuidados-e-protecao-de-jovens-nas-redes-sociais\/"},"wordCount":1005,"publisher":{"@id":"https:\/\/www.notibras.com\/site\/#organization"},"image":{"@id":"https:\/\/www.notibras.com\/site\/encontro-discute-cuidados-e-protecao-de-jovens-nas-redes-sociais\/#primaryimage"},"thumbnailUrl":"https:\/\/www.notibras.com\/site\/wp-content\/uploads\/2026\/04\/Foto-Iedes-Cultura-de-Paz-por-Felipe-de-Noronha-2-scaled.jpg","articleSection":["Quadradinho em Foco"],"inLanguage":"pt-BR"},{"@type":"WebPage","@id":"https:\/\/www.notibras.com\/site\/encontro-discute-cuidados-e-protecao-de-jovens-nas-redes-sociais\/","url":"https:\/\/www.notibras.com\/site\/encontro-discute-cuidados-e-protecao-de-jovens-nas-redes-sociais\/","name":"Encontro discute cuidados e prote\u00e7\u00e3o de jovens nas redes sociais - Notibras","isPartOf":{"@id":"https:\/\/www.notibras.com\/site\/#website"},"primaryImageOfPage":{"@id":"https:\/\/www.notibras.com\/site\/encontro-discute-cuidados-e-protecao-de-jovens-nas-redes-sociais\/#primaryimage"},"image":{"@id":"https:\/\/www.notibras.com\/site\/encontro-discute-cuidados-e-protecao-de-jovens-nas-redes-sociais\/#primaryimage"},"thumbnailUrl":"https:\/\/www.notibras.com\/site\/wp-content\/uploads\/2026\/04\/Foto-Iedes-Cultura-de-Paz-por-Felipe-de-Noronha-2-scaled.jpg","datePublished":"2026-04-25T03:30:41+00:00","breadcrumb":{"@id":"https:\/\/www.notibras.com\/site\/encontro-discute-cuidados-e-protecao-de-jovens-nas-redes-sociais\/#breadcrumb"},"inLanguage":"pt-BR","potentialAction":[{"@type":"ReadAction","target":["https:\/\/www.notibras.com\/site\/encontro-discute-cuidados-e-protecao-de-jovens-nas-redes-sociais\/"]}]},{"@type":"ImageObject","inLanguage":"pt-BR","@id":"https:\/\/www.notibras.com\/site\/encontro-discute-cuidados-e-protecao-de-jovens-nas-redes-sociais\/#primaryimage","url":"https:\/\/www.notibras.com\/site\/wp-content\/uploads\/2026\/04\/Foto-Iedes-Cultura-de-Paz-por-Felipe-de-Noronha-2-scaled.jpg","contentUrl":"https:\/\/www.notibras.com\/site\/wp-content\/uploads\/2026\/04\/Foto-Iedes-Cultura-de-Paz-por-Felipe-de-Noronha-2-scaled.jpg","width":2560,"height":1707},{"@type":"BreadcrumbList","@id":"https:\/\/www.notibras.com\/site\/encontro-discute-cuidados-e-protecao-de-jovens-nas-redes-sociais\/#breadcrumb","itemListElement":[{"@type":"ListItem","position":1,"name":"In\u00edcio","item":"https:\/\/www.notibras.com\/site\/"},{"@type":"ListItem","position":2,"name":"Encontro discute cuidados e prote\u00e7\u00e3o de jovens nas redes sociais"}]},{"@type":"WebSite","@id":"https:\/\/www.notibras.com\/site\/#website","url":"https:\/\/www.notibras.com\/site\/","name":"Notibras","description":"Not\u00edcias de Bras\u00edlia, do Brasil e do Mundo","publisher":{"@id":"https:\/\/www.notibras.com\/site\/#organization"},"potentialAction":[{"@type":"SearchAction","target":{"@type":"EntryPoint","urlTemplate":"https:\/\/www.notibras.com\/site\/?s={search_term_string}"},"query-input":{"@type":"PropertyValueSpecification","valueRequired":true,"valueName":"search_term_string"}}],"inLanguage":"pt-BR"},{"@type":"Organization","@id":"https:\/\/www.notibras.com\/site\/#organization","name":"Grupo Notibras de Comunica\u00e7\u00e3o","url":"https:\/\/www.notibras.com\/site\/","logo":{"@type":"ImageObject","inLanguage":"pt-BR","@id":"https:\/\/www.notibras.com\/site\/#\/schema\/logo\/image\/","url":"https:\/\/www.notibras.com\/site\/wp-content\/uploads\/2023\/01\/notibras23.png","contentUrl":"https:\/\/www.notibras.com\/site\/wp-content\/uploads\/2023\/01\/notibras23.png","width":350,"height":87,"caption":"Grupo Notibras de Comunica\u00e7\u00e3o"},"image":{"@id":"https:\/\/www.notibras.com\/site\/#\/schema\/logo\/image\/"},"sameAs":["https:\/\/www.facebook.com\/notibras\/","https:\/\/x.com\/Notibras","https:\/\/www.instagram.com\/notibras\/"]},{"@type":"Person","@id":"https:\/\/www.notibras.com\/site\/#\/schema\/person\/5b7fabf2aedc3ada2105f03b22b4d3dd","name":"Eduardo Mart\u00ednez","image":{"@type":"ImageObject","inLanguage":"pt-BR","@id":"https:\/\/secure.gravatar.com\/avatar\/7902f906289926289cbcda644b5197c796b893c6ffd7b9a536a42d290f7704a0?s=96&d=mm&r=g","url":"https:\/\/secure.gravatar.com\/avatar\/7902f906289926289cbcda644b5197c796b893c6ffd7b9a536a42d290f7704a0?s=96&d=mm&r=g","contentUrl":"https:\/\/secure.gravatar.com\/avatar\/7902f906289926289cbcda644b5197c796b893c6ffd7b9a536a42d290f7704a0?s=96&d=mm&r=g","caption":"Eduardo Mart\u00ednez"}}]}},"amp_enabled":true,"_links":{"self":[{"href":"https:\/\/www.notibras.com\/site\/wp-json\/wp\/v2\/posts\/392447","targetHints":{"allow":["GET"]}}],"collection":[{"href":"https:\/\/www.notibras.com\/site\/wp-json\/wp\/v2\/posts"}],"about":[{"href":"https:\/\/www.notibras.com\/site\/wp-json\/wp\/v2\/types\/post"}],"author":[{"embeddable":true,"href":"https:\/\/www.notibras.com\/site\/wp-json\/wp\/v2\/users\/21"}],"replies":[{"embeddable":true,"href":"https:\/\/www.notibras.com\/site\/wp-json\/wp\/v2\/comments?post=392447"}],"version-history":[{"count":2,"href":"https:\/\/www.notibras.com\/site\/wp-json\/wp\/v2\/posts\/392447\/revisions"}],"predecessor-version":[{"id":392451,"href":"https:\/\/www.notibras.com\/site\/wp-json\/wp\/v2\/posts\/392447\/revisions\/392451"}],"wp:featuredmedia":[{"embeddable":true,"href":"https:\/\/www.notibras.com\/site\/wp-json\/wp\/v2\/media\/392448"}],"wp:attachment":[{"href":"https:\/\/www.notibras.com\/site\/wp-json\/wp\/v2\/media?parent=392447"}],"wp:term":[{"taxonomy":"category","embeddable":true,"href":"https:\/\/www.notibras.com\/site\/wp-json\/wp\/v2\/categories?post=392447"},{"taxonomy":"post_tag","embeddable":true,"href":"https:\/\/www.notibras.com\/site\/wp-json\/wp\/v2\/tags?post=392447"}],"curies":[{"name":"wp","href":"https:\/\/api.w.org\/{rel}","templated":true}]}}