{"id":39245,"date":"2015-03-08T18:23:17","date_gmt":"2015-03-08T21:23:17","guid":{"rendered":"http:\/\/www.notibras.com\/site\/?p=39245"},"modified":"2015-03-08T20:28:53","modified_gmt":"2015-03-08T23:28:53","slug":"cruzeiro-empata-com-atletico-em-1-a-1-e-mantem-a-lideranca-em-minas","status":"publish","type":"post","link":"https:\/\/www.notibras.com\/site\/cruzeiro-empata-com-atletico-em-1-a-1-e-mantem-a-lideranca-em-minas\/","title":{"rendered":"Cruzeiro empata com Atl\u00e9tico e mant\u00e9m a lideran\u00e7a em Minas"},"content":{"rendered":"<p>O primeiro cl\u00e1ssico mineiro de 2015 entre Cruzeiro e Atl\u00e9tico acabou igual. Os finalistas da edi\u00e7\u00e3o passada da Copa do Brasil jogaram pela sexta rodada e ficaram no 1 a 1, com gols do volante Rafael Carioca e do atacante Leandro Dami\u00e3o, respectivamente.<\/p>\n<p>Com a igualdade deste fim de semana, os comandados de Levir Culpi aumentam a invencibilidade diante do arquirrival. J\u00e1 s\u00e3o nove partidas sem perder para a equipe de Marcelo Oliveira. A \u00faltima derrota foi em julho de 2013, por aquela edi\u00e7\u00e3o do Brasileiro. O Cruzeiro chega a 14 pontos e se mant\u00e9m na lideran\u00e7a do Estadual, enquanto, o Atl\u00e9tico ocupa a segunda coloca\u00e7\u00e3o, com 13 pontos.<\/p>\n<p>O primeiro tempo foi marcado pelo equil\u00edbrio, o que n\u00e3o quer dizer que houve qualidade, sobretudo na cria\u00e7\u00e3o das equipes. Com defesas bem postadas, os comandados de Marcelo Oliveira e Levir Culpi encontraram dificuldades para armar jogadas. O mandante apostou em Arrascaeta e Willian para municiar Leandro Dami\u00e3o, mas a dupla n\u00e3o foi eficiente.<\/p>\n<blockquote><p>Sem as suas principais armas ofensivas para atual temporada \u2013 os argentinos D\u00e1tolo e Lucas Pratto \u2013 e a v\u00e1lvula de escape da defesa \u2013 Marcos Rocha \u2013, o Atl\u00e9tico teve que apostar em Patric, Cesinha e Dod\u00f4. O trio, no entanto, n\u00e3o manteve a qualidade dos titulares e pouco acrescentou.<\/p><\/blockquote>\n<p>Nos 45 minutos iniciais, a principal chance do jogo saiu da cabe\u00e7a de Jemerson. O zagueiro aproveitou escanteio cobrado por Dod\u00f4 e cabeceou firme, exigindo excelente interven\u00e7\u00e3o do goleiro F\u00e1bio.<\/p>\n<p>Na volta do intervalo, as equipes mantiveram a inoper\u00e2ncia ofensiva, apesar da correria dos atacantes. N\u00e3o \u00e9 \u00e0 toa que pouco tempo depois Marcelo Oliveira sacou o uruguaio Arrascaeta e Willian para as entradas de Alisson e Judivan, respectivamente.<\/p>\n<p>Diante da necessidade de melhorar a cria\u00e7\u00e3o de sua equipe tamb\u00e9m, Levir Culpi tamb\u00e9m realizou altera\u00e7\u00f5es na linha de frente. Maicosuel e Danilo Pires substitu\u00edram Cesinha e Dod\u00f4 e mudaram a forma de o visitante jogar.<\/p>\n<blockquote><p>E as mudan\u00e7as do treinador foram fundamentais para a evolu\u00e7\u00e3o t\u00e9cnica do Atl\u00e9tico. A dupla iniciou o lance que acarretou no gol marcado por Rafael Carioca. Mas n\u00e3o foram apenas os dois que contribu\u00edram. O goleiro F\u00e1bio tamb\u00e9m cometeu um erro ao sair jogando e entregou a posse para o arquirrival.<\/p><\/blockquote>\n<p>As primeiras substitui\u00e7\u00f5es de Marcelo Oliveira n\u00e3o foram fundamentais para a exibi\u00e7\u00e3o do Cruzeiro, mas Joel foi acionado aos 37 minutos do segundo tempo e ajudou o time a conquistar o empate. O camaron\u00eas rolou a bola para Leandro Dami\u00e3o estufar a rede de Victor.<\/p>\n","protected":false},"excerpt":{"rendered":"<p>O primeiro cl\u00e1ssico mineiro de 2015 entre Cruzeiro e Atl\u00e9tico acabou igual. Os finalistas da edi\u00e7\u00e3o passada da Copa do Brasil jogaram pela sexta rodada e ficaram no 1 a 1, com gols do volante Rafael Carioca e do atacante Leandro Dami\u00e3o, respectivamente. Com a igualdade deste fim de semana, os comandados de Levir Culpi [&hellip;]<\/p>\n","protected":false},"author":2,"featured_media":39246,"comment_status":"open","ping_status":"closed","sticky":false,"template":"","format":"standard","meta":{"_acf_changed":false,"footnotes":""},"categories":[19,29],"tags":[],"class_list":["post-39245","post","type-post","status-publish","format-standard","has-post-thumbnail","hentry","category-esportes","category-futebol"],"acf":[],"yoast_head":"<!-- This site is optimized with the Yoast SEO plugin v27.2 - https:\/\/yoast.com\/product\/yoast-seo-wordpress\/ -->\n<title>Cruzeiro empata com Atl\u00e9tico e mant\u00e9m a lideran\u00e7a em Minas - Notibras<\/title>\n<meta name=\"robots\" content=\"index, follow, max-snippet:-1, max-image-preview:large, max-video-preview:-1\" \/>\n<link rel=\"canonical\" href=\"https:\/\/www.notibras.com\/site\/cruzeiro-empata-com-atletico-em-1-a-1-e-mantem-a-lideranca-em-minas\/\" \/>\n<meta property=\"og:locale\" content=\"pt_BR\" \/>\n<meta property=\"og:type\" content=\"article\" \/>\n<meta property=\"og:title\" content=\"Cruzeiro empata com Atl\u00e9tico e mant\u00e9m a lideran\u00e7a em Minas - Notibras\" \/>\n<meta property=\"og:description\" content=\"O primeiro cl\u00e1ssico mineiro de 2015 entre Cruzeiro e Atl\u00e9tico acabou igual. Os finalistas da edi\u00e7\u00e3o passada da Copa do Brasil jogaram pela sexta rodada e ficaram no 1 a 1, com gols do volante Rafael Carioca e do atacante Leandro Dami\u00e3o, respectivamente. Com a igualdade deste fim de semana, os comandados de Levir Culpi [&hellip;]\" \/>\n<meta property=\"og:url\" content=\"https:\/\/www.notibras.com\/site\/cruzeiro-empata-com-atletico-em-1-a-1-e-mantem-a-lideranca-em-minas\/\" \/>\n<meta property=\"og:site_name\" content=\"Notibras\" \/>\n<meta property=\"article:publisher\" content=\"https:\/\/www.facebook.com\/notibras\/\" \/>\n<meta property=\"article:published_time\" content=\"2015-03-08T21:23:17+00:00\" \/>\n<meta property=\"article:modified_time\" content=\"2015-03-08T23:28:53+00:00\" \/>\n<meta property=\"og:image\" content=\"https:\/\/www.notibras.com\/site\/wp-content\/uploads\/2015\/03\/mineiro08b.jpg\" \/>\n\t<meta property=\"og:image:width\" content=\"300\" \/>\n\t<meta property=\"og:image:height\" content=\"200\" \/>\n\t<meta property=\"og:image:type\" content=\"image\/jpeg\" \/>\n<meta name=\"author\" content=\"Reda\u00e7\u00e3o\" \/>\n<meta name=\"twitter:card\" content=\"summary_large_image\" \/>\n<meta name=\"twitter:creator\" content=\"@Notibras\" \/>\n<meta name=\"twitter:site\" content=\"@Notibras\" \/>\n<meta name=\"twitter:label1\" content=\"Escrito por\" \/>\n\t<meta name=\"twitter:data1\" content=\"Reda\u00e7\u00e3o\" \/>\n\t<meta name=\"twitter:label2\" content=\"Est. tempo de leitura\" \/>\n\t<meta name=\"twitter:data2\" content=\"2 minutos\" \/>\n<script type=\"application\/ld+json\" class=\"yoast-schema-graph\">{\"@context\":\"https:\/\/schema.org\",\"@graph\":[{\"@type\":\"Article\",\"@id\":\"https:\/\/www.notibras.com\/site\/cruzeiro-empata-com-atletico-em-1-a-1-e-mantem-a-lideranca-em-minas\/#article\",\"isPartOf\":{\"@id\":\"https:\/\/www.notibras.com\/site\/cruzeiro-empata-com-atletico-em-1-a-1-e-mantem-a-lideranca-em-minas\/\"},\"author\":{\"name\":\"Reda\u00e7\u00e3o\",\"@id\":\"https:\/\/www.notibras.com\/site\/#\/schema\/person\/36ab0979449956132d3e5b517ea76ac8\"},\"headline\":\"Cruzeiro empata com Atl\u00e9tico e mant\u00e9m a lideran\u00e7a em Minas\",\"datePublished\":\"2015-03-08T21:23:17+00:00\",\"dateModified\":\"2015-03-08T23:28:53+00:00\",\"mainEntityOfPage\":{\"@id\":\"https:\/\/www.notibras.com\/site\/cruzeiro-empata-com-atletico-em-1-a-1-e-mantem-a-lideranca-em-minas\/\"},\"wordCount\":456,\"commentCount\":0,\"publisher\":{\"@id\":\"https:\/\/www.notibras.com\/site\/#organization\"},\"image\":{\"@id\":\"https:\/\/www.notibras.com\/site\/cruzeiro-empata-com-atletico-em-1-a-1-e-mantem-a-lideranca-em-minas\/#primaryimage\"},\"thumbnailUrl\":\"https:\/\/www.notibras.com\/site\/wp-content\/uploads\/2015\/03\/mineiro08b.jpg\",\"articleSection\":[\"Esportes\",\"Futebol\"],\"inLanguage\":\"pt-BR\",\"potentialAction\":[{\"@type\":\"CommentAction\",\"name\":\"Comment\",\"target\":[\"https:\/\/www.notibras.com\/site\/cruzeiro-empata-com-atletico-em-1-a-1-e-mantem-a-lideranca-em-minas\/#respond\"]}]},{\"@type\":\"WebPage\",\"@id\":\"https:\/\/www.notibras.com\/site\/cruzeiro-empata-com-atletico-em-1-a-1-e-mantem-a-lideranca-em-minas\/\",\"url\":\"https:\/\/www.notibras.com\/site\/cruzeiro-empata-com-atletico-em-1-a-1-e-mantem-a-lideranca-em-minas\/\",\"name\":\"Cruzeiro empata com Atl\u00e9tico e mant\u00e9m a lideran\u00e7a em Minas - Notibras\",\"isPartOf\":{\"@id\":\"https:\/\/www.notibras.com\/site\/#website\"},\"primaryImageOfPage\":{\"@id\":\"https:\/\/www.notibras.com\/site\/cruzeiro-empata-com-atletico-em-1-a-1-e-mantem-a-lideranca-em-minas\/#primaryimage\"},\"image\":{\"@id\":\"https:\/\/www.notibras.com\/site\/cruzeiro-empata-com-atletico-em-1-a-1-e-mantem-a-lideranca-em-minas\/#primaryimage\"},\"thumbnailUrl\":\"https:\/\/www.notibras.com\/site\/wp-content\/uploads\/2015\/03\/mineiro08b.jpg\",\"datePublished\":\"2015-03-08T21:23:17+00:00\",\"dateModified\":\"2015-03-08T23:28:53+00:00\",\"breadcrumb\":{\"@id\":\"https:\/\/www.notibras.com\/site\/cruzeiro-empata-com-atletico-em-1-a-1-e-mantem-a-lideranca-em-minas\/#breadcrumb\"},\"inLanguage\":\"pt-BR\",\"potentialAction\":[{\"@type\":\"ReadAction\",\"target\":[\"https:\/\/www.notibras.com\/site\/cruzeiro-empata-com-atletico-em-1-a-1-e-mantem-a-lideranca-em-minas\/\"]}]},{\"@type\":\"ImageObject\",\"inLanguage\":\"pt-BR\",\"@id\":\"https:\/\/www.notibras.com\/site\/cruzeiro-empata-com-atletico-em-1-a-1-e-mantem-a-lideranca-em-minas\/#primaryimage\",\"url\":\"https:\/\/www.notibras.com\/site\/wp-content\/uploads\/2015\/03\/mineiro08b.jpg\",\"contentUrl\":\"https:\/\/www.notibras.com\/site\/wp-content\/uploads\/2015\/03\/mineiro08b.jpg\",\"width\":300,\"height\":200},{\"@type\":\"BreadcrumbList\",\"@id\":\"https:\/\/www.notibras.com\/site\/cruzeiro-empata-com-atletico-em-1-a-1-e-mantem-a-lideranca-em-minas\/#breadcrumb\",\"itemListElement\":[{\"@type\":\"ListItem\",\"position\":1,\"name\":\"In\u00edcio\",\"item\":\"https:\/\/www.notibras.com\/site\/\"},{\"@type\":\"ListItem\",\"position\":2,\"name\":\"Cruzeiro empata com Atl\u00e9tico e mant\u00e9m a lideran\u00e7a em Minas\"}]},{\"@type\":\"WebSite\",\"@id\":\"https:\/\/www.notibras.com\/site\/#website\",\"url\":\"https:\/\/www.notibras.com\/site\/\",\"name\":\"Notibras\",\"description\":\"Not\u00edcias de Bras\u00edlia, do Brasil e do Mundo\",\"publisher\":{\"@id\":\"https:\/\/www.notibras.com\/site\/#organization\"},\"potentialAction\":[{\"@type\":\"SearchAction\",\"target\":{\"@type\":\"EntryPoint\",\"urlTemplate\":\"https:\/\/www.notibras.com\/site\/?s={search_term_string}\"},\"query-input\":{\"@type\":\"PropertyValueSpecification\",\"valueRequired\":true,\"valueName\":\"search_term_string\"}}],\"inLanguage\":\"pt-BR\"},{\"@type\":\"Organization\",\"@id\":\"https:\/\/www.notibras.com\/site\/#organization\",\"name\":\"Grupo Notibras de Comunica\u00e7\u00e3o\",\"url\":\"https:\/\/www.notibras.com\/site\/\",\"logo\":{\"@type\":\"ImageObject\",\"inLanguage\":\"pt-BR\",\"@id\":\"https:\/\/www.notibras.com\/site\/#\/schema\/logo\/image\/\",\"url\":\"https:\/\/www.notibras.com\/site\/wp-content\/uploads\/2023\/01\/notibras23.png\",\"contentUrl\":\"https:\/\/www.notibras.com\/site\/wp-content\/uploads\/2023\/01\/notibras23.png\",\"width\":350,\"height\":87,\"caption\":\"Grupo Notibras de Comunica\u00e7\u00e3o\"},\"image\":{\"@id\":\"https:\/\/www.notibras.com\/site\/#\/schema\/logo\/image\/\"},\"sameAs\":[\"https:\/\/www.facebook.com\/notibras\/\",\"https:\/\/x.com\/Notibras\",\"https:\/\/www.instagram.com\/notibras\/\"]},{\"@type\":\"Person\",\"@id\":\"https:\/\/www.notibras.com\/site\/#\/schema\/person\/36ab0979449956132d3e5b517ea76ac8\",\"name\":\"Reda\u00e7\u00e3o\",\"image\":{\"@type\":\"ImageObject\",\"inLanguage\":\"pt-BR\",\"@id\":\"https:\/\/secure.gravatar.com\/avatar\/e0a867bdedb85fd243eadf09663511f96fc81e0720a4a42581f334ad4303aa6b?s=96&d=mm&r=g\",\"url\":\"https:\/\/secure.gravatar.com\/avatar\/e0a867bdedb85fd243eadf09663511f96fc81e0720a4a42581f334ad4303aa6b?s=96&d=mm&r=g\",\"contentUrl\":\"https:\/\/secure.gravatar.com\/avatar\/e0a867bdedb85fd243eadf09663511f96fc81e0720a4a42581f334ad4303aa6b?s=96&d=mm&r=g\",\"caption\":\"Reda\u00e7\u00e3o\"}}]}<\/script>\n<!-- \/ Yoast SEO plugin. -->","yoast_head_json":{"title":"Cruzeiro empata com Atl\u00e9tico e mant\u00e9m a lideran\u00e7a em Minas - Notibras","robots":{"index":"index","follow":"follow","max-snippet":"max-snippet:-1","max-image-preview":"max-image-preview:large","max-video-preview":"max-video-preview:-1"},"canonical":"https:\/\/www.notibras.com\/site\/cruzeiro-empata-com-atletico-em-1-a-1-e-mantem-a-lideranca-em-minas\/","og_locale":"pt_BR","og_type":"article","og_title":"Cruzeiro empata com Atl\u00e9tico e mant\u00e9m a lideran\u00e7a em Minas - Notibras","og_description":"O primeiro cl\u00e1ssico mineiro de 2015 entre Cruzeiro e Atl\u00e9tico acabou igual. Os finalistas da edi\u00e7\u00e3o passada da Copa do Brasil jogaram pela sexta rodada e ficaram no 1 a 1, com gols do volante Rafael Carioca e do atacante Leandro Dami\u00e3o, respectivamente. Com a igualdade deste fim de semana, os comandados de Levir Culpi [&hellip;]","og_url":"https:\/\/www.notibras.com\/site\/cruzeiro-empata-com-atletico-em-1-a-1-e-mantem-a-lideranca-em-minas\/","og_site_name":"Notibras","article_publisher":"https:\/\/www.facebook.com\/notibras\/","article_published_time":"2015-03-08T21:23:17+00:00","article_modified_time":"2015-03-08T23:28:53+00:00","og_image":[{"width":300,"height":200,"url":"https:\/\/www.notibras.com\/site\/wp-content\/uploads\/2015\/03\/mineiro08b.jpg","type":"image\/jpeg"}],"author":"Reda\u00e7\u00e3o","twitter_card":"summary_large_image","twitter_creator":"@Notibras","twitter_site":"@Notibras","twitter_misc":{"Escrito por":"Reda\u00e7\u00e3o","Est. tempo de leitura":"2 minutos"},"schema":{"@context":"https:\/\/schema.org","@graph":[{"@type":"Article","@id":"https:\/\/www.notibras.com\/site\/cruzeiro-empata-com-atletico-em-1-a-1-e-mantem-a-lideranca-em-minas\/#article","isPartOf":{"@id":"https:\/\/www.notibras.com\/site\/cruzeiro-empata-com-atletico-em-1-a-1-e-mantem-a-lideranca-em-minas\/"},"author":{"name":"Reda\u00e7\u00e3o","@id":"https:\/\/www.notibras.com\/site\/#\/schema\/person\/36ab0979449956132d3e5b517ea76ac8"},"headline":"Cruzeiro empata com Atl\u00e9tico e mant\u00e9m a lideran\u00e7a em Minas","datePublished":"2015-03-08T21:23:17+00:00","dateModified":"2015-03-08T23:28:53+00:00","mainEntityOfPage":{"@id":"https:\/\/www.notibras.com\/site\/cruzeiro-empata-com-atletico-em-1-a-1-e-mantem-a-lideranca-em-minas\/"},"wordCount":456,"commentCount":0,"publisher":{"@id":"https:\/\/www.notibras.com\/site\/#organization"},"image":{"@id":"https:\/\/www.notibras.com\/site\/cruzeiro-empata-com-atletico-em-1-a-1-e-mantem-a-lideranca-em-minas\/#primaryimage"},"thumbnailUrl":"https:\/\/www.notibras.com\/site\/wp-content\/uploads\/2015\/03\/mineiro08b.jpg","articleSection":["Esportes","Futebol"],"inLanguage":"pt-BR","potentialAction":[{"@type":"CommentAction","name":"Comment","target":["https:\/\/www.notibras.com\/site\/cruzeiro-empata-com-atletico-em-1-a-1-e-mantem-a-lideranca-em-minas\/#respond"]}]},{"@type":"WebPage","@id":"https:\/\/www.notibras.com\/site\/cruzeiro-empata-com-atletico-em-1-a-1-e-mantem-a-lideranca-em-minas\/","url":"https:\/\/www.notibras.com\/site\/cruzeiro-empata-com-atletico-em-1-a-1-e-mantem-a-lideranca-em-minas\/","name":"Cruzeiro empata com Atl\u00e9tico e mant\u00e9m a lideran\u00e7a em Minas - Notibras","isPartOf":{"@id":"https:\/\/www.notibras.com\/site\/#website"},"primaryImageOfPage":{"@id":"https:\/\/www.notibras.com\/site\/cruzeiro-empata-com-atletico-em-1-a-1-e-mantem-a-lideranca-em-minas\/#primaryimage"},"image":{"@id":"https:\/\/www.notibras.com\/site\/cruzeiro-empata-com-atletico-em-1-a-1-e-mantem-a-lideranca-em-minas\/#primaryimage"},"thumbnailUrl":"https:\/\/www.notibras.com\/site\/wp-content\/uploads\/2015\/03\/mineiro08b.jpg","datePublished":"2015-03-08T21:23:17+00:00","dateModified":"2015-03-08T23:28:53+00:00","breadcrumb":{"@id":"https:\/\/www.notibras.com\/site\/cruzeiro-empata-com-atletico-em-1-a-1-e-mantem-a-lideranca-em-minas\/#breadcrumb"},"inLanguage":"pt-BR","potentialAction":[{"@type":"ReadAction","target":["https:\/\/www.notibras.com\/site\/cruzeiro-empata-com-atletico-em-1-a-1-e-mantem-a-lideranca-em-minas\/"]}]},{"@type":"ImageObject","inLanguage":"pt-BR","@id":"https:\/\/www.notibras.com\/site\/cruzeiro-empata-com-atletico-em-1-a-1-e-mantem-a-lideranca-em-minas\/#primaryimage","url":"https:\/\/www.notibras.com\/site\/wp-content\/uploads\/2015\/03\/mineiro08b.jpg","contentUrl":"https:\/\/www.notibras.com\/site\/wp-content\/uploads\/2015\/03\/mineiro08b.jpg","width":300,"height":200},{"@type":"BreadcrumbList","@id":"https:\/\/www.notibras.com\/site\/cruzeiro-empata-com-atletico-em-1-a-1-e-mantem-a-lideranca-em-minas\/#breadcrumb","itemListElement":[{"@type":"ListItem","position":1,"name":"In\u00edcio","item":"https:\/\/www.notibras.com\/site\/"},{"@type":"ListItem","position":2,"name":"Cruzeiro empata com Atl\u00e9tico e mant\u00e9m a lideran\u00e7a em Minas"}]},{"@type":"WebSite","@id":"https:\/\/www.notibras.com\/site\/#website","url":"https:\/\/www.notibras.com\/site\/","name":"Notibras","description":"Not\u00edcias de Bras\u00edlia, do Brasil e do Mundo","publisher":{"@id":"https:\/\/www.notibras.com\/site\/#organization"},"potentialAction":[{"@type":"SearchAction","target":{"@type":"EntryPoint","urlTemplate":"https:\/\/www.notibras.com\/site\/?s={search_term_string}"},"query-input":{"@type":"PropertyValueSpecification","valueRequired":true,"valueName":"search_term_string"}}],"inLanguage":"pt-BR"},{"@type":"Organization","@id":"https:\/\/www.notibras.com\/site\/#organization","name":"Grupo Notibras de Comunica\u00e7\u00e3o","url":"https:\/\/www.notibras.com\/site\/","logo":{"@type":"ImageObject","inLanguage":"pt-BR","@id":"https:\/\/www.notibras.com\/site\/#\/schema\/logo\/image\/","url":"https:\/\/www.notibras.com\/site\/wp-content\/uploads\/2023\/01\/notibras23.png","contentUrl":"https:\/\/www.notibras.com\/site\/wp-content\/uploads\/2023\/01\/notibras23.png","width":350,"height":87,"caption":"Grupo Notibras de Comunica\u00e7\u00e3o"},"image":{"@id":"https:\/\/www.notibras.com\/site\/#\/schema\/logo\/image\/"},"sameAs":["https:\/\/www.facebook.com\/notibras\/","https:\/\/x.com\/Notibras","https:\/\/www.instagram.com\/notibras\/"]},{"@type":"Person","@id":"https:\/\/www.notibras.com\/site\/#\/schema\/person\/36ab0979449956132d3e5b517ea76ac8","name":"Reda\u00e7\u00e3o","image":{"@type":"ImageObject","inLanguage":"pt-BR","@id":"https:\/\/secure.gravatar.com\/avatar\/e0a867bdedb85fd243eadf09663511f96fc81e0720a4a42581f334ad4303aa6b?s=96&d=mm&r=g","url":"https:\/\/secure.gravatar.com\/avatar\/e0a867bdedb85fd243eadf09663511f96fc81e0720a4a42581f334ad4303aa6b?s=96&d=mm&r=g","contentUrl":"https:\/\/secure.gravatar.com\/avatar\/e0a867bdedb85fd243eadf09663511f96fc81e0720a4a42581f334ad4303aa6b?s=96&d=mm&r=g","caption":"Reda\u00e7\u00e3o"}}]}},"amp_enabled":true,"_links":{"self":[{"href":"https:\/\/www.notibras.com\/site\/wp-json\/wp\/v2\/posts\/39245","targetHints":{"allow":["GET"]}}],"collection":[{"href":"https:\/\/www.notibras.com\/site\/wp-json\/wp\/v2\/posts"}],"about":[{"href":"https:\/\/www.notibras.com\/site\/wp-json\/wp\/v2\/types\/post"}],"author":[{"embeddable":true,"href":"https:\/\/www.notibras.com\/site\/wp-json\/wp\/v2\/users\/2"}],"replies":[{"embeddable":true,"href":"https:\/\/www.notibras.com\/site\/wp-json\/wp\/v2\/comments?post=39245"}],"version-history":[{"count":0,"href":"https:\/\/www.notibras.com\/site\/wp-json\/wp\/v2\/posts\/39245\/revisions"}],"wp:featuredmedia":[{"embeddable":true,"href":"https:\/\/www.notibras.com\/site\/wp-json\/wp\/v2\/media\/39246"}],"wp:attachment":[{"href":"https:\/\/www.notibras.com\/site\/wp-json\/wp\/v2\/media?parent=39245"}],"wp:term":[{"taxonomy":"category","embeddable":true,"href":"https:\/\/www.notibras.com\/site\/wp-json\/wp\/v2\/categories?post=39245"},{"taxonomy":"post_tag","embeddable":true,"href":"https:\/\/www.notibras.com\/site\/wp-json\/wp\/v2\/tags?post=39245"}],"curies":[{"name":"wp","href":"https:\/\/api.w.org\/{rel}","templated":true}]}}