{"id":392452,"date":"2026-04-25T00:15:20","date_gmt":"2026-04-25T03:15:20","guid":{"rendered":"https:\/\/www.notibras.com\/site\/?p=392452"},"modified":"2026-04-24T22:06:01","modified_gmt":"2026-04-25T01:06:01","slug":"capacitacao-de-equipes-em-tecnica-a-laser-para-tratar-prostata","status":"publish","type":"post","link":"https:\/\/www.notibras.com\/site\/capacitacao-de-equipes-em-tecnica-a-laser-para-tratar-prostata\/","title":{"rendered":"Capacita\u00e7\u00e3o de equipes em t\u00e9cnica a laser para tratar pr\u00f3stata"},"content":{"rendered":"<p>Uma nova t\u00e9cnica cir\u00fargica para o tratamento da pr\u00f3stata come\u00e7a a ser estudada por profissionais do Hospital de Base do Distrito Federal (HBDF), unidade administrada pelo Instituto de Gest\u00e3o Estrat\u00e9gica de Sa\u00fade do Distrito Federal (IgesDF). O procedimento a laser \u00e9 menos invasivo, reduz riscos durante a cirurgia e permite uma recupera\u00e7\u00e3o mais r\u00e1pida para o paciente.<\/p>\n<p>A capacita\u00e7\u00e3o come\u00e7ou nesta sexta-feira (24) e segue at\u00e9 s\u00e1bado (25), reunindo especialistas e equipes da unidade. O treinamento aborda uma cirurgia realizada com laser de alta pot\u00eancia, indicada principalmente para homens com hiperplasia prost\u00e1tica benigna \u2014 aumento da pr\u00f3stata que n\u00e3o \u00e9 c\u00e2ncer, mas pode causar dificuldade para urinar, jato urin\u00e1rio fraco, sensa\u00e7\u00e3o de bexiga sempre cheia e necessidade frequente de ir ao banheiro.<\/p>\n<p>A t\u00e9cnica, chamada enuclea\u00e7\u00e3o da pr\u00f3stata com laser, permite a retirada do excesso de tecido prost\u00e1tico com mais precis\u00e3o e menor sangramento, reduzindo o tempo de interna\u00e7\u00e3o e as chances de complica\u00e7\u00f5es no p\u00f3s-operat\u00f3rio.<\/p>\n<p>O diretor de Aten\u00e7\u00e3o \u00e0 Sa\u00fade do IgesDF, Edson Gon\u00e7alves, destaca que a busca por novas tecnologias faz parte do compromisso do instituto com a qualidade da assist\u00eancia. \u201cQuando a efic\u00e1cia, o benef\u00edcio ao paciente e a viabilidade financeira s\u00e3o comprovados, come\u00e7amos a estudar a incorpora\u00e7\u00e3o dessas solu\u00e7\u00f5es. Estamos muito otimistas com os resultados e com as evid\u00eancias j\u00e1 publicadas sobre essa t\u00e9cnica\u201d, afirma.<\/p>\n<p>Embora o equipamento ainda n\u00e3o esteja dispon\u00edvel na rede p\u00fablica, a capacita\u00e7\u00e3o representa uma etapa importante para avaliar a possibilidade de incorporar essa tecnologia ao atendimento dos pacientes do Sistema \u00danico de Sa\u00fade (SUS).<\/p>\n<p><strong>Capacita\u00e7\u00e3o pr\u00e1tica<\/strong><\/p>\n<p>Durante o curso, oito pacientes que aguardavam na fila de regula\u00e7\u00e3o foram atendidos e beneficiados com o procedimento. As cirurgias foram conduzidas pelo urologista Thiago Sato, refer\u00eancia nacional na t\u00e9cnica, com a participa\u00e7\u00e3o de seis especialistas do corpo cl\u00ednico do HBDF.<\/p>\n<p>Para ampliar o alcance do treinamento, os procedimentos foram transmitidos em tempo real para outros profissionais de sa\u00fade, que acompanharam as cirurgias e puderam esclarecer d\u00favidas durante as interven\u00e7\u00f5es.<\/p>\n<p>O superintendente do HBDF, Paulo Saad, destaca que a forma\u00e7\u00e3o de profissionais qualificados faz parte do compromisso do IgesDF com a sa\u00fade p\u00fablica. \u201cA moderniza\u00e7\u00e3o da assist\u00eancia \u00e9 um caminho natural e necess\u00e1rio. Preparar nossas equipes para isso significa oferecer um atendimento cada vez mais seguro, eficiente e resolutivo para a popula\u00e7\u00e3o\u201d, acrescenta.<\/p>\n<p><strong>T\u00e9cnica mais segura<\/strong><\/p>\n<p>Realizado por via endosc\u00f3pica, o procedimento dispensa cortes externos, o que reduz o risco de complica\u00e7\u00f5es e proporciona uma recupera\u00e7\u00e3o mais r\u00e1pida ao paciente.<\/p>\n<p>O chefe do setor de Urologia do Hospital de Base, Bruno Pinheiro, afirma que a capacita\u00e7\u00e3o prepara os profissionais do HBDF para o momento em que o equipamento estiver dispon\u00edvel na rede p\u00fablica.<\/p>\n<p>\u201cEssa tecnologia vai chegar ao SUS mais cedo ou mais tarde, e j\u00e1 estamos preparando nossos profissionais para utiliz\u00e1-la. O Hospital de Base \u00e9 refer\u00eancia em sa\u00fade em todo o Centro-Oeste e, quando ela for incorporada, estaremos prontos para oferecer esse atendimento\u201d, explica.<\/p>\n<p>O especialista detalha que, atualmente, pacientes submetidos ao m\u00e9todo convencional permanecem internados, em m\u00e9dia, por quatro dias. Com o uso do laser, esse tempo pode ser reduzido significativamente. \u201cCom essa t\u00e9cnica, em muitos casos, a alta pode acontecer j\u00e1 no dia seguinte\u201d, pontua.<\/p>\n<p><strong>Quando procurar atendimento<\/strong><\/p>\n<p>Homens que apresentam sintomas como dificuldade para urinar, jato urin\u00e1rio fraco, aumento da frequ\u00eancia urin\u00e1ria, especialmente \u00e0 noite, ou sensa\u00e7\u00e3o de esvaziamento incompleto da bexiga devem procurar avalia\u00e7\u00e3o m\u00e9dica.<\/p>\n<p>O atendimento inicial pode ser realizado nas unidades b\u00e1sicas de sa\u00fade (UBSs), que fazem o encaminhamento para especialistas, quando necess\u00e1rio.<\/p>\n","protected":false},"excerpt":{"rendered":"<p>Uma nova t\u00e9cnica cir\u00fargica para o tratamento da pr\u00f3stata come\u00e7a a ser estudada por profissionais do Hospital de Base do Distrito Federal (HBDF), unidade administrada pelo Instituto de Gest\u00e3o Estrat\u00e9gica de Sa\u00fade do Distrito Federal (IgesDF). O procedimento a laser \u00e9 menos invasivo, reduz riscos durante a cirurgia e permite uma recupera\u00e7\u00e3o mais r\u00e1pida para [&hellip;]<\/p>\n","protected":false},"author":21,"featured_media":392458,"comment_status":"closed","ping_status":"closed","sticky":false,"template":"","format":"standard","meta":{"_acf_changed":false,"footnotes":""},"categories":[161],"tags":[],"class_list":["post-392452","post","type-post","status-publish","format-standard","has-post-thumbnail","hentry","category-quadradinho-em-foco"],"acf":[],"yoast_head":"<!-- This site is optimized with the Yoast SEO plugin v27.2 - https:\/\/yoast.com\/product\/yoast-seo-wordpress\/ -->\n<title>Capacita\u00e7\u00e3o de equipes em t\u00e9cnica a laser para tratar pr\u00f3stata - Notibras<\/title>\n<meta name=\"robots\" content=\"index, follow, max-snippet:-1, max-image-preview:large, max-video-preview:-1\" \/>\n<link rel=\"canonical\" href=\"https:\/\/www.notibras.com\/site\/capacitacao-de-equipes-em-tecnica-a-laser-para-tratar-prostata\/\" \/>\n<meta property=\"og:locale\" content=\"pt_BR\" \/>\n<meta property=\"og:type\" content=\"article\" \/>\n<meta property=\"og:title\" content=\"Capacita\u00e7\u00e3o de equipes em t\u00e9cnica a laser para tratar pr\u00f3stata - Notibras\" \/>\n<meta property=\"og:description\" content=\"Uma nova t\u00e9cnica cir\u00fargica para o tratamento da pr\u00f3stata come\u00e7a a ser estudada por profissionais do Hospital de Base do Distrito Federal (HBDF), unidade administrada pelo Instituto de Gest\u00e3o Estrat\u00e9gica de Sa\u00fade do Distrito Federal (IgesDF). O procedimento a laser \u00e9 menos invasivo, reduz riscos durante a cirurgia e permite uma recupera\u00e7\u00e3o mais r\u00e1pida para [&hellip;]\" \/>\n<meta property=\"og:url\" content=\"https:\/\/www.notibras.com\/site\/capacitacao-de-equipes-em-tecnica-a-laser-para-tratar-prostata\/\" \/>\n<meta property=\"og:site_name\" content=\"Notibras\" \/>\n<meta property=\"article:publisher\" content=\"https:\/\/www.facebook.com\/notibras\/\" \/>\n<meta property=\"article:published_time\" content=\"2026-04-25T03:15:20+00:00\" \/>\n<meta property=\"og:image\" content=\"https:\/\/www.notibras.com\/site\/wp-content\/uploads\/2026\/04\/20260424_092111-1-scaled.jpg\" \/>\n\t<meta property=\"og:image:width\" content=\"2560\" \/>\n\t<meta property=\"og:image:height\" content=\"1920\" \/>\n\t<meta property=\"og:image:type\" content=\"image\/jpeg\" \/>\n<meta name=\"author\" content=\"Eduardo Mart\u00ednez\" \/>\n<meta name=\"twitter:card\" content=\"summary_large_image\" \/>\n<meta name=\"twitter:creator\" content=\"@Notibras\" \/>\n<meta name=\"twitter:site\" content=\"@Notibras\" \/>\n<meta name=\"twitter:label1\" content=\"Escrito por\" \/>\n\t<meta name=\"twitter:data1\" content=\"Eduardo Mart\u00ednez\" \/>\n\t<meta name=\"twitter:label2\" content=\"Est. tempo de leitura\" \/>\n\t<meta name=\"twitter:data2\" content=\"4 minutos\" \/>\n<script type=\"application\/ld+json\" class=\"yoast-schema-graph\">{\"@context\":\"https:\/\/schema.org\",\"@graph\":[{\"@type\":\"Article\",\"@id\":\"https:\/\/www.notibras.com\/site\/capacitacao-de-equipes-em-tecnica-a-laser-para-tratar-prostata\/#article\",\"isPartOf\":{\"@id\":\"https:\/\/www.notibras.com\/site\/capacitacao-de-equipes-em-tecnica-a-laser-para-tratar-prostata\/\"},\"author\":{\"name\":\"Eduardo Mart\u00ednez\",\"@id\":\"https:\/\/www.notibras.com\/site\/#\/schema\/person\/5b7fabf2aedc3ada2105f03b22b4d3dd\"},\"headline\":\"Capacita\u00e7\u00e3o de equipes em t\u00e9cnica a laser para tratar pr\u00f3stata\",\"datePublished\":\"2026-04-25T03:15:20+00:00\",\"mainEntityOfPage\":{\"@id\":\"https:\/\/www.notibras.com\/site\/capacitacao-de-equipes-em-tecnica-a-laser-para-tratar-prostata\/\"},\"wordCount\":666,\"publisher\":{\"@id\":\"https:\/\/www.notibras.com\/site\/#organization\"},\"image\":{\"@id\":\"https:\/\/www.notibras.com\/site\/capacitacao-de-equipes-em-tecnica-a-laser-para-tratar-prostata\/#primaryimage\"},\"thumbnailUrl\":\"https:\/\/www.notibras.com\/site\/wp-content\/uploads\/2026\/04\/20260424_092111-1-scaled.jpg\",\"articleSection\":[\"Quadradinho em Foco\"],\"inLanguage\":\"pt-BR\"},{\"@type\":\"WebPage\",\"@id\":\"https:\/\/www.notibras.com\/site\/capacitacao-de-equipes-em-tecnica-a-laser-para-tratar-prostata\/\",\"url\":\"https:\/\/www.notibras.com\/site\/capacitacao-de-equipes-em-tecnica-a-laser-para-tratar-prostata\/\",\"name\":\"Capacita\u00e7\u00e3o de equipes em t\u00e9cnica a laser para tratar pr\u00f3stata - Notibras\",\"isPartOf\":{\"@id\":\"https:\/\/www.notibras.com\/site\/#website\"},\"primaryImageOfPage\":{\"@id\":\"https:\/\/www.notibras.com\/site\/capacitacao-de-equipes-em-tecnica-a-laser-para-tratar-prostata\/#primaryimage\"},\"image\":{\"@id\":\"https:\/\/www.notibras.com\/site\/capacitacao-de-equipes-em-tecnica-a-laser-para-tratar-prostata\/#primaryimage\"},\"thumbnailUrl\":\"https:\/\/www.notibras.com\/site\/wp-content\/uploads\/2026\/04\/20260424_092111-1-scaled.jpg\",\"datePublished\":\"2026-04-25T03:15:20+00:00\",\"breadcrumb\":{\"@id\":\"https:\/\/www.notibras.com\/site\/capacitacao-de-equipes-em-tecnica-a-laser-para-tratar-prostata\/#breadcrumb\"},\"inLanguage\":\"pt-BR\",\"potentialAction\":[{\"@type\":\"ReadAction\",\"target\":[\"https:\/\/www.notibras.com\/site\/capacitacao-de-equipes-em-tecnica-a-laser-para-tratar-prostata\/\"]}]},{\"@type\":\"ImageObject\",\"inLanguage\":\"pt-BR\",\"@id\":\"https:\/\/www.notibras.com\/site\/capacitacao-de-equipes-em-tecnica-a-laser-para-tratar-prostata\/#primaryimage\",\"url\":\"https:\/\/www.notibras.com\/site\/wp-content\/uploads\/2026\/04\/20260424_092111-1-scaled.jpg\",\"contentUrl\":\"https:\/\/www.notibras.com\/site\/wp-content\/uploads\/2026\/04\/20260424_092111-1-scaled.jpg\",\"width\":2560,\"height\":1920},{\"@type\":\"BreadcrumbList\",\"@id\":\"https:\/\/www.notibras.com\/site\/capacitacao-de-equipes-em-tecnica-a-laser-para-tratar-prostata\/#breadcrumb\",\"itemListElement\":[{\"@type\":\"ListItem\",\"position\":1,\"name\":\"In\u00edcio\",\"item\":\"https:\/\/www.notibras.com\/site\/\"},{\"@type\":\"ListItem\",\"position\":2,\"name\":\"Capacita\u00e7\u00e3o de equipes em t\u00e9cnica a laser para tratar pr\u00f3stata\"}]},{\"@type\":\"WebSite\",\"@id\":\"https:\/\/www.notibras.com\/site\/#website\",\"url\":\"https:\/\/www.notibras.com\/site\/\",\"name\":\"Notibras\",\"description\":\"Not\u00edcias de Bras\u00edlia, do Brasil e do Mundo\",\"publisher\":{\"@id\":\"https:\/\/www.notibras.com\/site\/#organization\"},\"potentialAction\":[{\"@type\":\"SearchAction\",\"target\":{\"@type\":\"EntryPoint\",\"urlTemplate\":\"https:\/\/www.notibras.com\/site\/?s={search_term_string}\"},\"query-input\":{\"@type\":\"PropertyValueSpecification\",\"valueRequired\":true,\"valueName\":\"search_term_string\"}}],\"inLanguage\":\"pt-BR\"},{\"@type\":\"Organization\",\"@id\":\"https:\/\/www.notibras.com\/site\/#organization\",\"name\":\"Grupo Notibras de Comunica\u00e7\u00e3o\",\"url\":\"https:\/\/www.notibras.com\/site\/\",\"logo\":{\"@type\":\"ImageObject\",\"inLanguage\":\"pt-BR\",\"@id\":\"https:\/\/www.notibras.com\/site\/#\/schema\/logo\/image\/\",\"url\":\"https:\/\/www.notibras.com\/site\/wp-content\/uploads\/2023\/01\/notibras23.png\",\"contentUrl\":\"https:\/\/www.notibras.com\/site\/wp-content\/uploads\/2023\/01\/notibras23.png\",\"width\":350,\"height\":87,\"caption\":\"Grupo Notibras de Comunica\u00e7\u00e3o\"},\"image\":{\"@id\":\"https:\/\/www.notibras.com\/site\/#\/schema\/logo\/image\/\"},\"sameAs\":[\"https:\/\/www.facebook.com\/notibras\/\",\"https:\/\/x.com\/Notibras\",\"https:\/\/www.instagram.com\/notibras\/\"]},{\"@type\":\"Person\",\"@id\":\"https:\/\/www.notibras.com\/site\/#\/schema\/person\/5b7fabf2aedc3ada2105f03b22b4d3dd\",\"name\":\"Eduardo Mart\u00ednez\",\"image\":{\"@type\":\"ImageObject\",\"inLanguage\":\"pt-BR\",\"@id\":\"https:\/\/secure.gravatar.com\/avatar\/7902f906289926289cbcda644b5197c796b893c6ffd7b9a536a42d290f7704a0?s=96&d=mm&r=g\",\"url\":\"https:\/\/secure.gravatar.com\/avatar\/7902f906289926289cbcda644b5197c796b893c6ffd7b9a536a42d290f7704a0?s=96&d=mm&r=g\",\"contentUrl\":\"https:\/\/secure.gravatar.com\/avatar\/7902f906289926289cbcda644b5197c796b893c6ffd7b9a536a42d290f7704a0?s=96&d=mm&r=g\",\"caption\":\"Eduardo Mart\u00ednez\"}}]}<\/script>\n<!-- \/ Yoast SEO plugin. -->","yoast_head_json":{"title":"Capacita\u00e7\u00e3o de equipes em t\u00e9cnica a laser para tratar pr\u00f3stata - Notibras","robots":{"index":"index","follow":"follow","max-snippet":"max-snippet:-1","max-image-preview":"max-image-preview:large","max-video-preview":"max-video-preview:-1"},"canonical":"https:\/\/www.notibras.com\/site\/capacitacao-de-equipes-em-tecnica-a-laser-para-tratar-prostata\/","og_locale":"pt_BR","og_type":"article","og_title":"Capacita\u00e7\u00e3o de equipes em t\u00e9cnica a laser para tratar pr\u00f3stata - Notibras","og_description":"Uma nova t\u00e9cnica cir\u00fargica para o tratamento da pr\u00f3stata come\u00e7a a ser estudada por profissionais do Hospital de Base do Distrito Federal (HBDF), unidade administrada pelo Instituto de Gest\u00e3o Estrat\u00e9gica de Sa\u00fade do Distrito Federal (IgesDF). O procedimento a laser \u00e9 menos invasivo, reduz riscos durante a cirurgia e permite uma recupera\u00e7\u00e3o mais r\u00e1pida para [&hellip;]","og_url":"https:\/\/www.notibras.com\/site\/capacitacao-de-equipes-em-tecnica-a-laser-para-tratar-prostata\/","og_site_name":"Notibras","article_publisher":"https:\/\/www.facebook.com\/notibras\/","article_published_time":"2026-04-25T03:15:20+00:00","og_image":[{"width":2560,"height":1920,"url":"https:\/\/www.notibras.com\/site\/wp-content\/uploads\/2026\/04\/20260424_092111-1-scaled.jpg","type":"image\/jpeg"}],"author":"Eduardo Mart\u00ednez","twitter_card":"summary_large_image","twitter_creator":"@Notibras","twitter_site":"@Notibras","twitter_misc":{"Escrito por":"Eduardo Mart\u00ednez","Est. tempo de leitura":"4 minutos"},"schema":{"@context":"https:\/\/schema.org","@graph":[{"@type":"Article","@id":"https:\/\/www.notibras.com\/site\/capacitacao-de-equipes-em-tecnica-a-laser-para-tratar-prostata\/#article","isPartOf":{"@id":"https:\/\/www.notibras.com\/site\/capacitacao-de-equipes-em-tecnica-a-laser-para-tratar-prostata\/"},"author":{"name":"Eduardo Mart\u00ednez","@id":"https:\/\/www.notibras.com\/site\/#\/schema\/person\/5b7fabf2aedc3ada2105f03b22b4d3dd"},"headline":"Capacita\u00e7\u00e3o de equipes em t\u00e9cnica a laser para tratar pr\u00f3stata","datePublished":"2026-04-25T03:15:20+00:00","mainEntityOfPage":{"@id":"https:\/\/www.notibras.com\/site\/capacitacao-de-equipes-em-tecnica-a-laser-para-tratar-prostata\/"},"wordCount":666,"publisher":{"@id":"https:\/\/www.notibras.com\/site\/#organization"},"image":{"@id":"https:\/\/www.notibras.com\/site\/capacitacao-de-equipes-em-tecnica-a-laser-para-tratar-prostata\/#primaryimage"},"thumbnailUrl":"https:\/\/www.notibras.com\/site\/wp-content\/uploads\/2026\/04\/20260424_092111-1-scaled.jpg","articleSection":["Quadradinho em Foco"],"inLanguage":"pt-BR"},{"@type":"WebPage","@id":"https:\/\/www.notibras.com\/site\/capacitacao-de-equipes-em-tecnica-a-laser-para-tratar-prostata\/","url":"https:\/\/www.notibras.com\/site\/capacitacao-de-equipes-em-tecnica-a-laser-para-tratar-prostata\/","name":"Capacita\u00e7\u00e3o de equipes em t\u00e9cnica a laser para tratar pr\u00f3stata - Notibras","isPartOf":{"@id":"https:\/\/www.notibras.com\/site\/#website"},"primaryImageOfPage":{"@id":"https:\/\/www.notibras.com\/site\/capacitacao-de-equipes-em-tecnica-a-laser-para-tratar-prostata\/#primaryimage"},"image":{"@id":"https:\/\/www.notibras.com\/site\/capacitacao-de-equipes-em-tecnica-a-laser-para-tratar-prostata\/#primaryimage"},"thumbnailUrl":"https:\/\/www.notibras.com\/site\/wp-content\/uploads\/2026\/04\/20260424_092111-1-scaled.jpg","datePublished":"2026-04-25T03:15:20+00:00","breadcrumb":{"@id":"https:\/\/www.notibras.com\/site\/capacitacao-de-equipes-em-tecnica-a-laser-para-tratar-prostata\/#breadcrumb"},"inLanguage":"pt-BR","potentialAction":[{"@type":"ReadAction","target":["https:\/\/www.notibras.com\/site\/capacitacao-de-equipes-em-tecnica-a-laser-para-tratar-prostata\/"]}]},{"@type":"ImageObject","inLanguage":"pt-BR","@id":"https:\/\/www.notibras.com\/site\/capacitacao-de-equipes-em-tecnica-a-laser-para-tratar-prostata\/#primaryimage","url":"https:\/\/www.notibras.com\/site\/wp-content\/uploads\/2026\/04\/20260424_092111-1-scaled.jpg","contentUrl":"https:\/\/www.notibras.com\/site\/wp-content\/uploads\/2026\/04\/20260424_092111-1-scaled.jpg","width":2560,"height":1920},{"@type":"BreadcrumbList","@id":"https:\/\/www.notibras.com\/site\/capacitacao-de-equipes-em-tecnica-a-laser-para-tratar-prostata\/#breadcrumb","itemListElement":[{"@type":"ListItem","position":1,"name":"In\u00edcio","item":"https:\/\/www.notibras.com\/site\/"},{"@type":"ListItem","position":2,"name":"Capacita\u00e7\u00e3o de equipes em t\u00e9cnica a laser para tratar pr\u00f3stata"}]},{"@type":"WebSite","@id":"https:\/\/www.notibras.com\/site\/#website","url":"https:\/\/www.notibras.com\/site\/","name":"Notibras","description":"Not\u00edcias de Bras\u00edlia, do Brasil e do Mundo","publisher":{"@id":"https:\/\/www.notibras.com\/site\/#organization"},"potentialAction":[{"@type":"SearchAction","target":{"@type":"EntryPoint","urlTemplate":"https:\/\/www.notibras.com\/site\/?s={search_term_string}"},"query-input":{"@type":"PropertyValueSpecification","valueRequired":true,"valueName":"search_term_string"}}],"inLanguage":"pt-BR"},{"@type":"Organization","@id":"https:\/\/www.notibras.com\/site\/#organization","name":"Grupo Notibras de Comunica\u00e7\u00e3o","url":"https:\/\/www.notibras.com\/site\/","logo":{"@type":"ImageObject","inLanguage":"pt-BR","@id":"https:\/\/www.notibras.com\/site\/#\/schema\/logo\/image\/","url":"https:\/\/www.notibras.com\/site\/wp-content\/uploads\/2023\/01\/notibras23.png","contentUrl":"https:\/\/www.notibras.com\/site\/wp-content\/uploads\/2023\/01\/notibras23.png","width":350,"height":87,"caption":"Grupo Notibras de Comunica\u00e7\u00e3o"},"image":{"@id":"https:\/\/www.notibras.com\/site\/#\/schema\/logo\/image\/"},"sameAs":["https:\/\/www.facebook.com\/notibras\/","https:\/\/x.com\/Notibras","https:\/\/www.instagram.com\/notibras\/"]},{"@type":"Person","@id":"https:\/\/www.notibras.com\/site\/#\/schema\/person\/5b7fabf2aedc3ada2105f03b22b4d3dd","name":"Eduardo Mart\u00ednez","image":{"@type":"ImageObject","inLanguage":"pt-BR","@id":"https:\/\/secure.gravatar.com\/avatar\/7902f906289926289cbcda644b5197c796b893c6ffd7b9a536a42d290f7704a0?s=96&d=mm&r=g","url":"https:\/\/secure.gravatar.com\/avatar\/7902f906289926289cbcda644b5197c796b893c6ffd7b9a536a42d290f7704a0?s=96&d=mm&r=g","contentUrl":"https:\/\/secure.gravatar.com\/avatar\/7902f906289926289cbcda644b5197c796b893c6ffd7b9a536a42d290f7704a0?s=96&d=mm&r=g","caption":"Eduardo Mart\u00ednez"}}]}},"amp_enabled":true,"_links":{"self":[{"href":"https:\/\/www.notibras.com\/site\/wp-json\/wp\/v2\/posts\/392452","targetHints":{"allow":["GET"]}}],"collection":[{"href":"https:\/\/www.notibras.com\/site\/wp-json\/wp\/v2\/posts"}],"about":[{"href":"https:\/\/www.notibras.com\/site\/wp-json\/wp\/v2\/types\/post"}],"author":[{"embeddable":true,"href":"https:\/\/www.notibras.com\/site\/wp-json\/wp\/v2\/users\/21"}],"replies":[{"embeddable":true,"href":"https:\/\/www.notibras.com\/site\/wp-json\/wp\/v2\/comments?post=392452"}],"version-history":[{"count":2,"href":"https:\/\/www.notibras.com\/site\/wp-json\/wp\/v2\/posts\/392452\/revisions"}],"predecessor-version":[{"id":392459,"href":"https:\/\/www.notibras.com\/site\/wp-json\/wp\/v2\/posts\/392452\/revisions\/392459"}],"wp:featuredmedia":[{"embeddable":true,"href":"https:\/\/www.notibras.com\/site\/wp-json\/wp\/v2\/media\/392458"}],"wp:attachment":[{"href":"https:\/\/www.notibras.com\/site\/wp-json\/wp\/v2\/media?parent=392452"}],"wp:term":[{"taxonomy":"category","embeddable":true,"href":"https:\/\/www.notibras.com\/site\/wp-json\/wp\/v2\/categories?post=392452"},{"taxonomy":"post_tag","embeddable":true,"href":"https:\/\/www.notibras.com\/site\/wp-json\/wp\/v2\/tags?post=392452"}],"curies":[{"name":"wp","href":"https:\/\/api.w.org\/{rel}","templated":true}]}}