{"id":392469,"date":"2026-04-26T00:45:14","date_gmt":"2026-04-26T03:45:14","guid":{"rendered":"https:\/\/www.notibras.com\/site\/?p=392469"},"modified":"2026-04-25T05:23:11","modified_gmt":"2026-04-25T08:23:11","slug":"gama-defende-lideranca-e-invencibilidade-em-classico-contra-o-brasiliense","status":"publish","type":"post","link":"https:\/\/www.notibras.com\/site\/gama-defende-lideranca-e-invencibilidade-em-classico-contra-o-brasiliense\/","title":{"rendered":"Gama defende lideran\u00e7a e invencibilidade em cl\u00e1ssico contra o Brasiliense"},"content":{"rendered":"<p>O Gama entra em campo neste domingo (26), \u00e0s 16h, no est\u00e1dio Serej\u00e3o, com um \u00fanico objetivo: consolidar sua posi\u00e7\u00e3o como o melhor time do Distrito Federal na temporada de 2026 e ampliar a vantagem na lideran\u00e7a do Grupo 3 da S\u00e9rie D do Campeonato Brasileiro. Com 100% de aproveitamento e nove pontos em tr\u00eas jogos, o alviverde chega ao confronto de torcida \u00fanica embalado por uma campanha impec\u00e1vel.<\/p>\n<p>O cl\u00e1ssico candango, v\u00e1lido pela quarta rodada da S\u00e9rie D, coloca frente a frente o atual l\u00edder e o terceiro colocado, o Brasiliense, que soma cinco pontos. O Periquito chega confiante em manter seu in\u00edcio perfeito na competi\u00e7\u00e3o nacional, refor\u00e7ando a fase vitoriosa que o colocou em destaque nacional.<\/p>\n<p>Para este duelo, a expectativa \u00e9 alta devido \u00e0s novidades no elenco alviverde. O meia Willian Jr. \u00e9 um dos grandes destaques e pode fazer sua estreia, contratado para assumir a camisa 10 em um momento crucial da temporada. Sua presen\u00e7a promete dar mais criatividade ao meio-campo.<\/p>\n<p>Al\u00e9m de Willian Jr., o atacante Lucas de Paula, rec\u00e9m-anunciado, tamb\u00e9m est\u00e1 \u00e0 disposi\u00e7\u00e3o e pode estrear, ampliando as op\u00e7\u00f5es ofensivas do time. Canhoto e vice-artilheiro do Campeonato Catarinense em 2025, ele traz esperan\u00e7a de mais gols para o elenco, que j\u00e1 \u00e9 muito consistente.<\/p>\n<p>Outro refor\u00e7o importante para o confronto \u00e9 o volante Gabriel Galhardo. O jogador, que retornou ao clube, enfrenta seu ex-time e traz sua bagagem para fortalecer o setor de marca\u00e7\u00e3o, trazendo equil\u00edbrio e conhecimento sobre o advers\u00e1rio.<\/p>\n<p>A partida tem um significado especial de supera\u00e7\u00e3o para o Gama. Foi o Brasiliense o \u00faltimo time a vencer o alviverde, em fevereiro de 2025, pelo Candang\u00e3o. Desde ent\u00e3o, o Periquito se reconstruiu e estabeleceu uma sequ\u00eancia de 25 partidas sem derrota, a maior invencibilidade do futebol brasileiro na atualidade.<\/p>\n<p>Os n\u00fameros da temporada 2026 refor\u00e7am o favoritismo gamaense. Em 21 partidas disputadas no ano, a equipe acumula 16 vit\u00f3rias e cinco empates, com uma defesa s\u00f3lida que sofreu apenas 10 gols e manteve a baliza invicta em 12 oportunidades.<\/p>\n<p>A campanha reflete a alta confian\u00e7a do elenco, que busca a vaga na S\u00e9rie C com um desempenho t\u00e9cnico consistente e uma mentalidade vencedora imposta pela comiss\u00e3o t\u00e9cnica. A torcida alviverde, mesmo longe das arquibancadas no Serej\u00e3o, projeta um triunfo contra o maior rival.<\/p>\n<p>O cl\u00e1ssico promete equil\u00edbrio, mas o momento atual coloca o Gama com clara vantagem. Com a espinha dorsal mantida e refor\u00e7os de qualidade, o time alviverde quer provar que a soberania constru\u00edda ao longo de 2025 e 2026 continua intacta.<\/p>\n<p>Diante de um Brasiliense que busca se recuperar, o Gama entra em campo n\u00e3o apenas para garantir os tr\u00eas pontos na S\u00e9rie D, mas para reafirmar sua hegemonia no futebol do Distrito Federal e aumentar ainda mais sua incr\u00edvel marca invicta.<\/p>\n","protected":false},"excerpt":{"rendered":"<p>O Gama entra em campo neste domingo (26), \u00e0s 16h, no est\u00e1dio Serej\u00e3o, com um \u00fanico objetivo: consolidar sua posi\u00e7\u00e3o como o melhor time do Distrito Federal na temporada de 2026 e ampliar a vantagem na lideran\u00e7a do Grupo 3 da S\u00e9rie D do Campeonato Brasileiro. Com 100% de aproveitamento e nove pontos em tr\u00eas [&hellip;]<\/p>\n","protected":false},"author":21,"featured_media":392472,"comment_status":"closed","ping_status":"closed","sticky":false,"template":"","format":"standard","meta":{"_acf_changed":false,"footnotes":""},"categories":[161],"tags":[],"class_list":["post-392469","post","type-post","status-publish","format-standard","has-post-thumbnail","hentry","category-quadradinho-em-foco"],"acf":[],"yoast_head":"<!-- This site is optimized with the Yoast SEO plugin v27.2 - https:\/\/yoast.com\/product\/yoast-seo-wordpress\/ -->\n<title>Gama defende lideran\u00e7a e invencibilidade em cl\u00e1ssico contra o Brasiliense - Notibras<\/title>\n<meta name=\"robots\" content=\"index, follow, max-snippet:-1, max-image-preview:large, max-video-preview:-1\" \/>\n<link rel=\"canonical\" href=\"https:\/\/www.notibras.com\/site\/gama-defende-lideranca-e-invencibilidade-em-classico-contra-o-brasiliense\/\" \/>\n<meta property=\"og:locale\" content=\"pt_BR\" \/>\n<meta property=\"og:type\" content=\"article\" \/>\n<meta property=\"og:title\" content=\"Gama defende lideran\u00e7a e invencibilidade em cl\u00e1ssico contra o Brasiliense - Notibras\" \/>\n<meta property=\"og:description\" content=\"O Gama entra em campo neste domingo (26), \u00e0s 16h, no est\u00e1dio Serej\u00e3o, com um \u00fanico objetivo: consolidar sua posi\u00e7\u00e3o como o melhor time do Distrito Federal na temporada de 2026 e ampliar a vantagem na lideran\u00e7a do Grupo 3 da S\u00e9rie D do Campeonato Brasileiro. Com 100% de aproveitamento e nove pontos em tr\u00eas [&hellip;]\" \/>\n<meta property=\"og:url\" content=\"https:\/\/www.notibras.com\/site\/gama-defende-lideranca-e-invencibilidade-em-classico-contra-o-brasiliense\/\" \/>\n<meta property=\"og:site_name\" content=\"Notibras\" \/>\n<meta property=\"article:publisher\" content=\"https:\/\/www.facebook.com\/notibras\/\" \/>\n<meta property=\"article:published_time\" content=\"2026-04-26T03:45:14+00:00\" \/>\n<meta property=\"og:image\" content=\"https:\/\/www.notibras.com\/site\/wp-content\/uploads\/2026\/04\/WhatsApp-Image-2026-04-25-at-05.19.26.jpeg\" \/>\n\t<meta property=\"og:image:width\" content=\"1600\" \/>\n\t<meta property=\"og:image:height\" content=\"654\" \/>\n\t<meta property=\"og:image:type\" content=\"image\/jpeg\" \/>\n<meta name=\"author\" content=\"Eduardo Mart\u00ednez\" \/>\n<meta name=\"twitter:card\" content=\"summary_large_image\" \/>\n<meta name=\"twitter:creator\" content=\"@Notibras\" \/>\n<meta name=\"twitter:site\" content=\"@Notibras\" \/>\n<meta name=\"twitter:label1\" content=\"Escrito por\" \/>\n\t<meta name=\"twitter:data1\" content=\"Eduardo Mart\u00ednez\" \/>\n\t<meta name=\"twitter:label2\" content=\"Est. tempo de leitura\" \/>\n\t<meta name=\"twitter:data2\" content=\"3 minutos\" \/>\n<script type=\"application\/ld+json\" class=\"yoast-schema-graph\">{\"@context\":\"https:\/\/schema.org\",\"@graph\":[{\"@type\":\"Article\",\"@id\":\"https:\/\/www.notibras.com\/site\/gama-defende-lideranca-e-invencibilidade-em-classico-contra-o-brasiliense\/#article\",\"isPartOf\":{\"@id\":\"https:\/\/www.notibras.com\/site\/gama-defende-lideranca-e-invencibilidade-em-classico-contra-o-brasiliense\/\"},\"author\":{\"name\":\"Eduardo Mart\u00ednez\",\"@id\":\"https:\/\/www.notibras.com\/site\/#\/schema\/person\/5b7fabf2aedc3ada2105f03b22b4d3dd\"},\"headline\":\"Gama defende lideran\u00e7a e invencibilidade em cl\u00e1ssico contra o Brasiliense\",\"datePublished\":\"2026-04-26T03:45:14+00:00\",\"mainEntityOfPage\":{\"@id\":\"https:\/\/www.notibras.com\/site\/gama-defende-lideranca-e-invencibilidade-em-classico-contra-o-brasiliense\/\"},\"wordCount\":501,\"publisher\":{\"@id\":\"https:\/\/www.notibras.com\/site\/#organization\"},\"image\":{\"@id\":\"https:\/\/www.notibras.com\/site\/gama-defende-lideranca-e-invencibilidade-em-classico-contra-o-brasiliense\/#primaryimage\"},\"thumbnailUrl\":\"https:\/\/www.notibras.com\/site\/wp-content\/uploads\/2026\/04\/WhatsApp-Image-2026-04-25-at-05.19.26.jpeg\",\"articleSection\":[\"Quadradinho em Foco\"],\"inLanguage\":\"pt-BR\"},{\"@type\":\"WebPage\",\"@id\":\"https:\/\/www.notibras.com\/site\/gama-defende-lideranca-e-invencibilidade-em-classico-contra-o-brasiliense\/\",\"url\":\"https:\/\/www.notibras.com\/site\/gama-defende-lideranca-e-invencibilidade-em-classico-contra-o-brasiliense\/\",\"name\":\"Gama defende lideran\u00e7a e invencibilidade em cl\u00e1ssico contra o Brasiliense - Notibras\",\"isPartOf\":{\"@id\":\"https:\/\/www.notibras.com\/site\/#website\"},\"primaryImageOfPage\":{\"@id\":\"https:\/\/www.notibras.com\/site\/gama-defende-lideranca-e-invencibilidade-em-classico-contra-o-brasiliense\/#primaryimage\"},\"image\":{\"@id\":\"https:\/\/www.notibras.com\/site\/gama-defende-lideranca-e-invencibilidade-em-classico-contra-o-brasiliense\/#primaryimage\"},\"thumbnailUrl\":\"https:\/\/www.notibras.com\/site\/wp-content\/uploads\/2026\/04\/WhatsApp-Image-2026-04-25-at-05.19.26.jpeg\",\"datePublished\":\"2026-04-26T03:45:14+00:00\",\"breadcrumb\":{\"@id\":\"https:\/\/www.notibras.com\/site\/gama-defende-lideranca-e-invencibilidade-em-classico-contra-o-brasiliense\/#breadcrumb\"},\"inLanguage\":\"pt-BR\",\"potentialAction\":[{\"@type\":\"ReadAction\",\"target\":[\"https:\/\/www.notibras.com\/site\/gama-defende-lideranca-e-invencibilidade-em-classico-contra-o-brasiliense\/\"]}]},{\"@type\":\"ImageObject\",\"inLanguage\":\"pt-BR\",\"@id\":\"https:\/\/www.notibras.com\/site\/gama-defende-lideranca-e-invencibilidade-em-classico-contra-o-brasiliense\/#primaryimage\",\"url\":\"https:\/\/www.notibras.com\/site\/wp-content\/uploads\/2026\/04\/WhatsApp-Image-2026-04-25-at-05.19.26.jpeg\",\"contentUrl\":\"https:\/\/www.notibras.com\/site\/wp-content\/uploads\/2026\/04\/WhatsApp-Image-2026-04-25-at-05.19.26.jpeg\",\"width\":1600,\"height\":654},{\"@type\":\"BreadcrumbList\",\"@id\":\"https:\/\/www.notibras.com\/site\/gama-defende-lideranca-e-invencibilidade-em-classico-contra-o-brasiliense\/#breadcrumb\",\"itemListElement\":[{\"@type\":\"ListItem\",\"position\":1,\"name\":\"In\u00edcio\",\"item\":\"https:\/\/www.notibras.com\/site\/\"},{\"@type\":\"ListItem\",\"position\":2,\"name\":\"Gama defende lideran\u00e7a e invencibilidade em cl\u00e1ssico contra o Brasiliense\"}]},{\"@type\":\"WebSite\",\"@id\":\"https:\/\/www.notibras.com\/site\/#website\",\"url\":\"https:\/\/www.notibras.com\/site\/\",\"name\":\"Notibras\",\"description\":\"Not\u00edcias de Bras\u00edlia, do Brasil e do Mundo\",\"publisher\":{\"@id\":\"https:\/\/www.notibras.com\/site\/#organization\"},\"potentialAction\":[{\"@type\":\"SearchAction\",\"target\":{\"@type\":\"EntryPoint\",\"urlTemplate\":\"https:\/\/www.notibras.com\/site\/?s={search_term_string}\"},\"query-input\":{\"@type\":\"PropertyValueSpecification\",\"valueRequired\":true,\"valueName\":\"search_term_string\"}}],\"inLanguage\":\"pt-BR\"},{\"@type\":\"Organization\",\"@id\":\"https:\/\/www.notibras.com\/site\/#organization\",\"name\":\"Grupo Notibras de Comunica\u00e7\u00e3o\",\"url\":\"https:\/\/www.notibras.com\/site\/\",\"logo\":{\"@type\":\"ImageObject\",\"inLanguage\":\"pt-BR\",\"@id\":\"https:\/\/www.notibras.com\/site\/#\/schema\/logo\/image\/\",\"url\":\"https:\/\/www.notibras.com\/site\/wp-content\/uploads\/2023\/01\/notibras23.png\",\"contentUrl\":\"https:\/\/www.notibras.com\/site\/wp-content\/uploads\/2023\/01\/notibras23.png\",\"width\":350,\"height\":87,\"caption\":\"Grupo Notibras de Comunica\u00e7\u00e3o\"},\"image\":{\"@id\":\"https:\/\/www.notibras.com\/site\/#\/schema\/logo\/image\/\"},\"sameAs\":[\"https:\/\/www.facebook.com\/notibras\/\",\"https:\/\/x.com\/Notibras\",\"https:\/\/www.instagram.com\/notibras\/\"]},{\"@type\":\"Person\",\"@id\":\"https:\/\/www.notibras.com\/site\/#\/schema\/person\/5b7fabf2aedc3ada2105f03b22b4d3dd\",\"name\":\"Eduardo Mart\u00ednez\",\"image\":{\"@type\":\"ImageObject\",\"inLanguage\":\"pt-BR\",\"@id\":\"https:\/\/secure.gravatar.com\/avatar\/7902f906289926289cbcda644b5197c796b893c6ffd7b9a536a42d290f7704a0?s=96&d=mm&r=g\",\"url\":\"https:\/\/secure.gravatar.com\/avatar\/7902f906289926289cbcda644b5197c796b893c6ffd7b9a536a42d290f7704a0?s=96&d=mm&r=g\",\"contentUrl\":\"https:\/\/secure.gravatar.com\/avatar\/7902f906289926289cbcda644b5197c796b893c6ffd7b9a536a42d290f7704a0?s=96&d=mm&r=g\",\"caption\":\"Eduardo Mart\u00ednez\"}}]}<\/script>\n<!-- \/ Yoast SEO plugin. -->","yoast_head_json":{"title":"Gama defende lideran\u00e7a e invencibilidade em cl\u00e1ssico contra o Brasiliense - Notibras","robots":{"index":"index","follow":"follow","max-snippet":"max-snippet:-1","max-image-preview":"max-image-preview:large","max-video-preview":"max-video-preview:-1"},"canonical":"https:\/\/www.notibras.com\/site\/gama-defende-lideranca-e-invencibilidade-em-classico-contra-o-brasiliense\/","og_locale":"pt_BR","og_type":"article","og_title":"Gama defende lideran\u00e7a e invencibilidade em cl\u00e1ssico contra o Brasiliense - Notibras","og_description":"O Gama entra em campo neste domingo (26), \u00e0s 16h, no est\u00e1dio Serej\u00e3o, com um \u00fanico objetivo: consolidar sua posi\u00e7\u00e3o como o melhor time do Distrito Federal na temporada de 2026 e ampliar a vantagem na lideran\u00e7a do Grupo 3 da S\u00e9rie D do Campeonato Brasileiro. Com 100% de aproveitamento e nove pontos em tr\u00eas [&hellip;]","og_url":"https:\/\/www.notibras.com\/site\/gama-defende-lideranca-e-invencibilidade-em-classico-contra-o-brasiliense\/","og_site_name":"Notibras","article_publisher":"https:\/\/www.facebook.com\/notibras\/","article_published_time":"2026-04-26T03:45:14+00:00","og_image":[{"width":1600,"height":654,"url":"https:\/\/www.notibras.com\/site\/wp-content\/uploads\/2026\/04\/WhatsApp-Image-2026-04-25-at-05.19.26.jpeg","type":"image\/jpeg"}],"author":"Eduardo Mart\u00ednez","twitter_card":"summary_large_image","twitter_creator":"@Notibras","twitter_site":"@Notibras","twitter_misc":{"Escrito por":"Eduardo Mart\u00ednez","Est. tempo de leitura":"3 minutos"},"schema":{"@context":"https:\/\/schema.org","@graph":[{"@type":"Article","@id":"https:\/\/www.notibras.com\/site\/gama-defende-lideranca-e-invencibilidade-em-classico-contra-o-brasiliense\/#article","isPartOf":{"@id":"https:\/\/www.notibras.com\/site\/gama-defende-lideranca-e-invencibilidade-em-classico-contra-o-brasiliense\/"},"author":{"name":"Eduardo Mart\u00ednez","@id":"https:\/\/www.notibras.com\/site\/#\/schema\/person\/5b7fabf2aedc3ada2105f03b22b4d3dd"},"headline":"Gama defende lideran\u00e7a e invencibilidade em cl\u00e1ssico contra o Brasiliense","datePublished":"2026-04-26T03:45:14+00:00","mainEntityOfPage":{"@id":"https:\/\/www.notibras.com\/site\/gama-defende-lideranca-e-invencibilidade-em-classico-contra-o-brasiliense\/"},"wordCount":501,"publisher":{"@id":"https:\/\/www.notibras.com\/site\/#organization"},"image":{"@id":"https:\/\/www.notibras.com\/site\/gama-defende-lideranca-e-invencibilidade-em-classico-contra-o-brasiliense\/#primaryimage"},"thumbnailUrl":"https:\/\/www.notibras.com\/site\/wp-content\/uploads\/2026\/04\/WhatsApp-Image-2026-04-25-at-05.19.26.jpeg","articleSection":["Quadradinho em Foco"],"inLanguage":"pt-BR"},{"@type":"WebPage","@id":"https:\/\/www.notibras.com\/site\/gama-defende-lideranca-e-invencibilidade-em-classico-contra-o-brasiliense\/","url":"https:\/\/www.notibras.com\/site\/gama-defende-lideranca-e-invencibilidade-em-classico-contra-o-brasiliense\/","name":"Gama defende lideran\u00e7a e invencibilidade em cl\u00e1ssico contra o Brasiliense - Notibras","isPartOf":{"@id":"https:\/\/www.notibras.com\/site\/#website"},"primaryImageOfPage":{"@id":"https:\/\/www.notibras.com\/site\/gama-defende-lideranca-e-invencibilidade-em-classico-contra-o-brasiliense\/#primaryimage"},"image":{"@id":"https:\/\/www.notibras.com\/site\/gama-defende-lideranca-e-invencibilidade-em-classico-contra-o-brasiliense\/#primaryimage"},"thumbnailUrl":"https:\/\/www.notibras.com\/site\/wp-content\/uploads\/2026\/04\/WhatsApp-Image-2026-04-25-at-05.19.26.jpeg","datePublished":"2026-04-26T03:45:14+00:00","breadcrumb":{"@id":"https:\/\/www.notibras.com\/site\/gama-defende-lideranca-e-invencibilidade-em-classico-contra-o-brasiliense\/#breadcrumb"},"inLanguage":"pt-BR","potentialAction":[{"@type":"ReadAction","target":["https:\/\/www.notibras.com\/site\/gama-defende-lideranca-e-invencibilidade-em-classico-contra-o-brasiliense\/"]}]},{"@type":"ImageObject","inLanguage":"pt-BR","@id":"https:\/\/www.notibras.com\/site\/gama-defende-lideranca-e-invencibilidade-em-classico-contra-o-brasiliense\/#primaryimage","url":"https:\/\/www.notibras.com\/site\/wp-content\/uploads\/2026\/04\/WhatsApp-Image-2026-04-25-at-05.19.26.jpeg","contentUrl":"https:\/\/www.notibras.com\/site\/wp-content\/uploads\/2026\/04\/WhatsApp-Image-2026-04-25-at-05.19.26.jpeg","width":1600,"height":654},{"@type":"BreadcrumbList","@id":"https:\/\/www.notibras.com\/site\/gama-defende-lideranca-e-invencibilidade-em-classico-contra-o-brasiliense\/#breadcrumb","itemListElement":[{"@type":"ListItem","position":1,"name":"In\u00edcio","item":"https:\/\/www.notibras.com\/site\/"},{"@type":"ListItem","position":2,"name":"Gama defende lideran\u00e7a e invencibilidade em cl\u00e1ssico contra o Brasiliense"}]},{"@type":"WebSite","@id":"https:\/\/www.notibras.com\/site\/#website","url":"https:\/\/www.notibras.com\/site\/","name":"Notibras","description":"Not\u00edcias de Bras\u00edlia, do Brasil e do Mundo","publisher":{"@id":"https:\/\/www.notibras.com\/site\/#organization"},"potentialAction":[{"@type":"SearchAction","target":{"@type":"EntryPoint","urlTemplate":"https:\/\/www.notibras.com\/site\/?s={search_term_string}"},"query-input":{"@type":"PropertyValueSpecification","valueRequired":true,"valueName":"search_term_string"}}],"inLanguage":"pt-BR"},{"@type":"Organization","@id":"https:\/\/www.notibras.com\/site\/#organization","name":"Grupo Notibras de Comunica\u00e7\u00e3o","url":"https:\/\/www.notibras.com\/site\/","logo":{"@type":"ImageObject","inLanguage":"pt-BR","@id":"https:\/\/www.notibras.com\/site\/#\/schema\/logo\/image\/","url":"https:\/\/www.notibras.com\/site\/wp-content\/uploads\/2023\/01\/notibras23.png","contentUrl":"https:\/\/www.notibras.com\/site\/wp-content\/uploads\/2023\/01\/notibras23.png","width":350,"height":87,"caption":"Grupo Notibras de Comunica\u00e7\u00e3o"},"image":{"@id":"https:\/\/www.notibras.com\/site\/#\/schema\/logo\/image\/"},"sameAs":["https:\/\/www.facebook.com\/notibras\/","https:\/\/x.com\/Notibras","https:\/\/www.instagram.com\/notibras\/"]},{"@type":"Person","@id":"https:\/\/www.notibras.com\/site\/#\/schema\/person\/5b7fabf2aedc3ada2105f03b22b4d3dd","name":"Eduardo Mart\u00ednez","image":{"@type":"ImageObject","inLanguage":"pt-BR","@id":"https:\/\/secure.gravatar.com\/avatar\/7902f906289926289cbcda644b5197c796b893c6ffd7b9a536a42d290f7704a0?s=96&d=mm&r=g","url":"https:\/\/secure.gravatar.com\/avatar\/7902f906289926289cbcda644b5197c796b893c6ffd7b9a536a42d290f7704a0?s=96&d=mm&r=g","contentUrl":"https:\/\/secure.gravatar.com\/avatar\/7902f906289926289cbcda644b5197c796b893c6ffd7b9a536a42d290f7704a0?s=96&d=mm&r=g","caption":"Eduardo Mart\u00ednez"}}]}},"amp_enabled":true,"_links":{"self":[{"href":"https:\/\/www.notibras.com\/site\/wp-json\/wp\/v2\/posts\/392469","targetHints":{"allow":["GET"]}}],"collection":[{"href":"https:\/\/www.notibras.com\/site\/wp-json\/wp\/v2\/posts"}],"about":[{"href":"https:\/\/www.notibras.com\/site\/wp-json\/wp\/v2\/types\/post"}],"author":[{"embeddable":true,"href":"https:\/\/www.notibras.com\/site\/wp-json\/wp\/v2\/users\/21"}],"replies":[{"embeddable":true,"href":"https:\/\/www.notibras.com\/site\/wp-json\/wp\/v2\/comments?post=392469"}],"version-history":[{"count":3,"href":"https:\/\/www.notibras.com\/site\/wp-json\/wp\/v2\/posts\/392469\/revisions"}],"predecessor-version":[{"id":392474,"href":"https:\/\/www.notibras.com\/site\/wp-json\/wp\/v2\/posts\/392469\/revisions\/392474"}],"wp:featuredmedia":[{"embeddable":true,"href":"https:\/\/www.notibras.com\/site\/wp-json\/wp\/v2\/media\/392472"}],"wp:attachment":[{"href":"https:\/\/www.notibras.com\/site\/wp-json\/wp\/v2\/media?parent=392469"}],"wp:term":[{"taxonomy":"category","embeddable":true,"href":"https:\/\/www.notibras.com\/site\/wp-json\/wp\/v2\/categories?post=392469"},{"taxonomy":"post_tag","embeddable":true,"href":"https:\/\/www.notibras.com\/site\/wp-json\/wp\/v2\/tags?post=392469"}],"curies":[{"name":"wp","href":"https:\/\/api.w.org\/{rel}","templated":true}]}}