{"id":392475,"date":"2026-04-26T01:00:44","date_gmt":"2026-04-26T04:00:44","guid":{"rendered":"https:\/\/www.notibras.com\/site\/?p=392475"},"modified":"2026-04-25T05:53:08","modified_gmt":"2026-04-25T08:53:08","slug":"a-resistencia-nostalgica-do-cinema-a-ceu-aberto","status":"publish","type":"post","link":"https:\/\/www.notibras.com\/site\/a-resistencia-nostalgica-do-cinema-a-ceu-aberto\/","title":{"rendered":"A resist\u00eancia nost\u00e1lgica do cinema a c\u00e9u aberto"},"content":{"rendered":"<p>Fundado em 1973, o Cine Drive-in de Bras\u00edlia permanece como um monumento vivo da s\u00e9tima arte na capital federal. Localizado no \u00c1rea Especial do Aut\u00f3dromo, SRPN Trecho 1 &#8211; Asa Norte, o espa\u00e7o carrega o t\u00edtulo de \u00faltimo cinema deste g\u00eanero em opera\u00e7\u00e3o cont\u00ednua em toda a Am\u00e9rica Latina, resistindo ao tempo e \u00e0s mudan\u00e7as tecnol\u00f3gicas.<\/p>\n<p>A experi\u00eancia transporta o espectador para uma atmosfera de meados do s\u00e9culo passado, onde o asfalto substitui o carpete e o para-brisa vira a moldura da tela. \u00c9 um ref\u00fagio de nostalgia que atrai tanto os curiosos quanto aqueles que buscam um lazer intimista e seguro sob as estrelas do Planalto Central.<\/p>\n<p>O funcionamento do local mant\u00e9m a tradi\u00e7\u00e3o que o consagrou, mas com adapta\u00e7\u00f5es modernas que garantem o conforto. Ao cruzar o port\u00e3o, o motorista escolhe sua vaga estrategicamente, posicionando o ve\u00edculo para garantir a melhor visibilidade da imensa tela instalada a c\u00e9u aberto.<\/p>\n<p>Um dos diferenciais t\u00e9cnicos mais marcantes \u00e9 a transmiss\u00e3o do \u00e1udio. Para ouvir os di\u00e1logos e a trilha sonora, basta sintonizar o r\u00e1dio do carro na frequ\u00eancia 88.7 FM. Esse sistema garante que o som seja exclusivo de cada ve\u00edculo, permitindo que cada grupo controle o volume de acordo com sua prefer\u00eancia.<\/p>\n<p>Para quem possui ve\u00edculos antigos ou sem r\u00e1dio funcional, a administra\u00e7\u00e3o n\u00e3o deixa ningu\u00e9m na m\u00e3o. O cinema disponibiliza equipamentos de som port\u00e1teis para que a imers\u00e3o na narrativa cinematogr\u00e1fica n\u00e3o seja prejudicada, mantendo o compromisso com a acessibilidade da experi\u00eancia.<\/p>\n<p>O custo-benef\u00edcio \u00e9 outro atrativo que mant\u00e9m o p\u00fablico fiel ao longo das d\u00e9cadas. Com a compra de um \u00fanico ingresso, o visitante geralmente ganha o direito de assistir a at\u00e9 tr\u00eas filmes em sequ\u00eancia na mesma noite, transformando a sa\u00edda em uma verdadeira maratona cinematogr\u00e1fica.<\/p>\n<p>A estrutura de servi\u00e7os foi desenhada para que o cliente n\u00e3o precise sair do carro para quase nada. A lanchonete local \u00e9 famosa por seu atendimento pr\u00e1tico: os pedidos podem ser feitos diretamente do ve\u00edculo e s\u00e3o entregues na janela, refor\u00e7ando o conceito de conveni\u00eancia que o modelo drive-in prop\u00f5e.<\/p>\n<p>Al\u00e9m da alimenta\u00e7\u00e3o, o ambiente prioriza a privacidade e a seguran\u00e7a. Com porteiros e seguran\u00e7as circulando pela \u00e1rea, o p\u00fablico se sente \u00e0 vontade para utilizar cortinas nos vidros, criando um ambiente particular dentro do espa\u00e7o p\u00fablico, ideal para casais e fam\u00edlias.<\/p>\n<p>Em termos de valores, o cinema mant\u00e9m uma pol\u00edtica de pre\u00e7os acess\u00edveis e diferenciados por dia da semana. Em abril de 2026, as entradas de meia-entrada custam R$ 22,00 de quarta-feira a domingo.<\/p>\n<p>Para quem busca o valor integral, os ingressos giram em torno de R$ 44,00. Essa precifica\u00e7\u00e3o democr\u00e1tica permite que o Cine Drive-in continue sendo uma op\u00e7\u00e3o vi\u00e1vel de entretenimento para diferentes camadas sociais da popula\u00e7\u00e3o brasiliense e turistas.<\/p>\n<p>A moderniza\u00e7\u00e3o tamb\u00e9m chegou \u00e0 bilheteria. Embora a venda f\u00edsica abra diariamente por volta das 17h30, os interessados podem garantir seus lugares de forma antecipada e online atrav\u00e9s do site <a href=\"https:\/\/www.veloxtickets.com\/Portal\/Local\/Cinema\/brasilia\/Cine-DriveIn-Brasilia\/DRI\">Velox Tickets<\/a>, evitando filas e garantindo o planejamento do passeio.<\/p>\n<p>O conforto \u00e9 incentivado pela pr\u00f3pria organiza\u00e7\u00e3o do evento. \u00c9 comum ver frequentadores levando almofadas e cobertores, ou at\u00e9 mesmo organizando o porta-malas de caminhonetes e SUVs para criar um lounge improvisado, tornando a sess\u00e3o uma extens\u00e3o da sala de casa.<\/p>\n<p>Manter um cinema desse porte em funcionamento desde 1973 \u00e9 um desafio log\u00edstico e cultural. Enquanto a maioria dos drive-ins ao redor do mundo fechou suas portas, o de Bras\u00edlia sobreviveu \u00e0 chegada dos shoppings e do streaming, provando que o ritual de sair de casa ainda tem seu valor.<\/p>\n<p>O espa\u00e7o se consolidou como um marco geogr\u00e1fico e afetivo da cidade. Ele n\u00e3o \u00e9 apenas um local para ver filmes, mas um patrim\u00f4nio hist\u00f3rico que preserva uma forma de consumo cultural que prioriza o tempo desacelerado e o conv\u00edvio social.<\/p>\n<p>Dessa forma, o Cine Drive-in de Bras\u00edlia reafirma seu papel como uma atra\u00e7\u00e3o tradicional e indispens\u00e1vel. Em um mundo cada vez mais digital, estacionar o carro diante da tela grande continua sendo um dos atos mais rom\u00e2nticos e aut\u00eanticos de celebra\u00e7\u00e3o do cinema.<\/p>\n","protected":false},"excerpt":{"rendered":"<p>Fundado em 1973, o Cine Drive-in de Bras\u00edlia permanece como um monumento vivo da s\u00e9tima arte na capital federal. Localizado no \u00c1rea Especial do Aut\u00f3dromo, SRPN Trecho 1 &#8211; Asa Norte, o espa\u00e7o carrega o t\u00edtulo de \u00faltimo cinema deste g\u00eanero em opera\u00e7\u00e3o cont\u00ednua em toda a Am\u00e9rica Latina, resistindo ao tempo e \u00e0s mudan\u00e7as [&hellip;]<\/p>\n","protected":false},"author":21,"featured_media":392476,"comment_status":"closed","ping_status":"closed","sticky":false,"template":"","format":"standard","meta":{"_acf_changed":false,"footnotes":""},"categories":[161],"tags":[],"class_list":["post-392475","post","type-post","status-publish","format-standard","has-post-thumbnail","hentry","category-quadradinho-em-foco"],"acf":[],"yoast_head":"<!-- This site is optimized with the Yoast SEO plugin v27.2 - https:\/\/yoast.com\/product\/yoast-seo-wordpress\/ -->\n<title>A resist\u00eancia nost\u00e1lgica do cinema a c\u00e9u aberto - Notibras<\/title>\n<meta name=\"robots\" content=\"index, follow, max-snippet:-1, max-image-preview:large, max-video-preview:-1\" \/>\n<link rel=\"canonical\" href=\"https:\/\/www.notibras.com\/site\/a-resistencia-nostalgica-do-cinema-a-ceu-aberto\/\" \/>\n<meta property=\"og:locale\" content=\"pt_BR\" \/>\n<meta property=\"og:type\" content=\"article\" \/>\n<meta property=\"og:title\" content=\"A resist\u00eancia nost\u00e1lgica do cinema a c\u00e9u aberto - Notibras\" \/>\n<meta property=\"og:description\" content=\"Fundado em 1973, o Cine Drive-in de Bras\u00edlia permanece como um monumento vivo da s\u00e9tima arte na capital federal. Localizado no \u00c1rea Especial do Aut\u00f3dromo, SRPN Trecho 1 &#8211; Asa Norte, o espa\u00e7o carrega o t\u00edtulo de \u00faltimo cinema deste g\u00eanero em opera\u00e7\u00e3o cont\u00ednua em toda a Am\u00e9rica Latina, resistindo ao tempo e \u00e0s mudan\u00e7as [&hellip;]\" \/>\n<meta property=\"og:url\" content=\"https:\/\/www.notibras.com\/site\/a-resistencia-nostalgica-do-cinema-a-ceu-aberto\/\" \/>\n<meta property=\"og:site_name\" content=\"Notibras\" \/>\n<meta property=\"article:publisher\" content=\"https:\/\/www.facebook.com\/notibras\/\" \/>\n<meta property=\"article:published_time\" content=\"2026-04-26T04:00:44+00:00\" \/>\n<meta property=\"og:image\" content=\"https:\/\/www.notibras.com\/site\/wp-content\/uploads\/2026\/04\/8FFC99FB-17CA-43BC-A326-13EBD05E5084-1024x685-1.jpeg\" \/>\n\t<meta property=\"og:image:width\" content=\"1024\" \/>\n\t<meta property=\"og:image:height\" content=\"685\" \/>\n\t<meta property=\"og:image:type\" content=\"image\/jpeg\" \/>\n<meta name=\"author\" content=\"Eduardo Mart\u00ednez\" \/>\n<meta name=\"twitter:card\" content=\"summary_large_image\" \/>\n<meta name=\"twitter:creator\" content=\"@Notibras\" \/>\n<meta name=\"twitter:site\" content=\"@Notibras\" \/>\n<meta name=\"twitter:label1\" content=\"Escrito por\" \/>\n\t<meta name=\"twitter:data1\" content=\"Eduardo Mart\u00ednez\" \/>\n\t<meta name=\"twitter:label2\" content=\"Est. tempo de leitura\" \/>\n\t<meta name=\"twitter:data2\" content=\"4 minutos\" \/>\n<script type=\"application\/ld+json\" class=\"yoast-schema-graph\">{\"@context\":\"https:\/\/schema.org\",\"@graph\":[{\"@type\":\"Article\",\"@id\":\"https:\/\/www.notibras.com\/site\/a-resistencia-nostalgica-do-cinema-a-ceu-aberto\/#article\",\"isPartOf\":{\"@id\":\"https:\/\/www.notibras.com\/site\/a-resistencia-nostalgica-do-cinema-a-ceu-aberto\/\"},\"author\":{\"name\":\"Eduardo Mart\u00ednez\",\"@id\":\"https:\/\/www.notibras.com\/site\/#\/schema\/person\/5b7fabf2aedc3ada2105f03b22b4d3dd\"},\"headline\":\"A resist\u00eancia nost\u00e1lgica do cinema a c\u00e9u aberto\",\"datePublished\":\"2026-04-26T04:00:44+00:00\",\"mainEntityOfPage\":{\"@id\":\"https:\/\/www.notibras.com\/site\/a-resistencia-nostalgica-do-cinema-a-ceu-aberto\/\"},\"wordCount\":754,\"publisher\":{\"@id\":\"https:\/\/www.notibras.com\/site\/#organization\"},\"image\":{\"@id\":\"https:\/\/www.notibras.com\/site\/a-resistencia-nostalgica-do-cinema-a-ceu-aberto\/#primaryimage\"},\"thumbnailUrl\":\"https:\/\/www.notibras.com\/site\/wp-content\/uploads\/2026\/04\/8FFC99FB-17CA-43BC-A326-13EBD05E5084-1024x685-1.jpeg\",\"articleSection\":[\"Quadradinho em Foco\"],\"inLanguage\":\"pt-BR\"},{\"@type\":\"WebPage\",\"@id\":\"https:\/\/www.notibras.com\/site\/a-resistencia-nostalgica-do-cinema-a-ceu-aberto\/\",\"url\":\"https:\/\/www.notibras.com\/site\/a-resistencia-nostalgica-do-cinema-a-ceu-aberto\/\",\"name\":\"A resist\u00eancia nost\u00e1lgica do cinema a c\u00e9u aberto - Notibras\",\"isPartOf\":{\"@id\":\"https:\/\/www.notibras.com\/site\/#website\"},\"primaryImageOfPage\":{\"@id\":\"https:\/\/www.notibras.com\/site\/a-resistencia-nostalgica-do-cinema-a-ceu-aberto\/#primaryimage\"},\"image\":{\"@id\":\"https:\/\/www.notibras.com\/site\/a-resistencia-nostalgica-do-cinema-a-ceu-aberto\/#primaryimage\"},\"thumbnailUrl\":\"https:\/\/www.notibras.com\/site\/wp-content\/uploads\/2026\/04\/8FFC99FB-17CA-43BC-A326-13EBD05E5084-1024x685-1.jpeg\",\"datePublished\":\"2026-04-26T04:00:44+00:00\",\"breadcrumb\":{\"@id\":\"https:\/\/www.notibras.com\/site\/a-resistencia-nostalgica-do-cinema-a-ceu-aberto\/#breadcrumb\"},\"inLanguage\":\"pt-BR\",\"potentialAction\":[{\"@type\":\"ReadAction\",\"target\":[\"https:\/\/www.notibras.com\/site\/a-resistencia-nostalgica-do-cinema-a-ceu-aberto\/\"]}]},{\"@type\":\"ImageObject\",\"inLanguage\":\"pt-BR\",\"@id\":\"https:\/\/www.notibras.com\/site\/a-resistencia-nostalgica-do-cinema-a-ceu-aberto\/#primaryimage\",\"url\":\"https:\/\/www.notibras.com\/site\/wp-content\/uploads\/2026\/04\/8FFC99FB-17CA-43BC-A326-13EBD05E5084-1024x685-1.jpeg\",\"contentUrl\":\"https:\/\/www.notibras.com\/site\/wp-content\/uploads\/2026\/04\/8FFC99FB-17CA-43BC-A326-13EBD05E5084-1024x685-1.jpeg\",\"width\":1024,\"height\":685},{\"@type\":\"BreadcrumbList\",\"@id\":\"https:\/\/www.notibras.com\/site\/a-resistencia-nostalgica-do-cinema-a-ceu-aberto\/#breadcrumb\",\"itemListElement\":[{\"@type\":\"ListItem\",\"position\":1,\"name\":\"In\u00edcio\",\"item\":\"https:\/\/www.notibras.com\/site\/\"},{\"@type\":\"ListItem\",\"position\":2,\"name\":\"A resist\u00eancia nost\u00e1lgica do cinema a c\u00e9u aberto\"}]},{\"@type\":\"WebSite\",\"@id\":\"https:\/\/www.notibras.com\/site\/#website\",\"url\":\"https:\/\/www.notibras.com\/site\/\",\"name\":\"Notibras\",\"description\":\"Not\u00edcias de Bras\u00edlia, do Brasil e do Mundo\",\"publisher\":{\"@id\":\"https:\/\/www.notibras.com\/site\/#organization\"},\"potentialAction\":[{\"@type\":\"SearchAction\",\"target\":{\"@type\":\"EntryPoint\",\"urlTemplate\":\"https:\/\/www.notibras.com\/site\/?s={search_term_string}\"},\"query-input\":{\"@type\":\"PropertyValueSpecification\",\"valueRequired\":true,\"valueName\":\"search_term_string\"}}],\"inLanguage\":\"pt-BR\"},{\"@type\":\"Organization\",\"@id\":\"https:\/\/www.notibras.com\/site\/#organization\",\"name\":\"Grupo Notibras de Comunica\u00e7\u00e3o\",\"url\":\"https:\/\/www.notibras.com\/site\/\",\"logo\":{\"@type\":\"ImageObject\",\"inLanguage\":\"pt-BR\",\"@id\":\"https:\/\/www.notibras.com\/site\/#\/schema\/logo\/image\/\",\"url\":\"https:\/\/www.notibras.com\/site\/wp-content\/uploads\/2023\/01\/notibras23.png\",\"contentUrl\":\"https:\/\/www.notibras.com\/site\/wp-content\/uploads\/2023\/01\/notibras23.png\",\"width\":350,\"height\":87,\"caption\":\"Grupo Notibras de Comunica\u00e7\u00e3o\"},\"image\":{\"@id\":\"https:\/\/www.notibras.com\/site\/#\/schema\/logo\/image\/\"},\"sameAs\":[\"https:\/\/www.facebook.com\/notibras\/\",\"https:\/\/x.com\/Notibras\",\"https:\/\/www.instagram.com\/notibras\/\"]},{\"@type\":\"Person\",\"@id\":\"https:\/\/www.notibras.com\/site\/#\/schema\/person\/5b7fabf2aedc3ada2105f03b22b4d3dd\",\"name\":\"Eduardo Mart\u00ednez\",\"image\":{\"@type\":\"ImageObject\",\"inLanguage\":\"pt-BR\",\"@id\":\"https:\/\/secure.gravatar.com\/avatar\/7902f906289926289cbcda644b5197c796b893c6ffd7b9a536a42d290f7704a0?s=96&d=mm&r=g\",\"url\":\"https:\/\/secure.gravatar.com\/avatar\/7902f906289926289cbcda644b5197c796b893c6ffd7b9a536a42d290f7704a0?s=96&d=mm&r=g\",\"contentUrl\":\"https:\/\/secure.gravatar.com\/avatar\/7902f906289926289cbcda644b5197c796b893c6ffd7b9a536a42d290f7704a0?s=96&d=mm&r=g\",\"caption\":\"Eduardo Mart\u00ednez\"}}]}<\/script>\n<!-- \/ Yoast SEO plugin. -->","yoast_head_json":{"title":"A resist\u00eancia nost\u00e1lgica do cinema a c\u00e9u aberto - Notibras","robots":{"index":"index","follow":"follow","max-snippet":"max-snippet:-1","max-image-preview":"max-image-preview:large","max-video-preview":"max-video-preview:-1"},"canonical":"https:\/\/www.notibras.com\/site\/a-resistencia-nostalgica-do-cinema-a-ceu-aberto\/","og_locale":"pt_BR","og_type":"article","og_title":"A resist\u00eancia nost\u00e1lgica do cinema a c\u00e9u aberto - Notibras","og_description":"Fundado em 1973, o Cine Drive-in de Bras\u00edlia permanece como um monumento vivo da s\u00e9tima arte na capital federal. Localizado no \u00c1rea Especial do Aut\u00f3dromo, SRPN Trecho 1 &#8211; Asa Norte, o espa\u00e7o carrega o t\u00edtulo de \u00faltimo cinema deste g\u00eanero em opera\u00e7\u00e3o cont\u00ednua em toda a Am\u00e9rica Latina, resistindo ao tempo e \u00e0s mudan\u00e7as [&hellip;]","og_url":"https:\/\/www.notibras.com\/site\/a-resistencia-nostalgica-do-cinema-a-ceu-aberto\/","og_site_name":"Notibras","article_publisher":"https:\/\/www.facebook.com\/notibras\/","article_published_time":"2026-04-26T04:00:44+00:00","og_image":[{"width":1024,"height":685,"url":"https:\/\/www.notibras.com\/site\/wp-content\/uploads\/2026\/04\/8FFC99FB-17CA-43BC-A326-13EBD05E5084-1024x685-1.jpeg","type":"image\/jpeg"}],"author":"Eduardo Mart\u00ednez","twitter_card":"summary_large_image","twitter_creator":"@Notibras","twitter_site":"@Notibras","twitter_misc":{"Escrito por":"Eduardo Mart\u00ednez","Est. tempo de leitura":"4 minutos"},"schema":{"@context":"https:\/\/schema.org","@graph":[{"@type":"Article","@id":"https:\/\/www.notibras.com\/site\/a-resistencia-nostalgica-do-cinema-a-ceu-aberto\/#article","isPartOf":{"@id":"https:\/\/www.notibras.com\/site\/a-resistencia-nostalgica-do-cinema-a-ceu-aberto\/"},"author":{"name":"Eduardo Mart\u00ednez","@id":"https:\/\/www.notibras.com\/site\/#\/schema\/person\/5b7fabf2aedc3ada2105f03b22b4d3dd"},"headline":"A resist\u00eancia nost\u00e1lgica do cinema a c\u00e9u aberto","datePublished":"2026-04-26T04:00:44+00:00","mainEntityOfPage":{"@id":"https:\/\/www.notibras.com\/site\/a-resistencia-nostalgica-do-cinema-a-ceu-aberto\/"},"wordCount":754,"publisher":{"@id":"https:\/\/www.notibras.com\/site\/#organization"},"image":{"@id":"https:\/\/www.notibras.com\/site\/a-resistencia-nostalgica-do-cinema-a-ceu-aberto\/#primaryimage"},"thumbnailUrl":"https:\/\/www.notibras.com\/site\/wp-content\/uploads\/2026\/04\/8FFC99FB-17CA-43BC-A326-13EBD05E5084-1024x685-1.jpeg","articleSection":["Quadradinho em Foco"],"inLanguage":"pt-BR"},{"@type":"WebPage","@id":"https:\/\/www.notibras.com\/site\/a-resistencia-nostalgica-do-cinema-a-ceu-aberto\/","url":"https:\/\/www.notibras.com\/site\/a-resistencia-nostalgica-do-cinema-a-ceu-aberto\/","name":"A resist\u00eancia nost\u00e1lgica do cinema a c\u00e9u aberto - Notibras","isPartOf":{"@id":"https:\/\/www.notibras.com\/site\/#website"},"primaryImageOfPage":{"@id":"https:\/\/www.notibras.com\/site\/a-resistencia-nostalgica-do-cinema-a-ceu-aberto\/#primaryimage"},"image":{"@id":"https:\/\/www.notibras.com\/site\/a-resistencia-nostalgica-do-cinema-a-ceu-aberto\/#primaryimage"},"thumbnailUrl":"https:\/\/www.notibras.com\/site\/wp-content\/uploads\/2026\/04\/8FFC99FB-17CA-43BC-A326-13EBD05E5084-1024x685-1.jpeg","datePublished":"2026-04-26T04:00:44+00:00","breadcrumb":{"@id":"https:\/\/www.notibras.com\/site\/a-resistencia-nostalgica-do-cinema-a-ceu-aberto\/#breadcrumb"},"inLanguage":"pt-BR","potentialAction":[{"@type":"ReadAction","target":["https:\/\/www.notibras.com\/site\/a-resistencia-nostalgica-do-cinema-a-ceu-aberto\/"]}]},{"@type":"ImageObject","inLanguage":"pt-BR","@id":"https:\/\/www.notibras.com\/site\/a-resistencia-nostalgica-do-cinema-a-ceu-aberto\/#primaryimage","url":"https:\/\/www.notibras.com\/site\/wp-content\/uploads\/2026\/04\/8FFC99FB-17CA-43BC-A326-13EBD05E5084-1024x685-1.jpeg","contentUrl":"https:\/\/www.notibras.com\/site\/wp-content\/uploads\/2026\/04\/8FFC99FB-17CA-43BC-A326-13EBD05E5084-1024x685-1.jpeg","width":1024,"height":685},{"@type":"BreadcrumbList","@id":"https:\/\/www.notibras.com\/site\/a-resistencia-nostalgica-do-cinema-a-ceu-aberto\/#breadcrumb","itemListElement":[{"@type":"ListItem","position":1,"name":"In\u00edcio","item":"https:\/\/www.notibras.com\/site\/"},{"@type":"ListItem","position":2,"name":"A resist\u00eancia nost\u00e1lgica do cinema a c\u00e9u aberto"}]},{"@type":"WebSite","@id":"https:\/\/www.notibras.com\/site\/#website","url":"https:\/\/www.notibras.com\/site\/","name":"Notibras","description":"Not\u00edcias de Bras\u00edlia, do Brasil e do Mundo","publisher":{"@id":"https:\/\/www.notibras.com\/site\/#organization"},"potentialAction":[{"@type":"SearchAction","target":{"@type":"EntryPoint","urlTemplate":"https:\/\/www.notibras.com\/site\/?s={search_term_string}"},"query-input":{"@type":"PropertyValueSpecification","valueRequired":true,"valueName":"search_term_string"}}],"inLanguage":"pt-BR"},{"@type":"Organization","@id":"https:\/\/www.notibras.com\/site\/#organization","name":"Grupo Notibras de Comunica\u00e7\u00e3o","url":"https:\/\/www.notibras.com\/site\/","logo":{"@type":"ImageObject","inLanguage":"pt-BR","@id":"https:\/\/www.notibras.com\/site\/#\/schema\/logo\/image\/","url":"https:\/\/www.notibras.com\/site\/wp-content\/uploads\/2023\/01\/notibras23.png","contentUrl":"https:\/\/www.notibras.com\/site\/wp-content\/uploads\/2023\/01\/notibras23.png","width":350,"height":87,"caption":"Grupo Notibras de Comunica\u00e7\u00e3o"},"image":{"@id":"https:\/\/www.notibras.com\/site\/#\/schema\/logo\/image\/"},"sameAs":["https:\/\/www.facebook.com\/notibras\/","https:\/\/x.com\/Notibras","https:\/\/www.instagram.com\/notibras\/"]},{"@type":"Person","@id":"https:\/\/www.notibras.com\/site\/#\/schema\/person\/5b7fabf2aedc3ada2105f03b22b4d3dd","name":"Eduardo Mart\u00ednez","image":{"@type":"ImageObject","inLanguage":"pt-BR","@id":"https:\/\/secure.gravatar.com\/avatar\/7902f906289926289cbcda644b5197c796b893c6ffd7b9a536a42d290f7704a0?s=96&d=mm&r=g","url":"https:\/\/secure.gravatar.com\/avatar\/7902f906289926289cbcda644b5197c796b893c6ffd7b9a536a42d290f7704a0?s=96&d=mm&r=g","contentUrl":"https:\/\/secure.gravatar.com\/avatar\/7902f906289926289cbcda644b5197c796b893c6ffd7b9a536a42d290f7704a0?s=96&d=mm&r=g","caption":"Eduardo Mart\u00ednez"}}]}},"amp_enabled":true,"_links":{"self":[{"href":"https:\/\/www.notibras.com\/site\/wp-json\/wp\/v2\/posts\/392475","targetHints":{"allow":["GET"]}}],"collection":[{"href":"https:\/\/www.notibras.com\/site\/wp-json\/wp\/v2\/posts"}],"about":[{"href":"https:\/\/www.notibras.com\/site\/wp-json\/wp\/v2\/types\/post"}],"author":[{"embeddable":true,"href":"https:\/\/www.notibras.com\/site\/wp-json\/wp\/v2\/users\/21"}],"replies":[{"embeddable":true,"href":"https:\/\/www.notibras.com\/site\/wp-json\/wp\/v2\/comments?post=392475"}],"version-history":[{"count":4,"href":"https:\/\/www.notibras.com\/site\/wp-json\/wp\/v2\/posts\/392475\/revisions"}],"predecessor-version":[{"id":392479,"href":"https:\/\/www.notibras.com\/site\/wp-json\/wp\/v2\/posts\/392475\/revisions\/392479"}],"wp:featuredmedia":[{"embeddable":true,"href":"https:\/\/www.notibras.com\/site\/wp-json\/wp\/v2\/media\/392476"}],"wp:attachment":[{"href":"https:\/\/www.notibras.com\/site\/wp-json\/wp\/v2\/media?parent=392475"}],"wp:term":[{"taxonomy":"category","embeddable":true,"href":"https:\/\/www.notibras.com\/site\/wp-json\/wp\/v2\/categories?post=392475"},{"taxonomy":"post_tag","embeddable":true,"href":"https:\/\/www.notibras.com\/site\/wp-json\/wp\/v2\/tags?post=392475"}],"curies":[{"name":"wp","href":"https:\/\/api.w.org\/{rel}","templated":true}]}}