{"id":392541,"date":"2026-04-26T01:15:57","date_gmt":"2026-04-26T04:15:57","guid":{"rendered":"https:\/\/www.notibras.com\/site\/?p=392541"},"modified":"2026-04-25T18:43:16","modified_gmt":"2026-04-25T21:43:16","slug":"preso-por-tentativa-de-feminicidio-apos-agredir-ex-companheira-com-pedradas","status":"publish","type":"post","link":"https:\/\/www.notibras.com\/site\/preso-por-tentativa-de-feminicidio-apos-agredir-ex-companheira-com-pedradas\/","title":{"rendered":"Preso por tentativa de feminic\u00eddio ap\u00f3s agredir ex-companheira com pedradas"},"content":{"rendered":"<p>Um homem de 39 anos foi preso pela Pol\u00edcia Militar do Distrito Federal (PMDF) ap\u00f3s uma violenta tentativa de feminic\u00eddio contra sua ex-companheira, de 46 anos. O crime ocorreu na \u00faltima quarta-feira (22\/4), em um condom\u00ednio residencial na regi\u00e3o de \u00c1gua Quente. O agressor utilizou pedras para golpear a cabe\u00e7a da v\u00edtima e ainda proferiu amea\u00e7as de morte antes de fugir do local.<\/p>\n<p>Ap\u00f3s a agress\u00e3o, a mulher conseguiu buscar socorro em uma unidade de sa\u00fade, onde recebeu os primeiros atendimentos m\u00e9dicos. A PMDF foi acionada no hospital e iniciou o levantamento de informa\u00e7\u00f5es. Os militares constataram que o autor j\u00e1 possu\u00eda um hist\u00f3rico criminal extenso, incluindo passagens por amea\u00e7a, viola\u00e7\u00e3o de domic\u00edlio e porte ilegal de arma de fogo.<\/p>\n<p>A captura ocorreu de forma estrat\u00e9gica ap\u00f3s o agressor tentar entrar em contato com a v\u00edtima durante o atendimento dela. Com o apoio dos policiais, foi montada uma opera\u00e7\u00e3o t\u00e1tica para acompanhar a mulher at\u00e9 um ponto de encontro combinado. A equipe posicionou-se estrategicamente para garantir a integridade f\u00edsica da v\u00edtima e surpreender o suspeito em sua resid\u00eancia.<\/p>\n<p>No momento da abordagem, o homem demonstrou resist\u00eancia \u00e0s ordens legais e precisou ser contido pelos policiais. Durante a revista pessoal, as autoridades encontraram uma faca em posse do agressor. Diante dos fatos, ele foi detido em flagrante e encaminhado \u00e0 delegacia para o registro das infra\u00e7\u00f5es cometidas durante a dilig\u00eancia.<\/p>\n<p>O caso foi registrado na 27\u00aa Delegacia de Pol\u00edcia (Recanto das Emas) como tentativa de feminic\u00eddio, amea\u00e7a e resist\u00eancia, com base nas diretrizes da Lei Maria da Penha. A v\u00edtima foi levada ao Instituto M\u00e9dico Legal (IML) para realizar o exame de corpo de delito, procedimento essencial para documentar a gravidade das les\u00f5es sofridas na cabe\u00e7a.<\/p>\n<p>O Distrito Federal oferece diversos canais para den\u00fancias de viol\u00eancia dom\u00e9stica, como o 190 (PMDF), o 197 (Pol\u00edcia Civil) e o 180 (Central de Atendimento \u00e0 Mulher). Al\u00e9m disso, as Delegacias Especiais de Atendimento \u00e0 Mulher (DEAM) funcionam 24 horas por dia para acolher e investigar crimes de g\u00eanero em toda a regi\u00e3o.<\/p>\n","protected":false},"excerpt":{"rendered":"<p>Um homem de 39 anos foi preso pela Pol\u00edcia Militar do Distrito Federal (PMDF) ap\u00f3s uma violenta tentativa de feminic\u00eddio contra sua ex-companheira, de 46 anos. O crime ocorreu na \u00faltima quarta-feira (22\/4), em um condom\u00ednio residencial na regi\u00e3o de \u00c1gua Quente. O agressor utilizou pedras para golpear a cabe\u00e7a da v\u00edtima e ainda proferiu [&hellip;]<\/p>\n","protected":false},"author":21,"featured_media":392544,"comment_status":"closed","ping_status":"closed","sticky":false,"template":"","format":"standard","meta":{"_acf_changed":false,"footnotes":""},"categories":[161],"tags":[],"class_list":["post-392541","post","type-post","status-publish","format-standard","has-post-thumbnail","hentry","category-quadradinho-em-foco"],"acf":[],"yoast_head":"<!-- This site is optimized with the Yoast SEO plugin v27.2 - https:\/\/yoast.com\/product\/yoast-seo-wordpress\/ -->\n<title>Preso por tentativa de feminic\u00eddio ap\u00f3s agredir ex-companheira com pedradas - Notibras<\/title>\n<meta name=\"robots\" content=\"index, follow, max-snippet:-1, max-image-preview:large, max-video-preview:-1\" \/>\n<link rel=\"canonical\" href=\"https:\/\/www.notibras.com\/site\/preso-por-tentativa-de-feminicidio-apos-agredir-ex-companheira-com-pedradas\/\" \/>\n<meta property=\"og:locale\" content=\"pt_BR\" \/>\n<meta property=\"og:type\" content=\"article\" \/>\n<meta property=\"og:title\" content=\"Preso por tentativa de feminic\u00eddio ap\u00f3s agredir ex-companheira com pedradas - Notibras\" \/>\n<meta property=\"og:description\" content=\"Um homem de 39 anos foi preso pela Pol\u00edcia Militar do Distrito Federal (PMDF) ap\u00f3s uma violenta tentativa de feminic\u00eddio contra sua ex-companheira, de 46 anos. O crime ocorreu na \u00faltima quarta-feira (22\/4), em um condom\u00ednio residencial na regi\u00e3o de \u00c1gua Quente. O agressor utilizou pedras para golpear a cabe\u00e7a da v\u00edtima e ainda proferiu [&hellip;]\" \/>\n<meta property=\"og:url\" content=\"https:\/\/www.notibras.com\/site\/preso-por-tentativa-de-feminicidio-apos-agredir-ex-companheira-com-pedradas\/\" \/>\n<meta property=\"og:site_name\" content=\"Notibras\" \/>\n<meta property=\"article:publisher\" content=\"https:\/\/www.facebook.com\/notibras\/\" \/>\n<meta property=\"article:published_time\" content=\"2026-04-26T04:15:57+00:00\" \/>\n<meta property=\"og:image\" content=\"https:\/\/www.notibras.com\/site\/wp-content\/uploads\/2026\/04\/46081788985_ac232356af_b.jpg\" \/>\n\t<meta property=\"og:image:width\" content=\"1024\" \/>\n\t<meta property=\"og:image:height\" content=\"680\" \/>\n\t<meta property=\"og:image:type\" content=\"image\/jpeg\" \/>\n<meta name=\"author\" content=\"Eduardo Mart\u00ednez\" \/>\n<meta name=\"twitter:card\" content=\"summary_large_image\" \/>\n<meta name=\"twitter:creator\" content=\"@Notibras\" \/>\n<meta name=\"twitter:site\" content=\"@Notibras\" \/>\n<meta name=\"twitter:label1\" content=\"Escrito por\" \/>\n\t<meta name=\"twitter:data1\" content=\"Eduardo Mart\u00ednez\" \/>\n\t<meta name=\"twitter:label2\" content=\"Est. tempo de leitura\" \/>\n\t<meta name=\"twitter:data2\" content=\"3 minutos\" \/>\n<script type=\"application\/ld+json\" class=\"yoast-schema-graph\">{\"@context\":\"https:\/\/schema.org\",\"@graph\":[{\"@type\":\"Article\",\"@id\":\"https:\/\/www.notibras.com\/site\/preso-por-tentativa-de-feminicidio-apos-agredir-ex-companheira-com-pedradas\/#article\",\"isPartOf\":{\"@id\":\"https:\/\/www.notibras.com\/site\/preso-por-tentativa-de-feminicidio-apos-agredir-ex-companheira-com-pedradas\/\"},\"author\":{\"name\":\"Eduardo Mart\u00ednez\",\"@id\":\"https:\/\/www.notibras.com\/site\/#\/schema\/person\/5b7fabf2aedc3ada2105f03b22b4d3dd\"},\"headline\":\"Preso por tentativa de feminic\u00eddio ap\u00f3s agredir ex-companheira com pedradas\",\"datePublished\":\"2026-04-26T04:15:57+00:00\",\"mainEntityOfPage\":{\"@id\":\"https:\/\/www.notibras.com\/site\/preso-por-tentativa-de-feminicidio-apos-agredir-ex-companheira-com-pedradas\/\"},\"wordCount\":383,\"publisher\":{\"@id\":\"https:\/\/www.notibras.com\/site\/#organization\"},\"image\":{\"@id\":\"https:\/\/www.notibras.com\/site\/preso-por-tentativa-de-feminicidio-apos-agredir-ex-companheira-com-pedradas\/#primaryimage\"},\"thumbnailUrl\":\"https:\/\/www.notibras.com\/site\/wp-content\/uploads\/2026\/04\/46081788985_ac232356af_b.jpg\",\"articleSection\":[\"Quadradinho em Foco\"],\"inLanguage\":\"pt-BR\"},{\"@type\":\"WebPage\",\"@id\":\"https:\/\/www.notibras.com\/site\/preso-por-tentativa-de-feminicidio-apos-agredir-ex-companheira-com-pedradas\/\",\"url\":\"https:\/\/www.notibras.com\/site\/preso-por-tentativa-de-feminicidio-apos-agredir-ex-companheira-com-pedradas\/\",\"name\":\"Preso por tentativa de feminic\u00eddio ap\u00f3s agredir ex-companheira com pedradas - Notibras\",\"isPartOf\":{\"@id\":\"https:\/\/www.notibras.com\/site\/#website\"},\"primaryImageOfPage\":{\"@id\":\"https:\/\/www.notibras.com\/site\/preso-por-tentativa-de-feminicidio-apos-agredir-ex-companheira-com-pedradas\/#primaryimage\"},\"image\":{\"@id\":\"https:\/\/www.notibras.com\/site\/preso-por-tentativa-de-feminicidio-apos-agredir-ex-companheira-com-pedradas\/#primaryimage\"},\"thumbnailUrl\":\"https:\/\/www.notibras.com\/site\/wp-content\/uploads\/2026\/04\/46081788985_ac232356af_b.jpg\",\"datePublished\":\"2026-04-26T04:15:57+00:00\",\"breadcrumb\":{\"@id\":\"https:\/\/www.notibras.com\/site\/preso-por-tentativa-de-feminicidio-apos-agredir-ex-companheira-com-pedradas\/#breadcrumb\"},\"inLanguage\":\"pt-BR\",\"potentialAction\":[{\"@type\":\"ReadAction\",\"target\":[\"https:\/\/www.notibras.com\/site\/preso-por-tentativa-de-feminicidio-apos-agredir-ex-companheira-com-pedradas\/\"]}]},{\"@type\":\"ImageObject\",\"inLanguage\":\"pt-BR\",\"@id\":\"https:\/\/www.notibras.com\/site\/preso-por-tentativa-de-feminicidio-apos-agredir-ex-companheira-com-pedradas\/#primaryimage\",\"url\":\"https:\/\/www.notibras.com\/site\/wp-content\/uploads\/2026\/04\/46081788985_ac232356af_b.jpg\",\"contentUrl\":\"https:\/\/www.notibras.com\/site\/wp-content\/uploads\/2026\/04\/46081788985_ac232356af_b.jpg\",\"width\":1024,\"height\":680},{\"@type\":\"BreadcrumbList\",\"@id\":\"https:\/\/www.notibras.com\/site\/preso-por-tentativa-de-feminicidio-apos-agredir-ex-companheira-com-pedradas\/#breadcrumb\",\"itemListElement\":[{\"@type\":\"ListItem\",\"position\":1,\"name\":\"In\u00edcio\",\"item\":\"https:\/\/www.notibras.com\/site\/\"},{\"@type\":\"ListItem\",\"position\":2,\"name\":\"Preso por tentativa de feminic\u00eddio ap\u00f3s agredir ex-companheira com pedradas\"}]},{\"@type\":\"WebSite\",\"@id\":\"https:\/\/www.notibras.com\/site\/#website\",\"url\":\"https:\/\/www.notibras.com\/site\/\",\"name\":\"Notibras\",\"description\":\"Not\u00edcias de Bras\u00edlia, do Brasil e do Mundo\",\"publisher\":{\"@id\":\"https:\/\/www.notibras.com\/site\/#organization\"},\"potentialAction\":[{\"@type\":\"SearchAction\",\"target\":{\"@type\":\"EntryPoint\",\"urlTemplate\":\"https:\/\/www.notibras.com\/site\/?s={search_term_string}\"},\"query-input\":{\"@type\":\"PropertyValueSpecification\",\"valueRequired\":true,\"valueName\":\"search_term_string\"}}],\"inLanguage\":\"pt-BR\"},{\"@type\":\"Organization\",\"@id\":\"https:\/\/www.notibras.com\/site\/#organization\",\"name\":\"Grupo Notibras de Comunica\u00e7\u00e3o\",\"url\":\"https:\/\/www.notibras.com\/site\/\",\"logo\":{\"@type\":\"ImageObject\",\"inLanguage\":\"pt-BR\",\"@id\":\"https:\/\/www.notibras.com\/site\/#\/schema\/logo\/image\/\",\"url\":\"https:\/\/www.notibras.com\/site\/wp-content\/uploads\/2023\/01\/notibras23.png\",\"contentUrl\":\"https:\/\/www.notibras.com\/site\/wp-content\/uploads\/2023\/01\/notibras23.png\",\"width\":350,\"height\":87,\"caption\":\"Grupo Notibras de Comunica\u00e7\u00e3o\"},\"image\":{\"@id\":\"https:\/\/www.notibras.com\/site\/#\/schema\/logo\/image\/\"},\"sameAs\":[\"https:\/\/www.facebook.com\/notibras\/\",\"https:\/\/x.com\/Notibras\",\"https:\/\/www.instagram.com\/notibras\/\"]},{\"@type\":\"Person\",\"@id\":\"https:\/\/www.notibras.com\/site\/#\/schema\/person\/5b7fabf2aedc3ada2105f03b22b4d3dd\",\"name\":\"Eduardo Mart\u00ednez\",\"image\":{\"@type\":\"ImageObject\",\"inLanguage\":\"pt-BR\",\"@id\":\"https:\/\/secure.gravatar.com\/avatar\/7902f906289926289cbcda644b5197c796b893c6ffd7b9a536a42d290f7704a0?s=96&d=mm&r=g\",\"url\":\"https:\/\/secure.gravatar.com\/avatar\/7902f906289926289cbcda644b5197c796b893c6ffd7b9a536a42d290f7704a0?s=96&d=mm&r=g\",\"contentUrl\":\"https:\/\/secure.gravatar.com\/avatar\/7902f906289926289cbcda644b5197c796b893c6ffd7b9a536a42d290f7704a0?s=96&d=mm&r=g\",\"caption\":\"Eduardo Mart\u00ednez\"}}]}<\/script>\n<!-- \/ Yoast SEO plugin. -->","yoast_head_json":{"title":"Preso por tentativa de feminic\u00eddio ap\u00f3s agredir ex-companheira com pedradas - Notibras","robots":{"index":"index","follow":"follow","max-snippet":"max-snippet:-1","max-image-preview":"max-image-preview:large","max-video-preview":"max-video-preview:-1"},"canonical":"https:\/\/www.notibras.com\/site\/preso-por-tentativa-de-feminicidio-apos-agredir-ex-companheira-com-pedradas\/","og_locale":"pt_BR","og_type":"article","og_title":"Preso por tentativa de feminic\u00eddio ap\u00f3s agredir ex-companheira com pedradas - Notibras","og_description":"Um homem de 39 anos foi preso pela Pol\u00edcia Militar do Distrito Federal (PMDF) ap\u00f3s uma violenta tentativa de feminic\u00eddio contra sua ex-companheira, de 46 anos. O crime ocorreu na \u00faltima quarta-feira (22\/4), em um condom\u00ednio residencial na regi\u00e3o de \u00c1gua Quente. O agressor utilizou pedras para golpear a cabe\u00e7a da v\u00edtima e ainda proferiu [&hellip;]","og_url":"https:\/\/www.notibras.com\/site\/preso-por-tentativa-de-feminicidio-apos-agredir-ex-companheira-com-pedradas\/","og_site_name":"Notibras","article_publisher":"https:\/\/www.facebook.com\/notibras\/","article_published_time":"2026-04-26T04:15:57+00:00","og_image":[{"width":1024,"height":680,"url":"https:\/\/www.notibras.com\/site\/wp-content\/uploads\/2026\/04\/46081788985_ac232356af_b.jpg","type":"image\/jpeg"}],"author":"Eduardo Mart\u00ednez","twitter_card":"summary_large_image","twitter_creator":"@Notibras","twitter_site":"@Notibras","twitter_misc":{"Escrito por":"Eduardo Mart\u00ednez","Est. tempo de leitura":"3 minutos"},"schema":{"@context":"https:\/\/schema.org","@graph":[{"@type":"Article","@id":"https:\/\/www.notibras.com\/site\/preso-por-tentativa-de-feminicidio-apos-agredir-ex-companheira-com-pedradas\/#article","isPartOf":{"@id":"https:\/\/www.notibras.com\/site\/preso-por-tentativa-de-feminicidio-apos-agredir-ex-companheira-com-pedradas\/"},"author":{"name":"Eduardo Mart\u00ednez","@id":"https:\/\/www.notibras.com\/site\/#\/schema\/person\/5b7fabf2aedc3ada2105f03b22b4d3dd"},"headline":"Preso por tentativa de feminic\u00eddio ap\u00f3s agredir ex-companheira com pedradas","datePublished":"2026-04-26T04:15:57+00:00","mainEntityOfPage":{"@id":"https:\/\/www.notibras.com\/site\/preso-por-tentativa-de-feminicidio-apos-agredir-ex-companheira-com-pedradas\/"},"wordCount":383,"publisher":{"@id":"https:\/\/www.notibras.com\/site\/#organization"},"image":{"@id":"https:\/\/www.notibras.com\/site\/preso-por-tentativa-de-feminicidio-apos-agredir-ex-companheira-com-pedradas\/#primaryimage"},"thumbnailUrl":"https:\/\/www.notibras.com\/site\/wp-content\/uploads\/2026\/04\/46081788985_ac232356af_b.jpg","articleSection":["Quadradinho em Foco"],"inLanguage":"pt-BR"},{"@type":"WebPage","@id":"https:\/\/www.notibras.com\/site\/preso-por-tentativa-de-feminicidio-apos-agredir-ex-companheira-com-pedradas\/","url":"https:\/\/www.notibras.com\/site\/preso-por-tentativa-de-feminicidio-apos-agredir-ex-companheira-com-pedradas\/","name":"Preso por tentativa de feminic\u00eddio ap\u00f3s agredir ex-companheira com pedradas - Notibras","isPartOf":{"@id":"https:\/\/www.notibras.com\/site\/#website"},"primaryImageOfPage":{"@id":"https:\/\/www.notibras.com\/site\/preso-por-tentativa-de-feminicidio-apos-agredir-ex-companheira-com-pedradas\/#primaryimage"},"image":{"@id":"https:\/\/www.notibras.com\/site\/preso-por-tentativa-de-feminicidio-apos-agredir-ex-companheira-com-pedradas\/#primaryimage"},"thumbnailUrl":"https:\/\/www.notibras.com\/site\/wp-content\/uploads\/2026\/04\/46081788985_ac232356af_b.jpg","datePublished":"2026-04-26T04:15:57+00:00","breadcrumb":{"@id":"https:\/\/www.notibras.com\/site\/preso-por-tentativa-de-feminicidio-apos-agredir-ex-companheira-com-pedradas\/#breadcrumb"},"inLanguage":"pt-BR","potentialAction":[{"@type":"ReadAction","target":["https:\/\/www.notibras.com\/site\/preso-por-tentativa-de-feminicidio-apos-agredir-ex-companheira-com-pedradas\/"]}]},{"@type":"ImageObject","inLanguage":"pt-BR","@id":"https:\/\/www.notibras.com\/site\/preso-por-tentativa-de-feminicidio-apos-agredir-ex-companheira-com-pedradas\/#primaryimage","url":"https:\/\/www.notibras.com\/site\/wp-content\/uploads\/2026\/04\/46081788985_ac232356af_b.jpg","contentUrl":"https:\/\/www.notibras.com\/site\/wp-content\/uploads\/2026\/04\/46081788985_ac232356af_b.jpg","width":1024,"height":680},{"@type":"BreadcrumbList","@id":"https:\/\/www.notibras.com\/site\/preso-por-tentativa-de-feminicidio-apos-agredir-ex-companheira-com-pedradas\/#breadcrumb","itemListElement":[{"@type":"ListItem","position":1,"name":"In\u00edcio","item":"https:\/\/www.notibras.com\/site\/"},{"@type":"ListItem","position":2,"name":"Preso por tentativa de feminic\u00eddio ap\u00f3s agredir ex-companheira com pedradas"}]},{"@type":"WebSite","@id":"https:\/\/www.notibras.com\/site\/#website","url":"https:\/\/www.notibras.com\/site\/","name":"Notibras","description":"Not\u00edcias de Bras\u00edlia, do Brasil e do Mundo","publisher":{"@id":"https:\/\/www.notibras.com\/site\/#organization"},"potentialAction":[{"@type":"SearchAction","target":{"@type":"EntryPoint","urlTemplate":"https:\/\/www.notibras.com\/site\/?s={search_term_string}"},"query-input":{"@type":"PropertyValueSpecification","valueRequired":true,"valueName":"search_term_string"}}],"inLanguage":"pt-BR"},{"@type":"Organization","@id":"https:\/\/www.notibras.com\/site\/#organization","name":"Grupo Notibras de Comunica\u00e7\u00e3o","url":"https:\/\/www.notibras.com\/site\/","logo":{"@type":"ImageObject","inLanguage":"pt-BR","@id":"https:\/\/www.notibras.com\/site\/#\/schema\/logo\/image\/","url":"https:\/\/www.notibras.com\/site\/wp-content\/uploads\/2023\/01\/notibras23.png","contentUrl":"https:\/\/www.notibras.com\/site\/wp-content\/uploads\/2023\/01\/notibras23.png","width":350,"height":87,"caption":"Grupo Notibras de Comunica\u00e7\u00e3o"},"image":{"@id":"https:\/\/www.notibras.com\/site\/#\/schema\/logo\/image\/"},"sameAs":["https:\/\/www.facebook.com\/notibras\/","https:\/\/x.com\/Notibras","https:\/\/www.instagram.com\/notibras\/"]},{"@type":"Person","@id":"https:\/\/www.notibras.com\/site\/#\/schema\/person\/5b7fabf2aedc3ada2105f03b22b4d3dd","name":"Eduardo Mart\u00ednez","image":{"@type":"ImageObject","inLanguage":"pt-BR","@id":"https:\/\/secure.gravatar.com\/avatar\/7902f906289926289cbcda644b5197c796b893c6ffd7b9a536a42d290f7704a0?s=96&d=mm&r=g","url":"https:\/\/secure.gravatar.com\/avatar\/7902f906289926289cbcda644b5197c796b893c6ffd7b9a536a42d290f7704a0?s=96&d=mm&r=g","contentUrl":"https:\/\/secure.gravatar.com\/avatar\/7902f906289926289cbcda644b5197c796b893c6ffd7b9a536a42d290f7704a0?s=96&d=mm&r=g","caption":"Eduardo Mart\u00ednez"}}]}},"amp_enabled":true,"_links":{"self":[{"href":"https:\/\/www.notibras.com\/site\/wp-json\/wp\/v2\/posts\/392541","targetHints":{"allow":["GET"]}}],"collection":[{"href":"https:\/\/www.notibras.com\/site\/wp-json\/wp\/v2\/posts"}],"about":[{"href":"https:\/\/www.notibras.com\/site\/wp-json\/wp\/v2\/types\/post"}],"author":[{"embeddable":true,"href":"https:\/\/www.notibras.com\/site\/wp-json\/wp\/v2\/users\/21"}],"replies":[{"embeddable":true,"href":"https:\/\/www.notibras.com\/site\/wp-json\/wp\/v2\/comments?post=392541"}],"version-history":[{"count":3,"href":"https:\/\/www.notibras.com\/site\/wp-json\/wp\/v2\/posts\/392541\/revisions"}],"predecessor-version":[{"id":392545,"href":"https:\/\/www.notibras.com\/site\/wp-json\/wp\/v2\/posts\/392541\/revisions\/392545"}],"wp:featuredmedia":[{"embeddable":true,"href":"https:\/\/www.notibras.com\/site\/wp-json\/wp\/v2\/media\/392544"}],"wp:attachment":[{"href":"https:\/\/www.notibras.com\/site\/wp-json\/wp\/v2\/media?parent=392541"}],"wp:term":[{"taxonomy":"category","embeddable":true,"href":"https:\/\/www.notibras.com\/site\/wp-json\/wp\/v2\/categories?post=392541"},{"taxonomy":"post_tag","embeddable":true,"href":"https:\/\/www.notibras.com\/site\/wp-json\/wp\/v2\/tags?post=392541"}],"curies":[{"name":"wp","href":"https:\/\/api.w.org\/{rel}","templated":true}]}}