{"id":392546,"date":"2026-04-26T00:30:38","date_gmt":"2026-04-26T03:30:38","guid":{"rendered":"https:\/\/www.notibras.com\/site\/?p=392546"},"modified":"2026-04-25T19:08:03","modified_gmt":"2026-04-25T22:08:03","slug":"quadradao-cultural-recebe-manutencao-para-o-gdf-na-sua-porta","status":"publish","type":"post","link":"https:\/\/www.notibras.com\/site\/quadradao-cultural-recebe-manutencao-para-o-gdf-na-sua-porta\/","title":{"rendered":"Quadrad\u00e3o Cultural recebe manuten\u00e7\u00e3o para o GDF na Sua Porta"},"content":{"rendered":"<p>O Quadrad\u00e3o Cultural, no Riacho Fundo II, passa por uma s\u00e9rie de a\u00e7\u00f5es de manuten\u00e7\u00e3o e reformas para receber uma das iniciativas mais importantes do Governo do Distrito Federal: o programa GDF Na Sua Porta.<\/p>\n<p>Os servi\u00e7os s\u00e3o executados em uma for\u00e7a-tarefa entre as equipes da Novacap e da Administra\u00e7\u00e3o Regional, garantindo que o espa\u00e7o esteja pronto para acolher a popula\u00e7\u00e3o com conforto e infraestrutura adequada.<\/p>\n<p>De acordo com o administrador regional, Osni Bueno, o trabalho refor\u00e7a o compromisso da gest\u00e3o com o zelo pela cidade e o bem-estar dos moradores. \u201cEstamos unindo esfor\u00e7os para deixar o Quadrad\u00e3o Cultural impec\u00e1vel. Esse programa aproxima o governo da comunidade, oferecendo servi\u00e7os essenciais, ouvindo demandas e promovendo melhorias diretas. \u00c9 uma grande oportunidade para o cidad\u00e3o resolver quest\u00f5es importantes perto de casa\u201d, afirmou Osni.<\/p>\n<p>\u201cPara a Novacap, \u00e9 uma satisfa\u00e7\u00e3o contribuir com a prepara\u00e7\u00e3o do Quadrad\u00e3o Cultural para receber o GDF na Sua Porta. Nossas equipes est\u00e3o atuando em parceria com a Administra\u00e7\u00e3o Regional para garantir um espa\u00e7o mais organizado, seguro e adequado para a popula\u00e7\u00e3o.<\/p>\n<p>Esse trabalho mostra o compromisso do Governo do Distrito Federal em estar mais perto do cidad\u00e3o, levando servi\u00e7os, melhorias e cuidado diretamente \u00e0s comunidades\u201d, destacou Fernando Leite, diretor-presidente da Novacap.<\/p>\n<p>O programa tem como objetivo levar diversos servi\u00e7os p\u00fablicos diretamente \u00e0s regi\u00f5es administrativas (RAs), facilitando o acesso e eliminando a burocracia. At\u00e9 o momento, o projeto j\u00e1 passou por cidades como Itapo\u00e3 e Parano\u00e1, reunindo atendimentos de:<\/p>\n<p>\u2022 Sa\u00fade e Assist\u00eancia Social;<\/p>\n<p>\u2022 Emiss\u00e3o de documentos;<\/p>\n<p>\u2022 Obras e limpeza urbana;<\/p>\n<p>\u2022 Melhorias estruturais imediatas.<\/p>\n<p>A expectativa \u00e9 que a edi\u00e7\u00e3o local repita o sucesso das anteriores, fortalecendo o di\u00e1logo entre o GDF e a popula\u00e7\u00e3o, al\u00e9m de entregar benef\u00edcios concretos para o dia a dia dos moradores.<\/p>\n","protected":false},"excerpt":{"rendered":"<p>O Quadrad\u00e3o Cultural, no Riacho Fundo II, passa por uma s\u00e9rie de a\u00e7\u00f5es de manuten\u00e7\u00e3o e reformas para receber uma das iniciativas mais importantes do Governo do Distrito Federal: o programa GDF Na Sua Porta. Os servi\u00e7os s\u00e3o executados em uma for\u00e7a-tarefa entre as equipes da Novacap e da Administra\u00e7\u00e3o Regional, garantindo que o espa\u00e7o [&hellip;]<\/p>\n","protected":false},"author":21,"featured_media":392547,"comment_status":"closed","ping_status":"closed","sticky":false,"template":"","format":"standard","meta":{"_acf_changed":false,"footnotes":""},"categories":[161],"tags":[],"class_list":["post-392546","post","type-post","status-publish","format-standard","has-post-thumbnail","hentry","category-quadradinho-em-foco"],"acf":[],"yoast_head":"<!-- This site is optimized with the Yoast SEO plugin v27.2 - https:\/\/yoast.com\/product\/yoast-seo-wordpress\/ -->\n<title>Quadrad\u00e3o Cultural recebe manuten\u00e7\u00e3o para o GDF na Sua Porta - Notibras<\/title>\n<meta name=\"robots\" content=\"index, follow, max-snippet:-1, max-image-preview:large, max-video-preview:-1\" \/>\n<link rel=\"canonical\" href=\"https:\/\/www.notibras.com\/site\/quadradao-cultural-recebe-manutencao-para-o-gdf-na-sua-porta\/\" \/>\n<meta property=\"og:locale\" content=\"pt_BR\" \/>\n<meta property=\"og:type\" content=\"article\" \/>\n<meta property=\"og:title\" content=\"Quadrad\u00e3o Cultural recebe manuten\u00e7\u00e3o para o GDF na Sua Porta - Notibras\" \/>\n<meta property=\"og:description\" content=\"O Quadrad\u00e3o Cultural, no Riacho Fundo II, passa por uma s\u00e9rie de a\u00e7\u00f5es de manuten\u00e7\u00e3o e reformas para receber uma das iniciativas mais importantes do Governo do Distrito Federal: o programa GDF Na Sua Porta. Os servi\u00e7os s\u00e3o executados em uma for\u00e7a-tarefa entre as equipes da Novacap e da Administra\u00e7\u00e3o Regional, garantindo que o espa\u00e7o [&hellip;]\" \/>\n<meta property=\"og:url\" content=\"https:\/\/www.notibras.com\/site\/quadradao-cultural-recebe-manutencao-para-o-gdf-na-sua-porta\/\" \/>\n<meta property=\"og:site_name\" content=\"Notibras\" \/>\n<meta property=\"article:publisher\" content=\"https:\/\/www.facebook.com\/notibras\/\" \/>\n<meta property=\"article:published_time\" content=\"2026-04-26T03:30:38+00:00\" \/>\n<meta property=\"og:image\" content=\"https:\/\/www.notibras.com\/site\/wp-content\/uploads\/2026\/04\/1002532503-scaled.jpg\" \/>\n\t<meta property=\"og:image:width\" content=\"2560\" \/>\n\t<meta property=\"og:image:height\" content=\"1920\" \/>\n\t<meta property=\"og:image:type\" content=\"image\/jpeg\" \/>\n<meta name=\"author\" content=\"Eduardo Mart\u00ednez\" \/>\n<meta name=\"twitter:card\" content=\"summary_large_image\" \/>\n<meta name=\"twitter:creator\" content=\"@Notibras\" \/>\n<meta name=\"twitter:site\" content=\"@Notibras\" \/>\n<meta name=\"twitter:label1\" content=\"Escrito por\" \/>\n\t<meta name=\"twitter:data1\" content=\"Eduardo Mart\u00ednez\" \/>\n\t<meta name=\"twitter:label2\" content=\"Est. tempo de leitura\" \/>\n\t<meta name=\"twitter:data2\" content=\"2 minutos\" \/>\n<script type=\"application\/ld+json\" class=\"yoast-schema-graph\">{\"@context\":\"https:\/\/schema.org\",\"@graph\":[{\"@type\":\"Article\",\"@id\":\"https:\/\/www.notibras.com\/site\/quadradao-cultural-recebe-manutencao-para-o-gdf-na-sua-porta\/#article\",\"isPartOf\":{\"@id\":\"https:\/\/www.notibras.com\/site\/quadradao-cultural-recebe-manutencao-para-o-gdf-na-sua-porta\/\"},\"author\":{\"name\":\"Eduardo Mart\u00ednez\",\"@id\":\"https:\/\/www.notibras.com\/site\/#\/schema\/person\/5b7fabf2aedc3ada2105f03b22b4d3dd\"},\"headline\":\"Quadrad\u00e3o Cultural recebe manuten\u00e7\u00e3o para o GDF na Sua Porta\",\"datePublished\":\"2026-04-26T03:30:38+00:00\",\"mainEntityOfPage\":{\"@id\":\"https:\/\/www.notibras.com\/site\/quadradao-cultural-recebe-manutencao-para-o-gdf-na-sua-porta\/\"},\"wordCount\":334,\"publisher\":{\"@id\":\"https:\/\/www.notibras.com\/site\/#organization\"},\"image\":{\"@id\":\"https:\/\/www.notibras.com\/site\/quadradao-cultural-recebe-manutencao-para-o-gdf-na-sua-porta\/#primaryimage\"},\"thumbnailUrl\":\"https:\/\/www.notibras.com\/site\/wp-content\/uploads\/2026\/04\/1002532503-scaled.jpg\",\"articleSection\":[\"Quadradinho em Foco\"],\"inLanguage\":\"pt-BR\"},{\"@type\":\"WebPage\",\"@id\":\"https:\/\/www.notibras.com\/site\/quadradao-cultural-recebe-manutencao-para-o-gdf-na-sua-porta\/\",\"url\":\"https:\/\/www.notibras.com\/site\/quadradao-cultural-recebe-manutencao-para-o-gdf-na-sua-porta\/\",\"name\":\"Quadrad\u00e3o Cultural recebe manuten\u00e7\u00e3o para o GDF na Sua Porta - Notibras\",\"isPartOf\":{\"@id\":\"https:\/\/www.notibras.com\/site\/#website\"},\"primaryImageOfPage\":{\"@id\":\"https:\/\/www.notibras.com\/site\/quadradao-cultural-recebe-manutencao-para-o-gdf-na-sua-porta\/#primaryimage\"},\"image\":{\"@id\":\"https:\/\/www.notibras.com\/site\/quadradao-cultural-recebe-manutencao-para-o-gdf-na-sua-porta\/#primaryimage\"},\"thumbnailUrl\":\"https:\/\/www.notibras.com\/site\/wp-content\/uploads\/2026\/04\/1002532503-scaled.jpg\",\"datePublished\":\"2026-04-26T03:30:38+00:00\",\"breadcrumb\":{\"@id\":\"https:\/\/www.notibras.com\/site\/quadradao-cultural-recebe-manutencao-para-o-gdf-na-sua-porta\/#breadcrumb\"},\"inLanguage\":\"pt-BR\",\"potentialAction\":[{\"@type\":\"ReadAction\",\"target\":[\"https:\/\/www.notibras.com\/site\/quadradao-cultural-recebe-manutencao-para-o-gdf-na-sua-porta\/\"]}]},{\"@type\":\"ImageObject\",\"inLanguage\":\"pt-BR\",\"@id\":\"https:\/\/www.notibras.com\/site\/quadradao-cultural-recebe-manutencao-para-o-gdf-na-sua-porta\/#primaryimage\",\"url\":\"https:\/\/www.notibras.com\/site\/wp-content\/uploads\/2026\/04\/1002532503-scaled.jpg\",\"contentUrl\":\"https:\/\/www.notibras.com\/site\/wp-content\/uploads\/2026\/04\/1002532503-scaled.jpg\",\"width\":2560,\"height\":1920},{\"@type\":\"BreadcrumbList\",\"@id\":\"https:\/\/www.notibras.com\/site\/quadradao-cultural-recebe-manutencao-para-o-gdf-na-sua-porta\/#breadcrumb\",\"itemListElement\":[{\"@type\":\"ListItem\",\"position\":1,\"name\":\"In\u00edcio\",\"item\":\"https:\/\/www.notibras.com\/site\/\"},{\"@type\":\"ListItem\",\"position\":2,\"name\":\"Quadrad\u00e3o Cultural recebe manuten\u00e7\u00e3o para o GDF na Sua Porta\"}]},{\"@type\":\"WebSite\",\"@id\":\"https:\/\/www.notibras.com\/site\/#website\",\"url\":\"https:\/\/www.notibras.com\/site\/\",\"name\":\"Notibras\",\"description\":\"Not\u00edcias de Bras\u00edlia, do Brasil e do Mundo\",\"publisher\":{\"@id\":\"https:\/\/www.notibras.com\/site\/#organization\"},\"potentialAction\":[{\"@type\":\"SearchAction\",\"target\":{\"@type\":\"EntryPoint\",\"urlTemplate\":\"https:\/\/www.notibras.com\/site\/?s={search_term_string}\"},\"query-input\":{\"@type\":\"PropertyValueSpecification\",\"valueRequired\":true,\"valueName\":\"search_term_string\"}}],\"inLanguage\":\"pt-BR\"},{\"@type\":\"Organization\",\"@id\":\"https:\/\/www.notibras.com\/site\/#organization\",\"name\":\"Grupo Notibras de Comunica\u00e7\u00e3o\",\"url\":\"https:\/\/www.notibras.com\/site\/\",\"logo\":{\"@type\":\"ImageObject\",\"inLanguage\":\"pt-BR\",\"@id\":\"https:\/\/www.notibras.com\/site\/#\/schema\/logo\/image\/\",\"url\":\"https:\/\/www.notibras.com\/site\/wp-content\/uploads\/2023\/01\/notibras23.png\",\"contentUrl\":\"https:\/\/www.notibras.com\/site\/wp-content\/uploads\/2023\/01\/notibras23.png\",\"width\":350,\"height\":87,\"caption\":\"Grupo Notibras de Comunica\u00e7\u00e3o\"},\"image\":{\"@id\":\"https:\/\/www.notibras.com\/site\/#\/schema\/logo\/image\/\"},\"sameAs\":[\"https:\/\/www.facebook.com\/notibras\/\",\"https:\/\/x.com\/Notibras\",\"https:\/\/www.instagram.com\/notibras\/\"]},{\"@type\":\"Person\",\"@id\":\"https:\/\/www.notibras.com\/site\/#\/schema\/person\/5b7fabf2aedc3ada2105f03b22b4d3dd\",\"name\":\"Eduardo Mart\u00ednez\",\"image\":{\"@type\":\"ImageObject\",\"inLanguage\":\"pt-BR\",\"@id\":\"https:\/\/secure.gravatar.com\/avatar\/7902f906289926289cbcda644b5197c796b893c6ffd7b9a536a42d290f7704a0?s=96&d=mm&r=g\",\"url\":\"https:\/\/secure.gravatar.com\/avatar\/7902f906289926289cbcda644b5197c796b893c6ffd7b9a536a42d290f7704a0?s=96&d=mm&r=g\",\"contentUrl\":\"https:\/\/secure.gravatar.com\/avatar\/7902f906289926289cbcda644b5197c796b893c6ffd7b9a536a42d290f7704a0?s=96&d=mm&r=g\",\"caption\":\"Eduardo Mart\u00ednez\"}}]}<\/script>\n<!-- \/ Yoast SEO plugin. -->","yoast_head_json":{"title":"Quadrad\u00e3o Cultural recebe manuten\u00e7\u00e3o para o GDF na Sua Porta - Notibras","robots":{"index":"index","follow":"follow","max-snippet":"max-snippet:-1","max-image-preview":"max-image-preview:large","max-video-preview":"max-video-preview:-1"},"canonical":"https:\/\/www.notibras.com\/site\/quadradao-cultural-recebe-manutencao-para-o-gdf-na-sua-porta\/","og_locale":"pt_BR","og_type":"article","og_title":"Quadrad\u00e3o Cultural recebe manuten\u00e7\u00e3o para o GDF na Sua Porta - Notibras","og_description":"O Quadrad\u00e3o Cultural, no Riacho Fundo II, passa por uma s\u00e9rie de a\u00e7\u00f5es de manuten\u00e7\u00e3o e reformas para receber uma das iniciativas mais importantes do Governo do Distrito Federal: o programa GDF Na Sua Porta. Os servi\u00e7os s\u00e3o executados em uma for\u00e7a-tarefa entre as equipes da Novacap e da Administra\u00e7\u00e3o Regional, garantindo que o espa\u00e7o [&hellip;]","og_url":"https:\/\/www.notibras.com\/site\/quadradao-cultural-recebe-manutencao-para-o-gdf-na-sua-porta\/","og_site_name":"Notibras","article_publisher":"https:\/\/www.facebook.com\/notibras\/","article_published_time":"2026-04-26T03:30:38+00:00","og_image":[{"width":2560,"height":1920,"url":"https:\/\/www.notibras.com\/site\/wp-content\/uploads\/2026\/04\/1002532503-scaled.jpg","type":"image\/jpeg"}],"author":"Eduardo Mart\u00ednez","twitter_card":"summary_large_image","twitter_creator":"@Notibras","twitter_site":"@Notibras","twitter_misc":{"Escrito por":"Eduardo Mart\u00ednez","Est. tempo de leitura":"2 minutos"},"schema":{"@context":"https:\/\/schema.org","@graph":[{"@type":"Article","@id":"https:\/\/www.notibras.com\/site\/quadradao-cultural-recebe-manutencao-para-o-gdf-na-sua-porta\/#article","isPartOf":{"@id":"https:\/\/www.notibras.com\/site\/quadradao-cultural-recebe-manutencao-para-o-gdf-na-sua-porta\/"},"author":{"name":"Eduardo Mart\u00ednez","@id":"https:\/\/www.notibras.com\/site\/#\/schema\/person\/5b7fabf2aedc3ada2105f03b22b4d3dd"},"headline":"Quadrad\u00e3o Cultural recebe manuten\u00e7\u00e3o para o GDF na Sua Porta","datePublished":"2026-04-26T03:30:38+00:00","mainEntityOfPage":{"@id":"https:\/\/www.notibras.com\/site\/quadradao-cultural-recebe-manutencao-para-o-gdf-na-sua-porta\/"},"wordCount":334,"publisher":{"@id":"https:\/\/www.notibras.com\/site\/#organization"},"image":{"@id":"https:\/\/www.notibras.com\/site\/quadradao-cultural-recebe-manutencao-para-o-gdf-na-sua-porta\/#primaryimage"},"thumbnailUrl":"https:\/\/www.notibras.com\/site\/wp-content\/uploads\/2026\/04\/1002532503-scaled.jpg","articleSection":["Quadradinho em Foco"],"inLanguage":"pt-BR"},{"@type":"WebPage","@id":"https:\/\/www.notibras.com\/site\/quadradao-cultural-recebe-manutencao-para-o-gdf-na-sua-porta\/","url":"https:\/\/www.notibras.com\/site\/quadradao-cultural-recebe-manutencao-para-o-gdf-na-sua-porta\/","name":"Quadrad\u00e3o Cultural recebe manuten\u00e7\u00e3o para o GDF na Sua Porta - Notibras","isPartOf":{"@id":"https:\/\/www.notibras.com\/site\/#website"},"primaryImageOfPage":{"@id":"https:\/\/www.notibras.com\/site\/quadradao-cultural-recebe-manutencao-para-o-gdf-na-sua-porta\/#primaryimage"},"image":{"@id":"https:\/\/www.notibras.com\/site\/quadradao-cultural-recebe-manutencao-para-o-gdf-na-sua-porta\/#primaryimage"},"thumbnailUrl":"https:\/\/www.notibras.com\/site\/wp-content\/uploads\/2026\/04\/1002532503-scaled.jpg","datePublished":"2026-04-26T03:30:38+00:00","breadcrumb":{"@id":"https:\/\/www.notibras.com\/site\/quadradao-cultural-recebe-manutencao-para-o-gdf-na-sua-porta\/#breadcrumb"},"inLanguage":"pt-BR","potentialAction":[{"@type":"ReadAction","target":["https:\/\/www.notibras.com\/site\/quadradao-cultural-recebe-manutencao-para-o-gdf-na-sua-porta\/"]}]},{"@type":"ImageObject","inLanguage":"pt-BR","@id":"https:\/\/www.notibras.com\/site\/quadradao-cultural-recebe-manutencao-para-o-gdf-na-sua-porta\/#primaryimage","url":"https:\/\/www.notibras.com\/site\/wp-content\/uploads\/2026\/04\/1002532503-scaled.jpg","contentUrl":"https:\/\/www.notibras.com\/site\/wp-content\/uploads\/2026\/04\/1002532503-scaled.jpg","width":2560,"height":1920},{"@type":"BreadcrumbList","@id":"https:\/\/www.notibras.com\/site\/quadradao-cultural-recebe-manutencao-para-o-gdf-na-sua-porta\/#breadcrumb","itemListElement":[{"@type":"ListItem","position":1,"name":"In\u00edcio","item":"https:\/\/www.notibras.com\/site\/"},{"@type":"ListItem","position":2,"name":"Quadrad\u00e3o Cultural recebe manuten\u00e7\u00e3o para o GDF na Sua Porta"}]},{"@type":"WebSite","@id":"https:\/\/www.notibras.com\/site\/#website","url":"https:\/\/www.notibras.com\/site\/","name":"Notibras","description":"Not\u00edcias de Bras\u00edlia, do Brasil e do Mundo","publisher":{"@id":"https:\/\/www.notibras.com\/site\/#organization"},"potentialAction":[{"@type":"SearchAction","target":{"@type":"EntryPoint","urlTemplate":"https:\/\/www.notibras.com\/site\/?s={search_term_string}"},"query-input":{"@type":"PropertyValueSpecification","valueRequired":true,"valueName":"search_term_string"}}],"inLanguage":"pt-BR"},{"@type":"Organization","@id":"https:\/\/www.notibras.com\/site\/#organization","name":"Grupo Notibras de Comunica\u00e7\u00e3o","url":"https:\/\/www.notibras.com\/site\/","logo":{"@type":"ImageObject","inLanguage":"pt-BR","@id":"https:\/\/www.notibras.com\/site\/#\/schema\/logo\/image\/","url":"https:\/\/www.notibras.com\/site\/wp-content\/uploads\/2023\/01\/notibras23.png","contentUrl":"https:\/\/www.notibras.com\/site\/wp-content\/uploads\/2023\/01\/notibras23.png","width":350,"height":87,"caption":"Grupo Notibras de Comunica\u00e7\u00e3o"},"image":{"@id":"https:\/\/www.notibras.com\/site\/#\/schema\/logo\/image\/"},"sameAs":["https:\/\/www.facebook.com\/notibras\/","https:\/\/x.com\/Notibras","https:\/\/www.instagram.com\/notibras\/"]},{"@type":"Person","@id":"https:\/\/www.notibras.com\/site\/#\/schema\/person\/5b7fabf2aedc3ada2105f03b22b4d3dd","name":"Eduardo Mart\u00ednez","image":{"@type":"ImageObject","inLanguage":"pt-BR","@id":"https:\/\/secure.gravatar.com\/avatar\/7902f906289926289cbcda644b5197c796b893c6ffd7b9a536a42d290f7704a0?s=96&d=mm&r=g","url":"https:\/\/secure.gravatar.com\/avatar\/7902f906289926289cbcda644b5197c796b893c6ffd7b9a536a42d290f7704a0?s=96&d=mm&r=g","contentUrl":"https:\/\/secure.gravatar.com\/avatar\/7902f906289926289cbcda644b5197c796b893c6ffd7b9a536a42d290f7704a0?s=96&d=mm&r=g","caption":"Eduardo Mart\u00ednez"}}]}},"amp_enabled":true,"_links":{"self":[{"href":"https:\/\/www.notibras.com\/site\/wp-json\/wp\/v2\/posts\/392546","targetHints":{"allow":["GET"]}}],"collection":[{"href":"https:\/\/www.notibras.com\/site\/wp-json\/wp\/v2\/posts"}],"about":[{"href":"https:\/\/www.notibras.com\/site\/wp-json\/wp\/v2\/types\/post"}],"author":[{"embeddable":true,"href":"https:\/\/www.notibras.com\/site\/wp-json\/wp\/v2\/users\/21"}],"replies":[{"embeddable":true,"href":"https:\/\/www.notibras.com\/site\/wp-json\/wp\/v2\/comments?post=392546"}],"version-history":[{"count":2,"href":"https:\/\/www.notibras.com\/site\/wp-json\/wp\/v2\/posts\/392546\/revisions"}],"predecessor-version":[{"id":392549,"href":"https:\/\/www.notibras.com\/site\/wp-json\/wp\/v2\/posts\/392546\/revisions\/392549"}],"wp:featuredmedia":[{"embeddable":true,"href":"https:\/\/www.notibras.com\/site\/wp-json\/wp\/v2\/media\/392547"}],"wp:attachment":[{"href":"https:\/\/www.notibras.com\/site\/wp-json\/wp\/v2\/media?parent=392546"}],"wp:term":[{"taxonomy":"category","embeddable":true,"href":"https:\/\/www.notibras.com\/site\/wp-json\/wp\/v2\/categories?post=392546"},{"taxonomy":"post_tag","embeddable":true,"href":"https:\/\/www.notibras.com\/site\/wp-json\/wp\/v2\/tags?post=392546"}],"curies":[{"name":"wp","href":"https:\/\/api.w.org\/{rel}","templated":true}]}}