{"id":392558,"date":"2026-04-26T02:15:06","date_gmt":"2026-04-26T05:15:06","guid":{"rendered":"https:\/\/www.notibras.com\/site\/?p=392558"},"modified":"2026-04-25T21:01:55","modified_gmt":"2026-04-26T00:01:55","slug":"nikolas-ferreira-eleva-o-debate-a-discussoes-zoologicas","status":"publish","type":"post","link":"https:\/\/www.notibras.com\/site\/nikolas-ferreira-eleva-o-debate-a-discussoes-zoologicas\/","title":{"rendered":"Nikolas Ferreira eleva o debate a discuss\u00f5es zool\u00f3gicas"},"content":{"rendered":"<p>O debate pol\u00edtico brasileiro j\u00e1 se acostumou a temperaturas elevadas, mas h\u00e1 momentos em que o term\u00f4metro ultrapassa qualquer limite razo\u00e1vel. Recentemente Nikolas Ferreira afirmou que Renan Bolsonaro, um dos filhos de Jair, teria \u201ccapacidade cognitiva menor que uma toupeira cega\u201d. Pode at\u00e9 ser divertido acompanhar a confus\u00e3o, mas \u00e9 tamb\u00e9m a degrada\u00e7\u00e3o do discurso p\u00fablico. Diverg\u00eancias, cr\u00edticas e at\u00e9 embates duros fazem parte da pol\u00edtica. O que n\u00e3o deveria ser normalizado \u00e9 a substitui\u00e7\u00e3o do argumento pelo ataque pessoal rasteiro.<\/p>\n<p>N\u00e3o \u00e9 de hoje que o clima entre Nikolas Ferreira e a fam\u00edlia Bolsonaro apresenta sinais de desgaste. Ru\u00eddos, disputas por espa\u00e7o e diverg\u00eancias estrat\u00e9gicas t\u00eam aparecido de forma cada vez mais expl\u00edcita. Ainda assim, h\u00e1 uma linha t\u00eanue e necess\u00e1ria entre o confronto pol\u00edtico e a agress\u00e3o gratuita. Quando essa linha \u00e9 cruzada, perde-se n\u00e3o apenas o n\u00edvel do debate, mas tamb\u00e9m a capacidade de di\u00e1logo com a sociedade, que passa a enxergar a pol\u00edtica como um espa\u00e7o de hostilidade e n\u00e3o de constru\u00e7\u00e3o.<\/p>\n<p>A consequ\u00eancia disso \u00e9 o empobrecimento da pol\u00edtica. Em vez de discuss\u00f5es sobre projetos, ideias e solu\u00e7\u00f5es para os problemas reais do pa\u00eds, o foco se desloca para ofensas e espet\u00e1culos de desqualifica\u00e7\u00e3o. Isso afasta o cidad\u00e3o comum e refor\u00e7a o descr\u00e9dito nas institui\u00e7\u00f5es e nos pr\u00f3prios representantes eleitos. A pol\u00edtica brasileira precisa urgentemente recuperar o senso de responsabilidade no uso da palavra.<\/p>\n","protected":false},"excerpt":{"rendered":"<p>O debate pol\u00edtico brasileiro j\u00e1 se acostumou a temperaturas elevadas, mas h\u00e1 momentos em que o term\u00f4metro ultrapassa qualquer limite razo\u00e1vel. Recentemente Nikolas Ferreira afirmou que Renan Bolsonaro, um dos filhos de Jair, teria \u201ccapacidade cognitiva menor que uma toupeira cega\u201d. Pode at\u00e9 ser divertido acompanhar a confus\u00e3o, mas \u00e9 tamb\u00e9m a degrada\u00e7\u00e3o do discurso [&hellip;]<\/p>\n","protected":false},"author":21,"featured_media":392559,"comment_status":"closed","ping_status":"closed","sticky":false,"template":"","format":"standard","meta":{"_acf_changed":false,"footnotes":""},"categories":[235],"tags":[],"class_list":["post-392558","post","type-post","status-publish","format-standard","has-post-thumbnail","hentry","category-dona-irene"],"acf":[],"yoast_head":"<!-- This site is optimized with the Yoast SEO plugin v27.2 - https:\/\/yoast.com\/product\/yoast-seo-wordpress\/ -->\n<title>Nikolas Ferreira eleva o debate a discuss\u00f5es zool\u00f3gicas - Notibras<\/title>\n<meta name=\"robots\" content=\"index, follow, max-snippet:-1, max-image-preview:large, max-video-preview:-1\" \/>\n<link rel=\"canonical\" href=\"https:\/\/www.notibras.com\/site\/nikolas-ferreira-eleva-o-debate-a-discussoes-zoologicas\/\" \/>\n<meta property=\"og:locale\" content=\"pt_BR\" \/>\n<meta property=\"og:type\" content=\"article\" \/>\n<meta property=\"og:title\" content=\"Nikolas Ferreira eleva o debate a discuss\u00f5es zool\u00f3gicas - Notibras\" \/>\n<meta property=\"og:description\" content=\"O debate pol\u00edtico brasileiro j\u00e1 se acostumou a temperaturas elevadas, mas h\u00e1 momentos em que o term\u00f4metro ultrapassa qualquer limite razo\u00e1vel. Recentemente Nikolas Ferreira afirmou que Renan Bolsonaro, um dos filhos de Jair, teria \u201ccapacidade cognitiva menor que uma toupeira cega\u201d. Pode at\u00e9 ser divertido acompanhar a confus\u00e3o, mas \u00e9 tamb\u00e9m a degrada\u00e7\u00e3o do discurso [&hellip;]\" \/>\n<meta property=\"og:url\" content=\"https:\/\/www.notibras.com\/site\/nikolas-ferreira-eleva-o-debate-a-discussoes-zoologicas\/\" \/>\n<meta property=\"og:site_name\" content=\"Notibras\" \/>\n<meta property=\"article:publisher\" content=\"https:\/\/www.facebook.com\/notibras\/\" \/>\n<meta property=\"article:published_time\" content=\"2026-04-26T05:15:06+00:00\" \/>\n<meta property=\"og:image\" content=\"https:\/\/www.notibras.com\/site\/wp-content\/uploads\/2026\/04\/arte-51-.webp\" \/>\n\t<meta property=\"og:image:width\" content=\"924\" \/>\n\t<meta property=\"og:image:height\" content=\"552\" \/>\n\t<meta property=\"og:image:type\" content=\"image\/webp\" \/>\n<meta name=\"author\" content=\"Eduardo Mart\u00ednez\" \/>\n<meta name=\"twitter:card\" content=\"summary_large_image\" \/>\n<meta name=\"twitter:creator\" content=\"@Notibras\" \/>\n<meta name=\"twitter:site\" content=\"@Notibras\" \/>\n<meta name=\"twitter:label1\" content=\"Escrito por\" \/>\n\t<meta name=\"twitter:data1\" content=\"Eduardo Mart\u00ednez\" \/>\n\t<meta name=\"twitter:label2\" content=\"Est. tempo de leitura\" \/>\n\t<meta name=\"twitter:data2\" content=\"2 minutos\" \/>\n<script type=\"application\/ld+json\" class=\"yoast-schema-graph\">{\"@context\":\"https:\/\/schema.org\",\"@graph\":[{\"@type\":\"Article\",\"@id\":\"https:\/\/www.notibras.com\/site\/nikolas-ferreira-eleva-o-debate-a-discussoes-zoologicas\/#article\",\"isPartOf\":{\"@id\":\"https:\/\/www.notibras.com\/site\/nikolas-ferreira-eleva-o-debate-a-discussoes-zoologicas\/\"},\"author\":{\"name\":\"Eduardo Mart\u00ednez\",\"@id\":\"https:\/\/www.notibras.com\/site\/#\/schema\/person\/5b7fabf2aedc3ada2105f03b22b4d3dd\"},\"headline\":\"Nikolas Ferreira eleva o debate a discuss\u00f5es zool\u00f3gicas\",\"datePublished\":\"2026-04-26T05:15:06+00:00\",\"mainEntityOfPage\":{\"@id\":\"https:\/\/www.notibras.com\/site\/nikolas-ferreira-eleva-o-debate-a-discussoes-zoologicas\/\"},\"wordCount\":279,\"publisher\":{\"@id\":\"https:\/\/www.notibras.com\/site\/#organization\"},\"image\":{\"@id\":\"https:\/\/www.notibras.com\/site\/nikolas-ferreira-eleva-o-debate-a-discussoes-zoologicas\/#primaryimage\"},\"thumbnailUrl\":\"https:\/\/www.notibras.com\/site\/wp-content\/uploads\/2026\/04\/arte-51-.webp\",\"articleSection\":[\"Dona Irene\"],\"inLanguage\":\"pt-BR\"},{\"@type\":\"WebPage\",\"@id\":\"https:\/\/www.notibras.com\/site\/nikolas-ferreira-eleva-o-debate-a-discussoes-zoologicas\/\",\"url\":\"https:\/\/www.notibras.com\/site\/nikolas-ferreira-eleva-o-debate-a-discussoes-zoologicas\/\",\"name\":\"Nikolas Ferreira eleva o debate a discuss\u00f5es zool\u00f3gicas - Notibras\",\"isPartOf\":{\"@id\":\"https:\/\/www.notibras.com\/site\/#website\"},\"primaryImageOfPage\":{\"@id\":\"https:\/\/www.notibras.com\/site\/nikolas-ferreira-eleva-o-debate-a-discussoes-zoologicas\/#primaryimage\"},\"image\":{\"@id\":\"https:\/\/www.notibras.com\/site\/nikolas-ferreira-eleva-o-debate-a-discussoes-zoologicas\/#primaryimage\"},\"thumbnailUrl\":\"https:\/\/www.notibras.com\/site\/wp-content\/uploads\/2026\/04\/arte-51-.webp\",\"datePublished\":\"2026-04-26T05:15:06+00:00\",\"breadcrumb\":{\"@id\":\"https:\/\/www.notibras.com\/site\/nikolas-ferreira-eleva-o-debate-a-discussoes-zoologicas\/#breadcrumb\"},\"inLanguage\":\"pt-BR\",\"potentialAction\":[{\"@type\":\"ReadAction\",\"target\":[\"https:\/\/www.notibras.com\/site\/nikolas-ferreira-eleva-o-debate-a-discussoes-zoologicas\/\"]}]},{\"@type\":\"ImageObject\",\"inLanguage\":\"pt-BR\",\"@id\":\"https:\/\/www.notibras.com\/site\/nikolas-ferreira-eleva-o-debate-a-discussoes-zoologicas\/#primaryimage\",\"url\":\"https:\/\/www.notibras.com\/site\/wp-content\/uploads\/2026\/04\/arte-51-.webp\",\"contentUrl\":\"https:\/\/www.notibras.com\/site\/wp-content\/uploads\/2026\/04\/arte-51-.webp\",\"width\":924,\"height\":552},{\"@type\":\"BreadcrumbList\",\"@id\":\"https:\/\/www.notibras.com\/site\/nikolas-ferreira-eleva-o-debate-a-discussoes-zoologicas\/#breadcrumb\",\"itemListElement\":[{\"@type\":\"ListItem\",\"position\":1,\"name\":\"In\u00edcio\",\"item\":\"https:\/\/www.notibras.com\/site\/\"},{\"@type\":\"ListItem\",\"position\":2,\"name\":\"Nikolas Ferreira eleva o debate a discuss\u00f5es zool\u00f3gicas\"}]},{\"@type\":\"WebSite\",\"@id\":\"https:\/\/www.notibras.com\/site\/#website\",\"url\":\"https:\/\/www.notibras.com\/site\/\",\"name\":\"Notibras\",\"description\":\"Not\u00edcias de Bras\u00edlia, do Brasil e do Mundo\",\"publisher\":{\"@id\":\"https:\/\/www.notibras.com\/site\/#organization\"},\"potentialAction\":[{\"@type\":\"SearchAction\",\"target\":{\"@type\":\"EntryPoint\",\"urlTemplate\":\"https:\/\/www.notibras.com\/site\/?s={search_term_string}\"},\"query-input\":{\"@type\":\"PropertyValueSpecification\",\"valueRequired\":true,\"valueName\":\"search_term_string\"}}],\"inLanguage\":\"pt-BR\"},{\"@type\":\"Organization\",\"@id\":\"https:\/\/www.notibras.com\/site\/#organization\",\"name\":\"Grupo Notibras de Comunica\u00e7\u00e3o\",\"url\":\"https:\/\/www.notibras.com\/site\/\",\"logo\":{\"@type\":\"ImageObject\",\"inLanguage\":\"pt-BR\",\"@id\":\"https:\/\/www.notibras.com\/site\/#\/schema\/logo\/image\/\",\"url\":\"https:\/\/www.notibras.com\/site\/wp-content\/uploads\/2023\/01\/notibras23.png\",\"contentUrl\":\"https:\/\/www.notibras.com\/site\/wp-content\/uploads\/2023\/01\/notibras23.png\",\"width\":350,\"height\":87,\"caption\":\"Grupo Notibras de Comunica\u00e7\u00e3o\"},\"image\":{\"@id\":\"https:\/\/www.notibras.com\/site\/#\/schema\/logo\/image\/\"},\"sameAs\":[\"https:\/\/www.facebook.com\/notibras\/\",\"https:\/\/x.com\/Notibras\",\"https:\/\/www.instagram.com\/notibras\/\"]},{\"@type\":\"Person\",\"@id\":\"https:\/\/www.notibras.com\/site\/#\/schema\/person\/5b7fabf2aedc3ada2105f03b22b4d3dd\",\"name\":\"Eduardo Mart\u00ednez\",\"image\":{\"@type\":\"ImageObject\",\"inLanguage\":\"pt-BR\",\"@id\":\"https:\/\/secure.gravatar.com\/avatar\/7902f906289926289cbcda644b5197c796b893c6ffd7b9a536a42d290f7704a0?s=96&d=mm&r=g\",\"url\":\"https:\/\/secure.gravatar.com\/avatar\/7902f906289926289cbcda644b5197c796b893c6ffd7b9a536a42d290f7704a0?s=96&d=mm&r=g\",\"contentUrl\":\"https:\/\/secure.gravatar.com\/avatar\/7902f906289926289cbcda644b5197c796b893c6ffd7b9a536a42d290f7704a0?s=96&d=mm&r=g\",\"caption\":\"Eduardo Mart\u00ednez\"}}]}<\/script>\n<!-- \/ Yoast SEO plugin. -->","yoast_head_json":{"title":"Nikolas Ferreira eleva o debate a discuss\u00f5es zool\u00f3gicas - Notibras","robots":{"index":"index","follow":"follow","max-snippet":"max-snippet:-1","max-image-preview":"max-image-preview:large","max-video-preview":"max-video-preview:-1"},"canonical":"https:\/\/www.notibras.com\/site\/nikolas-ferreira-eleva-o-debate-a-discussoes-zoologicas\/","og_locale":"pt_BR","og_type":"article","og_title":"Nikolas Ferreira eleva o debate a discuss\u00f5es zool\u00f3gicas - Notibras","og_description":"O debate pol\u00edtico brasileiro j\u00e1 se acostumou a temperaturas elevadas, mas h\u00e1 momentos em que o term\u00f4metro ultrapassa qualquer limite razo\u00e1vel. Recentemente Nikolas Ferreira afirmou que Renan Bolsonaro, um dos filhos de Jair, teria \u201ccapacidade cognitiva menor que uma toupeira cega\u201d. Pode at\u00e9 ser divertido acompanhar a confus\u00e3o, mas \u00e9 tamb\u00e9m a degrada\u00e7\u00e3o do discurso [&hellip;]","og_url":"https:\/\/www.notibras.com\/site\/nikolas-ferreira-eleva-o-debate-a-discussoes-zoologicas\/","og_site_name":"Notibras","article_publisher":"https:\/\/www.facebook.com\/notibras\/","article_published_time":"2026-04-26T05:15:06+00:00","og_image":[{"width":924,"height":552,"url":"https:\/\/www.notibras.com\/site\/wp-content\/uploads\/2026\/04\/arte-51-.webp","type":"image\/webp"}],"author":"Eduardo Mart\u00ednez","twitter_card":"summary_large_image","twitter_creator":"@Notibras","twitter_site":"@Notibras","twitter_misc":{"Escrito por":"Eduardo Mart\u00ednez","Est. tempo de leitura":"2 minutos"},"schema":{"@context":"https:\/\/schema.org","@graph":[{"@type":"Article","@id":"https:\/\/www.notibras.com\/site\/nikolas-ferreira-eleva-o-debate-a-discussoes-zoologicas\/#article","isPartOf":{"@id":"https:\/\/www.notibras.com\/site\/nikolas-ferreira-eleva-o-debate-a-discussoes-zoologicas\/"},"author":{"name":"Eduardo Mart\u00ednez","@id":"https:\/\/www.notibras.com\/site\/#\/schema\/person\/5b7fabf2aedc3ada2105f03b22b4d3dd"},"headline":"Nikolas Ferreira eleva o debate a discuss\u00f5es zool\u00f3gicas","datePublished":"2026-04-26T05:15:06+00:00","mainEntityOfPage":{"@id":"https:\/\/www.notibras.com\/site\/nikolas-ferreira-eleva-o-debate-a-discussoes-zoologicas\/"},"wordCount":279,"publisher":{"@id":"https:\/\/www.notibras.com\/site\/#organization"},"image":{"@id":"https:\/\/www.notibras.com\/site\/nikolas-ferreira-eleva-o-debate-a-discussoes-zoologicas\/#primaryimage"},"thumbnailUrl":"https:\/\/www.notibras.com\/site\/wp-content\/uploads\/2026\/04\/arte-51-.webp","articleSection":["Dona Irene"],"inLanguage":"pt-BR"},{"@type":"WebPage","@id":"https:\/\/www.notibras.com\/site\/nikolas-ferreira-eleva-o-debate-a-discussoes-zoologicas\/","url":"https:\/\/www.notibras.com\/site\/nikolas-ferreira-eleva-o-debate-a-discussoes-zoologicas\/","name":"Nikolas Ferreira eleva o debate a discuss\u00f5es zool\u00f3gicas - Notibras","isPartOf":{"@id":"https:\/\/www.notibras.com\/site\/#website"},"primaryImageOfPage":{"@id":"https:\/\/www.notibras.com\/site\/nikolas-ferreira-eleva-o-debate-a-discussoes-zoologicas\/#primaryimage"},"image":{"@id":"https:\/\/www.notibras.com\/site\/nikolas-ferreira-eleva-o-debate-a-discussoes-zoologicas\/#primaryimage"},"thumbnailUrl":"https:\/\/www.notibras.com\/site\/wp-content\/uploads\/2026\/04\/arte-51-.webp","datePublished":"2026-04-26T05:15:06+00:00","breadcrumb":{"@id":"https:\/\/www.notibras.com\/site\/nikolas-ferreira-eleva-o-debate-a-discussoes-zoologicas\/#breadcrumb"},"inLanguage":"pt-BR","potentialAction":[{"@type":"ReadAction","target":["https:\/\/www.notibras.com\/site\/nikolas-ferreira-eleva-o-debate-a-discussoes-zoologicas\/"]}]},{"@type":"ImageObject","inLanguage":"pt-BR","@id":"https:\/\/www.notibras.com\/site\/nikolas-ferreira-eleva-o-debate-a-discussoes-zoologicas\/#primaryimage","url":"https:\/\/www.notibras.com\/site\/wp-content\/uploads\/2026\/04\/arte-51-.webp","contentUrl":"https:\/\/www.notibras.com\/site\/wp-content\/uploads\/2026\/04\/arte-51-.webp","width":924,"height":552},{"@type":"BreadcrumbList","@id":"https:\/\/www.notibras.com\/site\/nikolas-ferreira-eleva-o-debate-a-discussoes-zoologicas\/#breadcrumb","itemListElement":[{"@type":"ListItem","position":1,"name":"In\u00edcio","item":"https:\/\/www.notibras.com\/site\/"},{"@type":"ListItem","position":2,"name":"Nikolas Ferreira eleva o debate a discuss\u00f5es zool\u00f3gicas"}]},{"@type":"WebSite","@id":"https:\/\/www.notibras.com\/site\/#website","url":"https:\/\/www.notibras.com\/site\/","name":"Notibras","description":"Not\u00edcias de Bras\u00edlia, do Brasil e do Mundo","publisher":{"@id":"https:\/\/www.notibras.com\/site\/#organization"},"potentialAction":[{"@type":"SearchAction","target":{"@type":"EntryPoint","urlTemplate":"https:\/\/www.notibras.com\/site\/?s={search_term_string}"},"query-input":{"@type":"PropertyValueSpecification","valueRequired":true,"valueName":"search_term_string"}}],"inLanguage":"pt-BR"},{"@type":"Organization","@id":"https:\/\/www.notibras.com\/site\/#organization","name":"Grupo Notibras de Comunica\u00e7\u00e3o","url":"https:\/\/www.notibras.com\/site\/","logo":{"@type":"ImageObject","inLanguage":"pt-BR","@id":"https:\/\/www.notibras.com\/site\/#\/schema\/logo\/image\/","url":"https:\/\/www.notibras.com\/site\/wp-content\/uploads\/2023\/01\/notibras23.png","contentUrl":"https:\/\/www.notibras.com\/site\/wp-content\/uploads\/2023\/01\/notibras23.png","width":350,"height":87,"caption":"Grupo Notibras de Comunica\u00e7\u00e3o"},"image":{"@id":"https:\/\/www.notibras.com\/site\/#\/schema\/logo\/image\/"},"sameAs":["https:\/\/www.facebook.com\/notibras\/","https:\/\/x.com\/Notibras","https:\/\/www.instagram.com\/notibras\/"]},{"@type":"Person","@id":"https:\/\/www.notibras.com\/site\/#\/schema\/person\/5b7fabf2aedc3ada2105f03b22b4d3dd","name":"Eduardo Mart\u00ednez","image":{"@type":"ImageObject","inLanguage":"pt-BR","@id":"https:\/\/secure.gravatar.com\/avatar\/7902f906289926289cbcda644b5197c796b893c6ffd7b9a536a42d290f7704a0?s=96&d=mm&r=g","url":"https:\/\/secure.gravatar.com\/avatar\/7902f906289926289cbcda644b5197c796b893c6ffd7b9a536a42d290f7704a0?s=96&d=mm&r=g","contentUrl":"https:\/\/secure.gravatar.com\/avatar\/7902f906289926289cbcda644b5197c796b893c6ffd7b9a536a42d290f7704a0?s=96&d=mm&r=g","caption":"Eduardo Mart\u00ednez"}}]}},"amp_enabled":true,"_links":{"self":[{"href":"https:\/\/www.notibras.com\/site\/wp-json\/wp\/v2\/posts\/392558","targetHints":{"allow":["GET"]}}],"collection":[{"href":"https:\/\/www.notibras.com\/site\/wp-json\/wp\/v2\/posts"}],"about":[{"href":"https:\/\/www.notibras.com\/site\/wp-json\/wp\/v2\/types\/post"}],"author":[{"embeddable":true,"href":"https:\/\/www.notibras.com\/site\/wp-json\/wp\/v2\/users\/21"}],"replies":[{"embeddable":true,"href":"https:\/\/www.notibras.com\/site\/wp-json\/wp\/v2\/comments?post=392558"}],"version-history":[{"count":2,"href":"https:\/\/www.notibras.com\/site\/wp-json\/wp\/v2\/posts\/392558\/revisions"}],"predecessor-version":[{"id":392561,"href":"https:\/\/www.notibras.com\/site\/wp-json\/wp\/v2\/posts\/392558\/revisions\/392561"}],"wp:featuredmedia":[{"embeddable":true,"href":"https:\/\/www.notibras.com\/site\/wp-json\/wp\/v2\/media\/392559"}],"wp:attachment":[{"href":"https:\/\/www.notibras.com\/site\/wp-json\/wp\/v2\/media?parent=392558"}],"wp:term":[{"taxonomy":"category","embeddable":true,"href":"https:\/\/www.notibras.com\/site\/wp-json\/wp\/v2\/categories?post=392558"},{"taxonomy":"post_tag","embeddable":true,"href":"https:\/\/www.notibras.com\/site\/wp-json\/wp\/v2\/tags?post=392558"}],"curies":[{"name":"wp","href":"https:\/\/api.w.org\/{rel}","templated":true}]}}