{"id":392562,"date":"2026-04-25T18:59:36","date_gmt":"2026-04-25T21:59:36","guid":{"rendered":"https:\/\/www.notibras.com\/site\/?p=392562"},"modified":"2026-04-25T21:55:22","modified_gmt":"2026-04-26T00:55:22","slug":"ibaneis-como-uma-rocha-prova-que-esta-ai-para-o-que-der-e-vier","status":"publish","type":"post","link":"https:\/\/www.notibras.com\/site\/ibaneis-como-uma-rocha-prova-que-esta-ai-para-o-que-der-e-vier\/","title":{"rendered":"Ibaneis, como uma rocha, prova que est\u00e1 a\u00ed para o que der e vier"},"content":{"rendered":"<p class=\"isSelectedEnd\">Em tempos de turbul\u00eancia pol\u00edtica e narrativas muitas vezes moldadas por interesses diversos, \u00e9 preciso distinguir com clareza aqueles que se mant\u00eam firmes em seus princ\u00edpios. \u00c9 sob essa perspectiva que se observa a trajet\u00f3ria recente de Ibaneis Rocha (MDB), cujo sobrenome, por si s\u00f3, evoca a solidez de uma rocha que resiste \u00e0s intemp\u00e9ries e permanece de p\u00e9 diante das adversidades.<\/p>\n<p class=\"isSelectedEnd\">Nos \u00faltimos dias, tentativas de associar sua imagem a epis\u00f3dios controversos que se arrastam desde a pris\u00e3o de Paulo Henrique Costa, t\u00eam circulado com intensidade, sobretudo nas redes sociais. No entanto, ao contr\u00e1rio do que sugerem essas narrativas, o que se viu neste s\u00e1bado, 25, foi um l\u00edder que n\u00e3o se esconde, n\u00e3o recua e tampouco teme o escrut\u00ednio p\u00fablico. Ibaneis permanece presente, vis\u00edvel, acess\u00edvel. Enfim, uma postura que contrasta com a de tantos que, diante de press\u00f5es, optam pelo sil\u00eancio ou pelo afastamento.<\/p>\n<p class=\"isSelectedEnd\">Nesse comportamento, que testemunhei no in\u00edcio da tarde, h\u00e1 um tra\u00e7o que remete diretamente \u00e0 tradi\u00e7\u00e3o liter\u00e1ria brasileira. Assim como o valente personagem de I-Juca Pirama, obra do poeta Gon\u00e7alves Dias, o ex-governador demonstra n\u00e3o ser daqueles que fogem \u00e0 luta. Ao contr\u00e1rio, Ibaneis encara os desafios de frente, sustentando sua posi\u00e7\u00e3o com firmeza e convic\u00e7\u00e3o. A coragem, nesse contexto, n\u00e3o se traduz em palavras grandiosas, mas em atitudes concretas, do tipo estar presente, dar explica\u00e7\u00f5es, manter-se de p\u00e9.<\/p>\n<p class=\"isSelectedEnd\">Al\u00e9m disso, a disposi\u00e7\u00e3o em seguir no cen\u00e1rio pol\u00edtico, com poss\u00edvel candidatura ao Senado Federal, refor\u00e7a a percep\u00e7\u00e3o de que sua trajet\u00f3ria est\u00e1 longe de ser interrompida por ataques ou insinua\u00e7\u00f5es. A decis\u00e3o sobre seu futuro pol\u00edtico, a ser consolidada na conven\u00e7\u00e3o emedebista em meados de junho\/julho, surge n\u00e3o como um ato de resist\u00eancia isolada, mas como consequ\u00eancia natural de uma lideran\u00e7a que mant\u00e9m base, apoio e relev\u00e2ncia.<\/p>\n<p class=\"isSelectedEnd\">Em conversa com o cx-governador durante evento em sua homenagem, foi poss\u00edvel observar que Ibaneis se apresenta como uma figura que resiste \u00e0 eros\u00e3o das acusa\u00e7\u00f5es superficiais. Sua imagem, constru\u00edda ao longo de anos de atua\u00e7\u00e3o p\u00fablica, n\u00e3o se desfaz, portanto, ao sabor de rumores. Ao contr\u00e1rio, apesar de memes jocosos com tons maliciosos, ele demonstra que sai fortalecido como a pr\u00f3pria rocha que simboliza seu nome.<\/p>\n<p>Em um cen\u00e1rio onde reputa\u00e7\u00f5es s\u00e3o frequentemente testadas, foi-me poss\u00edvel observar, em meio a uma multid\u00e3o de apoiadores (al\u00e9m de jornalistas isentos que foram registrar a homenagem) a postura de quem reafirma um princ\u00edpio essencial, onde a integridade n\u00e3o se proclama apenas em discursos, mas se revela na maneira como se enfrenta a adversidade. E, ao menos durante a festa deste s\u00e1bado, Ibaneis demonstrou que n\u00e3o recua.<\/p>\n<p>Quanto \u00e0s mensagens contradit\u00f3rias que circulam por a\u00ed, anunciando um &#8216;sumi\u00e7o&#8217;, estas permanecer\u00e3o jocosas. Ibaneis continua firme, circulando por Bras\u00edlia. Isso eu assino. Porque eu vi.<\/p>\n<p>&#8230;&#8230;&#8230;&#8230;&#8230;&#8230;&#8230;&#8230;&#8230;.<\/p>\n<p><strong>Jos\u00e9 Seabra \u00e9 CEO fundador de Notibras<\/strong><\/p>\n","protected":false},"excerpt":{"rendered":"<p>Em tempos de turbul\u00eancia pol\u00edtica e narrativas muitas vezes moldadas por interesses diversos, \u00e9 preciso distinguir com clareza aqueles que se mant\u00eam firmes em seus princ\u00edpios. \u00c9 sob essa perspectiva que se observa a trajet\u00f3ria recente de Ibaneis Rocha (MDB), cujo sobrenome, por si s\u00f3, evoca a solidez de uma rocha que resiste \u00e0s intemp\u00e9ries [&hellip;]<\/p>\n","protected":false},"author":2,"featured_media":392568,"comment_status":"closed","ping_status":"closed","sticky":false,"template":"","format":"standard","meta":{"_acf_changed":false,"footnotes":""},"categories":[239],"tags":[95],"class_list":["post-392562","post","type-post","status-publish","format-standard","has-post-thumbnail","hentry","category-eleicoes-brasilia","tag-capa"],"acf":[],"yoast_head":"<!-- This site is optimized with the Yoast SEO plugin v27.2 - https:\/\/yoast.com\/product\/yoast-seo-wordpress\/ -->\n<title>Ibaneis, como uma rocha, prova que est\u00e1 a\u00ed para o que der e vier - Notibras<\/title>\n<meta name=\"robots\" content=\"index, follow, max-snippet:-1, max-image-preview:large, max-video-preview:-1\" \/>\n<link rel=\"canonical\" href=\"https:\/\/www.notibras.com\/site\/ibaneis-como-uma-rocha-prova-que-esta-ai-para-o-que-der-e-vier\/\" \/>\n<meta property=\"og:locale\" content=\"pt_BR\" \/>\n<meta property=\"og:type\" content=\"article\" \/>\n<meta property=\"og:title\" content=\"Ibaneis, como uma rocha, prova que est\u00e1 a\u00ed para o que der e vier - Notibras\" \/>\n<meta property=\"og:description\" content=\"Em tempos de turbul\u00eancia pol\u00edtica e narrativas muitas vezes moldadas por interesses diversos, \u00e9 preciso distinguir com clareza aqueles que se mant\u00eam firmes em seus princ\u00edpios. \u00c9 sob essa perspectiva que se observa a trajet\u00f3ria recente de Ibaneis Rocha (MDB), cujo sobrenome, por si s\u00f3, evoca a solidez de uma rocha que resiste \u00e0s intemp\u00e9ries [&hellip;]\" \/>\n<meta property=\"og:url\" content=\"https:\/\/www.notibras.com\/site\/ibaneis-como-uma-rocha-prova-que-esta-ai-para-o-que-der-e-vier\/\" \/>\n<meta property=\"og:site_name\" content=\"Notibras\" \/>\n<meta property=\"article:publisher\" content=\"https:\/\/www.facebook.com\/notibras\/\" \/>\n<meta property=\"article:published_time\" content=\"2026-04-25T21:59:36+00:00\" \/>\n<meta property=\"article:modified_time\" content=\"2026-04-26T00:55:22+00:00\" \/>\n<meta property=\"og:image\" content=\"https:\/\/www.notibras.com\/site\/wp-content\/uploads\/2026\/04\/245a7a18-bd1b-4d53-9bae-6a6762181390.jpg\" \/>\n\t<meta property=\"og:image:width\" content=\"1600\" \/>\n\t<meta property=\"og:image:height\" content=\"1220\" \/>\n\t<meta property=\"og:image:type\" content=\"image\/jpeg\" \/>\n<meta name=\"author\" content=\"Reda\u00e7\u00e3o\" \/>\n<meta name=\"twitter:card\" content=\"summary_large_image\" \/>\n<meta name=\"twitter:creator\" content=\"@Notibras\" \/>\n<meta name=\"twitter:site\" content=\"@Notibras\" \/>\n<meta name=\"twitter:label1\" content=\"Escrito por\" \/>\n\t<meta name=\"twitter:data1\" content=\"Reda\u00e7\u00e3o\" \/>\n\t<meta name=\"twitter:label2\" content=\"Est. tempo de leitura\" \/>\n\t<meta name=\"twitter:data2\" content=\"3 minutos\" \/>\n<script type=\"application\/ld+json\" class=\"yoast-schema-graph\">{\"@context\":\"https:\/\/schema.org\",\"@graph\":[{\"@type\":\"Article\",\"@id\":\"https:\/\/www.notibras.com\/site\/ibaneis-como-uma-rocha-prova-que-esta-ai-para-o-que-der-e-vier\/#article\",\"isPartOf\":{\"@id\":\"https:\/\/www.notibras.com\/site\/ibaneis-como-uma-rocha-prova-que-esta-ai-para-o-que-der-e-vier\/\"},\"author\":{\"name\":\"Reda\u00e7\u00e3o\",\"@id\":\"https:\/\/www.notibras.com\/site\/#\/schema\/person\/36ab0979449956132d3e5b517ea76ac8\"},\"headline\":\"Ibaneis, como uma rocha, prova que est\u00e1 a\u00ed para o que der e vier\",\"datePublished\":\"2026-04-25T21:59:36+00:00\",\"dateModified\":\"2026-04-26T00:55:22+00:00\",\"mainEntityOfPage\":{\"@id\":\"https:\/\/www.notibras.com\/site\/ibaneis-como-uma-rocha-prova-que-esta-ai-para-o-que-der-e-vier\/\"},\"wordCount\":540,\"publisher\":{\"@id\":\"https:\/\/www.notibras.com\/site\/#organization\"},\"image\":{\"@id\":\"https:\/\/www.notibras.com\/site\/ibaneis-como-uma-rocha-prova-que-esta-ai-para-o-que-der-e-vier\/#primaryimage\"},\"thumbnailUrl\":\"https:\/\/www.notibras.com\/site\/wp-content\/uploads\/2026\/04\/245a7a18-bd1b-4d53-9bae-6a6762181390.jpg\",\"keywords\":[\"capa\"],\"articleSection\":[\"Elei\u00e7\u00f5es Bras\u00edlia\"],\"inLanguage\":\"pt-BR\"},{\"@type\":\"WebPage\",\"@id\":\"https:\/\/www.notibras.com\/site\/ibaneis-como-uma-rocha-prova-que-esta-ai-para-o-que-der-e-vier\/\",\"url\":\"https:\/\/www.notibras.com\/site\/ibaneis-como-uma-rocha-prova-que-esta-ai-para-o-que-der-e-vier\/\",\"name\":\"Ibaneis, como uma rocha, prova que est\u00e1 a\u00ed para o que der e vier - Notibras\",\"isPartOf\":{\"@id\":\"https:\/\/www.notibras.com\/site\/#website\"},\"primaryImageOfPage\":{\"@id\":\"https:\/\/www.notibras.com\/site\/ibaneis-como-uma-rocha-prova-que-esta-ai-para-o-que-der-e-vier\/#primaryimage\"},\"image\":{\"@id\":\"https:\/\/www.notibras.com\/site\/ibaneis-como-uma-rocha-prova-que-esta-ai-para-o-que-der-e-vier\/#primaryimage\"},\"thumbnailUrl\":\"https:\/\/www.notibras.com\/site\/wp-content\/uploads\/2026\/04\/245a7a18-bd1b-4d53-9bae-6a6762181390.jpg\",\"datePublished\":\"2026-04-25T21:59:36+00:00\",\"dateModified\":\"2026-04-26T00:55:22+00:00\",\"breadcrumb\":{\"@id\":\"https:\/\/www.notibras.com\/site\/ibaneis-como-uma-rocha-prova-que-esta-ai-para-o-que-der-e-vier\/#breadcrumb\"},\"inLanguage\":\"pt-BR\",\"potentialAction\":[{\"@type\":\"ReadAction\",\"target\":[\"https:\/\/www.notibras.com\/site\/ibaneis-como-uma-rocha-prova-que-esta-ai-para-o-que-der-e-vier\/\"]}]},{\"@type\":\"ImageObject\",\"inLanguage\":\"pt-BR\",\"@id\":\"https:\/\/www.notibras.com\/site\/ibaneis-como-uma-rocha-prova-que-esta-ai-para-o-que-der-e-vier\/#primaryimage\",\"url\":\"https:\/\/www.notibras.com\/site\/wp-content\/uploads\/2026\/04\/245a7a18-bd1b-4d53-9bae-6a6762181390.jpg\",\"contentUrl\":\"https:\/\/www.notibras.com\/site\/wp-content\/uploads\/2026\/04\/245a7a18-bd1b-4d53-9bae-6a6762181390.jpg\",\"width\":1600,\"height\":1220},{\"@type\":\"BreadcrumbList\",\"@id\":\"https:\/\/www.notibras.com\/site\/ibaneis-como-uma-rocha-prova-que-esta-ai-para-o-que-der-e-vier\/#breadcrumb\",\"itemListElement\":[{\"@type\":\"ListItem\",\"position\":1,\"name\":\"In\u00edcio\",\"item\":\"https:\/\/www.notibras.com\/site\/\"},{\"@type\":\"ListItem\",\"position\":2,\"name\":\"Ibaneis, como uma rocha, prova que est\u00e1 a\u00ed para o que der e vier\"}]},{\"@type\":\"WebSite\",\"@id\":\"https:\/\/www.notibras.com\/site\/#website\",\"url\":\"https:\/\/www.notibras.com\/site\/\",\"name\":\"Notibras\",\"description\":\"Not\u00edcias de Bras\u00edlia, do Brasil e do Mundo\",\"publisher\":{\"@id\":\"https:\/\/www.notibras.com\/site\/#organization\"},\"potentialAction\":[{\"@type\":\"SearchAction\",\"target\":{\"@type\":\"EntryPoint\",\"urlTemplate\":\"https:\/\/www.notibras.com\/site\/?s={search_term_string}\"},\"query-input\":{\"@type\":\"PropertyValueSpecification\",\"valueRequired\":true,\"valueName\":\"search_term_string\"}}],\"inLanguage\":\"pt-BR\"},{\"@type\":\"Organization\",\"@id\":\"https:\/\/www.notibras.com\/site\/#organization\",\"name\":\"Grupo Notibras de Comunica\u00e7\u00e3o\",\"url\":\"https:\/\/www.notibras.com\/site\/\",\"logo\":{\"@type\":\"ImageObject\",\"inLanguage\":\"pt-BR\",\"@id\":\"https:\/\/www.notibras.com\/site\/#\/schema\/logo\/image\/\",\"url\":\"https:\/\/www.notibras.com\/site\/wp-content\/uploads\/2023\/01\/notibras23.png\",\"contentUrl\":\"https:\/\/www.notibras.com\/site\/wp-content\/uploads\/2023\/01\/notibras23.png\",\"width\":350,\"height\":87,\"caption\":\"Grupo Notibras de Comunica\u00e7\u00e3o\"},\"image\":{\"@id\":\"https:\/\/www.notibras.com\/site\/#\/schema\/logo\/image\/\"},\"sameAs\":[\"https:\/\/www.facebook.com\/notibras\/\",\"https:\/\/x.com\/Notibras\",\"https:\/\/www.instagram.com\/notibras\/\"]},{\"@type\":\"Person\",\"@id\":\"https:\/\/www.notibras.com\/site\/#\/schema\/person\/36ab0979449956132d3e5b517ea76ac8\",\"name\":\"Reda\u00e7\u00e3o\",\"image\":{\"@type\":\"ImageObject\",\"inLanguage\":\"pt-BR\",\"@id\":\"https:\/\/secure.gravatar.com\/avatar\/e0a867bdedb85fd243eadf09663511f96fc81e0720a4a42581f334ad4303aa6b?s=96&d=mm&r=g\",\"url\":\"https:\/\/secure.gravatar.com\/avatar\/e0a867bdedb85fd243eadf09663511f96fc81e0720a4a42581f334ad4303aa6b?s=96&d=mm&r=g\",\"contentUrl\":\"https:\/\/secure.gravatar.com\/avatar\/e0a867bdedb85fd243eadf09663511f96fc81e0720a4a42581f334ad4303aa6b?s=96&d=mm&r=g\",\"caption\":\"Reda\u00e7\u00e3o\"}}]}<\/script>\n<!-- \/ Yoast SEO plugin. -->","yoast_head_json":{"title":"Ibaneis, como uma rocha, prova que est\u00e1 a\u00ed para o que der e vier - Notibras","robots":{"index":"index","follow":"follow","max-snippet":"max-snippet:-1","max-image-preview":"max-image-preview:large","max-video-preview":"max-video-preview:-1"},"canonical":"https:\/\/www.notibras.com\/site\/ibaneis-como-uma-rocha-prova-que-esta-ai-para-o-que-der-e-vier\/","og_locale":"pt_BR","og_type":"article","og_title":"Ibaneis, como uma rocha, prova que est\u00e1 a\u00ed para o que der e vier - Notibras","og_description":"Em tempos de turbul\u00eancia pol\u00edtica e narrativas muitas vezes moldadas por interesses diversos, \u00e9 preciso distinguir com clareza aqueles que se mant\u00eam firmes em seus princ\u00edpios. \u00c9 sob essa perspectiva que se observa a trajet\u00f3ria recente de Ibaneis Rocha (MDB), cujo sobrenome, por si s\u00f3, evoca a solidez de uma rocha que resiste \u00e0s intemp\u00e9ries [&hellip;]","og_url":"https:\/\/www.notibras.com\/site\/ibaneis-como-uma-rocha-prova-que-esta-ai-para-o-que-der-e-vier\/","og_site_name":"Notibras","article_publisher":"https:\/\/www.facebook.com\/notibras\/","article_published_time":"2026-04-25T21:59:36+00:00","article_modified_time":"2026-04-26T00:55:22+00:00","og_image":[{"width":1600,"height":1220,"url":"https:\/\/www.notibras.com\/site\/wp-content\/uploads\/2026\/04\/245a7a18-bd1b-4d53-9bae-6a6762181390.jpg","type":"image\/jpeg"}],"author":"Reda\u00e7\u00e3o","twitter_card":"summary_large_image","twitter_creator":"@Notibras","twitter_site":"@Notibras","twitter_misc":{"Escrito por":"Reda\u00e7\u00e3o","Est. tempo de leitura":"3 minutos"},"schema":{"@context":"https:\/\/schema.org","@graph":[{"@type":"Article","@id":"https:\/\/www.notibras.com\/site\/ibaneis-como-uma-rocha-prova-que-esta-ai-para-o-que-der-e-vier\/#article","isPartOf":{"@id":"https:\/\/www.notibras.com\/site\/ibaneis-como-uma-rocha-prova-que-esta-ai-para-o-que-der-e-vier\/"},"author":{"name":"Reda\u00e7\u00e3o","@id":"https:\/\/www.notibras.com\/site\/#\/schema\/person\/36ab0979449956132d3e5b517ea76ac8"},"headline":"Ibaneis, como uma rocha, prova que est\u00e1 a\u00ed para o que der e vier","datePublished":"2026-04-25T21:59:36+00:00","dateModified":"2026-04-26T00:55:22+00:00","mainEntityOfPage":{"@id":"https:\/\/www.notibras.com\/site\/ibaneis-como-uma-rocha-prova-que-esta-ai-para-o-que-der-e-vier\/"},"wordCount":540,"publisher":{"@id":"https:\/\/www.notibras.com\/site\/#organization"},"image":{"@id":"https:\/\/www.notibras.com\/site\/ibaneis-como-uma-rocha-prova-que-esta-ai-para-o-que-der-e-vier\/#primaryimage"},"thumbnailUrl":"https:\/\/www.notibras.com\/site\/wp-content\/uploads\/2026\/04\/245a7a18-bd1b-4d53-9bae-6a6762181390.jpg","keywords":["capa"],"articleSection":["Elei\u00e7\u00f5es Bras\u00edlia"],"inLanguage":"pt-BR"},{"@type":"WebPage","@id":"https:\/\/www.notibras.com\/site\/ibaneis-como-uma-rocha-prova-que-esta-ai-para-o-que-der-e-vier\/","url":"https:\/\/www.notibras.com\/site\/ibaneis-como-uma-rocha-prova-que-esta-ai-para-o-que-der-e-vier\/","name":"Ibaneis, como uma rocha, prova que est\u00e1 a\u00ed para o que der e vier - Notibras","isPartOf":{"@id":"https:\/\/www.notibras.com\/site\/#website"},"primaryImageOfPage":{"@id":"https:\/\/www.notibras.com\/site\/ibaneis-como-uma-rocha-prova-que-esta-ai-para-o-que-der-e-vier\/#primaryimage"},"image":{"@id":"https:\/\/www.notibras.com\/site\/ibaneis-como-uma-rocha-prova-que-esta-ai-para-o-que-der-e-vier\/#primaryimage"},"thumbnailUrl":"https:\/\/www.notibras.com\/site\/wp-content\/uploads\/2026\/04\/245a7a18-bd1b-4d53-9bae-6a6762181390.jpg","datePublished":"2026-04-25T21:59:36+00:00","dateModified":"2026-04-26T00:55:22+00:00","breadcrumb":{"@id":"https:\/\/www.notibras.com\/site\/ibaneis-como-uma-rocha-prova-que-esta-ai-para-o-que-der-e-vier\/#breadcrumb"},"inLanguage":"pt-BR","potentialAction":[{"@type":"ReadAction","target":["https:\/\/www.notibras.com\/site\/ibaneis-como-uma-rocha-prova-que-esta-ai-para-o-que-der-e-vier\/"]}]},{"@type":"ImageObject","inLanguage":"pt-BR","@id":"https:\/\/www.notibras.com\/site\/ibaneis-como-uma-rocha-prova-que-esta-ai-para-o-que-der-e-vier\/#primaryimage","url":"https:\/\/www.notibras.com\/site\/wp-content\/uploads\/2026\/04\/245a7a18-bd1b-4d53-9bae-6a6762181390.jpg","contentUrl":"https:\/\/www.notibras.com\/site\/wp-content\/uploads\/2026\/04\/245a7a18-bd1b-4d53-9bae-6a6762181390.jpg","width":1600,"height":1220},{"@type":"BreadcrumbList","@id":"https:\/\/www.notibras.com\/site\/ibaneis-como-uma-rocha-prova-que-esta-ai-para-o-que-der-e-vier\/#breadcrumb","itemListElement":[{"@type":"ListItem","position":1,"name":"In\u00edcio","item":"https:\/\/www.notibras.com\/site\/"},{"@type":"ListItem","position":2,"name":"Ibaneis, como uma rocha, prova que est\u00e1 a\u00ed para o que der e vier"}]},{"@type":"WebSite","@id":"https:\/\/www.notibras.com\/site\/#website","url":"https:\/\/www.notibras.com\/site\/","name":"Notibras","description":"Not\u00edcias de Bras\u00edlia, do Brasil e do Mundo","publisher":{"@id":"https:\/\/www.notibras.com\/site\/#organization"},"potentialAction":[{"@type":"SearchAction","target":{"@type":"EntryPoint","urlTemplate":"https:\/\/www.notibras.com\/site\/?s={search_term_string}"},"query-input":{"@type":"PropertyValueSpecification","valueRequired":true,"valueName":"search_term_string"}}],"inLanguage":"pt-BR"},{"@type":"Organization","@id":"https:\/\/www.notibras.com\/site\/#organization","name":"Grupo Notibras de Comunica\u00e7\u00e3o","url":"https:\/\/www.notibras.com\/site\/","logo":{"@type":"ImageObject","inLanguage":"pt-BR","@id":"https:\/\/www.notibras.com\/site\/#\/schema\/logo\/image\/","url":"https:\/\/www.notibras.com\/site\/wp-content\/uploads\/2023\/01\/notibras23.png","contentUrl":"https:\/\/www.notibras.com\/site\/wp-content\/uploads\/2023\/01\/notibras23.png","width":350,"height":87,"caption":"Grupo Notibras de Comunica\u00e7\u00e3o"},"image":{"@id":"https:\/\/www.notibras.com\/site\/#\/schema\/logo\/image\/"},"sameAs":["https:\/\/www.facebook.com\/notibras\/","https:\/\/x.com\/Notibras","https:\/\/www.instagram.com\/notibras\/"]},{"@type":"Person","@id":"https:\/\/www.notibras.com\/site\/#\/schema\/person\/36ab0979449956132d3e5b517ea76ac8","name":"Reda\u00e7\u00e3o","image":{"@type":"ImageObject","inLanguage":"pt-BR","@id":"https:\/\/secure.gravatar.com\/avatar\/e0a867bdedb85fd243eadf09663511f96fc81e0720a4a42581f334ad4303aa6b?s=96&d=mm&r=g","url":"https:\/\/secure.gravatar.com\/avatar\/e0a867bdedb85fd243eadf09663511f96fc81e0720a4a42581f334ad4303aa6b?s=96&d=mm&r=g","contentUrl":"https:\/\/secure.gravatar.com\/avatar\/e0a867bdedb85fd243eadf09663511f96fc81e0720a4a42581f334ad4303aa6b?s=96&d=mm&r=g","caption":"Reda\u00e7\u00e3o"}}]}},"amp_enabled":true,"_links":{"self":[{"href":"https:\/\/www.notibras.com\/site\/wp-json\/wp\/v2\/posts\/392562","targetHints":{"allow":["GET"]}}],"collection":[{"href":"https:\/\/www.notibras.com\/site\/wp-json\/wp\/v2\/posts"}],"about":[{"href":"https:\/\/www.notibras.com\/site\/wp-json\/wp\/v2\/types\/post"}],"author":[{"embeddable":true,"href":"https:\/\/www.notibras.com\/site\/wp-json\/wp\/v2\/users\/2"}],"replies":[{"embeddable":true,"href":"https:\/\/www.notibras.com\/site\/wp-json\/wp\/v2\/comments?post=392562"}],"version-history":[{"count":6,"href":"https:\/\/www.notibras.com\/site\/wp-json\/wp\/v2\/posts\/392562\/revisions"}],"predecessor-version":[{"id":392574,"href":"https:\/\/www.notibras.com\/site\/wp-json\/wp\/v2\/posts\/392562\/revisions\/392574"}],"wp:featuredmedia":[{"embeddable":true,"href":"https:\/\/www.notibras.com\/site\/wp-json\/wp\/v2\/media\/392568"}],"wp:attachment":[{"href":"https:\/\/www.notibras.com\/site\/wp-json\/wp\/v2\/media?parent=392562"}],"wp:term":[{"taxonomy":"category","embeddable":true,"href":"https:\/\/www.notibras.com\/site\/wp-json\/wp\/v2\/categories?post=392562"},{"taxonomy":"post_tag","embeddable":true,"href":"https:\/\/www.notibras.com\/site\/wp-json\/wp\/v2\/tags?post=392562"}],"curies":[{"name":"wp","href":"https:\/\/api.w.org\/{rel}","templated":true}]}}