{"id":392563,"date":"2026-04-26T02:00:29","date_gmt":"2026-04-26T05:00:29","guid":{"rendered":"https:\/\/www.notibras.com\/site\/?p=392563"},"modified":"2026-04-25T22:25:24","modified_gmt":"2026-04-26T01:25:24","slug":"mais-perdido-que-o-1o-de-abril","status":"publish","type":"post","link":"https:\/\/www.notibras.com\/site\/mais-perdido-que-o-1o-de-abril\/","title":{"rendered":"Mais perdido que o 1\u00ba de abril"},"content":{"rendered":"<p>Os arranjos eleitorais em Santa Catarina ainda est\u00e3o em constru\u00e7\u00e3o. As pesquisas mais recentes colocam como favoritos ao Senado nomes j\u00e1 conhecidos do eleitorado: Carol de Toni, do PL, e Esperidi\u00e3o Amin, hoje filiado ao Progressistas. Nesse desenho, um nome que chama aten\u00e7\u00e3o pela aus\u00eancia de viabilidade \u00e9 o de Carlos Bolsonaro, que, apesar do peso do sobrenome, parece n\u00e3o ter encontrado terreno f\u00e9rtil fora de seu reduto tradicional.<\/p>\n<p>Nos bastidores, a movimenta\u00e7\u00e3o \u00e9 intensa e revela o quanto a pol\u00edtica ainda se estrutura em negocia\u00e7\u00f5es e promessas. H\u00e1 um esfor\u00e7o claro para demover Esperidi\u00e3o Amin de disputar o Senado, com acenos que v\u00e3o desde espa\u00e7os privilegiados at\u00e9 a oferta de minist\u00e9rios em um eventual governo de Fl\u00e1vio Bolsonaro. Trata-se de uma tentativa de rearranjar o tabuleiro para abrir caminho a outros projetos, mas que esbarra em um obst\u00e1culo fundamental: a trajet\u00f3ria pol\u00edtica de Amin. Experiente e calejado, dificilmente cair\u00e1 em promessas que dependem de cen\u00e1rios incertos.<\/p>\n<p>Enquanto isso, a realidade se imp\u00f5e de forma dura para Carlos Bolsonaro. Diferente do que se poderia imaginar, o sobrenome n\u00e3o garante apoio autom\u00e1tico, especialmente em um estado com din\u00e2mica pol\u00edtica pr\u00f3pria como Santa Catarina. H\u00e1, inclusive, resist\u00eancia dentro do pr\u00f3prio PL, com prefeitos que j\u00e1 sinalizam falta de entusiasmo com sua candidatura. O resultado \u00e9 um cen\u00e1rio em que Carlos deixa de ser favorito e passa a correr um risco real de sequer se eleger. Uma demonstra\u00e7\u00e3o clara de que capital eleitoral n\u00e3o se herda: se constr\u00f3i.<\/p>\n","protected":false},"excerpt":{"rendered":"<p>Os arranjos eleitorais em Santa Catarina ainda est\u00e3o em constru\u00e7\u00e3o. As pesquisas mais recentes colocam como favoritos ao Senado nomes j\u00e1 conhecidos do eleitorado: Carol de Toni, do PL, e Esperidi\u00e3o Amin, hoje filiado ao Progressistas. Nesse desenho, um nome que chama aten\u00e7\u00e3o pela aus\u00eancia de viabilidade \u00e9 o de Carlos Bolsonaro, que, apesar do [&hellip;]<\/p>\n","protected":false},"author":21,"featured_media":392564,"comment_status":"closed","ping_status":"closed","sticky":false,"template":"","format":"standard","meta":{"_acf_changed":false,"footnotes":""},"categories":[235],"tags":[],"class_list":["post-392563","post","type-post","status-publish","format-standard","has-post-thumbnail","hentry","category-dona-irene"],"acf":[],"yoast_head":"<!-- This site is optimized with the Yoast SEO plugin v27.2 - https:\/\/yoast.com\/product\/yoast-seo-wordpress\/ -->\n<title>Mais perdido que o 1\u00ba de abril - Notibras<\/title>\n<meta name=\"robots\" content=\"index, follow, max-snippet:-1, max-image-preview:large, max-video-preview:-1\" \/>\n<link rel=\"canonical\" href=\"https:\/\/www.notibras.com\/site\/mais-perdido-que-o-1o-de-abril\/\" \/>\n<meta property=\"og:locale\" content=\"pt_BR\" \/>\n<meta property=\"og:type\" content=\"article\" \/>\n<meta property=\"og:title\" content=\"Mais perdido que o 1\u00ba de abril - Notibras\" \/>\n<meta property=\"og:description\" content=\"Os arranjos eleitorais em Santa Catarina ainda est\u00e3o em constru\u00e7\u00e3o. As pesquisas mais recentes colocam como favoritos ao Senado nomes j\u00e1 conhecidos do eleitorado: Carol de Toni, do PL, e Esperidi\u00e3o Amin, hoje filiado ao Progressistas. Nesse desenho, um nome que chama aten\u00e7\u00e3o pela aus\u00eancia de viabilidade \u00e9 o de Carlos Bolsonaro, que, apesar do [&hellip;]\" \/>\n<meta property=\"og:url\" content=\"https:\/\/www.notibras.com\/site\/mais-perdido-que-o-1o-de-abril\/\" \/>\n<meta property=\"og:site_name\" content=\"Notibras\" \/>\n<meta property=\"article:publisher\" content=\"https:\/\/www.facebook.com\/notibras\/\" \/>\n<meta property=\"article:published_time\" content=\"2026-04-26T05:00:29+00:00\" \/>\n<meta property=\"og:image\" content=\"https:\/\/www.notibras.com\/site\/wp-content\/uploads\/2026\/04\/1ca41403-carlos-bolsonaro-apos-saida-do-ex-presidente-do-hospital-df-star-metropoles-3-scaled-1.webp\" \/>\n\t<meta property=\"og:image:width\" content=\"900\" \/>\n\t<meta property=\"og:image:height\" content=\"600\" \/>\n\t<meta property=\"og:image:type\" content=\"image\/webp\" \/>\n<meta name=\"author\" content=\"Eduardo Mart\u00ednez\" \/>\n<meta name=\"twitter:card\" content=\"summary_large_image\" \/>\n<meta name=\"twitter:creator\" content=\"@Notibras\" \/>\n<meta name=\"twitter:site\" content=\"@Notibras\" \/>\n<meta name=\"twitter:label1\" content=\"Escrito por\" \/>\n\t<meta name=\"twitter:data1\" content=\"Eduardo Mart\u00ednez\" \/>\n\t<meta name=\"twitter:label2\" content=\"Est. tempo de leitura\" \/>\n\t<meta name=\"twitter:data2\" content=\"2 minutos\" \/>\n<script type=\"application\/ld+json\" class=\"yoast-schema-graph\">{\"@context\":\"https:\/\/schema.org\",\"@graph\":[{\"@type\":\"Article\",\"@id\":\"https:\/\/www.notibras.com\/site\/mais-perdido-que-o-1o-de-abril\/#article\",\"isPartOf\":{\"@id\":\"https:\/\/www.notibras.com\/site\/mais-perdido-que-o-1o-de-abril\/\"},\"author\":{\"name\":\"Eduardo Mart\u00ednez\",\"@id\":\"https:\/\/www.notibras.com\/site\/#\/schema\/person\/5b7fabf2aedc3ada2105f03b22b4d3dd\"},\"headline\":\"Mais perdido que o 1\u00ba de abril\",\"datePublished\":\"2026-04-26T05:00:29+00:00\",\"mainEntityOfPage\":{\"@id\":\"https:\/\/www.notibras.com\/site\/mais-perdido-que-o-1o-de-abril\/\"},\"wordCount\":280,\"publisher\":{\"@id\":\"https:\/\/www.notibras.com\/site\/#organization\"},\"image\":{\"@id\":\"https:\/\/www.notibras.com\/site\/mais-perdido-que-o-1o-de-abril\/#primaryimage\"},\"thumbnailUrl\":\"https:\/\/www.notibras.com\/site\/wp-content\/uploads\/2026\/04\/1ca41403-carlos-bolsonaro-apos-saida-do-ex-presidente-do-hospital-df-star-metropoles-3-scaled-1.webp\",\"articleSection\":[\"Dona Irene\"],\"inLanguage\":\"pt-BR\"},{\"@type\":\"WebPage\",\"@id\":\"https:\/\/www.notibras.com\/site\/mais-perdido-que-o-1o-de-abril\/\",\"url\":\"https:\/\/www.notibras.com\/site\/mais-perdido-que-o-1o-de-abril\/\",\"name\":\"Mais perdido que o 1\u00ba de abril - Notibras\",\"isPartOf\":{\"@id\":\"https:\/\/www.notibras.com\/site\/#website\"},\"primaryImageOfPage\":{\"@id\":\"https:\/\/www.notibras.com\/site\/mais-perdido-que-o-1o-de-abril\/#primaryimage\"},\"image\":{\"@id\":\"https:\/\/www.notibras.com\/site\/mais-perdido-que-o-1o-de-abril\/#primaryimage\"},\"thumbnailUrl\":\"https:\/\/www.notibras.com\/site\/wp-content\/uploads\/2026\/04\/1ca41403-carlos-bolsonaro-apos-saida-do-ex-presidente-do-hospital-df-star-metropoles-3-scaled-1.webp\",\"datePublished\":\"2026-04-26T05:00:29+00:00\",\"breadcrumb\":{\"@id\":\"https:\/\/www.notibras.com\/site\/mais-perdido-que-o-1o-de-abril\/#breadcrumb\"},\"inLanguage\":\"pt-BR\",\"potentialAction\":[{\"@type\":\"ReadAction\",\"target\":[\"https:\/\/www.notibras.com\/site\/mais-perdido-que-o-1o-de-abril\/\"]}]},{\"@type\":\"ImageObject\",\"inLanguage\":\"pt-BR\",\"@id\":\"https:\/\/www.notibras.com\/site\/mais-perdido-que-o-1o-de-abril\/#primaryimage\",\"url\":\"https:\/\/www.notibras.com\/site\/wp-content\/uploads\/2026\/04\/1ca41403-carlos-bolsonaro-apos-saida-do-ex-presidente-do-hospital-df-star-metropoles-3-scaled-1.webp\",\"contentUrl\":\"https:\/\/www.notibras.com\/site\/wp-content\/uploads\/2026\/04\/1ca41403-carlos-bolsonaro-apos-saida-do-ex-presidente-do-hospital-df-star-metropoles-3-scaled-1.webp\",\"width\":900,\"height\":600},{\"@type\":\"BreadcrumbList\",\"@id\":\"https:\/\/www.notibras.com\/site\/mais-perdido-que-o-1o-de-abril\/#breadcrumb\",\"itemListElement\":[{\"@type\":\"ListItem\",\"position\":1,\"name\":\"In\u00edcio\",\"item\":\"https:\/\/www.notibras.com\/site\/\"},{\"@type\":\"ListItem\",\"position\":2,\"name\":\"Mais perdido que o 1\u00ba de abril\"}]},{\"@type\":\"WebSite\",\"@id\":\"https:\/\/www.notibras.com\/site\/#website\",\"url\":\"https:\/\/www.notibras.com\/site\/\",\"name\":\"Notibras\",\"description\":\"Not\u00edcias de Bras\u00edlia, do Brasil e do Mundo\",\"publisher\":{\"@id\":\"https:\/\/www.notibras.com\/site\/#organization\"},\"potentialAction\":[{\"@type\":\"SearchAction\",\"target\":{\"@type\":\"EntryPoint\",\"urlTemplate\":\"https:\/\/www.notibras.com\/site\/?s={search_term_string}\"},\"query-input\":{\"@type\":\"PropertyValueSpecification\",\"valueRequired\":true,\"valueName\":\"search_term_string\"}}],\"inLanguage\":\"pt-BR\"},{\"@type\":\"Organization\",\"@id\":\"https:\/\/www.notibras.com\/site\/#organization\",\"name\":\"Grupo Notibras de Comunica\u00e7\u00e3o\",\"url\":\"https:\/\/www.notibras.com\/site\/\",\"logo\":{\"@type\":\"ImageObject\",\"inLanguage\":\"pt-BR\",\"@id\":\"https:\/\/www.notibras.com\/site\/#\/schema\/logo\/image\/\",\"url\":\"https:\/\/www.notibras.com\/site\/wp-content\/uploads\/2023\/01\/notibras23.png\",\"contentUrl\":\"https:\/\/www.notibras.com\/site\/wp-content\/uploads\/2023\/01\/notibras23.png\",\"width\":350,\"height\":87,\"caption\":\"Grupo Notibras de Comunica\u00e7\u00e3o\"},\"image\":{\"@id\":\"https:\/\/www.notibras.com\/site\/#\/schema\/logo\/image\/\"},\"sameAs\":[\"https:\/\/www.facebook.com\/notibras\/\",\"https:\/\/x.com\/Notibras\",\"https:\/\/www.instagram.com\/notibras\/\"]},{\"@type\":\"Person\",\"@id\":\"https:\/\/www.notibras.com\/site\/#\/schema\/person\/5b7fabf2aedc3ada2105f03b22b4d3dd\",\"name\":\"Eduardo Mart\u00ednez\",\"image\":{\"@type\":\"ImageObject\",\"inLanguage\":\"pt-BR\",\"@id\":\"https:\/\/secure.gravatar.com\/avatar\/7902f906289926289cbcda644b5197c796b893c6ffd7b9a536a42d290f7704a0?s=96&d=mm&r=g\",\"url\":\"https:\/\/secure.gravatar.com\/avatar\/7902f906289926289cbcda644b5197c796b893c6ffd7b9a536a42d290f7704a0?s=96&d=mm&r=g\",\"contentUrl\":\"https:\/\/secure.gravatar.com\/avatar\/7902f906289926289cbcda644b5197c796b893c6ffd7b9a536a42d290f7704a0?s=96&d=mm&r=g\",\"caption\":\"Eduardo Mart\u00ednez\"}}]}<\/script>\n<!-- \/ Yoast SEO plugin. -->","yoast_head_json":{"title":"Mais perdido que o 1\u00ba de abril - Notibras","robots":{"index":"index","follow":"follow","max-snippet":"max-snippet:-1","max-image-preview":"max-image-preview:large","max-video-preview":"max-video-preview:-1"},"canonical":"https:\/\/www.notibras.com\/site\/mais-perdido-que-o-1o-de-abril\/","og_locale":"pt_BR","og_type":"article","og_title":"Mais perdido que o 1\u00ba de abril - Notibras","og_description":"Os arranjos eleitorais em Santa Catarina ainda est\u00e3o em constru\u00e7\u00e3o. As pesquisas mais recentes colocam como favoritos ao Senado nomes j\u00e1 conhecidos do eleitorado: Carol de Toni, do PL, e Esperidi\u00e3o Amin, hoje filiado ao Progressistas. Nesse desenho, um nome que chama aten\u00e7\u00e3o pela aus\u00eancia de viabilidade \u00e9 o de Carlos Bolsonaro, que, apesar do [&hellip;]","og_url":"https:\/\/www.notibras.com\/site\/mais-perdido-que-o-1o-de-abril\/","og_site_name":"Notibras","article_publisher":"https:\/\/www.facebook.com\/notibras\/","article_published_time":"2026-04-26T05:00:29+00:00","og_image":[{"width":900,"height":600,"url":"https:\/\/www.notibras.com\/site\/wp-content\/uploads\/2026\/04\/1ca41403-carlos-bolsonaro-apos-saida-do-ex-presidente-do-hospital-df-star-metropoles-3-scaled-1.webp","type":"image\/webp"}],"author":"Eduardo Mart\u00ednez","twitter_card":"summary_large_image","twitter_creator":"@Notibras","twitter_site":"@Notibras","twitter_misc":{"Escrito por":"Eduardo Mart\u00ednez","Est. tempo de leitura":"2 minutos"},"schema":{"@context":"https:\/\/schema.org","@graph":[{"@type":"Article","@id":"https:\/\/www.notibras.com\/site\/mais-perdido-que-o-1o-de-abril\/#article","isPartOf":{"@id":"https:\/\/www.notibras.com\/site\/mais-perdido-que-o-1o-de-abril\/"},"author":{"name":"Eduardo Mart\u00ednez","@id":"https:\/\/www.notibras.com\/site\/#\/schema\/person\/5b7fabf2aedc3ada2105f03b22b4d3dd"},"headline":"Mais perdido que o 1\u00ba de abril","datePublished":"2026-04-26T05:00:29+00:00","mainEntityOfPage":{"@id":"https:\/\/www.notibras.com\/site\/mais-perdido-que-o-1o-de-abril\/"},"wordCount":280,"publisher":{"@id":"https:\/\/www.notibras.com\/site\/#organization"},"image":{"@id":"https:\/\/www.notibras.com\/site\/mais-perdido-que-o-1o-de-abril\/#primaryimage"},"thumbnailUrl":"https:\/\/www.notibras.com\/site\/wp-content\/uploads\/2026\/04\/1ca41403-carlos-bolsonaro-apos-saida-do-ex-presidente-do-hospital-df-star-metropoles-3-scaled-1.webp","articleSection":["Dona Irene"],"inLanguage":"pt-BR"},{"@type":"WebPage","@id":"https:\/\/www.notibras.com\/site\/mais-perdido-que-o-1o-de-abril\/","url":"https:\/\/www.notibras.com\/site\/mais-perdido-que-o-1o-de-abril\/","name":"Mais perdido que o 1\u00ba de abril - Notibras","isPartOf":{"@id":"https:\/\/www.notibras.com\/site\/#website"},"primaryImageOfPage":{"@id":"https:\/\/www.notibras.com\/site\/mais-perdido-que-o-1o-de-abril\/#primaryimage"},"image":{"@id":"https:\/\/www.notibras.com\/site\/mais-perdido-que-o-1o-de-abril\/#primaryimage"},"thumbnailUrl":"https:\/\/www.notibras.com\/site\/wp-content\/uploads\/2026\/04\/1ca41403-carlos-bolsonaro-apos-saida-do-ex-presidente-do-hospital-df-star-metropoles-3-scaled-1.webp","datePublished":"2026-04-26T05:00:29+00:00","breadcrumb":{"@id":"https:\/\/www.notibras.com\/site\/mais-perdido-que-o-1o-de-abril\/#breadcrumb"},"inLanguage":"pt-BR","potentialAction":[{"@type":"ReadAction","target":["https:\/\/www.notibras.com\/site\/mais-perdido-que-o-1o-de-abril\/"]}]},{"@type":"ImageObject","inLanguage":"pt-BR","@id":"https:\/\/www.notibras.com\/site\/mais-perdido-que-o-1o-de-abril\/#primaryimage","url":"https:\/\/www.notibras.com\/site\/wp-content\/uploads\/2026\/04\/1ca41403-carlos-bolsonaro-apos-saida-do-ex-presidente-do-hospital-df-star-metropoles-3-scaled-1.webp","contentUrl":"https:\/\/www.notibras.com\/site\/wp-content\/uploads\/2026\/04\/1ca41403-carlos-bolsonaro-apos-saida-do-ex-presidente-do-hospital-df-star-metropoles-3-scaled-1.webp","width":900,"height":600},{"@type":"BreadcrumbList","@id":"https:\/\/www.notibras.com\/site\/mais-perdido-que-o-1o-de-abril\/#breadcrumb","itemListElement":[{"@type":"ListItem","position":1,"name":"In\u00edcio","item":"https:\/\/www.notibras.com\/site\/"},{"@type":"ListItem","position":2,"name":"Mais perdido que o 1\u00ba de abril"}]},{"@type":"WebSite","@id":"https:\/\/www.notibras.com\/site\/#website","url":"https:\/\/www.notibras.com\/site\/","name":"Notibras","description":"Not\u00edcias de Bras\u00edlia, do Brasil e do Mundo","publisher":{"@id":"https:\/\/www.notibras.com\/site\/#organization"},"potentialAction":[{"@type":"SearchAction","target":{"@type":"EntryPoint","urlTemplate":"https:\/\/www.notibras.com\/site\/?s={search_term_string}"},"query-input":{"@type":"PropertyValueSpecification","valueRequired":true,"valueName":"search_term_string"}}],"inLanguage":"pt-BR"},{"@type":"Organization","@id":"https:\/\/www.notibras.com\/site\/#organization","name":"Grupo Notibras de Comunica\u00e7\u00e3o","url":"https:\/\/www.notibras.com\/site\/","logo":{"@type":"ImageObject","inLanguage":"pt-BR","@id":"https:\/\/www.notibras.com\/site\/#\/schema\/logo\/image\/","url":"https:\/\/www.notibras.com\/site\/wp-content\/uploads\/2023\/01\/notibras23.png","contentUrl":"https:\/\/www.notibras.com\/site\/wp-content\/uploads\/2023\/01\/notibras23.png","width":350,"height":87,"caption":"Grupo Notibras de Comunica\u00e7\u00e3o"},"image":{"@id":"https:\/\/www.notibras.com\/site\/#\/schema\/logo\/image\/"},"sameAs":["https:\/\/www.facebook.com\/notibras\/","https:\/\/x.com\/Notibras","https:\/\/www.instagram.com\/notibras\/"]},{"@type":"Person","@id":"https:\/\/www.notibras.com\/site\/#\/schema\/person\/5b7fabf2aedc3ada2105f03b22b4d3dd","name":"Eduardo Mart\u00ednez","image":{"@type":"ImageObject","inLanguage":"pt-BR","@id":"https:\/\/secure.gravatar.com\/avatar\/7902f906289926289cbcda644b5197c796b893c6ffd7b9a536a42d290f7704a0?s=96&d=mm&r=g","url":"https:\/\/secure.gravatar.com\/avatar\/7902f906289926289cbcda644b5197c796b893c6ffd7b9a536a42d290f7704a0?s=96&d=mm&r=g","contentUrl":"https:\/\/secure.gravatar.com\/avatar\/7902f906289926289cbcda644b5197c796b893c6ffd7b9a536a42d290f7704a0?s=96&d=mm&r=g","caption":"Eduardo Mart\u00ednez"}}]}},"amp_enabled":true,"_links":{"self":[{"href":"https:\/\/www.notibras.com\/site\/wp-json\/wp\/v2\/posts\/392563","targetHints":{"allow":["GET"]}}],"collection":[{"href":"https:\/\/www.notibras.com\/site\/wp-json\/wp\/v2\/posts"}],"about":[{"href":"https:\/\/www.notibras.com\/site\/wp-json\/wp\/v2\/types\/post"}],"author":[{"embeddable":true,"href":"https:\/\/www.notibras.com\/site\/wp-json\/wp\/v2\/users\/21"}],"replies":[{"embeddable":true,"href":"https:\/\/www.notibras.com\/site\/wp-json\/wp\/v2\/comments?post=392563"}],"version-history":[{"count":2,"href":"https:\/\/www.notibras.com\/site\/wp-json\/wp\/v2\/posts\/392563\/revisions"}],"predecessor-version":[{"id":392567,"href":"https:\/\/www.notibras.com\/site\/wp-json\/wp\/v2\/posts\/392563\/revisions\/392567"}],"wp:featuredmedia":[{"embeddable":true,"href":"https:\/\/www.notibras.com\/site\/wp-json\/wp\/v2\/media\/392564"}],"wp:attachment":[{"href":"https:\/\/www.notibras.com\/site\/wp-json\/wp\/v2\/media?parent=392563"}],"wp:term":[{"taxonomy":"category","embeddable":true,"href":"https:\/\/www.notibras.com\/site\/wp-json\/wp\/v2\/categories?post=392563"},{"taxonomy":"post_tag","embeddable":true,"href":"https:\/\/www.notibras.com\/site\/wp-json\/wp\/v2\/tags?post=392563"}],"curies":[{"name":"wp","href":"https:\/\/api.w.org\/{rel}","templated":true}]}}