{"id":392575,"date":"2026-04-26T09:22:50","date_gmt":"2026-04-26T12:22:50","guid":{"rendered":"https:\/\/www.notibras.com\/site\/?p=392575"},"modified":"2026-04-26T09:22:50","modified_gmt":"2026-04-26T12:22:50","slug":"no-brasil-troca-se-a-embalagem-e-deixam-o-conteudo-como-velho-filme","status":"publish","type":"post","link":"https:\/\/www.notibras.com\/site\/no-brasil-troca-se-a-embalagem-e-deixam-o-conteudo-como-velho-filme\/","title":{"rendered":"No Brasil troca-se a embalagem e deixam o conte\u00fado como velho filme"},"content":{"rendered":"<p>Tem umas coisas que a gente escuta e nem precisa ir at\u00e9 o fim. No meio da frase j\u00e1 d\u00e1 pra sacar. L\u00e1 vem massaranduba do tempo. N\u00e3o \u00e9 nem maldade. \u00c9 costume mesmo. O sujeito ajeita a ideia, d\u00e1 uma lustrada, bota uma palavra bonita no meio e manda como se tivesse descoberto a roda. \u00c0s vezes at\u00e9 pega ar, cresce na fala, se acha por cima da carne seca\u2026 mas aquilo ali, meu amigo, j\u00e1 rodou foi muito. Do tempo do on\u00e7a, sem tirar nem p\u00f4r.<\/p>\n<p>Outro dia fiquei s\u00f3 olhando. Nem discuti. Pra qu\u00ea tamb\u00e9m? Era mais velho que andar pra frente. A pessoa vinha com aquela empolga\u00e7\u00e3o, achando que estava abafando, montado na ema, como quem pega um embalo e vai, e eu ali pensando c\u00e1 comigo\u2026 isso a\u00ed j\u00e1 deu o que tinha que dar faz tempo. Tem umas que s\u00e3o do arco da velha mesmo. Ideia que j\u00e1 nasce meio cansada. J\u00e1 vem com aquele jeit\u00e3o meio xarope, meio sem sustan\u00e7a\u2026 mas sempre tem algu\u00e9m disposto a testar de novo. Como se dessa vez fosse diferente. N\u00e3o \u00e9.<\/p>\n<p>E tem o teimoso. Ah, esse n\u00e3o larga. Mais duro que pau de arara. Voc\u00ea mostra, explica, desenha no ch\u00e3o se precisar, e nada. O cabra at\u00e9 se enverga, mas n\u00e3o se tora. Fica ali. Firme naquilo. No Sul iam dizer que \u00e9 cabe\u00e7a dura. No Centro-Oeste, que encasquetou. E n\u00e3o tem muito o que fazer.<\/p>\n<p>No meio disso tudo, quem j\u00e1 correu estrada n\u00e3o se assanha muito. Velho de guerra olha, d\u00e1 um meio sorriso de canto e deixa passar. J\u00e1 viu esse filme mais de uma vez. N\u00e3o se avexa. Nem perde tempo querendo provar nada.<\/p>\n<p>E tem tamb\u00e9m aquelas situa\u00e7\u00f5es que v\u00e3o se montando, uma ideia em cima da outra, tudo muito colorido, chamativo, cheio de enfeite, parecendo penteadeira de prostituta. Bonito de ver. At\u00e9 impressiona de longe. Mas quando chega perto\u2026 \u00e9 mais apar\u00eancia do que outra coisa.<\/p>\n<p>O curioso \u00e9 que a gente gosta de achar que est\u00e1 falando de coisa nova. Que agora vai. Que dessa vez tem diferen\u00e7a. Capaz. No fundo, \u00e9 tudo conhecido. S\u00f3 muda a embalagem, o tom de voz, o cen\u00e1rio.<br \/>\nO resto\u2026 \u00e9 massaranduba do tempo mesmo.<\/p>\n","protected":false},"excerpt":{"rendered":"<p>Tem umas coisas que a gente escuta e nem precisa ir at\u00e9 o fim. No meio da frase j\u00e1 d\u00e1 pra sacar. L\u00e1 vem massaranduba do tempo. N\u00e3o \u00e9 nem maldade. \u00c9 costume mesmo. O sujeito ajeita a ideia, d\u00e1 uma lustrada, bota uma palavra bonita no meio e manda como se tivesse descoberto a [&hellip;]<\/p>\n","protected":false},"author":2,"featured_media":392576,"comment_status":"closed","ping_status":"closed","sticky":false,"template":"","format":"standard","meta":{"_acf_changed":false,"footnotes":""},"categories":[16],"tags":[],"class_list":["post-392575","post","type-post","status-publish","format-standard","has-post-thumbnail","hentry","category-brasil"],"acf":[],"yoast_head":"<!-- This site is optimized with the Yoast SEO plugin v27.2 - https:\/\/yoast.com\/product\/yoast-seo-wordpress\/ -->\n<title>No Brasil troca-se a embalagem e deixam o conte\u00fado como velho filme - Notibras<\/title>\n<meta name=\"robots\" content=\"index, follow, max-snippet:-1, max-image-preview:large, max-video-preview:-1\" \/>\n<link rel=\"canonical\" href=\"https:\/\/www.notibras.com\/site\/no-brasil-troca-se-a-embalagem-e-deixam-o-conteudo-como-velho-filme\/\" \/>\n<meta property=\"og:locale\" content=\"pt_BR\" \/>\n<meta property=\"og:type\" content=\"article\" \/>\n<meta property=\"og:title\" content=\"No Brasil troca-se a embalagem e deixam o conte\u00fado como velho filme - Notibras\" \/>\n<meta property=\"og:description\" content=\"Tem umas coisas que a gente escuta e nem precisa ir at\u00e9 o fim. No meio da frase j\u00e1 d\u00e1 pra sacar. L\u00e1 vem massaranduba do tempo. N\u00e3o \u00e9 nem maldade. \u00c9 costume mesmo. O sujeito ajeita a ideia, d\u00e1 uma lustrada, bota uma palavra bonita no meio e manda como se tivesse descoberto a [&hellip;]\" \/>\n<meta property=\"og:url\" content=\"https:\/\/www.notibras.com\/site\/no-brasil-troca-se-a-embalagem-e-deixam-o-conteudo-como-velho-filme\/\" \/>\n<meta property=\"og:site_name\" content=\"Notibras\" \/>\n<meta property=\"article:publisher\" content=\"https:\/\/www.facebook.com\/notibras\/\" \/>\n<meta property=\"article:published_time\" content=\"2026-04-26T12:22:50+00:00\" \/>\n<meta property=\"og:image\" content=\"https:\/\/www.notibras.com\/site\/wp-content\/uploads\/2026\/04\/f001fd9f-db61-4bf8-9b22-38cd541274b8.jpg\" \/>\n\t<meta property=\"og:image:width\" content=\"1536\" \/>\n\t<meta property=\"og:image:height\" content=\"1024\" \/>\n\t<meta property=\"og:image:type\" content=\"image\/jpeg\" \/>\n<meta name=\"author\" content=\"Reda\u00e7\u00e3o\" \/>\n<meta name=\"twitter:card\" content=\"summary_large_image\" \/>\n<meta name=\"twitter:creator\" content=\"@Notibras\" \/>\n<meta name=\"twitter:site\" content=\"@Notibras\" \/>\n<meta name=\"twitter:label1\" content=\"Escrito por\" \/>\n\t<meta name=\"twitter:data1\" content=\"Reda\u00e7\u00e3o\" \/>\n\t<meta name=\"twitter:label2\" content=\"Est. tempo de leitura\" \/>\n\t<meta name=\"twitter:data2\" content=\"3 minutos\" \/>\n<script type=\"application\/ld+json\" class=\"yoast-schema-graph\">{\"@context\":\"https:\/\/schema.org\",\"@graph\":[{\"@type\":\"Article\",\"@id\":\"https:\/\/www.notibras.com\/site\/no-brasil-troca-se-a-embalagem-e-deixam-o-conteudo-como-velho-filme\/#article\",\"isPartOf\":{\"@id\":\"https:\/\/www.notibras.com\/site\/no-brasil-troca-se-a-embalagem-e-deixam-o-conteudo-como-velho-filme\/\"},\"author\":{\"name\":\"Reda\u00e7\u00e3o\",\"@id\":\"https:\/\/www.notibras.com\/site\/#\/schema\/person\/36ab0979449956132d3e5b517ea76ac8\"},\"headline\":\"No Brasil troca-se a embalagem e deixam o conte\u00fado como velho filme\",\"datePublished\":\"2026-04-26T12:22:50+00:00\",\"mainEntityOfPage\":{\"@id\":\"https:\/\/www.notibras.com\/site\/no-brasil-troca-se-a-embalagem-e-deixam-o-conteudo-como-velho-filme\/\"},\"wordCount\":400,\"publisher\":{\"@id\":\"https:\/\/www.notibras.com\/site\/#organization\"},\"image\":{\"@id\":\"https:\/\/www.notibras.com\/site\/no-brasil-troca-se-a-embalagem-e-deixam-o-conteudo-como-velho-filme\/#primaryimage\"},\"thumbnailUrl\":\"https:\/\/www.notibras.com\/site\/wp-content\/uploads\/2026\/04\/f001fd9f-db61-4bf8-9b22-38cd541274b8.jpg\",\"articleSection\":[\"Brasil\"],\"inLanguage\":\"pt-BR\"},{\"@type\":\"WebPage\",\"@id\":\"https:\/\/www.notibras.com\/site\/no-brasil-troca-se-a-embalagem-e-deixam-o-conteudo-como-velho-filme\/\",\"url\":\"https:\/\/www.notibras.com\/site\/no-brasil-troca-se-a-embalagem-e-deixam-o-conteudo-como-velho-filme\/\",\"name\":\"No Brasil troca-se a embalagem e deixam o conte\u00fado como velho filme - Notibras\",\"isPartOf\":{\"@id\":\"https:\/\/www.notibras.com\/site\/#website\"},\"primaryImageOfPage\":{\"@id\":\"https:\/\/www.notibras.com\/site\/no-brasil-troca-se-a-embalagem-e-deixam-o-conteudo-como-velho-filme\/#primaryimage\"},\"image\":{\"@id\":\"https:\/\/www.notibras.com\/site\/no-brasil-troca-se-a-embalagem-e-deixam-o-conteudo-como-velho-filme\/#primaryimage\"},\"thumbnailUrl\":\"https:\/\/www.notibras.com\/site\/wp-content\/uploads\/2026\/04\/f001fd9f-db61-4bf8-9b22-38cd541274b8.jpg\",\"datePublished\":\"2026-04-26T12:22:50+00:00\",\"breadcrumb\":{\"@id\":\"https:\/\/www.notibras.com\/site\/no-brasil-troca-se-a-embalagem-e-deixam-o-conteudo-como-velho-filme\/#breadcrumb\"},\"inLanguage\":\"pt-BR\",\"potentialAction\":[{\"@type\":\"ReadAction\",\"target\":[\"https:\/\/www.notibras.com\/site\/no-brasil-troca-se-a-embalagem-e-deixam-o-conteudo-como-velho-filme\/\"]}]},{\"@type\":\"ImageObject\",\"inLanguage\":\"pt-BR\",\"@id\":\"https:\/\/www.notibras.com\/site\/no-brasil-troca-se-a-embalagem-e-deixam-o-conteudo-como-velho-filme\/#primaryimage\",\"url\":\"https:\/\/www.notibras.com\/site\/wp-content\/uploads\/2026\/04\/f001fd9f-db61-4bf8-9b22-38cd541274b8.jpg\",\"contentUrl\":\"https:\/\/www.notibras.com\/site\/wp-content\/uploads\/2026\/04\/f001fd9f-db61-4bf8-9b22-38cd541274b8.jpg\",\"width\":1536,\"height\":1024},{\"@type\":\"BreadcrumbList\",\"@id\":\"https:\/\/www.notibras.com\/site\/no-brasil-troca-se-a-embalagem-e-deixam-o-conteudo-como-velho-filme\/#breadcrumb\",\"itemListElement\":[{\"@type\":\"ListItem\",\"position\":1,\"name\":\"In\u00edcio\",\"item\":\"https:\/\/www.notibras.com\/site\/\"},{\"@type\":\"ListItem\",\"position\":2,\"name\":\"No Brasil troca-se a embalagem e deixam o conte\u00fado como velho filme\"}]},{\"@type\":\"WebSite\",\"@id\":\"https:\/\/www.notibras.com\/site\/#website\",\"url\":\"https:\/\/www.notibras.com\/site\/\",\"name\":\"Notibras\",\"description\":\"Not\u00edcias de Bras\u00edlia, do Brasil e do Mundo\",\"publisher\":{\"@id\":\"https:\/\/www.notibras.com\/site\/#organization\"},\"potentialAction\":[{\"@type\":\"SearchAction\",\"target\":{\"@type\":\"EntryPoint\",\"urlTemplate\":\"https:\/\/www.notibras.com\/site\/?s={search_term_string}\"},\"query-input\":{\"@type\":\"PropertyValueSpecification\",\"valueRequired\":true,\"valueName\":\"search_term_string\"}}],\"inLanguage\":\"pt-BR\"},{\"@type\":\"Organization\",\"@id\":\"https:\/\/www.notibras.com\/site\/#organization\",\"name\":\"Grupo Notibras de Comunica\u00e7\u00e3o\",\"url\":\"https:\/\/www.notibras.com\/site\/\",\"logo\":{\"@type\":\"ImageObject\",\"inLanguage\":\"pt-BR\",\"@id\":\"https:\/\/www.notibras.com\/site\/#\/schema\/logo\/image\/\",\"url\":\"https:\/\/www.notibras.com\/site\/wp-content\/uploads\/2023\/01\/notibras23.png\",\"contentUrl\":\"https:\/\/www.notibras.com\/site\/wp-content\/uploads\/2023\/01\/notibras23.png\",\"width\":350,\"height\":87,\"caption\":\"Grupo Notibras de Comunica\u00e7\u00e3o\"},\"image\":{\"@id\":\"https:\/\/www.notibras.com\/site\/#\/schema\/logo\/image\/\"},\"sameAs\":[\"https:\/\/www.facebook.com\/notibras\/\",\"https:\/\/x.com\/Notibras\",\"https:\/\/www.instagram.com\/notibras\/\"]},{\"@type\":\"Person\",\"@id\":\"https:\/\/www.notibras.com\/site\/#\/schema\/person\/36ab0979449956132d3e5b517ea76ac8\",\"name\":\"Reda\u00e7\u00e3o\",\"image\":{\"@type\":\"ImageObject\",\"inLanguage\":\"pt-BR\",\"@id\":\"https:\/\/secure.gravatar.com\/avatar\/e0a867bdedb85fd243eadf09663511f96fc81e0720a4a42581f334ad4303aa6b?s=96&d=mm&r=g\",\"url\":\"https:\/\/secure.gravatar.com\/avatar\/e0a867bdedb85fd243eadf09663511f96fc81e0720a4a42581f334ad4303aa6b?s=96&d=mm&r=g\",\"contentUrl\":\"https:\/\/secure.gravatar.com\/avatar\/e0a867bdedb85fd243eadf09663511f96fc81e0720a4a42581f334ad4303aa6b?s=96&d=mm&r=g\",\"caption\":\"Reda\u00e7\u00e3o\"}}]}<\/script>\n<!-- \/ Yoast SEO plugin. -->","yoast_head_json":{"title":"No Brasil troca-se a embalagem e deixam o conte\u00fado como velho filme - Notibras","robots":{"index":"index","follow":"follow","max-snippet":"max-snippet:-1","max-image-preview":"max-image-preview:large","max-video-preview":"max-video-preview:-1"},"canonical":"https:\/\/www.notibras.com\/site\/no-brasil-troca-se-a-embalagem-e-deixam-o-conteudo-como-velho-filme\/","og_locale":"pt_BR","og_type":"article","og_title":"No Brasil troca-se a embalagem e deixam o conte\u00fado como velho filme - Notibras","og_description":"Tem umas coisas que a gente escuta e nem precisa ir at\u00e9 o fim. No meio da frase j\u00e1 d\u00e1 pra sacar. L\u00e1 vem massaranduba do tempo. N\u00e3o \u00e9 nem maldade. \u00c9 costume mesmo. O sujeito ajeita a ideia, d\u00e1 uma lustrada, bota uma palavra bonita no meio e manda como se tivesse descoberto a [&hellip;]","og_url":"https:\/\/www.notibras.com\/site\/no-brasil-troca-se-a-embalagem-e-deixam-o-conteudo-como-velho-filme\/","og_site_name":"Notibras","article_publisher":"https:\/\/www.facebook.com\/notibras\/","article_published_time":"2026-04-26T12:22:50+00:00","og_image":[{"width":1536,"height":1024,"url":"https:\/\/www.notibras.com\/site\/wp-content\/uploads\/2026\/04\/f001fd9f-db61-4bf8-9b22-38cd541274b8.jpg","type":"image\/jpeg"}],"author":"Reda\u00e7\u00e3o","twitter_card":"summary_large_image","twitter_creator":"@Notibras","twitter_site":"@Notibras","twitter_misc":{"Escrito por":"Reda\u00e7\u00e3o","Est. tempo de leitura":"3 minutos"},"schema":{"@context":"https:\/\/schema.org","@graph":[{"@type":"Article","@id":"https:\/\/www.notibras.com\/site\/no-brasil-troca-se-a-embalagem-e-deixam-o-conteudo-como-velho-filme\/#article","isPartOf":{"@id":"https:\/\/www.notibras.com\/site\/no-brasil-troca-se-a-embalagem-e-deixam-o-conteudo-como-velho-filme\/"},"author":{"name":"Reda\u00e7\u00e3o","@id":"https:\/\/www.notibras.com\/site\/#\/schema\/person\/36ab0979449956132d3e5b517ea76ac8"},"headline":"No Brasil troca-se a embalagem e deixam o conte\u00fado como velho filme","datePublished":"2026-04-26T12:22:50+00:00","mainEntityOfPage":{"@id":"https:\/\/www.notibras.com\/site\/no-brasil-troca-se-a-embalagem-e-deixam-o-conteudo-como-velho-filme\/"},"wordCount":400,"publisher":{"@id":"https:\/\/www.notibras.com\/site\/#organization"},"image":{"@id":"https:\/\/www.notibras.com\/site\/no-brasil-troca-se-a-embalagem-e-deixam-o-conteudo-como-velho-filme\/#primaryimage"},"thumbnailUrl":"https:\/\/www.notibras.com\/site\/wp-content\/uploads\/2026\/04\/f001fd9f-db61-4bf8-9b22-38cd541274b8.jpg","articleSection":["Brasil"],"inLanguage":"pt-BR"},{"@type":"WebPage","@id":"https:\/\/www.notibras.com\/site\/no-brasil-troca-se-a-embalagem-e-deixam-o-conteudo-como-velho-filme\/","url":"https:\/\/www.notibras.com\/site\/no-brasil-troca-se-a-embalagem-e-deixam-o-conteudo-como-velho-filme\/","name":"No Brasil troca-se a embalagem e deixam o conte\u00fado como velho filme - Notibras","isPartOf":{"@id":"https:\/\/www.notibras.com\/site\/#website"},"primaryImageOfPage":{"@id":"https:\/\/www.notibras.com\/site\/no-brasil-troca-se-a-embalagem-e-deixam-o-conteudo-como-velho-filme\/#primaryimage"},"image":{"@id":"https:\/\/www.notibras.com\/site\/no-brasil-troca-se-a-embalagem-e-deixam-o-conteudo-como-velho-filme\/#primaryimage"},"thumbnailUrl":"https:\/\/www.notibras.com\/site\/wp-content\/uploads\/2026\/04\/f001fd9f-db61-4bf8-9b22-38cd541274b8.jpg","datePublished":"2026-04-26T12:22:50+00:00","breadcrumb":{"@id":"https:\/\/www.notibras.com\/site\/no-brasil-troca-se-a-embalagem-e-deixam-o-conteudo-como-velho-filme\/#breadcrumb"},"inLanguage":"pt-BR","potentialAction":[{"@type":"ReadAction","target":["https:\/\/www.notibras.com\/site\/no-brasil-troca-se-a-embalagem-e-deixam-o-conteudo-como-velho-filme\/"]}]},{"@type":"ImageObject","inLanguage":"pt-BR","@id":"https:\/\/www.notibras.com\/site\/no-brasil-troca-se-a-embalagem-e-deixam-o-conteudo-como-velho-filme\/#primaryimage","url":"https:\/\/www.notibras.com\/site\/wp-content\/uploads\/2026\/04\/f001fd9f-db61-4bf8-9b22-38cd541274b8.jpg","contentUrl":"https:\/\/www.notibras.com\/site\/wp-content\/uploads\/2026\/04\/f001fd9f-db61-4bf8-9b22-38cd541274b8.jpg","width":1536,"height":1024},{"@type":"BreadcrumbList","@id":"https:\/\/www.notibras.com\/site\/no-brasil-troca-se-a-embalagem-e-deixam-o-conteudo-como-velho-filme\/#breadcrumb","itemListElement":[{"@type":"ListItem","position":1,"name":"In\u00edcio","item":"https:\/\/www.notibras.com\/site\/"},{"@type":"ListItem","position":2,"name":"No Brasil troca-se a embalagem e deixam o conte\u00fado como velho filme"}]},{"@type":"WebSite","@id":"https:\/\/www.notibras.com\/site\/#website","url":"https:\/\/www.notibras.com\/site\/","name":"Notibras","description":"Not\u00edcias de Bras\u00edlia, do Brasil e do Mundo","publisher":{"@id":"https:\/\/www.notibras.com\/site\/#organization"},"potentialAction":[{"@type":"SearchAction","target":{"@type":"EntryPoint","urlTemplate":"https:\/\/www.notibras.com\/site\/?s={search_term_string}"},"query-input":{"@type":"PropertyValueSpecification","valueRequired":true,"valueName":"search_term_string"}}],"inLanguage":"pt-BR"},{"@type":"Organization","@id":"https:\/\/www.notibras.com\/site\/#organization","name":"Grupo Notibras de Comunica\u00e7\u00e3o","url":"https:\/\/www.notibras.com\/site\/","logo":{"@type":"ImageObject","inLanguage":"pt-BR","@id":"https:\/\/www.notibras.com\/site\/#\/schema\/logo\/image\/","url":"https:\/\/www.notibras.com\/site\/wp-content\/uploads\/2023\/01\/notibras23.png","contentUrl":"https:\/\/www.notibras.com\/site\/wp-content\/uploads\/2023\/01\/notibras23.png","width":350,"height":87,"caption":"Grupo Notibras de Comunica\u00e7\u00e3o"},"image":{"@id":"https:\/\/www.notibras.com\/site\/#\/schema\/logo\/image\/"},"sameAs":["https:\/\/www.facebook.com\/notibras\/","https:\/\/x.com\/Notibras","https:\/\/www.instagram.com\/notibras\/"]},{"@type":"Person","@id":"https:\/\/www.notibras.com\/site\/#\/schema\/person\/36ab0979449956132d3e5b517ea76ac8","name":"Reda\u00e7\u00e3o","image":{"@type":"ImageObject","inLanguage":"pt-BR","@id":"https:\/\/secure.gravatar.com\/avatar\/e0a867bdedb85fd243eadf09663511f96fc81e0720a4a42581f334ad4303aa6b?s=96&d=mm&r=g","url":"https:\/\/secure.gravatar.com\/avatar\/e0a867bdedb85fd243eadf09663511f96fc81e0720a4a42581f334ad4303aa6b?s=96&d=mm&r=g","contentUrl":"https:\/\/secure.gravatar.com\/avatar\/e0a867bdedb85fd243eadf09663511f96fc81e0720a4a42581f334ad4303aa6b?s=96&d=mm&r=g","caption":"Reda\u00e7\u00e3o"}}]}},"amp_enabled":true,"_links":{"self":[{"href":"https:\/\/www.notibras.com\/site\/wp-json\/wp\/v2\/posts\/392575","targetHints":{"allow":["GET"]}}],"collection":[{"href":"https:\/\/www.notibras.com\/site\/wp-json\/wp\/v2\/posts"}],"about":[{"href":"https:\/\/www.notibras.com\/site\/wp-json\/wp\/v2\/types\/post"}],"author":[{"embeddable":true,"href":"https:\/\/www.notibras.com\/site\/wp-json\/wp\/v2\/users\/2"}],"replies":[{"embeddable":true,"href":"https:\/\/www.notibras.com\/site\/wp-json\/wp\/v2\/comments?post=392575"}],"version-history":[{"count":1,"href":"https:\/\/www.notibras.com\/site\/wp-json\/wp\/v2\/posts\/392575\/revisions"}],"predecessor-version":[{"id":392577,"href":"https:\/\/www.notibras.com\/site\/wp-json\/wp\/v2\/posts\/392575\/revisions\/392577"}],"wp:featuredmedia":[{"embeddable":true,"href":"https:\/\/www.notibras.com\/site\/wp-json\/wp\/v2\/media\/392576"}],"wp:attachment":[{"href":"https:\/\/www.notibras.com\/site\/wp-json\/wp\/v2\/media?parent=392575"}],"wp:term":[{"taxonomy":"category","embeddable":true,"href":"https:\/\/www.notibras.com\/site\/wp-json\/wp\/v2\/categories?post=392575"},{"taxonomy":"post_tag","embeddable":true,"href":"https:\/\/www.notibras.com\/site\/wp-json\/wp\/v2\/tags?post=392575"}],"curies":[{"name":"wp","href":"https:\/\/api.w.org\/{rel}","templated":true}]}}