{"id":392583,"date":"2026-04-26T09:04:51","date_gmt":"2026-04-26T12:04:51","guid":{"rendered":"https:\/\/www.notibras.com\/site\/?p=392583"},"modified":"2026-04-26T09:47:28","modified_gmt":"2026-04-26T12:47:28","slug":"rindo-a-toa-o-brasileiro-so-quer-alegria-alegria-em-2026","status":"publish","type":"post","link":"https:\/\/www.notibras.com\/site\/rindo-a-toa-o-brasileiro-so-quer-alegria-alegria-em-2026\/","title":{"rendered":"Rindo \u00e0 toa, o brasileiro s\u00f3 quer alegria, alegria em 2026"},"content":{"rendered":"<p class=\"v1gmail-MsoBodyText\">Enquanto tento botar meu bloco novamente na rua, me lembro dos grandes \u00eddolos que a m\u00fasica e o povo do\u00a0<i>Pa\u00eds Tropical<\/i>\u00a0preferiram esquecer. As raz\u00f5es jamais se justificaram. Por que apagar da mem\u00f3ria pessoas que nos permitiram sonhar, sorrir, amar, ser amado e, \u00e0s vezes, chorar por aquilo que pagamos sem nunca ter feito? E por que esquecer can\u00e7\u00f5es que nos fizeram ver\u00a0<i>A Banda<\/i>\u00a0passar e curtir a vida pelo\u00a0<i>Retrovisor<\/i>?\u00a0<i>Deslizes<\/i>\u00a0\u00e0 parte, meu\u00a0<i>Ch\u00e3o de Giz<\/i>\u00a0quase ruiu ao perceber que, para boa parte dos\u00a0<i>Pais e Filhos<\/i>\u00a0<i>Linda<\/i>, o que foi bom n\u00e3o passou de um\u00a0<i>Desafinado Flash Back<\/i>. Tudo por causa da\u00a0<i>Alucina\u00e7\u00e3o\u00a0<\/i>e da\u00a0<i>Alma<\/i>\u00a0daquele que, com seu\u00a0<i>Olhar 43<\/i>, obrigou milh\u00f5es de brasileiros a experimentar a<i>\u00a0Marvada Pinga<\/i>\u00a0do \u00f3dio.<\/p>\n<p class=\"v1gmail-MsoBodyText\"><i>Helena, Helena, Helena, N\u00e3o Se V\u00e1<\/i>. A\u00a0<i>Preta Pretinha<\/i>\u00a0continua linda. E o que dizer da\u00a0<i>Flor de Lis<\/i>? O sonho acabou?\u00a0 Claro que n\u00e3o, embora o que era preto jamais ficar\u00e1 branco para os brancos. Menino pobre, negro, alegre e com voz, swing e molejo que encantaram o mundo da m\u00fasica, Wilson Simonal virou herege por conta da inveja dos brancos e da elite que, desde o in\u00edcio do mundo, n\u00e3o aceitam o sucesso dos homens e mulheres de cor. Do topo das r\u00e1dios e televis\u00f5es e do abra\u00e7o do povo \u00e0 indiferen\u00e7a da ind\u00fastria cultural e \u00e0 morte solit\u00e1ria e triste, Simonal foi o maior exemplo de que a vida passa, o telefone toca e o Brasil n\u00e3o atende mais os &#8220;malditos&#8221; que um dia foram chamados de \u00eddolos.<\/p>\n<p class=\"v1gmail-MsoBodyText\">Para sorte dos mais novos, os mais velhos choram a morte de lendas da m\u00fasica, mas se recusam a deixar morrer suas can\u00e7\u00f5es. Eles partiram, mas as hist\u00f3rias e as poesias de Simonal, S\u00e9rgio Sampaio, Jorge Mautner, Luiz Melodia, Taiguara, Jards Macal\u00e9, Raul Seixas, Z\u00e9 Rodrix, Raimundo Sodr\u00e9 e Paulo Diniz s\u00e3o eternas. Saudoso dos alto-falantes dos parquinhos de divers\u00f5es dos anos 70, se eu pudesse e meu dinheiro desse, compraria uma passagem s\u00f3 de ida para o Rio de Janeiro da Jovem Guarda, da bossa nova, do rock, do samba-rock e das can\u00e7\u00f5es rom\u00e2nticas em discos de vinil.<\/p>\n<p class=\"v1gmail-MsoBodyText\">Antigo material de ponta dos cat\u00e1logos das lojas de disco, o que restou do acervo dos mestres hoje n\u00e3o passa de arquivo sujo, &#8220;ultrapassado&#8221; e longe da mem\u00f3ria da maioria dos brasileiros. Quem sabe um dia esse povo ainda resolva\u00a0<i>Voltar Pra Bahia<\/i>\u00a0ou se transformar na\u00a0<i>Metamorfose Ambulante<\/i>, tamb\u00e9m conhecida por alguns como\u00a0<i>Ouro de Tolo<\/i>. Al\u00e9m de poesia, havia humor e cr\u00edtica social nas letras convertidas para can\u00e7\u00f5es. Eram verdadeiros\u00a0<i>Pingos de Amor<\/i>\u00a0caindo sobre o\u00a0<i>Est\u00e1cio Holly Est\u00e1cio<\/i>.\u00a0<i>A Juventude Transviada<\/i>\u00a0at\u00e9 curtia um\u00a0<i>Vapor Barato<\/i>\u00a0enquanto repousava o\u00a0<i>Sangue Latino<\/i>\u00a0do\u00a0<i>Doce Vampiro<\/i>\u00a0sobre o\u00a0<i>Azul da Cor do Mar<\/i>.<\/p>\n<p class=\"v1gmail-MsoBodyText\">Entretanto, entre as\u00a0<i>Dores de Amores<\/i>\u00a0e o\u00a0<i>Universo No Teu Corpo<\/i>, o mais importante \u00e9 que o\u00a0<i>Garoto Que Amava os Beatles e os Rolling Stones<\/i>\u00a0viveu\u00a0<i>Como Nossos Pais<\/i>, correu a\u00a0<i>300 Km Por Hora<\/i>\u00a0at\u00e9 o dia em que, preferindo o\u00a0<i>Sossego<\/i>, se converteu na\u00a0<i>Linda Juventude<\/i>. Era a turma da\u00a0<i>Sociedade Alternativa<\/i>, aquela que, cansada de procurar pela\u00a0<i>Garota de Ipanema<\/i>, deu de cara com a\u00a0<i>P\u00e9rola Negra<\/i>\u00a0e, com apoio do\u00a0<i>Menino do Rio<\/i>, subiu no\u00a0<i>Mustang Cor de Sangue<\/i>\u00a0e partiu pela\u00a0<i>BR-3<\/i>\u00a0at\u00e9 alcan\u00e7ar o\u00a0<i>M\u00f3dulo Lunar<\/i>, de onde embarcou no\u00a0<i>Trem das Onze,\u00a0<\/i>com baldea\u00e7\u00e3o no<i>\u00a0Trem Azul<\/i>. Sem o\u00a0<i>Domingo no Parque<\/i>, acho que\u00a0<i>Vou-me Embora Pra Pas\u00e1rgada<\/i>.<\/p>\n<p class=\"v1gmail-MsoBodyText\"><i>Eu e a Brisa<\/i>, mais a\u00a0<i>Margarida<\/i>, a\u00a0<i>Carolina<\/i>, a\u00a0<i>L\u00edgia\u00a0<\/i>e a\u00a0<i>Luciana\u00a0<\/i>estamos em busca do\u00a0<i>Divino Maravilhoso<\/i>. Talvez encontremos pelo caminho o\u00a0<i>Fio Maravilha<\/i>, o\u00a0<i>Charles Anjo 45<\/i>\u00a0e a\u00a0<i>Menina Veneno<\/i>. Se a\u00a0<i>Andan\u00e7a<\/i>\u00a0for do tipo\u00a0<i>Can\u00e7\u00e3o do Ex\u00edlio<\/i>, aproveitamos o carnaval pol\u00edtico e, ap\u00f3s as\u00a0<i>\u00c1guas de Mar\u00e7o<\/i>, fazemos a\u00a0<i>Travessia<\/i>\u00a0at\u00e9 o\u00a0<i>Ensaio Geral<\/i>.\u00a0<i>Para N\u00e3o Dizer que N\u00e3o Falei das Flores<\/i>, lembremos da\u00a0<i>Primavera<\/i>, per\u00edodo em que, na maior\u00a0<i>Alegria, Alegria<\/i>, sempre estamos pr\u00f3ximos do\u00a0<i>Barato Total<\/i>. Ser\u00e1\u00a0<i>O B\u00eabado e a Equilibrista<\/i>? Quem mais?\u00a0<i>Chega de Saudade<\/i>! Que\u00a0<i>Insensatez<\/i>?\u00a0<i>Nada Ser\u00e1 Como Antes.<\/i><\/p>\n<p class=\"v1gmail-MsoBodyText\"><i>As Rosas N\u00e3o Falam,<\/i>\u00a0mas o\u00a0<i>Fato Consumado<\/i>\u00a0\u00e9 que, em nosso\u00a0<i>Lindo Lago do Amor<\/i>\u00a0ou nos\u00a0<i>Canteiros<\/i>\u00a0do Brasil, a\u00a0<i>Ovelha Negra<\/i>\u00a0sumiu nas\u00a0<i>Paralelas.\u00a0<\/i>E sobre o\u00a0<i>Carcar\u00e1<\/i> e sua<i>\u00a0M\u00e1scara<\/i>?\u00a0<i>S\u00f3 Louco<\/i>\u00a0para continuar acreditando em suas\u00a0<i>Mentiras<\/i>. Como\u00a0<i>O Mundo \u00e9 um Moinho<\/i>, as boas m\u00fasicas, as coisas inesquec\u00edveis e os bons pol\u00edticos jamais ser\u00e3o um\u00a0<i>Epit\u00e1fio<\/i>. E n\u00f3s?\u00a0<i>Canta Canta, Minha Gente<\/i>!\u00a0<i>Tocando em Frente<\/i> e cada um com sua <i>Ideologia,<\/i>\u00a0<i>Sutilmente<\/i>\u00a0vamos em busca do\u00a0<i>Segundo Sol<\/i>. Ou seria da quarta\u00a0<i>Anuncia\u00e7\u00e3o<\/i>? Pouco importa. Importante \u00e9 que,\u00a0<i>Rindo \u00e0 Toa<\/i>, depois de\u00a0<i>Pelados em Santos,\u00a0<\/i>hoje\u00a0<i>Somos Quem Podemos Ser. At\u00e9 Quando? Deixa Isso Pr\u00e1 l\u00e1.<\/i><\/p>\n<p class=\"v1gmail-MsoBodyText\">&#8230;&#8230;..<\/p>\n<p class=\"v1gmail-MsoBodyText\"><strong>Armando Cardoso \u00e9 presidente do Conselho Editorial de Notibras<\/strong><\/p>\n","protected":false},"excerpt":{"rendered":"<p>Enquanto tento botar meu bloco novamente na rua, me lembro dos grandes \u00eddolos que a m\u00fasica e o povo do\u00a0Pa\u00eds Tropical\u00a0preferiram esquecer. As raz\u00f5es jamais se justificaram. Por que apagar da mem\u00f3ria pessoas que nos permitiram sonhar, sorrir, amar, ser amado e, \u00e0s vezes, chorar por aquilo que pagamos sem nunca ter feito? E por [&hellip;]<\/p>\n","protected":false},"author":2,"featured_media":392584,"comment_status":"closed","ping_status":"closed","sticky":false,"template":"","format":"standard","meta":{"_acf_changed":false,"footnotes":""},"categories":[16],"tags":[],"class_list":["post-392583","post","type-post","status-publish","format-standard","has-post-thumbnail","hentry","category-brasil"],"acf":[],"yoast_head":"<!-- This site is optimized with the Yoast SEO plugin v27.2 - https:\/\/yoast.com\/product\/yoast-seo-wordpress\/ -->\n<title>Rindo \u00e0 toa, o brasileiro s\u00f3 quer alegria, alegria em 2026 - Notibras<\/title>\n<meta name=\"robots\" content=\"index, follow, max-snippet:-1, max-image-preview:large, max-video-preview:-1\" \/>\n<link rel=\"canonical\" href=\"https:\/\/www.notibras.com\/site\/rindo-a-toa-o-brasileiro-so-quer-alegria-alegria-em-2026\/\" \/>\n<meta property=\"og:locale\" content=\"pt_BR\" \/>\n<meta property=\"og:type\" content=\"article\" \/>\n<meta property=\"og:title\" content=\"Rindo \u00e0 toa, o brasileiro s\u00f3 quer alegria, alegria em 2026 - Notibras\" \/>\n<meta property=\"og:description\" content=\"Enquanto tento botar meu bloco novamente na rua, me lembro dos grandes \u00eddolos que a m\u00fasica e o povo do\u00a0Pa\u00eds Tropical\u00a0preferiram esquecer. As raz\u00f5es jamais se justificaram. Por que apagar da mem\u00f3ria pessoas que nos permitiram sonhar, sorrir, amar, ser amado e, \u00e0s vezes, chorar por aquilo que pagamos sem nunca ter feito? E por [&hellip;]\" \/>\n<meta property=\"og:url\" content=\"https:\/\/www.notibras.com\/site\/rindo-a-toa-o-brasileiro-so-quer-alegria-alegria-em-2026\/\" \/>\n<meta property=\"og:site_name\" content=\"Notibras\" \/>\n<meta property=\"article:publisher\" content=\"https:\/\/www.facebook.com\/notibras\/\" \/>\n<meta property=\"article:published_time\" content=\"2026-04-26T12:04:51+00:00\" \/>\n<meta property=\"article:modified_time\" content=\"2026-04-26T12:47:28+00:00\" \/>\n<meta property=\"og:image\" content=\"https:\/\/www.notibras.com\/site\/wp-content\/uploads\/2026\/04\/fd368dff-fbd9-4898-b908-7ff890bded5b-1024x683.png\" \/>\n\t<meta property=\"og:image:width\" content=\"1024\" \/>\n\t<meta property=\"og:image:height\" content=\"683\" \/>\n\t<meta property=\"og:image:type\" content=\"image\/png\" \/>\n<meta name=\"author\" content=\"Reda\u00e7\u00e3o\" \/>\n<meta name=\"twitter:card\" content=\"summary_large_image\" \/>\n<meta name=\"twitter:creator\" content=\"@Notibras\" \/>\n<meta name=\"twitter:site\" content=\"@Notibras\" \/>\n<meta name=\"twitter:label1\" content=\"Escrito por\" \/>\n\t<meta name=\"twitter:data1\" content=\"Reda\u00e7\u00e3o\" \/>\n\t<meta name=\"twitter:label2\" content=\"Est. tempo de leitura\" \/>\n\t<meta name=\"twitter:data2\" content=\"5 minutos\" \/>\n<script type=\"application\/ld+json\" class=\"yoast-schema-graph\">{\"@context\":\"https:\/\/schema.org\",\"@graph\":[{\"@type\":\"Article\",\"@id\":\"https:\/\/www.notibras.com\/site\/rindo-a-toa-o-brasileiro-so-quer-alegria-alegria-em-2026\/#article\",\"isPartOf\":{\"@id\":\"https:\/\/www.notibras.com\/site\/rindo-a-toa-o-brasileiro-so-quer-alegria-alegria-em-2026\/\"},\"author\":{\"name\":\"Reda\u00e7\u00e3o\",\"@id\":\"https:\/\/www.notibras.com\/site\/#\/schema\/person\/36ab0979449956132d3e5b517ea76ac8\"},\"headline\":\"Rindo \u00e0 toa, o brasileiro s\u00f3 quer alegria, alegria em 2026\",\"datePublished\":\"2026-04-26T12:04:51+00:00\",\"dateModified\":\"2026-04-26T12:47:28+00:00\",\"mainEntityOfPage\":{\"@id\":\"https:\/\/www.notibras.com\/site\/rindo-a-toa-o-brasileiro-so-quer-alegria-alegria-em-2026\/\"},\"wordCount\":864,\"publisher\":{\"@id\":\"https:\/\/www.notibras.com\/site\/#organization\"},\"image\":{\"@id\":\"https:\/\/www.notibras.com\/site\/rindo-a-toa-o-brasileiro-so-quer-alegria-alegria-em-2026\/#primaryimage\"},\"thumbnailUrl\":\"https:\/\/www.notibras.com\/site\/wp-content\/uploads\/2026\/04\/fd368dff-fbd9-4898-b908-7ff890bded5b.png\",\"articleSection\":[\"Brasil\"],\"inLanguage\":\"pt-BR\"},{\"@type\":\"WebPage\",\"@id\":\"https:\/\/www.notibras.com\/site\/rindo-a-toa-o-brasileiro-so-quer-alegria-alegria-em-2026\/\",\"url\":\"https:\/\/www.notibras.com\/site\/rindo-a-toa-o-brasileiro-so-quer-alegria-alegria-em-2026\/\",\"name\":\"Rindo \u00e0 toa, o brasileiro s\u00f3 quer alegria, alegria em 2026 - Notibras\",\"isPartOf\":{\"@id\":\"https:\/\/www.notibras.com\/site\/#website\"},\"primaryImageOfPage\":{\"@id\":\"https:\/\/www.notibras.com\/site\/rindo-a-toa-o-brasileiro-so-quer-alegria-alegria-em-2026\/#primaryimage\"},\"image\":{\"@id\":\"https:\/\/www.notibras.com\/site\/rindo-a-toa-o-brasileiro-so-quer-alegria-alegria-em-2026\/#primaryimage\"},\"thumbnailUrl\":\"https:\/\/www.notibras.com\/site\/wp-content\/uploads\/2026\/04\/fd368dff-fbd9-4898-b908-7ff890bded5b.png\",\"datePublished\":\"2026-04-26T12:04:51+00:00\",\"dateModified\":\"2026-04-26T12:47:28+00:00\",\"breadcrumb\":{\"@id\":\"https:\/\/www.notibras.com\/site\/rindo-a-toa-o-brasileiro-so-quer-alegria-alegria-em-2026\/#breadcrumb\"},\"inLanguage\":\"pt-BR\",\"potentialAction\":[{\"@type\":\"ReadAction\",\"target\":[\"https:\/\/www.notibras.com\/site\/rindo-a-toa-o-brasileiro-so-quer-alegria-alegria-em-2026\/\"]}]},{\"@type\":\"ImageObject\",\"inLanguage\":\"pt-BR\",\"@id\":\"https:\/\/www.notibras.com\/site\/rindo-a-toa-o-brasileiro-so-quer-alegria-alegria-em-2026\/#primaryimage\",\"url\":\"https:\/\/www.notibras.com\/site\/wp-content\/uploads\/2026\/04\/fd368dff-fbd9-4898-b908-7ff890bded5b.png\",\"contentUrl\":\"https:\/\/www.notibras.com\/site\/wp-content\/uploads\/2026\/04\/fd368dff-fbd9-4898-b908-7ff890bded5b.png\",\"width\":1536,\"height\":1024},{\"@type\":\"BreadcrumbList\",\"@id\":\"https:\/\/www.notibras.com\/site\/rindo-a-toa-o-brasileiro-so-quer-alegria-alegria-em-2026\/#breadcrumb\",\"itemListElement\":[{\"@type\":\"ListItem\",\"position\":1,\"name\":\"In\u00edcio\",\"item\":\"https:\/\/www.notibras.com\/site\/\"},{\"@type\":\"ListItem\",\"position\":2,\"name\":\"Rindo \u00e0 toa, o brasileiro s\u00f3 quer alegria, alegria em 2026\"}]},{\"@type\":\"WebSite\",\"@id\":\"https:\/\/www.notibras.com\/site\/#website\",\"url\":\"https:\/\/www.notibras.com\/site\/\",\"name\":\"Notibras\",\"description\":\"Not\u00edcias de Bras\u00edlia, do Brasil e do Mundo\",\"publisher\":{\"@id\":\"https:\/\/www.notibras.com\/site\/#organization\"},\"potentialAction\":[{\"@type\":\"SearchAction\",\"target\":{\"@type\":\"EntryPoint\",\"urlTemplate\":\"https:\/\/www.notibras.com\/site\/?s={search_term_string}\"},\"query-input\":{\"@type\":\"PropertyValueSpecification\",\"valueRequired\":true,\"valueName\":\"search_term_string\"}}],\"inLanguage\":\"pt-BR\"},{\"@type\":\"Organization\",\"@id\":\"https:\/\/www.notibras.com\/site\/#organization\",\"name\":\"Grupo Notibras de Comunica\u00e7\u00e3o\",\"url\":\"https:\/\/www.notibras.com\/site\/\",\"logo\":{\"@type\":\"ImageObject\",\"inLanguage\":\"pt-BR\",\"@id\":\"https:\/\/www.notibras.com\/site\/#\/schema\/logo\/image\/\",\"url\":\"https:\/\/www.notibras.com\/site\/wp-content\/uploads\/2023\/01\/notibras23.png\",\"contentUrl\":\"https:\/\/www.notibras.com\/site\/wp-content\/uploads\/2023\/01\/notibras23.png\",\"width\":350,\"height\":87,\"caption\":\"Grupo Notibras de Comunica\u00e7\u00e3o\"},\"image\":{\"@id\":\"https:\/\/www.notibras.com\/site\/#\/schema\/logo\/image\/\"},\"sameAs\":[\"https:\/\/www.facebook.com\/notibras\/\",\"https:\/\/x.com\/Notibras\",\"https:\/\/www.instagram.com\/notibras\/\"]},{\"@type\":\"Person\",\"@id\":\"https:\/\/www.notibras.com\/site\/#\/schema\/person\/36ab0979449956132d3e5b517ea76ac8\",\"name\":\"Reda\u00e7\u00e3o\",\"image\":{\"@type\":\"ImageObject\",\"inLanguage\":\"pt-BR\",\"@id\":\"https:\/\/secure.gravatar.com\/avatar\/e0a867bdedb85fd243eadf09663511f96fc81e0720a4a42581f334ad4303aa6b?s=96&d=mm&r=g\",\"url\":\"https:\/\/secure.gravatar.com\/avatar\/e0a867bdedb85fd243eadf09663511f96fc81e0720a4a42581f334ad4303aa6b?s=96&d=mm&r=g\",\"contentUrl\":\"https:\/\/secure.gravatar.com\/avatar\/e0a867bdedb85fd243eadf09663511f96fc81e0720a4a42581f334ad4303aa6b?s=96&d=mm&r=g\",\"caption\":\"Reda\u00e7\u00e3o\"}}]}<\/script>\n<!-- \/ Yoast SEO plugin. -->","yoast_head_json":{"title":"Rindo \u00e0 toa, o brasileiro s\u00f3 quer alegria, alegria em 2026 - Notibras","robots":{"index":"index","follow":"follow","max-snippet":"max-snippet:-1","max-image-preview":"max-image-preview:large","max-video-preview":"max-video-preview:-1"},"canonical":"https:\/\/www.notibras.com\/site\/rindo-a-toa-o-brasileiro-so-quer-alegria-alegria-em-2026\/","og_locale":"pt_BR","og_type":"article","og_title":"Rindo \u00e0 toa, o brasileiro s\u00f3 quer alegria, alegria em 2026 - Notibras","og_description":"Enquanto tento botar meu bloco novamente na rua, me lembro dos grandes \u00eddolos que a m\u00fasica e o povo do\u00a0Pa\u00eds Tropical\u00a0preferiram esquecer. As raz\u00f5es jamais se justificaram. Por que apagar da mem\u00f3ria pessoas que nos permitiram sonhar, sorrir, amar, ser amado e, \u00e0s vezes, chorar por aquilo que pagamos sem nunca ter feito? E por [&hellip;]","og_url":"https:\/\/www.notibras.com\/site\/rindo-a-toa-o-brasileiro-so-quer-alegria-alegria-em-2026\/","og_site_name":"Notibras","article_publisher":"https:\/\/www.facebook.com\/notibras\/","article_published_time":"2026-04-26T12:04:51+00:00","article_modified_time":"2026-04-26T12:47:28+00:00","og_image":[{"width":1024,"height":683,"url":"https:\/\/www.notibras.com\/site\/wp-content\/uploads\/2026\/04\/fd368dff-fbd9-4898-b908-7ff890bded5b-1024x683.png","type":"image\/png"}],"author":"Reda\u00e7\u00e3o","twitter_card":"summary_large_image","twitter_creator":"@Notibras","twitter_site":"@Notibras","twitter_misc":{"Escrito por":"Reda\u00e7\u00e3o","Est. tempo de leitura":"5 minutos"},"schema":{"@context":"https:\/\/schema.org","@graph":[{"@type":"Article","@id":"https:\/\/www.notibras.com\/site\/rindo-a-toa-o-brasileiro-so-quer-alegria-alegria-em-2026\/#article","isPartOf":{"@id":"https:\/\/www.notibras.com\/site\/rindo-a-toa-o-brasileiro-so-quer-alegria-alegria-em-2026\/"},"author":{"name":"Reda\u00e7\u00e3o","@id":"https:\/\/www.notibras.com\/site\/#\/schema\/person\/36ab0979449956132d3e5b517ea76ac8"},"headline":"Rindo \u00e0 toa, o brasileiro s\u00f3 quer alegria, alegria em 2026","datePublished":"2026-04-26T12:04:51+00:00","dateModified":"2026-04-26T12:47:28+00:00","mainEntityOfPage":{"@id":"https:\/\/www.notibras.com\/site\/rindo-a-toa-o-brasileiro-so-quer-alegria-alegria-em-2026\/"},"wordCount":864,"publisher":{"@id":"https:\/\/www.notibras.com\/site\/#organization"},"image":{"@id":"https:\/\/www.notibras.com\/site\/rindo-a-toa-o-brasileiro-so-quer-alegria-alegria-em-2026\/#primaryimage"},"thumbnailUrl":"https:\/\/www.notibras.com\/site\/wp-content\/uploads\/2026\/04\/fd368dff-fbd9-4898-b908-7ff890bded5b.png","articleSection":["Brasil"],"inLanguage":"pt-BR"},{"@type":"WebPage","@id":"https:\/\/www.notibras.com\/site\/rindo-a-toa-o-brasileiro-so-quer-alegria-alegria-em-2026\/","url":"https:\/\/www.notibras.com\/site\/rindo-a-toa-o-brasileiro-so-quer-alegria-alegria-em-2026\/","name":"Rindo \u00e0 toa, o brasileiro s\u00f3 quer alegria, alegria em 2026 - Notibras","isPartOf":{"@id":"https:\/\/www.notibras.com\/site\/#website"},"primaryImageOfPage":{"@id":"https:\/\/www.notibras.com\/site\/rindo-a-toa-o-brasileiro-so-quer-alegria-alegria-em-2026\/#primaryimage"},"image":{"@id":"https:\/\/www.notibras.com\/site\/rindo-a-toa-o-brasileiro-so-quer-alegria-alegria-em-2026\/#primaryimage"},"thumbnailUrl":"https:\/\/www.notibras.com\/site\/wp-content\/uploads\/2026\/04\/fd368dff-fbd9-4898-b908-7ff890bded5b.png","datePublished":"2026-04-26T12:04:51+00:00","dateModified":"2026-04-26T12:47:28+00:00","breadcrumb":{"@id":"https:\/\/www.notibras.com\/site\/rindo-a-toa-o-brasileiro-so-quer-alegria-alegria-em-2026\/#breadcrumb"},"inLanguage":"pt-BR","potentialAction":[{"@type":"ReadAction","target":["https:\/\/www.notibras.com\/site\/rindo-a-toa-o-brasileiro-so-quer-alegria-alegria-em-2026\/"]}]},{"@type":"ImageObject","inLanguage":"pt-BR","@id":"https:\/\/www.notibras.com\/site\/rindo-a-toa-o-brasileiro-so-quer-alegria-alegria-em-2026\/#primaryimage","url":"https:\/\/www.notibras.com\/site\/wp-content\/uploads\/2026\/04\/fd368dff-fbd9-4898-b908-7ff890bded5b.png","contentUrl":"https:\/\/www.notibras.com\/site\/wp-content\/uploads\/2026\/04\/fd368dff-fbd9-4898-b908-7ff890bded5b.png","width":1536,"height":1024},{"@type":"BreadcrumbList","@id":"https:\/\/www.notibras.com\/site\/rindo-a-toa-o-brasileiro-so-quer-alegria-alegria-em-2026\/#breadcrumb","itemListElement":[{"@type":"ListItem","position":1,"name":"In\u00edcio","item":"https:\/\/www.notibras.com\/site\/"},{"@type":"ListItem","position":2,"name":"Rindo \u00e0 toa, o brasileiro s\u00f3 quer alegria, alegria em 2026"}]},{"@type":"WebSite","@id":"https:\/\/www.notibras.com\/site\/#website","url":"https:\/\/www.notibras.com\/site\/","name":"Notibras","description":"Not\u00edcias de Bras\u00edlia, do Brasil e do Mundo","publisher":{"@id":"https:\/\/www.notibras.com\/site\/#organization"},"potentialAction":[{"@type":"SearchAction","target":{"@type":"EntryPoint","urlTemplate":"https:\/\/www.notibras.com\/site\/?s={search_term_string}"},"query-input":{"@type":"PropertyValueSpecification","valueRequired":true,"valueName":"search_term_string"}}],"inLanguage":"pt-BR"},{"@type":"Organization","@id":"https:\/\/www.notibras.com\/site\/#organization","name":"Grupo Notibras de Comunica\u00e7\u00e3o","url":"https:\/\/www.notibras.com\/site\/","logo":{"@type":"ImageObject","inLanguage":"pt-BR","@id":"https:\/\/www.notibras.com\/site\/#\/schema\/logo\/image\/","url":"https:\/\/www.notibras.com\/site\/wp-content\/uploads\/2023\/01\/notibras23.png","contentUrl":"https:\/\/www.notibras.com\/site\/wp-content\/uploads\/2023\/01\/notibras23.png","width":350,"height":87,"caption":"Grupo Notibras de Comunica\u00e7\u00e3o"},"image":{"@id":"https:\/\/www.notibras.com\/site\/#\/schema\/logo\/image\/"},"sameAs":["https:\/\/www.facebook.com\/notibras\/","https:\/\/x.com\/Notibras","https:\/\/www.instagram.com\/notibras\/"]},{"@type":"Person","@id":"https:\/\/www.notibras.com\/site\/#\/schema\/person\/36ab0979449956132d3e5b517ea76ac8","name":"Reda\u00e7\u00e3o","image":{"@type":"ImageObject","inLanguage":"pt-BR","@id":"https:\/\/secure.gravatar.com\/avatar\/e0a867bdedb85fd243eadf09663511f96fc81e0720a4a42581f334ad4303aa6b?s=96&d=mm&r=g","url":"https:\/\/secure.gravatar.com\/avatar\/e0a867bdedb85fd243eadf09663511f96fc81e0720a4a42581f334ad4303aa6b?s=96&d=mm&r=g","contentUrl":"https:\/\/secure.gravatar.com\/avatar\/e0a867bdedb85fd243eadf09663511f96fc81e0720a4a42581f334ad4303aa6b?s=96&d=mm&r=g","caption":"Reda\u00e7\u00e3o"}}]}},"amp_enabled":true,"_links":{"self":[{"href":"https:\/\/www.notibras.com\/site\/wp-json\/wp\/v2\/posts\/392583","targetHints":{"allow":["GET"]}}],"collection":[{"href":"https:\/\/www.notibras.com\/site\/wp-json\/wp\/v2\/posts"}],"about":[{"href":"https:\/\/www.notibras.com\/site\/wp-json\/wp\/v2\/types\/post"}],"author":[{"embeddable":true,"href":"https:\/\/www.notibras.com\/site\/wp-json\/wp\/v2\/users\/2"}],"replies":[{"embeddable":true,"href":"https:\/\/www.notibras.com\/site\/wp-json\/wp\/v2\/comments?post=392583"}],"version-history":[{"count":1,"href":"https:\/\/www.notibras.com\/site\/wp-json\/wp\/v2\/posts\/392583\/revisions"}],"predecessor-version":[{"id":392585,"href":"https:\/\/www.notibras.com\/site\/wp-json\/wp\/v2\/posts\/392583\/revisions\/392585"}],"wp:featuredmedia":[{"embeddable":true,"href":"https:\/\/www.notibras.com\/site\/wp-json\/wp\/v2\/media\/392584"}],"wp:attachment":[{"href":"https:\/\/www.notibras.com\/site\/wp-json\/wp\/v2\/media?parent=392583"}],"wp:term":[{"taxonomy":"category","embeddable":true,"href":"https:\/\/www.notibras.com\/site\/wp-json\/wp\/v2\/categories?post=392583"},{"taxonomy":"post_tag","embeddable":true,"href":"https:\/\/www.notibras.com\/site\/wp-json\/wp\/v2\/tags?post=392583"}],"curies":[{"name":"wp","href":"https:\/\/api.w.org\/{rel}","templated":true}]}}