{"id":392587,"date":"2026-04-26T08:59:35","date_gmt":"2026-04-26T11:59:35","guid":{"rendered":"https:\/\/www.notibras.com\/site\/?p=392587"},"modified":"2026-04-26T10:16:05","modified_gmt":"2026-04-26T13:16:05","slug":"lula-manifesta-solidariedade-a-trump-apos-tiroteio-na-casa-branca","status":"publish","type":"post","link":"https:\/\/www.notibras.com\/site\/lula-manifesta-solidariedade-a-trump-apos-tiroteio-na-casa-branca\/","title":{"rendered":"Lula manifesta solidariedade a Trump ap\u00f3s tiroteio na Casa Branca"},"content":{"rendered":"<p>O presidente Luiz In\u00e1cio Lula da Silva (PT) publicou neste domingo (26) uma mensagem em suas redes sociais em que expressa solidariedade ao presidente dos Estados Unidos, Donald Trump, \u00e0 primeira-dama Melania Trump e aos participantes de um jantar com correspondentes realizado em Washington, onde foram registrados disparos na noite de s\u00e1bado (25).<\/p>\n<p>Na publica\u00e7\u00e3o, Lula afirmou que o Brasil \u201crepudia veementemente o ataque\u201d e destacou que a viol\u00eancia pol\u00edtica representa uma amea\u00e7a aos princ\u00edpios democr\u00e1ticos.<\/p>\n<p>\u201cMinha solidariedade ao presidente Donald Trump, \u00e0 primeira-dama Melania Trump e a todos os presentes no jantar com correspondentes em Washington. O Brasil repudia veementemente o ataque de ontem \u00e0 noite. A viol\u00eancia pol\u00edtica \u00e9 uma afronta aos valores democr\u00e1ticos que todos devemos proteger\u201d, escreveu.<\/p>\n<p>O incidente aconteceu durante um jantar de gala que reunia jornalistas, autoridades e convidados em um hotel na capital dos Estados Unidos. Um homem foi detido ap\u00f3s disparar nas proximidades do evento, sem deixar feridos.<\/p>\n<p>Trump declarou que o suspeito teria agido sozinho, classificando-o como um \u201clobo solit\u00e1rio\u201d. As autoridades americanas investigam as motiva\u00e7\u00f5es do ataque, bem como poss\u00edveis falhas no esquema de seguran\u00e7a, j\u00e1 que o evento era considerado de alto risco devido \u00e0 presen\u00e7a do presidente.<\/p>\n<p>Participantes relataram momentos de tens\u00e3o e desorienta\u00e7\u00e3o logo ap\u00f3s os disparos. O jantar foi interrompido, e o local passou por uma varredura policial, enquanto a seguran\u00e7a de Trump e dos demais presentes foi refor\u00e7ada.<\/p>\n","protected":false},"excerpt":{"rendered":"<p>O presidente Luiz In\u00e1cio Lula da Silva (PT) publicou neste domingo (26) uma mensagem em suas redes sociais em que expressa solidariedade ao presidente dos Estados Unidos, Donald Trump, \u00e0 primeira-dama Melania Trump e aos participantes de um jantar com correspondentes realizado em Washington, onde foram registrados disparos na noite de s\u00e1bado (25). Na publica\u00e7\u00e3o, [&hellip;]<\/p>\n","protected":false},"author":2,"featured_media":392588,"comment_status":"closed","ping_status":"closed","sticky":false,"template":"","format":"standard","meta":{"_acf_changed":false,"footnotes":""},"categories":[16],"tags":[],"class_list":["post-392587","post","type-post","status-publish","format-standard","has-post-thumbnail","hentry","category-brasil"],"acf":[],"yoast_head":"<!-- This site is optimized with the Yoast SEO plugin v27.2 - https:\/\/yoast.com\/product\/yoast-seo-wordpress\/ -->\n<title>Lula manifesta solidariedade a Trump ap\u00f3s tiroteio na Casa Branca - Notibras<\/title>\n<meta name=\"robots\" content=\"index, follow, max-snippet:-1, max-image-preview:large, max-video-preview:-1\" \/>\n<link rel=\"canonical\" href=\"https:\/\/www.notibras.com\/site\/lula-manifesta-solidariedade-a-trump-apos-tiroteio-na-casa-branca\/\" \/>\n<meta property=\"og:locale\" content=\"pt_BR\" \/>\n<meta property=\"og:type\" content=\"article\" \/>\n<meta property=\"og:title\" content=\"Lula manifesta solidariedade a Trump ap\u00f3s tiroteio na Casa Branca - Notibras\" \/>\n<meta property=\"og:description\" content=\"O presidente Luiz In\u00e1cio Lula da Silva (PT) publicou neste domingo (26) uma mensagem em suas redes sociais em que expressa solidariedade ao presidente dos Estados Unidos, Donald Trump, \u00e0 primeira-dama Melania Trump e aos participantes de um jantar com correspondentes realizado em Washington, onde foram registrados disparos na noite de s\u00e1bado (25). Na publica\u00e7\u00e3o, [&hellip;]\" \/>\n<meta property=\"og:url\" content=\"https:\/\/www.notibras.com\/site\/lula-manifesta-solidariedade-a-trump-apos-tiroteio-na-casa-branca\/\" \/>\n<meta property=\"og:site_name\" content=\"Notibras\" \/>\n<meta property=\"article:publisher\" content=\"https:\/\/www.facebook.com\/notibras\/\" \/>\n<meta property=\"article:published_time\" content=\"2026-04-26T11:59:35+00:00\" \/>\n<meta property=\"article:modified_time\" content=\"2026-04-26T13:16:05+00:00\" \/>\n<meta name=\"author\" content=\"Reda\u00e7\u00e3o\" \/>\n<meta name=\"twitter:card\" content=\"summary_large_image\" \/>\n<meta name=\"twitter:creator\" content=\"@Notibras\" \/>\n<meta name=\"twitter:site\" content=\"@Notibras\" \/>\n<meta name=\"twitter:label1\" content=\"Escrito por\" \/>\n\t<meta name=\"twitter:data1\" content=\"Reda\u00e7\u00e3o\" \/>\n\t<meta name=\"twitter:label2\" content=\"Est. tempo de leitura\" \/>\n\t<meta name=\"twitter:data2\" content=\"2 minutos\" \/>\n<script type=\"application\/ld+json\" class=\"yoast-schema-graph\">{\"@context\":\"https:\/\/schema.org\",\"@graph\":[{\"@type\":\"Article\",\"@id\":\"https:\/\/www.notibras.com\/site\/lula-manifesta-solidariedade-a-trump-apos-tiroteio-na-casa-branca\/#article\",\"isPartOf\":{\"@id\":\"https:\/\/www.notibras.com\/site\/lula-manifesta-solidariedade-a-trump-apos-tiroteio-na-casa-branca\/\"},\"author\":{\"name\":\"Reda\u00e7\u00e3o\",\"@id\":\"https:\/\/www.notibras.com\/site\/#\/schema\/person\/36ab0979449956132d3e5b517ea76ac8\"},\"headline\":\"Lula manifesta solidariedade a Trump ap\u00f3s tiroteio na Casa Branca\",\"datePublished\":\"2026-04-26T11:59:35+00:00\",\"dateModified\":\"2026-04-26T13:16:05+00:00\",\"mainEntityOfPage\":{\"@id\":\"https:\/\/www.notibras.com\/site\/lula-manifesta-solidariedade-a-trump-apos-tiroteio-na-casa-branca\/\"},\"wordCount\":259,\"publisher\":{\"@id\":\"https:\/\/www.notibras.com\/site\/#organization\"},\"image\":{\"@id\":\"https:\/\/www.notibras.com\/site\/lula-manifesta-solidariedade-a-trump-apos-tiroteio-na-casa-branca\/#primaryimage\"},\"thumbnailUrl\":\"https:\/\/www.notibras.com\/site\/wp-content\/uploads\/2026\/04\/trump.tiros_.avif\",\"articleSection\":[\"Brasil\"],\"inLanguage\":\"pt-BR\"},{\"@type\":\"WebPage\",\"@id\":\"https:\/\/www.notibras.com\/site\/lula-manifesta-solidariedade-a-trump-apos-tiroteio-na-casa-branca\/\",\"url\":\"https:\/\/www.notibras.com\/site\/lula-manifesta-solidariedade-a-trump-apos-tiroteio-na-casa-branca\/\",\"name\":\"Lula manifesta solidariedade a Trump ap\u00f3s tiroteio na Casa Branca - Notibras\",\"isPartOf\":{\"@id\":\"https:\/\/www.notibras.com\/site\/#website\"},\"primaryImageOfPage\":{\"@id\":\"https:\/\/www.notibras.com\/site\/lula-manifesta-solidariedade-a-trump-apos-tiroteio-na-casa-branca\/#primaryimage\"},\"image\":{\"@id\":\"https:\/\/www.notibras.com\/site\/lula-manifesta-solidariedade-a-trump-apos-tiroteio-na-casa-branca\/#primaryimage\"},\"thumbnailUrl\":\"https:\/\/www.notibras.com\/site\/wp-content\/uploads\/2026\/04\/trump.tiros_.avif\",\"datePublished\":\"2026-04-26T11:59:35+00:00\",\"dateModified\":\"2026-04-26T13:16:05+00:00\",\"breadcrumb\":{\"@id\":\"https:\/\/www.notibras.com\/site\/lula-manifesta-solidariedade-a-trump-apos-tiroteio-na-casa-branca\/#breadcrumb\"},\"inLanguage\":\"pt-BR\",\"potentialAction\":[{\"@type\":\"ReadAction\",\"target\":[\"https:\/\/www.notibras.com\/site\/lula-manifesta-solidariedade-a-trump-apos-tiroteio-na-casa-branca\/\"]}]},{\"@type\":\"ImageObject\",\"inLanguage\":\"pt-BR\",\"@id\":\"https:\/\/www.notibras.com\/site\/lula-manifesta-solidariedade-a-trump-apos-tiroteio-na-casa-branca\/#primaryimage\",\"url\":\"https:\/\/www.notibras.com\/site\/wp-content\/uploads\/2026\/04\/trump.tiros_.avif\",\"contentUrl\":\"https:\/\/www.notibras.com\/site\/wp-content\/uploads\/2026\/04\/trump.tiros_.avif\",\"width\":984,\"height\":656},{\"@type\":\"BreadcrumbList\",\"@id\":\"https:\/\/www.notibras.com\/site\/lula-manifesta-solidariedade-a-trump-apos-tiroteio-na-casa-branca\/#breadcrumb\",\"itemListElement\":[{\"@type\":\"ListItem\",\"position\":1,\"name\":\"In\u00edcio\",\"item\":\"https:\/\/www.notibras.com\/site\/\"},{\"@type\":\"ListItem\",\"position\":2,\"name\":\"Lula manifesta solidariedade a Trump ap\u00f3s tiroteio na Casa Branca\"}]},{\"@type\":\"WebSite\",\"@id\":\"https:\/\/www.notibras.com\/site\/#website\",\"url\":\"https:\/\/www.notibras.com\/site\/\",\"name\":\"Notibras\",\"description\":\"Not\u00edcias de Bras\u00edlia, do Brasil e do Mundo\",\"publisher\":{\"@id\":\"https:\/\/www.notibras.com\/site\/#organization\"},\"potentialAction\":[{\"@type\":\"SearchAction\",\"target\":{\"@type\":\"EntryPoint\",\"urlTemplate\":\"https:\/\/www.notibras.com\/site\/?s={search_term_string}\"},\"query-input\":{\"@type\":\"PropertyValueSpecification\",\"valueRequired\":true,\"valueName\":\"search_term_string\"}}],\"inLanguage\":\"pt-BR\"},{\"@type\":\"Organization\",\"@id\":\"https:\/\/www.notibras.com\/site\/#organization\",\"name\":\"Grupo Notibras de Comunica\u00e7\u00e3o\",\"url\":\"https:\/\/www.notibras.com\/site\/\",\"logo\":{\"@type\":\"ImageObject\",\"inLanguage\":\"pt-BR\",\"@id\":\"https:\/\/www.notibras.com\/site\/#\/schema\/logo\/image\/\",\"url\":\"https:\/\/www.notibras.com\/site\/wp-content\/uploads\/2023\/01\/notibras23.png\",\"contentUrl\":\"https:\/\/www.notibras.com\/site\/wp-content\/uploads\/2023\/01\/notibras23.png\",\"width\":350,\"height\":87,\"caption\":\"Grupo Notibras de Comunica\u00e7\u00e3o\"},\"image\":{\"@id\":\"https:\/\/www.notibras.com\/site\/#\/schema\/logo\/image\/\"},\"sameAs\":[\"https:\/\/www.facebook.com\/notibras\/\",\"https:\/\/x.com\/Notibras\",\"https:\/\/www.instagram.com\/notibras\/\"]},{\"@type\":\"Person\",\"@id\":\"https:\/\/www.notibras.com\/site\/#\/schema\/person\/36ab0979449956132d3e5b517ea76ac8\",\"name\":\"Reda\u00e7\u00e3o\",\"image\":{\"@type\":\"ImageObject\",\"inLanguage\":\"pt-BR\",\"@id\":\"https:\/\/secure.gravatar.com\/avatar\/e0a867bdedb85fd243eadf09663511f96fc81e0720a4a42581f334ad4303aa6b?s=96&d=mm&r=g\",\"url\":\"https:\/\/secure.gravatar.com\/avatar\/e0a867bdedb85fd243eadf09663511f96fc81e0720a4a42581f334ad4303aa6b?s=96&d=mm&r=g\",\"contentUrl\":\"https:\/\/secure.gravatar.com\/avatar\/e0a867bdedb85fd243eadf09663511f96fc81e0720a4a42581f334ad4303aa6b?s=96&d=mm&r=g\",\"caption\":\"Reda\u00e7\u00e3o\"}}]}<\/script>\n<!-- \/ Yoast SEO plugin. -->","yoast_head_json":{"title":"Lula manifesta solidariedade a Trump ap\u00f3s tiroteio na Casa Branca - Notibras","robots":{"index":"index","follow":"follow","max-snippet":"max-snippet:-1","max-image-preview":"max-image-preview:large","max-video-preview":"max-video-preview:-1"},"canonical":"https:\/\/www.notibras.com\/site\/lula-manifesta-solidariedade-a-trump-apos-tiroteio-na-casa-branca\/","og_locale":"pt_BR","og_type":"article","og_title":"Lula manifesta solidariedade a Trump ap\u00f3s tiroteio na Casa Branca - Notibras","og_description":"O presidente Luiz In\u00e1cio Lula da Silva (PT) publicou neste domingo (26) uma mensagem em suas redes sociais em que expressa solidariedade ao presidente dos Estados Unidos, Donald Trump, \u00e0 primeira-dama Melania Trump e aos participantes de um jantar com correspondentes realizado em Washington, onde foram registrados disparos na noite de s\u00e1bado (25). Na publica\u00e7\u00e3o, [&hellip;]","og_url":"https:\/\/www.notibras.com\/site\/lula-manifesta-solidariedade-a-trump-apos-tiroteio-na-casa-branca\/","og_site_name":"Notibras","article_publisher":"https:\/\/www.facebook.com\/notibras\/","article_published_time":"2026-04-26T11:59:35+00:00","article_modified_time":"2026-04-26T13:16:05+00:00","author":"Reda\u00e7\u00e3o","twitter_card":"summary_large_image","twitter_creator":"@Notibras","twitter_site":"@Notibras","twitter_misc":{"Escrito por":"Reda\u00e7\u00e3o","Est. tempo de leitura":"2 minutos"},"schema":{"@context":"https:\/\/schema.org","@graph":[{"@type":"Article","@id":"https:\/\/www.notibras.com\/site\/lula-manifesta-solidariedade-a-trump-apos-tiroteio-na-casa-branca\/#article","isPartOf":{"@id":"https:\/\/www.notibras.com\/site\/lula-manifesta-solidariedade-a-trump-apos-tiroteio-na-casa-branca\/"},"author":{"name":"Reda\u00e7\u00e3o","@id":"https:\/\/www.notibras.com\/site\/#\/schema\/person\/36ab0979449956132d3e5b517ea76ac8"},"headline":"Lula manifesta solidariedade a Trump ap\u00f3s tiroteio na Casa Branca","datePublished":"2026-04-26T11:59:35+00:00","dateModified":"2026-04-26T13:16:05+00:00","mainEntityOfPage":{"@id":"https:\/\/www.notibras.com\/site\/lula-manifesta-solidariedade-a-trump-apos-tiroteio-na-casa-branca\/"},"wordCount":259,"publisher":{"@id":"https:\/\/www.notibras.com\/site\/#organization"},"image":{"@id":"https:\/\/www.notibras.com\/site\/lula-manifesta-solidariedade-a-trump-apos-tiroteio-na-casa-branca\/#primaryimage"},"thumbnailUrl":"https:\/\/www.notibras.com\/site\/wp-content\/uploads\/2026\/04\/trump.tiros_.avif","articleSection":["Brasil"],"inLanguage":"pt-BR"},{"@type":"WebPage","@id":"https:\/\/www.notibras.com\/site\/lula-manifesta-solidariedade-a-trump-apos-tiroteio-na-casa-branca\/","url":"https:\/\/www.notibras.com\/site\/lula-manifesta-solidariedade-a-trump-apos-tiroteio-na-casa-branca\/","name":"Lula manifesta solidariedade a Trump ap\u00f3s tiroteio na Casa Branca - Notibras","isPartOf":{"@id":"https:\/\/www.notibras.com\/site\/#website"},"primaryImageOfPage":{"@id":"https:\/\/www.notibras.com\/site\/lula-manifesta-solidariedade-a-trump-apos-tiroteio-na-casa-branca\/#primaryimage"},"image":{"@id":"https:\/\/www.notibras.com\/site\/lula-manifesta-solidariedade-a-trump-apos-tiroteio-na-casa-branca\/#primaryimage"},"thumbnailUrl":"https:\/\/www.notibras.com\/site\/wp-content\/uploads\/2026\/04\/trump.tiros_.avif","datePublished":"2026-04-26T11:59:35+00:00","dateModified":"2026-04-26T13:16:05+00:00","breadcrumb":{"@id":"https:\/\/www.notibras.com\/site\/lula-manifesta-solidariedade-a-trump-apos-tiroteio-na-casa-branca\/#breadcrumb"},"inLanguage":"pt-BR","potentialAction":[{"@type":"ReadAction","target":["https:\/\/www.notibras.com\/site\/lula-manifesta-solidariedade-a-trump-apos-tiroteio-na-casa-branca\/"]}]},{"@type":"ImageObject","inLanguage":"pt-BR","@id":"https:\/\/www.notibras.com\/site\/lula-manifesta-solidariedade-a-trump-apos-tiroteio-na-casa-branca\/#primaryimage","url":"https:\/\/www.notibras.com\/site\/wp-content\/uploads\/2026\/04\/trump.tiros_.avif","contentUrl":"https:\/\/www.notibras.com\/site\/wp-content\/uploads\/2026\/04\/trump.tiros_.avif","width":984,"height":656},{"@type":"BreadcrumbList","@id":"https:\/\/www.notibras.com\/site\/lula-manifesta-solidariedade-a-trump-apos-tiroteio-na-casa-branca\/#breadcrumb","itemListElement":[{"@type":"ListItem","position":1,"name":"In\u00edcio","item":"https:\/\/www.notibras.com\/site\/"},{"@type":"ListItem","position":2,"name":"Lula manifesta solidariedade a Trump ap\u00f3s tiroteio na Casa Branca"}]},{"@type":"WebSite","@id":"https:\/\/www.notibras.com\/site\/#website","url":"https:\/\/www.notibras.com\/site\/","name":"Notibras","description":"Not\u00edcias de Bras\u00edlia, do Brasil e do Mundo","publisher":{"@id":"https:\/\/www.notibras.com\/site\/#organization"},"potentialAction":[{"@type":"SearchAction","target":{"@type":"EntryPoint","urlTemplate":"https:\/\/www.notibras.com\/site\/?s={search_term_string}"},"query-input":{"@type":"PropertyValueSpecification","valueRequired":true,"valueName":"search_term_string"}}],"inLanguage":"pt-BR"},{"@type":"Organization","@id":"https:\/\/www.notibras.com\/site\/#organization","name":"Grupo Notibras de Comunica\u00e7\u00e3o","url":"https:\/\/www.notibras.com\/site\/","logo":{"@type":"ImageObject","inLanguage":"pt-BR","@id":"https:\/\/www.notibras.com\/site\/#\/schema\/logo\/image\/","url":"https:\/\/www.notibras.com\/site\/wp-content\/uploads\/2023\/01\/notibras23.png","contentUrl":"https:\/\/www.notibras.com\/site\/wp-content\/uploads\/2023\/01\/notibras23.png","width":350,"height":87,"caption":"Grupo Notibras de Comunica\u00e7\u00e3o"},"image":{"@id":"https:\/\/www.notibras.com\/site\/#\/schema\/logo\/image\/"},"sameAs":["https:\/\/www.facebook.com\/notibras\/","https:\/\/x.com\/Notibras","https:\/\/www.instagram.com\/notibras\/"]},{"@type":"Person","@id":"https:\/\/www.notibras.com\/site\/#\/schema\/person\/36ab0979449956132d3e5b517ea76ac8","name":"Reda\u00e7\u00e3o","image":{"@type":"ImageObject","inLanguage":"pt-BR","@id":"https:\/\/secure.gravatar.com\/avatar\/e0a867bdedb85fd243eadf09663511f96fc81e0720a4a42581f334ad4303aa6b?s=96&d=mm&r=g","url":"https:\/\/secure.gravatar.com\/avatar\/e0a867bdedb85fd243eadf09663511f96fc81e0720a4a42581f334ad4303aa6b?s=96&d=mm&r=g","contentUrl":"https:\/\/secure.gravatar.com\/avatar\/e0a867bdedb85fd243eadf09663511f96fc81e0720a4a42581f334ad4303aa6b?s=96&d=mm&r=g","caption":"Reda\u00e7\u00e3o"}}]}},"amp_enabled":true,"_links":{"self":[{"href":"https:\/\/www.notibras.com\/site\/wp-json\/wp\/v2\/posts\/392587","targetHints":{"allow":["GET"]}}],"collection":[{"href":"https:\/\/www.notibras.com\/site\/wp-json\/wp\/v2\/posts"}],"about":[{"href":"https:\/\/www.notibras.com\/site\/wp-json\/wp\/v2\/types\/post"}],"author":[{"embeddable":true,"href":"https:\/\/www.notibras.com\/site\/wp-json\/wp\/v2\/users\/2"}],"replies":[{"embeddable":true,"href":"https:\/\/www.notibras.com\/site\/wp-json\/wp\/v2\/comments?post=392587"}],"version-history":[{"count":1,"href":"https:\/\/www.notibras.com\/site\/wp-json\/wp\/v2\/posts\/392587\/revisions"}],"predecessor-version":[{"id":392589,"href":"https:\/\/www.notibras.com\/site\/wp-json\/wp\/v2\/posts\/392587\/revisions\/392589"}],"wp:featuredmedia":[{"embeddable":true,"href":"https:\/\/www.notibras.com\/site\/wp-json\/wp\/v2\/media\/392588"}],"wp:attachment":[{"href":"https:\/\/www.notibras.com\/site\/wp-json\/wp\/v2\/media?parent=392587"}],"wp:term":[{"taxonomy":"category","embeddable":true,"href":"https:\/\/www.notibras.com\/site\/wp-json\/wp\/v2\/categories?post=392587"},{"taxonomy":"post_tag","embeddable":true,"href":"https:\/\/www.notibras.com\/site\/wp-json\/wp\/v2\/tags?post=392587"}],"curies":[{"name":"wp","href":"https:\/\/api.w.org\/{rel}","templated":true}]}}