{"id":392590,"date":"2026-04-26T10:22:46","date_gmt":"2026-04-26T13:22:46","guid":{"rendered":"https:\/\/www.notibras.com\/site\/?p=392590"},"modified":"2026-04-26T10:22:46","modified_gmt":"2026-04-26T13:22:46","slug":"nordestino-transforma-a-adversidade-em-vida","status":"publish","type":"post","link":"https:\/\/www.notibras.com\/site\/nordestino-transforma-a-adversidade-em-vida\/","title":{"rendered":"Nordestino transforma a adversidade em vida"},"content":{"rendered":"<p>No sert\u00e3o onde a terra racha e o c\u00e9u parece distante, nasce uma das maiores for\u00e7as do Brasil: a capacidade de resistir. O Nordeste, historicamente marcado por desigualdades e desafios estruturais, \u00e9 tamb\u00e9m um territ\u00f3rio onde a adversidade n\u00e3o paralisa \u2014 ela molda, ensina e, muitas vezes, impulsiona.<\/p>\n<p>A seca, s\u00edmbolo mais emblem\u00e1tico da regi\u00e3o, n\u00e3o \u00e9 apenas um fen\u00f4meno clim\u00e1tico \u2014 \u00e9 um teste constante de sobreviv\u00eancia. Ainda assim, o sertanejo permanece. Planta quando pode, reinventa quando precisa. A l\u00f3gica n\u00e3o \u00e9 apenas resistir, mas adaptar-se.<\/p>\n<p>Esse comportamento n\u00e3o \u00e9 casual. \u00c9 resultado de uma hist\u00f3ria de enfrentamentos cont\u00ednuos que transformou o nordestino em especialista na arte da supera\u00e7\u00e3o.<\/p>\n<p>Se a economia enfrenta obst\u00e1culos, a cultura floresce como resposta. Do cordel ao forr\u00f3, do artesanato \u00e0s festas populares, o Nordeste transformou tradi\u00e7\u00e3o em sustento e identidade.<\/p>\n<p>Mais do que express\u00e3o art\u00edstica, essas manifesta\u00e7\u00f5es s\u00e3o tamb\u00e9m fontes de renda e inclus\u00e3o social, especialmente em comunidades onde as oportunidades formais s\u00e3o escassas.<\/p>\n<p>Apesar das dificuldades, a economia nordestina demonstra uma capacidade not\u00e1vel de adapta\u00e7\u00e3o. Mesmo em cen\u00e1rios adversos \u2014 com juros altos, limita\u00e7\u00f5es fiscais e incertezas externas \u2014 a regi\u00e3o mant\u00e9m crescimento e mostra sinais de resili\u00eancia acima da m\u00e9dia nacional em alguns per\u00edodos.<\/p>\n<p>Ao mesmo tempo, novos caminhos surgem: energia renov\u00e1vel, turismo sustent\u00e1vel, polos industriais e agricultura irrigada redesenham o futuro econ\u00f4mico da regi\u00e3o. O potencial \u00e9 evidente, embora ainda conviva com desigualdades profundas \u2014 o Nordeste concentra quase metade da pobreza cr\u00f4nica do pa\u00eds, apesar de sua relev\u00e2ncia populacional.<\/p>\n<p>A desigualdade social, a fragilidade educacional e a falta de infraestrutura ainda s\u00e3o barreiras reais. Mas o cen\u00e1rio n\u00e3o \u00e9 est\u00e1tico. H\u00e1 uma \u201cjanela hist\u00f3rica\u201d de transforma\u00e7\u00e3o, impulsionada por investimentos e novas agendas econ\u00f4micas.<\/p>\n<p>O futuro do Nordeste depende de algo que o seu povo j\u00e1 conhece bem: continuidade, esfor\u00e7o coletivo e resist\u00eancia \u2014 n\u00e3o apenas para sobreviver, mas para prosperar.<\/p>\n<p>No fim, o que sustenta o Nordeste n\u00e3o \u00e9 apenas pol\u00edtica p\u00fablica ou investimento econ\u00f4mico. \u00c9 algo mais profundo: uma esperan\u00e7a teimosa.<\/p>\n<p>Uma esperan\u00e7a que faz o agricultor plantar mesmo sem garantia de chuva. Que faz o jovem estudar mesmo diante das dificuldades. Que faz fam\u00edlias inteiras reconstru\u00edrem suas vidas, gera\u00e7\u00e3o ap\u00f3s gera\u00e7\u00e3o.<\/p>\n<p>O Nordeste n\u00e3o \u00e9 apenas uma regi\u00e3o que enfrenta adversidades. \u00c9 uma regi\u00e3o que transforma dificuldades em identidade \u2014 e esperan\u00e7a em futuro.<\/p>\n","protected":false},"excerpt":{"rendered":"<p>No sert\u00e3o onde a terra racha e o c\u00e9u parece distante, nasce uma das maiores for\u00e7as do Brasil: a capacidade de resistir. O Nordeste, historicamente marcado por desigualdades e desafios estruturais, \u00e9 tamb\u00e9m um territ\u00f3rio onde a adversidade n\u00e3o paralisa \u2014 ela molda, ensina e, muitas vezes, impulsiona. A seca, s\u00edmbolo mais emblem\u00e1tico da regi\u00e3o, [&hellip;]<\/p>\n","protected":false},"author":2,"featured_media":40768,"comment_status":"closed","ping_status":"closed","sticky":false,"template":"","format":"standard","meta":{"_acf_changed":false,"footnotes":""},"categories":[165],"tags":[],"class_list":["post-392590","post","type-post","status-publish","format-standard","has-post-thumbnail","hentry","category-nordeste"],"acf":[],"yoast_head":"<!-- This site is optimized with the Yoast SEO plugin v27.2 - https:\/\/yoast.com\/product\/yoast-seo-wordpress\/ -->\n<title>Nordestino transforma a adversidade em vida - Notibras<\/title>\n<meta name=\"robots\" content=\"index, follow, max-snippet:-1, max-image-preview:large, max-video-preview:-1\" \/>\n<link rel=\"canonical\" href=\"https:\/\/www.notibras.com\/site\/nordestino-transforma-a-adversidade-em-vida\/\" \/>\n<meta property=\"og:locale\" content=\"pt_BR\" \/>\n<meta property=\"og:type\" content=\"article\" \/>\n<meta property=\"og:title\" content=\"Nordestino transforma a adversidade em vida - Notibras\" \/>\n<meta property=\"og:description\" content=\"No sert\u00e3o onde a terra racha e o c\u00e9u parece distante, nasce uma das maiores for\u00e7as do Brasil: a capacidade de resistir. O Nordeste, historicamente marcado por desigualdades e desafios estruturais, \u00e9 tamb\u00e9m um territ\u00f3rio onde a adversidade n\u00e3o paralisa \u2014 ela molda, ensina e, muitas vezes, impulsiona. A seca, s\u00edmbolo mais emblem\u00e1tico da regi\u00e3o, [&hellip;]\" \/>\n<meta property=\"og:url\" content=\"https:\/\/www.notibras.com\/site\/nordestino-transforma-a-adversidade-em-vida\/\" \/>\n<meta property=\"og:site_name\" content=\"Notibras\" \/>\n<meta property=\"article:publisher\" content=\"https:\/\/www.facebook.com\/notibras\/\" \/>\n<meta property=\"article:published_time\" content=\"2026-04-26T13:22:46+00:00\" \/>\n<meta property=\"og:image\" content=\"https:\/\/www.notibras.com\/site\/wp-content\/uploads\/2015\/03\/seca-nordeste.jpg\" \/>\n\t<meta property=\"og:image:width\" content=\"570\" \/>\n\t<meta property=\"og:image:height\" content=\"412\" \/>\n\t<meta property=\"og:image:type\" content=\"image\/jpeg\" \/>\n<meta name=\"author\" content=\"Reda\u00e7\u00e3o\" \/>\n<meta name=\"twitter:card\" content=\"summary_large_image\" \/>\n<meta name=\"twitter:creator\" content=\"@Notibras\" \/>\n<meta name=\"twitter:site\" content=\"@Notibras\" \/>\n<meta name=\"twitter:label1\" content=\"Escrito por\" \/>\n\t<meta name=\"twitter:data1\" content=\"Reda\u00e7\u00e3o\" \/>\n\t<meta name=\"twitter:label2\" content=\"Est. tempo de leitura\" \/>\n\t<meta name=\"twitter:data2\" content=\"3 minutos\" \/>\n<script type=\"application\/ld+json\" class=\"yoast-schema-graph\">{\"@context\":\"https:\/\/schema.org\",\"@graph\":[{\"@type\":\"Article\",\"@id\":\"https:\/\/www.notibras.com\/site\/nordestino-transforma-a-adversidade-em-vida\/#article\",\"isPartOf\":{\"@id\":\"https:\/\/www.notibras.com\/site\/nordestino-transforma-a-adversidade-em-vida\/\"},\"author\":{\"name\":\"Reda\u00e7\u00e3o\",\"@id\":\"https:\/\/www.notibras.com\/site\/#\/schema\/person\/36ab0979449956132d3e5b517ea76ac8\"},\"headline\":\"Nordestino transforma a adversidade em vida\",\"datePublished\":\"2026-04-26T13:22:46+00:00\",\"mainEntityOfPage\":{\"@id\":\"https:\/\/www.notibras.com\/site\/nordestino-transforma-a-adversidade-em-vida\/\"},\"wordCount\":443,\"publisher\":{\"@id\":\"https:\/\/www.notibras.com\/site\/#organization\"},\"image\":{\"@id\":\"https:\/\/www.notibras.com\/site\/nordestino-transforma-a-adversidade-em-vida\/#primaryimage\"},\"thumbnailUrl\":\"https:\/\/www.notibras.com\/site\/wp-content\/uploads\/2015\/03\/seca-nordeste.jpg\",\"articleSection\":[\"Nordeste\"],\"inLanguage\":\"pt-BR\"},{\"@type\":\"WebPage\",\"@id\":\"https:\/\/www.notibras.com\/site\/nordestino-transforma-a-adversidade-em-vida\/\",\"url\":\"https:\/\/www.notibras.com\/site\/nordestino-transforma-a-adversidade-em-vida\/\",\"name\":\"Nordestino transforma a adversidade em vida - Notibras\",\"isPartOf\":{\"@id\":\"https:\/\/www.notibras.com\/site\/#website\"},\"primaryImageOfPage\":{\"@id\":\"https:\/\/www.notibras.com\/site\/nordestino-transforma-a-adversidade-em-vida\/#primaryimage\"},\"image\":{\"@id\":\"https:\/\/www.notibras.com\/site\/nordestino-transforma-a-adversidade-em-vida\/#primaryimage\"},\"thumbnailUrl\":\"https:\/\/www.notibras.com\/site\/wp-content\/uploads\/2015\/03\/seca-nordeste.jpg\",\"datePublished\":\"2026-04-26T13:22:46+00:00\",\"breadcrumb\":{\"@id\":\"https:\/\/www.notibras.com\/site\/nordestino-transforma-a-adversidade-em-vida\/#breadcrumb\"},\"inLanguage\":\"pt-BR\",\"potentialAction\":[{\"@type\":\"ReadAction\",\"target\":[\"https:\/\/www.notibras.com\/site\/nordestino-transforma-a-adversidade-em-vida\/\"]}]},{\"@type\":\"ImageObject\",\"inLanguage\":\"pt-BR\",\"@id\":\"https:\/\/www.notibras.com\/site\/nordestino-transforma-a-adversidade-em-vida\/#primaryimage\",\"url\":\"https:\/\/www.notibras.com\/site\/wp-content\/uploads\/2015\/03\/seca-nordeste.jpg\",\"contentUrl\":\"https:\/\/www.notibras.com\/site\/wp-content\/uploads\/2015\/03\/seca-nordeste.jpg\",\"width\":570,\"height\":412},{\"@type\":\"BreadcrumbList\",\"@id\":\"https:\/\/www.notibras.com\/site\/nordestino-transforma-a-adversidade-em-vida\/#breadcrumb\",\"itemListElement\":[{\"@type\":\"ListItem\",\"position\":1,\"name\":\"In\u00edcio\",\"item\":\"https:\/\/www.notibras.com\/site\/\"},{\"@type\":\"ListItem\",\"position\":2,\"name\":\"Nordestino transforma a adversidade em vida\"}]},{\"@type\":\"WebSite\",\"@id\":\"https:\/\/www.notibras.com\/site\/#website\",\"url\":\"https:\/\/www.notibras.com\/site\/\",\"name\":\"Notibras\",\"description\":\"Not\u00edcias de Bras\u00edlia, do Brasil e do Mundo\",\"publisher\":{\"@id\":\"https:\/\/www.notibras.com\/site\/#organization\"},\"potentialAction\":[{\"@type\":\"SearchAction\",\"target\":{\"@type\":\"EntryPoint\",\"urlTemplate\":\"https:\/\/www.notibras.com\/site\/?s={search_term_string}\"},\"query-input\":{\"@type\":\"PropertyValueSpecification\",\"valueRequired\":true,\"valueName\":\"search_term_string\"}}],\"inLanguage\":\"pt-BR\"},{\"@type\":\"Organization\",\"@id\":\"https:\/\/www.notibras.com\/site\/#organization\",\"name\":\"Grupo Notibras de Comunica\u00e7\u00e3o\",\"url\":\"https:\/\/www.notibras.com\/site\/\",\"logo\":{\"@type\":\"ImageObject\",\"inLanguage\":\"pt-BR\",\"@id\":\"https:\/\/www.notibras.com\/site\/#\/schema\/logo\/image\/\",\"url\":\"https:\/\/www.notibras.com\/site\/wp-content\/uploads\/2023\/01\/notibras23.png\",\"contentUrl\":\"https:\/\/www.notibras.com\/site\/wp-content\/uploads\/2023\/01\/notibras23.png\",\"width\":350,\"height\":87,\"caption\":\"Grupo Notibras de Comunica\u00e7\u00e3o\"},\"image\":{\"@id\":\"https:\/\/www.notibras.com\/site\/#\/schema\/logo\/image\/\"},\"sameAs\":[\"https:\/\/www.facebook.com\/notibras\/\",\"https:\/\/x.com\/Notibras\",\"https:\/\/www.instagram.com\/notibras\/\"]},{\"@type\":\"Person\",\"@id\":\"https:\/\/www.notibras.com\/site\/#\/schema\/person\/36ab0979449956132d3e5b517ea76ac8\",\"name\":\"Reda\u00e7\u00e3o\",\"image\":{\"@type\":\"ImageObject\",\"inLanguage\":\"pt-BR\",\"@id\":\"https:\/\/secure.gravatar.com\/avatar\/e0a867bdedb85fd243eadf09663511f96fc81e0720a4a42581f334ad4303aa6b?s=96&d=mm&r=g\",\"url\":\"https:\/\/secure.gravatar.com\/avatar\/e0a867bdedb85fd243eadf09663511f96fc81e0720a4a42581f334ad4303aa6b?s=96&d=mm&r=g\",\"contentUrl\":\"https:\/\/secure.gravatar.com\/avatar\/e0a867bdedb85fd243eadf09663511f96fc81e0720a4a42581f334ad4303aa6b?s=96&d=mm&r=g\",\"caption\":\"Reda\u00e7\u00e3o\"}}]}<\/script>\n<!-- \/ Yoast SEO plugin. -->","yoast_head_json":{"title":"Nordestino transforma a adversidade em vida - Notibras","robots":{"index":"index","follow":"follow","max-snippet":"max-snippet:-1","max-image-preview":"max-image-preview:large","max-video-preview":"max-video-preview:-1"},"canonical":"https:\/\/www.notibras.com\/site\/nordestino-transforma-a-adversidade-em-vida\/","og_locale":"pt_BR","og_type":"article","og_title":"Nordestino transforma a adversidade em vida - Notibras","og_description":"No sert\u00e3o onde a terra racha e o c\u00e9u parece distante, nasce uma das maiores for\u00e7as do Brasil: a capacidade de resistir. O Nordeste, historicamente marcado por desigualdades e desafios estruturais, \u00e9 tamb\u00e9m um territ\u00f3rio onde a adversidade n\u00e3o paralisa \u2014 ela molda, ensina e, muitas vezes, impulsiona. A seca, s\u00edmbolo mais emblem\u00e1tico da regi\u00e3o, [&hellip;]","og_url":"https:\/\/www.notibras.com\/site\/nordestino-transforma-a-adversidade-em-vida\/","og_site_name":"Notibras","article_publisher":"https:\/\/www.facebook.com\/notibras\/","article_published_time":"2026-04-26T13:22:46+00:00","og_image":[{"width":570,"height":412,"url":"https:\/\/www.notibras.com\/site\/wp-content\/uploads\/2015\/03\/seca-nordeste.jpg","type":"image\/jpeg"}],"author":"Reda\u00e7\u00e3o","twitter_card":"summary_large_image","twitter_creator":"@Notibras","twitter_site":"@Notibras","twitter_misc":{"Escrito por":"Reda\u00e7\u00e3o","Est. tempo de leitura":"3 minutos"},"schema":{"@context":"https:\/\/schema.org","@graph":[{"@type":"Article","@id":"https:\/\/www.notibras.com\/site\/nordestino-transforma-a-adversidade-em-vida\/#article","isPartOf":{"@id":"https:\/\/www.notibras.com\/site\/nordestino-transforma-a-adversidade-em-vida\/"},"author":{"name":"Reda\u00e7\u00e3o","@id":"https:\/\/www.notibras.com\/site\/#\/schema\/person\/36ab0979449956132d3e5b517ea76ac8"},"headline":"Nordestino transforma a adversidade em vida","datePublished":"2026-04-26T13:22:46+00:00","mainEntityOfPage":{"@id":"https:\/\/www.notibras.com\/site\/nordestino-transforma-a-adversidade-em-vida\/"},"wordCount":443,"publisher":{"@id":"https:\/\/www.notibras.com\/site\/#organization"},"image":{"@id":"https:\/\/www.notibras.com\/site\/nordestino-transforma-a-adversidade-em-vida\/#primaryimage"},"thumbnailUrl":"https:\/\/www.notibras.com\/site\/wp-content\/uploads\/2015\/03\/seca-nordeste.jpg","articleSection":["Nordeste"],"inLanguage":"pt-BR"},{"@type":"WebPage","@id":"https:\/\/www.notibras.com\/site\/nordestino-transforma-a-adversidade-em-vida\/","url":"https:\/\/www.notibras.com\/site\/nordestino-transforma-a-adversidade-em-vida\/","name":"Nordestino transforma a adversidade em vida - Notibras","isPartOf":{"@id":"https:\/\/www.notibras.com\/site\/#website"},"primaryImageOfPage":{"@id":"https:\/\/www.notibras.com\/site\/nordestino-transforma-a-adversidade-em-vida\/#primaryimage"},"image":{"@id":"https:\/\/www.notibras.com\/site\/nordestino-transforma-a-adversidade-em-vida\/#primaryimage"},"thumbnailUrl":"https:\/\/www.notibras.com\/site\/wp-content\/uploads\/2015\/03\/seca-nordeste.jpg","datePublished":"2026-04-26T13:22:46+00:00","breadcrumb":{"@id":"https:\/\/www.notibras.com\/site\/nordestino-transforma-a-adversidade-em-vida\/#breadcrumb"},"inLanguage":"pt-BR","potentialAction":[{"@type":"ReadAction","target":["https:\/\/www.notibras.com\/site\/nordestino-transforma-a-adversidade-em-vida\/"]}]},{"@type":"ImageObject","inLanguage":"pt-BR","@id":"https:\/\/www.notibras.com\/site\/nordestino-transforma-a-adversidade-em-vida\/#primaryimage","url":"https:\/\/www.notibras.com\/site\/wp-content\/uploads\/2015\/03\/seca-nordeste.jpg","contentUrl":"https:\/\/www.notibras.com\/site\/wp-content\/uploads\/2015\/03\/seca-nordeste.jpg","width":570,"height":412},{"@type":"BreadcrumbList","@id":"https:\/\/www.notibras.com\/site\/nordestino-transforma-a-adversidade-em-vida\/#breadcrumb","itemListElement":[{"@type":"ListItem","position":1,"name":"In\u00edcio","item":"https:\/\/www.notibras.com\/site\/"},{"@type":"ListItem","position":2,"name":"Nordestino transforma a adversidade em vida"}]},{"@type":"WebSite","@id":"https:\/\/www.notibras.com\/site\/#website","url":"https:\/\/www.notibras.com\/site\/","name":"Notibras","description":"Not\u00edcias de Bras\u00edlia, do Brasil e do Mundo","publisher":{"@id":"https:\/\/www.notibras.com\/site\/#organization"},"potentialAction":[{"@type":"SearchAction","target":{"@type":"EntryPoint","urlTemplate":"https:\/\/www.notibras.com\/site\/?s={search_term_string}"},"query-input":{"@type":"PropertyValueSpecification","valueRequired":true,"valueName":"search_term_string"}}],"inLanguage":"pt-BR"},{"@type":"Organization","@id":"https:\/\/www.notibras.com\/site\/#organization","name":"Grupo Notibras de Comunica\u00e7\u00e3o","url":"https:\/\/www.notibras.com\/site\/","logo":{"@type":"ImageObject","inLanguage":"pt-BR","@id":"https:\/\/www.notibras.com\/site\/#\/schema\/logo\/image\/","url":"https:\/\/www.notibras.com\/site\/wp-content\/uploads\/2023\/01\/notibras23.png","contentUrl":"https:\/\/www.notibras.com\/site\/wp-content\/uploads\/2023\/01\/notibras23.png","width":350,"height":87,"caption":"Grupo Notibras de Comunica\u00e7\u00e3o"},"image":{"@id":"https:\/\/www.notibras.com\/site\/#\/schema\/logo\/image\/"},"sameAs":["https:\/\/www.facebook.com\/notibras\/","https:\/\/x.com\/Notibras","https:\/\/www.instagram.com\/notibras\/"]},{"@type":"Person","@id":"https:\/\/www.notibras.com\/site\/#\/schema\/person\/36ab0979449956132d3e5b517ea76ac8","name":"Reda\u00e7\u00e3o","image":{"@type":"ImageObject","inLanguage":"pt-BR","@id":"https:\/\/secure.gravatar.com\/avatar\/e0a867bdedb85fd243eadf09663511f96fc81e0720a4a42581f334ad4303aa6b?s=96&d=mm&r=g","url":"https:\/\/secure.gravatar.com\/avatar\/e0a867bdedb85fd243eadf09663511f96fc81e0720a4a42581f334ad4303aa6b?s=96&d=mm&r=g","contentUrl":"https:\/\/secure.gravatar.com\/avatar\/e0a867bdedb85fd243eadf09663511f96fc81e0720a4a42581f334ad4303aa6b?s=96&d=mm&r=g","caption":"Reda\u00e7\u00e3o"}}]}},"amp_enabled":true,"_links":{"self":[{"href":"https:\/\/www.notibras.com\/site\/wp-json\/wp\/v2\/posts\/392590","targetHints":{"allow":["GET"]}}],"collection":[{"href":"https:\/\/www.notibras.com\/site\/wp-json\/wp\/v2\/posts"}],"about":[{"href":"https:\/\/www.notibras.com\/site\/wp-json\/wp\/v2\/types\/post"}],"author":[{"embeddable":true,"href":"https:\/\/www.notibras.com\/site\/wp-json\/wp\/v2\/users\/2"}],"replies":[{"embeddable":true,"href":"https:\/\/www.notibras.com\/site\/wp-json\/wp\/v2\/comments?post=392590"}],"version-history":[{"count":1,"href":"https:\/\/www.notibras.com\/site\/wp-json\/wp\/v2\/posts\/392590\/revisions"}],"predecessor-version":[{"id":392591,"href":"https:\/\/www.notibras.com\/site\/wp-json\/wp\/v2\/posts\/392590\/revisions\/392591"}],"wp:featuredmedia":[{"embeddable":true,"href":"https:\/\/www.notibras.com\/site\/wp-json\/wp\/v2\/media\/40768"}],"wp:attachment":[{"href":"https:\/\/www.notibras.com\/site\/wp-json\/wp\/v2\/media?parent=392590"}],"wp:term":[{"taxonomy":"category","embeddable":true,"href":"https:\/\/www.notibras.com\/site\/wp-json\/wp\/v2\/categories?post=392590"},{"taxonomy":"post_tag","embeddable":true,"href":"https:\/\/www.notibras.com\/site\/wp-json\/wp\/v2\/tags?post=392590"}],"curies":[{"name":"wp","href":"https:\/\/api.w.org\/{rel}","templated":true}]}}