{"id":392600,"date":"2026-04-27T01:00:50","date_gmt":"2026-04-27T04:00:50","guid":{"rendered":"https:\/\/www.notibras.com\/site\/?p=392600"},"modified":"2026-04-26T11:50:27","modified_gmt":"2026-04-26T14:50:27","slug":"a-caliandra","status":"publish","type":"post","link":"https:\/\/www.notibras.com\/site\/a-caliandra\/","title":{"rendered":"A caliandra"},"content":{"rendered":"<p>Manhosa, n\u00e3o \u00e9 rosa,<br \/>\nPois, n\u00e3o cede, n\u00e3o serve<br \/>\nA banquete, ramalhete,<br \/>\nReplantes, enxertos&#8230;<\/p>\n<p>N\u00e3o \u00e0s inten\u00e7\u00f5es mais belas,<br \/>\nAs sinceras e as mal\u00e9volas.<br \/>\nMas, nem por isso deixa disso,<br \/>\nEssa, de ser flor-per\u00edfrase.<\/p>\n<p>\u201cDa pr\u00f3xima vez,<br \/>\nQue for a Bras\u00edlia&#8230;!\u201d<br \/>\nOra, leva-se em pensamento,<br \/>\nDe cora\u00e7\u00e3o, gosta \u00e9 do ch\u00e3o.<\/p>\n<p>Por mim, savana, planalto&#8230;<br \/>\nFica a ode num contralto:<br \/>\nCaliandra, A flor do Cerrado,<br \/>\nEspont\u00e2nea, centro do mundo.<\/p>\n<p>Tudo o que pede \u00e9 florir,<br \/>\nMas, para a beleza parir,<br \/>\nPrecisa deixar-se em paz,<br \/>\nSobreviver sem artif\u00edcios.<\/p>\n<p>Terra, terreno, terreiro&#8230;<br \/>\nBem vindos os pioneiros,<br \/>\nMas, em juras de \u00e1reas verdes,<br \/>\nSeu quinh\u00e3o no \u00e1rido torr\u00e3o.<\/p>\n<p>Se nem as lambidas do fogo<br \/>\nPodem, por fim, dizim\u00e1-la,<br \/>\nN\u00e3o a arranque, proteja-a,<br \/>\nSe a queres, mesmo, admirada.<\/p>\n<p>Reflorest\u00e1-la, imposs\u00edvel.<br \/>\nConversa n\u00e3o palat\u00e1vel.<br \/>\nSurpresa, na caminhada,<br \/>\nIsto sim, que agrad\u00e1vel!<\/p>\n<p>\u00c0 espera, sim, de estampas.<br \/>\nFica bem em camisetas,<br \/>\nSelos, postais e filipetas<br \/>\nMarcadores, p\u00e1ginas felizes.<\/p>\n","protected":false},"excerpt":{"rendered":"<p>Manhosa, n\u00e3o \u00e9 rosa, Pois, n\u00e3o cede, n\u00e3o serve A banquete, ramalhete, Replantes, enxertos&#8230; N\u00e3o \u00e0s inten\u00e7\u00f5es mais belas, As sinceras e as mal\u00e9volas. Mas, nem por isso deixa disso, Essa, de ser flor-per\u00edfrase. \u201cDa pr\u00f3xima vez, Que for a Bras\u00edlia&#8230;!\u201d Ora, leva-se em pensamento, De cora\u00e7\u00e3o, gosta \u00e9 do ch\u00e3o. Por mim, savana, planalto&#8230; [&hellip;]<\/p>\n","protected":false},"author":21,"featured_media":392601,"comment_status":"closed","ping_status":"closed","sticky":false,"template":"","format":"standard","meta":{"_acf_changed":false,"footnotes":""},"categories":[234],"tags":[],"class_list":["post-392600","post","type-post","status-publish","format-standard","has-post-thumbnail","hentry","category-cafe-literario"],"acf":[],"yoast_head":"<!-- This site is optimized with the Yoast SEO plugin v27.2 - https:\/\/yoast.com\/product\/yoast-seo-wordpress\/ -->\n<title>A caliandra - Notibras<\/title>\n<meta name=\"robots\" content=\"index, follow, max-snippet:-1, max-image-preview:large, max-video-preview:-1\" \/>\n<link rel=\"canonical\" href=\"https:\/\/www.notibras.com\/site\/a-caliandra\/\" \/>\n<meta property=\"og:locale\" content=\"pt_BR\" \/>\n<meta property=\"og:type\" content=\"article\" \/>\n<meta property=\"og:title\" content=\"A caliandra - Notibras\" \/>\n<meta property=\"og:description\" content=\"Manhosa, n\u00e3o \u00e9 rosa, Pois, n\u00e3o cede, n\u00e3o serve A banquete, ramalhete, Replantes, enxertos&#8230; N\u00e3o \u00e0s inten\u00e7\u00f5es mais belas, As sinceras e as mal\u00e9volas. Mas, nem por isso deixa disso, Essa, de ser flor-per\u00edfrase. \u201cDa pr\u00f3xima vez, Que for a Bras\u00edlia&#8230;!\u201d Ora, leva-se em pensamento, De cora\u00e7\u00e3o, gosta \u00e9 do ch\u00e3o. Por mim, savana, planalto&#8230; [&hellip;]\" \/>\n<meta property=\"og:url\" content=\"https:\/\/www.notibras.com\/site\/a-caliandra\/\" \/>\n<meta property=\"og:site_name\" content=\"Notibras\" \/>\n<meta property=\"article:publisher\" content=\"https:\/\/www.facebook.com\/notibras\/\" \/>\n<meta property=\"article:published_time\" content=\"2026-04-27T04:00:50+00:00\" \/>\n<meta property=\"og:image\" content=\"https:\/\/www.notibras.com\/site\/wp-content\/uploads\/2026\/04\/Caliandra.jpg\" \/>\n\t<meta property=\"og:image:width\" content=\"1594\" \/>\n\t<meta property=\"og:image:height\" content=\"2336\" \/>\n\t<meta property=\"og:image:type\" content=\"image\/jpeg\" \/>\n<meta name=\"author\" content=\"Eduardo Mart\u00ednez\" \/>\n<meta name=\"twitter:card\" content=\"summary_large_image\" \/>\n<meta name=\"twitter:creator\" content=\"@Notibras\" \/>\n<meta name=\"twitter:site\" content=\"@Notibras\" \/>\n<meta name=\"twitter:label1\" content=\"Escrito por\" \/>\n\t<meta name=\"twitter:data1\" content=\"Eduardo Mart\u00ednez\" \/>\n\t<meta name=\"twitter:label2\" content=\"Est. tempo de leitura\" \/>\n\t<meta name=\"twitter:data2\" content=\"2 minutos\" \/>\n<script type=\"application\/ld+json\" class=\"yoast-schema-graph\">{\"@context\":\"https:\/\/schema.org\",\"@graph\":[{\"@type\":\"Article\",\"@id\":\"https:\/\/www.notibras.com\/site\/a-caliandra\/#article\",\"isPartOf\":{\"@id\":\"https:\/\/www.notibras.com\/site\/a-caliandra\/\"},\"author\":{\"name\":\"Eduardo Mart\u00ednez\",\"@id\":\"https:\/\/www.notibras.com\/site\/#\/schema\/person\/5b7fabf2aedc3ada2105f03b22b4d3dd\"},\"headline\":\"A caliandra\",\"datePublished\":\"2026-04-27T04:00:50+00:00\",\"mainEntityOfPage\":{\"@id\":\"https:\/\/www.notibras.com\/site\/a-caliandra\/\"},\"wordCount\":173,\"publisher\":{\"@id\":\"https:\/\/www.notibras.com\/site\/#organization\"},\"image\":{\"@id\":\"https:\/\/www.notibras.com\/site\/a-caliandra\/#primaryimage\"},\"thumbnailUrl\":\"https:\/\/www.notibras.com\/site\/wp-content\/uploads\/2026\/04\/Caliandra.jpg\",\"articleSection\":[\"Caf\u00e9 Liter\u00e1rio\"],\"inLanguage\":\"pt-BR\"},{\"@type\":\"WebPage\",\"@id\":\"https:\/\/www.notibras.com\/site\/a-caliandra\/\",\"url\":\"https:\/\/www.notibras.com\/site\/a-caliandra\/\",\"name\":\"A caliandra - Notibras\",\"isPartOf\":{\"@id\":\"https:\/\/www.notibras.com\/site\/#website\"},\"primaryImageOfPage\":{\"@id\":\"https:\/\/www.notibras.com\/site\/a-caliandra\/#primaryimage\"},\"image\":{\"@id\":\"https:\/\/www.notibras.com\/site\/a-caliandra\/#primaryimage\"},\"thumbnailUrl\":\"https:\/\/www.notibras.com\/site\/wp-content\/uploads\/2026\/04\/Caliandra.jpg\",\"datePublished\":\"2026-04-27T04:00:50+00:00\",\"breadcrumb\":{\"@id\":\"https:\/\/www.notibras.com\/site\/a-caliandra\/#breadcrumb\"},\"inLanguage\":\"pt-BR\",\"potentialAction\":[{\"@type\":\"ReadAction\",\"target\":[\"https:\/\/www.notibras.com\/site\/a-caliandra\/\"]}]},{\"@type\":\"ImageObject\",\"inLanguage\":\"pt-BR\",\"@id\":\"https:\/\/www.notibras.com\/site\/a-caliandra\/#primaryimage\",\"url\":\"https:\/\/www.notibras.com\/site\/wp-content\/uploads\/2026\/04\/Caliandra.jpg\",\"contentUrl\":\"https:\/\/www.notibras.com\/site\/wp-content\/uploads\/2026\/04\/Caliandra.jpg\",\"width\":1594,\"height\":2336},{\"@type\":\"BreadcrumbList\",\"@id\":\"https:\/\/www.notibras.com\/site\/a-caliandra\/#breadcrumb\",\"itemListElement\":[{\"@type\":\"ListItem\",\"position\":1,\"name\":\"In\u00edcio\",\"item\":\"https:\/\/www.notibras.com\/site\/\"},{\"@type\":\"ListItem\",\"position\":2,\"name\":\"A caliandra\"}]},{\"@type\":\"WebSite\",\"@id\":\"https:\/\/www.notibras.com\/site\/#website\",\"url\":\"https:\/\/www.notibras.com\/site\/\",\"name\":\"Notibras\",\"description\":\"Not\u00edcias de Bras\u00edlia, do Brasil e do Mundo\",\"publisher\":{\"@id\":\"https:\/\/www.notibras.com\/site\/#organization\"},\"potentialAction\":[{\"@type\":\"SearchAction\",\"target\":{\"@type\":\"EntryPoint\",\"urlTemplate\":\"https:\/\/www.notibras.com\/site\/?s={search_term_string}\"},\"query-input\":{\"@type\":\"PropertyValueSpecification\",\"valueRequired\":true,\"valueName\":\"search_term_string\"}}],\"inLanguage\":\"pt-BR\"},{\"@type\":\"Organization\",\"@id\":\"https:\/\/www.notibras.com\/site\/#organization\",\"name\":\"Grupo Notibras de Comunica\u00e7\u00e3o\",\"url\":\"https:\/\/www.notibras.com\/site\/\",\"logo\":{\"@type\":\"ImageObject\",\"inLanguage\":\"pt-BR\",\"@id\":\"https:\/\/www.notibras.com\/site\/#\/schema\/logo\/image\/\",\"url\":\"https:\/\/www.notibras.com\/site\/wp-content\/uploads\/2023\/01\/notibras23.png\",\"contentUrl\":\"https:\/\/www.notibras.com\/site\/wp-content\/uploads\/2023\/01\/notibras23.png\",\"width\":350,\"height\":87,\"caption\":\"Grupo Notibras de Comunica\u00e7\u00e3o\"},\"image\":{\"@id\":\"https:\/\/www.notibras.com\/site\/#\/schema\/logo\/image\/\"},\"sameAs\":[\"https:\/\/www.facebook.com\/notibras\/\",\"https:\/\/x.com\/Notibras\",\"https:\/\/www.instagram.com\/notibras\/\"]},{\"@type\":\"Person\",\"@id\":\"https:\/\/www.notibras.com\/site\/#\/schema\/person\/5b7fabf2aedc3ada2105f03b22b4d3dd\",\"name\":\"Eduardo Mart\u00ednez\",\"image\":{\"@type\":\"ImageObject\",\"inLanguage\":\"pt-BR\",\"@id\":\"https:\/\/secure.gravatar.com\/avatar\/7902f906289926289cbcda644b5197c796b893c6ffd7b9a536a42d290f7704a0?s=96&d=mm&r=g\",\"url\":\"https:\/\/secure.gravatar.com\/avatar\/7902f906289926289cbcda644b5197c796b893c6ffd7b9a536a42d290f7704a0?s=96&d=mm&r=g\",\"contentUrl\":\"https:\/\/secure.gravatar.com\/avatar\/7902f906289926289cbcda644b5197c796b893c6ffd7b9a536a42d290f7704a0?s=96&d=mm&r=g\",\"caption\":\"Eduardo Mart\u00ednez\"}}]}<\/script>\n<!-- \/ Yoast SEO plugin. -->","yoast_head_json":{"title":"A caliandra - Notibras","robots":{"index":"index","follow":"follow","max-snippet":"max-snippet:-1","max-image-preview":"max-image-preview:large","max-video-preview":"max-video-preview:-1"},"canonical":"https:\/\/www.notibras.com\/site\/a-caliandra\/","og_locale":"pt_BR","og_type":"article","og_title":"A caliandra - Notibras","og_description":"Manhosa, n\u00e3o \u00e9 rosa, Pois, n\u00e3o cede, n\u00e3o serve A banquete, ramalhete, Replantes, enxertos&#8230; N\u00e3o \u00e0s inten\u00e7\u00f5es mais belas, As sinceras e as mal\u00e9volas. Mas, nem por isso deixa disso, Essa, de ser flor-per\u00edfrase. \u201cDa pr\u00f3xima vez, Que for a Bras\u00edlia&#8230;!\u201d Ora, leva-se em pensamento, De cora\u00e7\u00e3o, gosta \u00e9 do ch\u00e3o. Por mim, savana, planalto&#8230; [&hellip;]","og_url":"https:\/\/www.notibras.com\/site\/a-caliandra\/","og_site_name":"Notibras","article_publisher":"https:\/\/www.facebook.com\/notibras\/","article_published_time":"2026-04-27T04:00:50+00:00","og_image":[{"width":1594,"height":2336,"url":"https:\/\/www.notibras.com\/site\/wp-content\/uploads\/2026\/04\/Caliandra.jpg","type":"image\/jpeg"}],"author":"Eduardo Mart\u00ednez","twitter_card":"summary_large_image","twitter_creator":"@Notibras","twitter_site":"@Notibras","twitter_misc":{"Escrito por":"Eduardo Mart\u00ednez","Est. tempo de leitura":"2 minutos"},"schema":{"@context":"https:\/\/schema.org","@graph":[{"@type":"Article","@id":"https:\/\/www.notibras.com\/site\/a-caliandra\/#article","isPartOf":{"@id":"https:\/\/www.notibras.com\/site\/a-caliandra\/"},"author":{"name":"Eduardo Mart\u00ednez","@id":"https:\/\/www.notibras.com\/site\/#\/schema\/person\/5b7fabf2aedc3ada2105f03b22b4d3dd"},"headline":"A caliandra","datePublished":"2026-04-27T04:00:50+00:00","mainEntityOfPage":{"@id":"https:\/\/www.notibras.com\/site\/a-caliandra\/"},"wordCount":173,"publisher":{"@id":"https:\/\/www.notibras.com\/site\/#organization"},"image":{"@id":"https:\/\/www.notibras.com\/site\/a-caliandra\/#primaryimage"},"thumbnailUrl":"https:\/\/www.notibras.com\/site\/wp-content\/uploads\/2026\/04\/Caliandra.jpg","articleSection":["Caf\u00e9 Liter\u00e1rio"],"inLanguage":"pt-BR"},{"@type":"WebPage","@id":"https:\/\/www.notibras.com\/site\/a-caliandra\/","url":"https:\/\/www.notibras.com\/site\/a-caliandra\/","name":"A caliandra - Notibras","isPartOf":{"@id":"https:\/\/www.notibras.com\/site\/#website"},"primaryImageOfPage":{"@id":"https:\/\/www.notibras.com\/site\/a-caliandra\/#primaryimage"},"image":{"@id":"https:\/\/www.notibras.com\/site\/a-caliandra\/#primaryimage"},"thumbnailUrl":"https:\/\/www.notibras.com\/site\/wp-content\/uploads\/2026\/04\/Caliandra.jpg","datePublished":"2026-04-27T04:00:50+00:00","breadcrumb":{"@id":"https:\/\/www.notibras.com\/site\/a-caliandra\/#breadcrumb"},"inLanguage":"pt-BR","potentialAction":[{"@type":"ReadAction","target":["https:\/\/www.notibras.com\/site\/a-caliandra\/"]}]},{"@type":"ImageObject","inLanguage":"pt-BR","@id":"https:\/\/www.notibras.com\/site\/a-caliandra\/#primaryimage","url":"https:\/\/www.notibras.com\/site\/wp-content\/uploads\/2026\/04\/Caliandra.jpg","contentUrl":"https:\/\/www.notibras.com\/site\/wp-content\/uploads\/2026\/04\/Caliandra.jpg","width":1594,"height":2336},{"@type":"BreadcrumbList","@id":"https:\/\/www.notibras.com\/site\/a-caliandra\/#breadcrumb","itemListElement":[{"@type":"ListItem","position":1,"name":"In\u00edcio","item":"https:\/\/www.notibras.com\/site\/"},{"@type":"ListItem","position":2,"name":"A caliandra"}]},{"@type":"WebSite","@id":"https:\/\/www.notibras.com\/site\/#website","url":"https:\/\/www.notibras.com\/site\/","name":"Notibras","description":"Not\u00edcias de Bras\u00edlia, do Brasil e do Mundo","publisher":{"@id":"https:\/\/www.notibras.com\/site\/#organization"},"potentialAction":[{"@type":"SearchAction","target":{"@type":"EntryPoint","urlTemplate":"https:\/\/www.notibras.com\/site\/?s={search_term_string}"},"query-input":{"@type":"PropertyValueSpecification","valueRequired":true,"valueName":"search_term_string"}}],"inLanguage":"pt-BR"},{"@type":"Organization","@id":"https:\/\/www.notibras.com\/site\/#organization","name":"Grupo Notibras de Comunica\u00e7\u00e3o","url":"https:\/\/www.notibras.com\/site\/","logo":{"@type":"ImageObject","inLanguage":"pt-BR","@id":"https:\/\/www.notibras.com\/site\/#\/schema\/logo\/image\/","url":"https:\/\/www.notibras.com\/site\/wp-content\/uploads\/2023\/01\/notibras23.png","contentUrl":"https:\/\/www.notibras.com\/site\/wp-content\/uploads\/2023\/01\/notibras23.png","width":350,"height":87,"caption":"Grupo Notibras de Comunica\u00e7\u00e3o"},"image":{"@id":"https:\/\/www.notibras.com\/site\/#\/schema\/logo\/image\/"},"sameAs":["https:\/\/www.facebook.com\/notibras\/","https:\/\/x.com\/Notibras","https:\/\/www.instagram.com\/notibras\/"]},{"@type":"Person","@id":"https:\/\/www.notibras.com\/site\/#\/schema\/person\/5b7fabf2aedc3ada2105f03b22b4d3dd","name":"Eduardo Mart\u00ednez","image":{"@type":"ImageObject","inLanguage":"pt-BR","@id":"https:\/\/secure.gravatar.com\/avatar\/7902f906289926289cbcda644b5197c796b893c6ffd7b9a536a42d290f7704a0?s=96&d=mm&r=g","url":"https:\/\/secure.gravatar.com\/avatar\/7902f906289926289cbcda644b5197c796b893c6ffd7b9a536a42d290f7704a0?s=96&d=mm&r=g","contentUrl":"https:\/\/secure.gravatar.com\/avatar\/7902f906289926289cbcda644b5197c796b893c6ffd7b9a536a42d290f7704a0?s=96&d=mm&r=g","caption":"Eduardo Mart\u00ednez"}}]}},"amp_enabled":true,"_links":{"self":[{"href":"https:\/\/www.notibras.com\/site\/wp-json\/wp\/v2\/posts\/392600","targetHints":{"allow":["GET"]}}],"collection":[{"href":"https:\/\/www.notibras.com\/site\/wp-json\/wp\/v2\/posts"}],"about":[{"href":"https:\/\/www.notibras.com\/site\/wp-json\/wp\/v2\/types\/post"}],"author":[{"embeddable":true,"href":"https:\/\/www.notibras.com\/site\/wp-json\/wp\/v2\/users\/21"}],"replies":[{"embeddable":true,"href":"https:\/\/www.notibras.com\/site\/wp-json\/wp\/v2\/comments?post=392600"}],"version-history":[{"count":2,"href":"https:\/\/www.notibras.com\/site\/wp-json\/wp\/v2\/posts\/392600\/revisions"}],"predecessor-version":[{"id":392603,"href":"https:\/\/www.notibras.com\/site\/wp-json\/wp\/v2\/posts\/392600\/revisions\/392603"}],"wp:featuredmedia":[{"embeddable":true,"href":"https:\/\/www.notibras.com\/site\/wp-json\/wp\/v2\/media\/392601"}],"wp:attachment":[{"href":"https:\/\/www.notibras.com\/site\/wp-json\/wp\/v2\/media?parent=392600"}],"wp:term":[{"taxonomy":"category","embeddable":true,"href":"https:\/\/www.notibras.com\/site\/wp-json\/wp\/v2\/categories?post=392600"},{"taxonomy":"post_tag","embeddable":true,"href":"https:\/\/www.notibras.com\/site\/wp-json\/wp\/v2\/tags?post=392600"}],"curies":[{"name":"wp","href":"https:\/\/api.w.org\/{rel}","templated":true}]}}