{"id":392617,"date":"2026-04-27T01:15:31","date_gmt":"2026-04-27T04:15:31","guid":{"rendered":"https:\/\/www.notibras.com\/site\/?p=392617"},"modified":"2026-04-26T17:06:58","modified_gmt":"2026-04-26T20:06:58","slug":"vinganca-deixa-quatro-baleados-em-distribuidora-de-bebidas","status":"publish","type":"post","link":"https:\/\/www.notibras.com\/site\/vinganca-deixa-quatro-baleados-em-distribuidora-de-bebidas\/","title":{"rendered":"Vingan\u00e7a deixa quatro baleados em distribuidora de bebidas"},"content":{"rendered":"<p>A madrugada deste domingo (26) foi marcada pela viol\u00eancia em uma distribuidora de bebidas localizada em \u00c1gua Quente, no Recanto das Emas, Distrito Federal. O que deveria ser um momento de lazer terminou em uma confus\u00e3o generalizada, resultando em quatro pessoas feridas por disparos de arma de fogo.<\/p>\n<p>De acordo com testemunhas e relatos das v\u00edtimas, o conflito teve in\u00edcio de forma repentina. Um homem, ainda n\u00e3o identificado, aproximou-se de um cliente da distribuidora e efetuou disparos \u00e0 queima-roupa, atingindo-o no peito e na perna. Logo ap\u00f3s o ataque, o agressor fugiu do local, tomando rumo ignorado.<\/p>\n<p>Em uma rea\u00e7\u00e3o inesperada e mesmo gravemente ferido, o homem alvejado conseguiu sacar um rev\u00f3lver que carregava consigo. Em vez de focar apenas em seu agressor, ele abriu fogo em dire\u00e7\u00e3o \u00e0 multid\u00e3o que estava no estabelecimento, espalhando p\u00e2nico entre os presentes que tentavam se proteger.<\/p>\n<p>O revide resultou em novas v\u00edtimas: dois homens e uma mulher, todos adultos, foram atingidos pelos tiros disparados pelo primeiro homem baleado. A correria foi intensa, e o clima de divers\u00e3o no com\u00e9rcio deu lugar ao desespero enquanto as pessoas buscavam abrigo contra os proj\u00e9teis.<\/p>\n<p>A Pol\u00edcia Militar do Distrito Federal (PMDF) foi acionada para atender a ocorr\u00eancia de tentativa de homic\u00eddio por volta das 5h20. Ao chegarem ao endere\u00e7o, os policiais encontraram o cen\u00e1rio de p\u00f3s-confronto e prestaram o apoio necess\u00e1rio para organizar o socorro dos feridos.<\/p>\n<p>Inicialmente, as quatro v\u00edtimas foram encaminhadas para o Hospital de Santo Ant\u00f4nio do Descoberto, em Goi\u00e1s, devido \u00e0 proximidade com a regi\u00e3o de \u00c1gua Quente. O estado de sa\u00fade inicial dos tr\u00eas atingidos pela segunda sequ\u00eancia de disparos n\u00e3o foi detalhado pela corpora\u00e7\u00e3o.<\/p>\n<p>Entretanto, devido \u00e0 gravidade das perfura\u00e7\u00f5es no peito e na perna, o homem que revidou o ataque precisou de cuidados especializados. Ele foi transferido sob escolta para o Hospital Regional de Taguatinga (HRT), onde permanece internado para tratamento m\u00e9dico.<\/p>\n<p>At\u00e9 o fechamento desta edi\u00e7\u00e3o, o autor dos primeiros disparos continuava foragido e n\u00e3o havia sido identificado. O caso foi registrado na 27\u00aa Delegacia de Pol\u00edcia (Recanto das Emas), e a Pol\u00edcia Civil do DF segue investigando a motiva\u00e7\u00e3o do crime e a proced\u00eancia da arma utilizada no revide.<\/p>\n","protected":false},"excerpt":{"rendered":"<p>A madrugada deste domingo (26) foi marcada pela viol\u00eancia em uma distribuidora de bebidas localizada em \u00c1gua Quente, no Recanto das Emas, Distrito Federal. O que deveria ser um momento de lazer terminou em uma confus\u00e3o generalizada, resultando em quatro pessoas feridas por disparos de arma de fogo. De acordo com testemunhas e relatos das [&hellip;]<\/p>\n","protected":false},"author":21,"featured_media":392619,"comment_status":"closed","ping_status":"closed","sticky":false,"template":"","format":"standard","meta":{"_acf_changed":false,"footnotes":""},"categories":[161],"tags":[],"class_list":["post-392617","post","type-post","status-publish","format-standard","has-post-thumbnail","hentry","category-quadradinho-em-foco"],"acf":[],"yoast_head":"<!-- This site is optimized with the Yoast SEO plugin v27.2 - https:\/\/yoast.com\/product\/yoast-seo-wordpress\/ -->\n<title>Vingan\u00e7a deixa quatro baleados em distribuidora de bebidas - Notibras<\/title>\n<meta name=\"robots\" content=\"index, follow, max-snippet:-1, max-image-preview:large, max-video-preview:-1\" \/>\n<link rel=\"canonical\" href=\"https:\/\/www.notibras.com\/site\/vinganca-deixa-quatro-baleados-em-distribuidora-de-bebidas\/\" \/>\n<meta property=\"og:locale\" content=\"pt_BR\" \/>\n<meta property=\"og:type\" content=\"article\" \/>\n<meta property=\"og:title\" content=\"Vingan\u00e7a deixa quatro baleados em distribuidora de bebidas - Notibras\" \/>\n<meta property=\"og:description\" content=\"A madrugada deste domingo (26) foi marcada pela viol\u00eancia em uma distribuidora de bebidas localizada em \u00c1gua Quente, no Recanto das Emas, Distrito Federal. O que deveria ser um momento de lazer terminou em uma confus\u00e3o generalizada, resultando em quatro pessoas feridas por disparos de arma de fogo. De acordo com testemunhas e relatos das [&hellip;]\" \/>\n<meta property=\"og:url\" content=\"https:\/\/www.notibras.com\/site\/vinganca-deixa-quatro-baleados-em-distribuidora-de-bebidas\/\" \/>\n<meta property=\"og:site_name\" content=\"Notibras\" \/>\n<meta property=\"article:publisher\" content=\"https:\/\/www.facebook.com\/notibras\/\" \/>\n<meta property=\"article:published_time\" content=\"2026-04-27T04:15:31+00:00\" \/>\n<meta property=\"og:image\" content=\"https:\/\/www.notibras.com\/site\/wp-content\/uploads\/2026\/04\/f8166232aef092a4a7d0333c2e8fe0cf_L.jpg\" \/>\n\t<meta property=\"og:image:width\" content=\"600\" \/>\n\t<meta property=\"og:image:height\" content=\"451\" \/>\n\t<meta property=\"og:image:type\" content=\"image\/jpeg\" \/>\n<meta name=\"author\" content=\"Eduardo Mart\u00ednez\" \/>\n<meta name=\"twitter:card\" content=\"summary_large_image\" \/>\n<meta name=\"twitter:creator\" content=\"@Notibras\" \/>\n<meta name=\"twitter:site\" content=\"@Notibras\" \/>\n<meta name=\"twitter:label1\" content=\"Escrito por\" \/>\n\t<meta name=\"twitter:data1\" content=\"Eduardo Mart\u00ednez\" \/>\n\t<meta name=\"twitter:label2\" content=\"Est. tempo de leitura\" \/>\n\t<meta name=\"twitter:data2\" content=\"3 minutos\" \/>\n<script type=\"application\/ld+json\" class=\"yoast-schema-graph\">{\"@context\":\"https:\/\/schema.org\",\"@graph\":[{\"@type\":\"Article\",\"@id\":\"https:\/\/www.notibras.com\/site\/vinganca-deixa-quatro-baleados-em-distribuidora-de-bebidas\/#article\",\"isPartOf\":{\"@id\":\"https:\/\/www.notibras.com\/site\/vinganca-deixa-quatro-baleados-em-distribuidora-de-bebidas\/\"},\"author\":{\"name\":\"Eduardo Mart\u00ednez\",\"@id\":\"https:\/\/www.notibras.com\/site\/#\/schema\/person\/5b7fabf2aedc3ada2105f03b22b4d3dd\"},\"headline\":\"Vingan\u00e7a deixa quatro baleados em distribuidora de bebidas\",\"datePublished\":\"2026-04-27T04:15:31+00:00\",\"mainEntityOfPage\":{\"@id\":\"https:\/\/www.notibras.com\/site\/vinganca-deixa-quatro-baleados-em-distribuidora-de-bebidas\/\"},\"wordCount\":404,\"publisher\":{\"@id\":\"https:\/\/www.notibras.com\/site\/#organization\"},\"image\":{\"@id\":\"https:\/\/www.notibras.com\/site\/vinganca-deixa-quatro-baleados-em-distribuidora-de-bebidas\/#primaryimage\"},\"thumbnailUrl\":\"https:\/\/www.notibras.com\/site\/wp-content\/uploads\/2026\/04\/f8166232aef092a4a7d0333c2e8fe0cf_L.jpg\",\"articleSection\":[\"Quadradinho em Foco\"],\"inLanguage\":\"pt-BR\"},{\"@type\":\"WebPage\",\"@id\":\"https:\/\/www.notibras.com\/site\/vinganca-deixa-quatro-baleados-em-distribuidora-de-bebidas\/\",\"url\":\"https:\/\/www.notibras.com\/site\/vinganca-deixa-quatro-baleados-em-distribuidora-de-bebidas\/\",\"name\":\"Vingan\u00e7a deixa quatro baleados em distribuidora de bebidas - Notibras\",\"isPartOf\":{\"@id\":\"https:\/\/www.notibras.com\/site\/#website\"},\"primaryImageOfPage\":{\"@id\":\"https:\/\/www.notibras.com\/site\/vinganca-deixa-quatro-baleados-em-distribuidora-de-bebidas\/#primaryimage\"},\"image\":{\"@id\":\"https:\/\/www.notibras.com\/site\/vinganca-deixa-quatro-baleados-em-distribuidora-de-bebidas\/#primaryimage\"},\"thumbnailUrl\":\"https:\/\/www.notibras.com\/site\/wp-content\/uploads\/2026\/04\/f8166232aef092a4a7d0333c2e8fe0cf_L.jpg\",\"datePublished\":\"2026-04-27T04:15:31+00:00\",\"breadcrumb\":{\"@id\":\"https:\/\/www.notibras.com\/site\/vinganca-deixa-quatro-baleados-em-distribuidora-de-bebidas\/#breadcrumb\"},\"inLanguage\":\"pt-BR\",\"potentialAction\":[{\"@type\":\"ReadAction\",\"target\":[\"https:\/\/www.notibras.com\/site\/vinganca-deixa-quatro-baleados-em-distribuidora-de-bebidas\/\"]}]},{\"@type\":\"ImageObject\",\"inLanguage\":\"pt-BR\",\"@id\":\"https:\/\/www.notibras.com\/site\/vinganca-deixa-quatro-baleados-em-distribuidora-de-bebidas\/#primaryimage\",\"url\":\"https:\/\/www.notibras.com\/site\/wp-content\/uploads\/2026\/04\/f8166232aef092a4a7d0333c2e8fe0cf_L.jpg\",\"contentUrl\":\"https:\/\/www.notibras.com\/site\/wp-content\/uploads\/2026\/04\/f8166232aef092a4a7d0333c2e8fe0cf_L.jpg\",\"width\":600,\"height\":451},{\"@type\":\"BreadcrumbList\",\"@id\":\"https:\/\/www.notibras.com\/site\/vinganca-deixa-quatro-baleados-em-distribuidora-de-bebidas\/#breadcrumb\",\"itemListElement\":[{\"@type\":\"ListItem\",\"position\":1,\"name\":\"In\u00edcio\",\"item\":\"https:\/\/www.notibras.com\/site\/\"},{\"@type\":\"ListItem\",\"position\":2,\"name\":\"Vingan\u00e7a deixa quatro baleados em distribuidora de bebidas\"}]},{\"@type\":\"WebSite\",\"@id\":\"https:\/\/www.notibras.com\/site\/#website\",\"url\":\"https:\/\/www.notibras.com\/site\/\",\"name\":\"Notibras\",\"description\":\"Not\u00edcias de Bras\u00edlia, do Brasil e do Mundo\",\"publisher\":{\"@id\":\"https:\/\/www.notibras.com\/site\/#organization\"},\"potentialAction\":[{\"@type\":\"SearchAction\",\"target\":{\"@type\":\"EntryPoint\",\"urlTemplate\":\"https:\/\/www.notibras.com\/site\/?s={search_term_string}\"},\"query-input\":{\"@type\":\"PropertyValueSpecification\",\"valueRequired\":true,\"valueName\":\"search_term_string\"}}],\"inLanguage\":\"pt-BR\"},{\"@type\":\"Organization\",\"@id\":\"https:\/\/www.notibras.com\/site\/#organization\",\"name\":\"Grupo Notibras de Comunica\u00e7\u00e3o\",\"url\":\"https:\/\/www.notibras.com\/site\/\",\"logo\":{\"@type\":\"ImageObject\",\"inLanguage\":\"pt-BR\",\"@id\":\"https:\/\/www.notibras.com\/site\/#\/schema\/logo\/image\/\",\"url\":\"https:\/\/www.notibras.com\/site\/wp-content\/uploads\/2023\/01\/notibras23.png\",\"contentUrl\":\"https:\/\/www.notibras.com\/site\/wp-content\/uploads\/2023\/01\/notibras23.png\",\"width\":350,\"height\":87,\"caption\":\"Grupo Notibras de Comunica\u00e7\u00e3o\"},\"image\":{\"@id\":\"https:\/\/www.notibras.com\/site\/#\/schema\/logo\/image\/\"},\"sameAs\":[\"https:\/\/www.facebook.com\/notibras\/\",\"https:\/\/x.com\/Notibras\",\"https:\/\/www.instagram.com\/notibras\/\"]},{\"@type\":\"Person\",\"@id\":\"https:\/\/www.notibras.com\/site\/#\/schema\/person\/5b7fabf2aedc3ada2105f03b22b4d3dd\",\"name\":\"Eduardo Mart\u00ednez\",\"image\":{\"@type\":\"ImageObject\",\"inLanguage\":\"pt-BR\",\"@id\":\"https:\/\/secure.gravatar.com\/avatar\/7902f906289926289cbcda644b5197c796b893c6ffd7b9a536a42d290f7704a0?s=96&d=mm&r=g\",\"url\":\"https:\/\/secure.gravatar.com\/avatar\/7902f906289926289cbcda644b5197c796b893c6ffd7b9a536a42d290f7704a0?s=96&d=mm&r=g\",\"contentUrl\":\"https:\/\/secure.gravatar.com\/avatar\/7902f906289926289cbcda644b5197c796b893c6ffd7b9a536a42d290f7704a0?s=96&d=mm&r=g\",\"caption\":\"Eduardo Mart\u00ednez\"}}]}<\/script>\n<!-- \/ Yoast SEO plugin. -->","yoast_head_json":{"title":"Vingan\u00e7a deixa quatro baleados em distribuidora de bebidas - Notibras","robots":{"index":"index","follow":"follow","max-snippet":"max-snippet:-1","max-image-preview":"max-image-preview:large","max-video-preview":"max-video-preview:-1"},"canonical":"https:\/\/www.notibras.com\/site\/vinganca-deixa-quatro-baleados-em-distribuidora-de-bebidas\/","og_locale":"pt_BR","og_type":"article","og_title":"Vingan\u00e7a deixa quatro baleados em distribuidora de bebidas - Notibras","og_description":"A madrugada deste domingo (26) foi marcada pela viol\u00eancia em uma distribuidora de bebidas localizada em \u00c1gua Quente, no Recanto das Emas, Distrito Federal. O que deveria ser um momento de lazer terminou em uma confus\u00e3o generalizada, resultando em quatro pessoas feridas por disparos de arma de fogo. De acordo com testemunhas e relatos das [&hellip;]","og_url":"https:\/\/www.notibras.com\/site\/vinganca-deixa-quatro-baleados-em-distribuidora-de-bebidas\/","og_site_name":"Notibras","article_publisher":"https:\/\/www.facebook.com\/notibras\/","article_published_time":"2026-04-27T04:15:31+00:00","og_image":[{"width":600,"height":451,"url":"https:\/\/www.notibras.com\/site\/wp-content\/uploads\/2026\/04\/f8166232aef092a4a7d0333c2e8fe0cf_L.jpg","type":"image\/jpeg"}],"author":"Eduardo Mart\u00ednez","twitter_card":"summary_large_image","twitter_creator":"@Notibras","twitter_site":"@Notibras","twitter_misc":{"Escrito por":"Eduardo Mart\u00ednez","Est. tempo de leitura":"3 minutos"},"schema":{"@context":"https:\/\/schema.org","@graph":[{"@type":"Article","@id":"https:\/\/www.notibras.com\/site\/vinganca-deixa-quatro-baleados-em-distribuidora-de-bebidas\/#article","isPartOf":{"@id":"https:\/\/www.notibras.com\/site\/vinganca-deixa-quatro-baleados-em-distribuidora-de-bebidas\/"},"author":{"name":"Eduardo Mart\u00ednez","@id":"https:\/\/www.notibras.com\/site\/#\/schema\/person\/5b7fabf2aedc3ada2105f03b22b4d3dd"},"headline":"Vingan\u00e7a deixa quatro baleados em distribuidora de bebidas","datePublished":"2026-04-27T04:15:31+00:00","mainEntityOfPage":{"@id":"https:\/\/www.notibras.com\/site\/vinganca-deixa-quatro-baleados-em-distribuidora-de-bebidas\/"},"wordCount":404,"publisher":{"@id":"https:\/\/www.notibras.com\/site\/#organization"},"image":{"@id":"https:\/\/www.notibras.com\/site\/vinganca-deixa-quatro-baleados-em-distribuidora-de-bebidas\/#primaryimage"},"thumbnailUrl":"https:\/\/www.notibras.com\/site\/wp-content\/uploads\/2026\/04\/f8166232aef092a4a7d0333c2e8fe0cf_L.jpg","articleSection":["Quadradinho em Foco"],"inLanguage":"pt-BR"},{"@type":"WebPage","@id":"https:\/\/www.notibras.com\/site\/vinganca-deixa-quatro-baleados-em-distribuidora-de-bebidas\/","url":"https:\/\/www.notibras.com\/site\/vinganca-deixa-quatro-baleados-em-distribuidora-de-bebidas\/","name":"Vingan\u00e7a deixa quatro baleados em distribuidora de bebidas - Notibras","isPartOf":{"@id":"https:\/\/www.notibras.com\/site\/#website"},"primaryImageOfPage":{"@id":"https:\/\/www.notibras.com\/site\/vinganca-deixa-quatro-baleados-em-distribuidora-de-bebidas\/#primaryimage"},"image":{"@id":"https:\/\/www.notibras.com\/site\/vinganca-deixa-quatro-baleados-em-distribuidora-de-bebidas\/#primaryimage"},"thumbnailUrl":"https:\/\/www.notibras.com\/site\/wp-content\/uploads\/2026\/04\/f8166232aef092a4a7d0333c2e8fe0cf_L.jpg","datePublished":"2026-04-27T04:15:31+00:00","breadcrumb":{"@id":"https:\/\/www.notibras.com\/site\/vinganca-deixa-quatro-baleados-em-distribuidora-de-bebidas\/#breadcrumb"},"inLanguage":"pt-BR","potentialAction":[{"@type":"ReadAction","target":["https:\/\/www.notibras.com\/site\/vinganca-deixa-quatro-baleados-em-distribuidora-de-bebidas\/"]}]},{"@type":"ImageObject","inLanguage":"pt-BR","@id":"https:\/\/www.notibras.com\/site\/vinganca-deixa-quatro-baleados-em-distribuidora-de-bebidas\/#primaryimage","url":"https:\/\/www.notibras.com\/site\/wp-content\/uploads\/2026\/04\/f8166232aef092a4a7d0333c2e8fe0cf_L.jpg","contentUrl":"https:\/\/www.notibras.com\/site\/wp-content\/uploads\/2026\/04\/f8166232aef092a4a7d0333c2e8fe0cf_L.jpg","width":600,"height":451},{"@type":"BreadcrumbList","@id":"https:\/\/www.notibras.com\/site\/vinganca-deixa-quatro-baleados-em-distribuidora-de-bebidas\/#breadcrumb","itemListElement":[{"@type":"ListItem","position":1,"name":"In\u00edcio","item":"https:\/\/www.notibras.com\/site\/"},{"@type":"ListItem","position":2,"name":"Vingan\u00e7a deixa quatro baleados em distribuidora de bebidas"}]},{"@type":"WebSite","@id":"https:\/\/www.notibras.com\/site\/#website","url":"https:\/\/www.notibras.com\/site\/","name":"Notibras","description":"Not\u00edcias de Bras\u00edlia, do Brasil e do Mundo","publisher":{"@id":"https:\/\/www.notibras.com\/site\/#organization"},"potentialAction":[{"@type":"SearchAction","target":{"@type":"EntryPoint","urlTemplate":"https:\/\/www.notibras.com\/site\/?s={search_term_string}"},"query-input":{"@type":"PropertyValueSpecification","valueRequired":true,"valueName":"search_term_string"}}],"inLanguage":"pt-BR"},{"@type":"Organization","@id":"https:\/\/www.notibras.com\/site\/#organization","name":"Grupo Notibras de Comunica\u00e7\u00e3o","url":"https:\/\/www.notibras.com\/site\/","logo":{"@type":"ImageObject","inLanguage":"pt-BR","@id":"https:\/\/www.notibras.com\/site\/#\/schema\/logo\/image\/","url":"https:\/\/www.notibras.com\/site\/wp-content\/uploads\/2023\/01\/notibras23.png","contentUrl":"https:\/\/www.notibras.com\/site\/wp-content\/uploads\/2023\/01\/notibras23.png","width":350,"height":87,"caption":"Grupo Notibras de Comunica\u00e7\u00e3o"},"image":{"@id":"https:\/\/www.notibras.com\/site\/#\/schema\/logo\/image\/"},"sameAs":["https:\/\/www.facebook.com\/notibras\/","https:\/\/x.com\/Notibras","https:\/\/www.instagram.com\/notibras\/"]},{"@type":"Person","@id":"https:\/\/www.notibras.com\/site\/#\/schema\/person\/5b7fabf2aedc3ada2105f03b22b4d3dd","name":"Eduardo Mart\u00ednez","image":{"@type":"ImageObject","inLanguage":"pt-BR","@id":"https:\/\/secure.gravatar.com\/avatar\/7902f906289926289cbcda644b5197c796b893c6ffd7b9a536a42d290f7704a0?s=96&d=mm&r=g","url":"https:\/\/secure.gravatar.com\/avatar\/7902f906289926289cbcda644b5197c796b893c6ffd7b9a536a42d290f7704a0?s=96&d=mm&r=g","contentUrl":"https:\/\/secure.gravatar.com\/avatar\/7902f906289926289cbcda644b5197c796b893c6ffd7b9a536a42d290f7704a0?s=96&d=mm&r=g","caption":"Eduardo Mart\u00ednez"}}]}},"amp_enabled":true,"_links":{"self":[{"href":"https:\/\/www.notibras.com\/site\/wp-json\/wp\/v2\/posts\/392617","targetHints":{"allow":["GET"]}}],"collection":[{"href":"https:\/\/www.notibras.com\/site\/wp-json\/wp\/v2\/posts"}],"about":[{"href":"https:\/\/www.notibras.com\/site\/wp-json\/wp\/v2\/types\/post"}],"author":[{"embeddable":true,"href":"https:\/\/www.notibras.com\/site\/wp-json\/wp\/v2\/users\/21"}],"replies":[{"embeddable":true,"href":"https:\/\/www.notibras.com\/site\/wp-json\/wp\/v2\/comments?post=392617"}],"version-history":[{"count":2,"href":"https:\/\/www.notibras.com\/site\/wp-json\/wp\/v2\/posts\/392617\/revisions"}],"predecessor-version":[{"id":392620,"href":"https:\/\/www.notibras.com\/site\/wp-json\/wp\/v2\/posts\/392617\/revisions\/392620"}],"wp:featuredmedia":[{"embeddable":true,"href":"https:\/\/www.notibras.com\/site\/wp-json\/wp\/v2\/media\/392619"}],"wp:attachment":[{"href":"https:\/\/www.notibras.com\/site\/wp-json\/wp\/v2\/media?parent=392617"}],"wp:term":[{"taxonomy":"category","embeddable":true,"href":"https:\/\/www.notibras.com\/site\/wp-json\/wp\/v2\/categories?post=392617"},{"taxonomy":"post_tag","embeddable":true,"href":"https:\/\/www.notibras.com\/site\/wp-json\/wp\/v2\/tags?post=392617"}],"curies":[{"name":"wp","href":"https:\/\/api.w.org\/{rel}","templated":true}]}}