{"id":392622,"date":"2026-04-27T01:00:25","date_gmt":"2026-04-27T04:00:25","guid":{"rendered":"https:\/\/www.notibras.com\/site\/?p=392622"},"modified":"2026-04-26T17:18:52","modified_gmt":"2026-04-26T20:18:52","slug":"corpo-de-mulher-trans-e-encontrado-com-sinais-de-violencia","status":"publish","type":"post","link":"https:\/\/www.notibras.com\/site\/corpo-de-mulher-trans-e-encontrado-com-sinais-de-violencia\/","title":{"rendered":"Corpo de mulher trans \u00e9 encontrado com sinais de viol\u00eancia"},"content":{"rendered":"<p>A Pol\u00edcia Civil do Distrito Federal deu in\u00edcio \u00e0s investiga\u00e7\u00f5es sobre a morte de Valeska Barboza, uma mulher trans encontrada sem vida na noite deste s\u00e1bado (25). O corpo estava dentro de um apartamento no Condom\u00ednio Porto Rico, localizado na regi\u00e3o administrativa de Santa Maria. A descoberta mobilizou for\u00e7as de seguran\u00e7a ap\u00f3s alertas de pessoas pr\u00f3ximas \u00e0 v\u00edtima.<\/p>\n<p>A Pol\u00edcia Militar foi acionada por um amigo de Valeska, que estranhou o seu desaparecimento prolongado. Ao chegar \u00e0 porta do im\u00f3vel, que estava trancado, o homem relatou \u00e0s autoridades ter sentido um &#8220;forte odor&#8221; vindo do interior do apartamento. Diante do ind\u00edcio de irregularidade, os militares entraram na resid\u00eancia e confirmaram a fatalidade.<\/p>\n<p>De acordo com informa\u00e7\u00f5es preliminares da corpora\u00e7\u00e3o, o corpo j\u00e1 apresentava sinais de decomposi\u00e7\u00e3o no momento em que foi localizado. Al\u00e9m disso, a cena do crime indicava uma morte violenta, com a presen\u00e7a de manchas de sangue pelo local e perfura\u00e7\u00f5es vis\u00edveis no corpo da v\u00edtima. A per\u00edcia foi acionada imediatamente para coletar vest\u00edgios que ajudem a esclarecer a din\u00e2mica do ocorrido.<\/p>\n<p>Valeska Barboza era conhecida na comunidade local, e a not\u00edcia de sua morte causou forte como\u00e7\u00e3o. Amigos e familiares utilizaram as redes sociais para lamentar a perda e prestar homenagens. A brutalidade do caso gerou pedidos de justi\u00e7a e maior aten\u00e7\u00e3o das autoridades para crimes envolvendo viol\u00eancia de g\u00eanero e transfobia na regi\u00e3o.<\/p>\n<p>A \u00e1rea do apartamento foi isolada para o trabalho t\u00e9cnico dos peritos criminais, que buscam identificar a arma utilizada no crime e poss\u00edveis impress\u00f5es digitais de invasores. A ocorr\u00eancia foi inicialmente registrada na 27\u00aa Delegacia de Pol\u00edcia, no Recanto das Emas, mas o caso deve seguir sob a responsabilidade da 33\u00aa DP, em Santa Maria.<\/p>\n<p>At\u00e9 o in\u00edcio da tarde deste domingo (26), a pol\u00edcia informou que nenhum suspeito havia sido identificado ou preso. Os investigadores agora trabalham com a an\u00e1lise de c\u00e2meras de seguran\u00e7a do condom\u00ednio e depoimentos de vizinhos para tra\u00e7ar os \u00faltimos passos da v\u00edtima e identificar quem teria entrado no im\u00f3vel nos dias anteriores.<\/p>\n<p>Diante da trag\u00e9dia inesperada, a fam\u00edlia de Valeska enfrenta dificuldades financeiras para realizar o \u00faltimo adeus. Amigos organizaram uma &#8220;vaquinha&#8221; virtual para arrecadar fundos destinados a cobrir os custos do sepultamento e do translado, mobilizando internautas em uma corrente de solidariedade para apoiar os parentes neste momento de luto.<\/p>\n<p>A Pol\u00edcia Civil refor\u00e7a que qualquer informa\u00e7\u00e3o que ajude na localiza\u00e7\u00e3o de suspeitos pode ser repassada de forma an\u00f4nima pelo Disque-Den\u00fancia 197. O caso segue em sigilo para n\u00e3o comprometer as dilig\u00eancias que buscam esclarecer se o crime foi motivado por quest\u00f5es pessoais ou se configura um caso de crime de \u00f3dio.<\/p>\n","protected":false},"excerpt":{"rendered":"<p>A Pol\u00edcia Civil do Distrito Federal deu in\u00edcio \u00e0s investiga\u00e7\u00f5es sobre a morte de Valeska Barboza, uma mulher trans encontrada sem vida na noite deste s\u00e1bado (25). O corpo estava dentro de um apartamento no Condom\u00ednio Porto Rico, localizado na regi\u00e3o administrativa de Santa Maria. A descoberta mobilizou for\u00e7as de seguran\u00e7a ap\u00f3s alertas de pessoas [&hellip;]<\/p>\n","protected":false},"author":21,"featured_media":392623,"comment_status":"closed","ping_status":"closed","sticky":false,"template":"","format":"standard","meta":{"_acf_changed":false,"footnotes":""},"categories":[161],"tags":[],"class_list":["post-392622","post","type-post","status-publish","format-standard","has-post-thumbnail","hentry","category-quadradinho-em-foco"],"acf":[],"yoast_head":"<!-- This site is optimized with the Yoast SEO plugin v27.2 - https:\/\/yoast.com\/product\/yoast-seo-wordpress\/ -->\n<title>Corpo de mulher trans \u00e9 encontrado com sinais de viol\u00eancia - Notibras<\/title>\n<meta name=\"robots\" content=\"index, follow, max-snippet:-1, max-image-preview:large, max-video-preview:-1\" \/>\n<link rel=\"canonical\" href=\"https:\/\/www.notibras.com\/site\/corpo-de-mulher-trans-e-encontrado-com-sinais-de-violencia\/\" \/>\n<meta property=\"og:locale\" content=\"pt_BR\" \/>\n<meta property=\"og:type\" content=\"article\" \/>\n<meta property=\"og:title\" content=\"Corpo de mulher trans \u00e9 encontrado com sinais de viol\u00eancia - Notibras\" \/>\n<meta property=\"og:description\" content=\"A Pol\u00edcia Civil do Distrito Federal deu in\u00edcio \u00e0s investiga\u00e7\u00f5es sobre a morte de Valeska Barboza, uma mulher trans encontrada sem vida na noite deste s\u00e1bado (25). O corpo estava dentro de um apartamento no Condom\u00ednio Porto Rico, localizado na regi\u00e3o administrativa de Santa Maria. A descoberta mobilizou for\u00e7as de seguran\u00e7a ap\u00f3s alertas de pessoas [&hellip;]\" \/>\n<meta property=\"og:url\" content=\"https:\/\/www.notibras.com\/site\/corpo-de-mulher-trans-e-encontrado-com-sinais-de-violencia\/\" \/>\n<meta property=\"og:site_name\" content=\"Notibras\" \/>\n<meta property=\"article:publisher\" content=\"https:\/\/www.facebook.com\/notibras\/\" \/>\n<meta property=\"article:published_time\" content=\"2026-04-27T04:00:25+00:00\" \/>\n<meta property=\"og:image\" content=\"https:\/\/www.notibras.com\/site\/wp-content\/uploads\/2026\/04\/WhatsApp-Image-2026-04-26-at-17.17.50.jpeg\" \/>\n\t<meta property=\"og:image:width\" content=\"649\" \/>\n\t<meta property=\"og:image:height\" content=\"551\" \/>\n\t<meta property=\"og:image:type\" content=\"image\/jpeg\" \/>\n<meta name=\"author\" content=\"Eduardo Mart\u00ednez\" \/>\n<meta name=\"twitter:card\" content=\"summary_large_image\" \/>\n<meta name=\"twitter:creator\" content=\"@Notibras\" \/>\n<meta name=\"twitter:site\" content=\"@Notibras\" \/>\n<meta name=\"twitter:label1\" content=\"Escrito por\" \/>\n\t<meta name=\"twitter:data1\" content=\"Eduardo Mart\u00ednez\" \/>\n\t<meta name=\"twitter:label2\" content=\"Est. tempo de leitura\" \/>\n\t<meta name=\"twitter:data2\" content=\"3 minutos\" \/>\n<script type=\"application\/ld+json\" class=\"yoast-schema-graph\">{\"@context\":\"https:\/\/schema.org\",\"@graph\":[{\"@type\":\"Article\",\"@id\":\"https:\/\/www.notibras.com\/site\/corpo-de-mulher-trans-e-encontrado-com-sinais-de-violencia\/#article\",\"isPartOf\":{\"@id\":\"https:\/\/www.notibras.com\/site\/corpo-de-mulher-trans-e-encontrado-com-sinais-de-violencia\/\"},\"author\":{\"name\":\"Eduardo Mart\u00ednez\",\"@id\":\"https:\/\/www.notibras.com\/site\/#\/schema\/person\/5b7fabf2aedc3ada2105f03b22b4d3dd\"},\"headline\":\"Corpo de mulher trans \u00e9 encontrado com sinais de viol\u00eancia\",\"datePublished\":\"2026-04-27T04:00:25+00:00\",\"mainEntityOfPage\":{\"@id\":\"https:\/\/www.notibras.com\/site\/corpo-de-mulher-trans-e-encontrado-com-sinais-de-violencia\/\"},\"wordCount\":497,\"publisher\":{\"@id\":\"https:\/\/www.notibras.com\/site\/#organization\"},\"image\":{\"@id\":\"https:\/\/www.notibras.com\/site\/corpo-de-mulher-trans-e-encontrado-com-sinais-de-violencia\/#primaryimage\"},\"thumbnailUrl\":\"https:\/\/www.notibras.com\/site\/wp-content\/uploads\/2026\/04\/WhatsApp-Image-2026-04-26-at-17.17.50.jpeg\",\"articleSection\":[\"Quadradinho em Foco\"],\"inLanguage\":\"pt-BR\"},{\"@type\":\"WebPage\",\"@id\":\"https:\/\/www.notibras.com\/site\/corpo-de-mulher-trans-e-encontrado-com-sinais-de-violencia\/\",\"url\":\"https:\/\/www.notibras.com\/site\/corpo-de-mulher-trans-e-encontrado-com-sinais-de-violencia\/\",\"name\":\"Corpo de mulher trans \u00e9 encontrado com sinais de viol\u00eancia - Notibras\",\"isPartOf\":{\"@id\":\"https:\/\/www.notibras.com\/site\/#website\"},\"primaryImageOfPage\":{\"@id\":\"https:\/\/www.notibras.com\/site\/corpo-de-mulher-trans-e-encontrado-com-sinais-de-violencia\/#primaryimage\"},\"image\":{\"@id\":\"https:\/\/www.notibras.com\/site\/corpo-de-mulher-trans-e-encontrado-com-sinais-de-violencia\/#primaryimage\"},\"thumbnailUrl\":\"https:\/\/www.notibras.com\/site\/wp-content\/uploads\/2026\/04\/WhatsApp-Image-2026-04-26-at-17.17.50.jpeg\",\"datePublished\":\"2026-04-27T04:00:25+00:00\",\"breadcrumb\":{\"@id\":\"https:\/\/www.notibras.com\/site\/corpo-de-mulher-trans-e-encontrado-com-sinais-de-violencia\/#breadcrumb\"},\"inLanguage\":\"pt-BR\",\"potentialAction\":[{\"@type\":\"ReadAction\",\"target\":[\"https:\/\/www.notibras.com\/site\/corpo-de-mulher-trans-e-encontrado-com-sinais-de-violencia\/\"]}]},{\"@type\":\"ImageObject\",\"inLanguage\":\"pt-BR\",\"@id\":\"https:\/\/www.notibras.com\/site\/corpo-de-mulher-trans-e-encontrado-com-sinais-de-violencia\/#primaryimage\",\"url\":\"https:\/\/www.notibras.com\/site\/wp-content\/uploads\/2026\/04\/WhatsApp-Image-2026-04-26-at-17.17.50.jpeg\",\"contentUrl\":\"https:\/\/www.notibras.com\/site\/wp-content\/uploads\/2026\/04\/WhatsApp-Image-2026-04-26-at-17.17.50.jpeg\",\"width\":649,\"height\":551},{\"@type\":\"BreadcrumbList\",\"@id\":\"https:\/\/www.notibras.com\/site\/corpo-de-mulher-trans-e-encontrado-com-sinais-de-violencia\/#breadcrumb\",\"itemListElement\":[{\"@type\":\"ListItem\",\"position\":1,\"name\":\"In\u00edcio\",\"item\":\"https:\/\/www.notibras.com\/site\/\"},{\"@type\":\"ListItem\",\"position\":2,\"name\":\"Corpo de mulher trans \u00e9 encontrado com sinais de viol\u00eancia\"}]},{\"@type\":\"WebSite\",\"@id\":\"https:\/\/www.notibras.com\/site\/#website\",\"url\":\"https:\/\/www.notibras.com\/site\/\",\"name\":\"Notibras\",\"description\":\"Not\u00edcias de Bras\u00edlia, do Brasil e do Mundo\",\"publisher\":{\"@id\":\"https:\/\/www.notibras.com\/site\/#organization\"},\"potentialAction\":[{\"@type\":\"SearchAction\",\"target\":{\"@type\":\"EntryPoint\",\"urlTemplate\":\"https:\/\/www.notibras.com\/site\/?s={search_term_string}\"},\"query-input\":{\"@type\":\"PropertyValueSpecification\",\"valueRequired\":true,\"valueName\":\"search_term_string\"}}],\"inLanguage\":\"pt-BR\"},{\"@type\":\"Organization\",\"@id\":\"https:\/\/www.notibras.com\/site\/#organization\",\"name\":\"Grupo Notibras de Comunica\u00e7\u00e3o\",\"url\":\"https:\/\/www.notibras.com\/site\/\",\"logo\":{\"@type\":\"ImageObject\",\"inLanguage\":\"pt-BR\",\"@id\":\"https:\/\/www.notibras.com\/site\/#\/schema\/logo\/image\/\",\"url\":\"https:\/\/www.notibras.com\/site\/wp-content\/uploads\/2023\/01\/notibras23.png\",\"contentUrl\":\"https:\/\/www.notibras.com\/site\/wp-content\/uploads\/2023\/01\/notibras23.png\",\"width\":350,\"height\":87,\"caption\":\"Grupo Notibras de Comunica\u00e7\u00e3o\"},\"image\":{\"@id\":\"https:\/\/www.notibras.com\/site\/#\/schema\/logo\/image\/\"},\"sameAs\":[\"https:\/\/www.facebook.com\/notibras\/\",\"https:\/\/x.com\/Notibras\",\"https:\/\/www.instagram.com\/notibras\/\"]},{\"@type\":\"Person\",\"@id\":\"https:\/\/www.notibras.com\/site\/#\/schema\/person\/5b7fabf2aedc3ada2105f03b22b4d3dd\",\"name\":\"Eduardo Mart\u00ednez\",\"image\":{\"@type\":\"ImageObject\",\"inLanguage\":\"pt-BR\",\"@id\":\"https:\/\/secure.gravatar.com\/avatar\/7902f906289926289cbcda644b5197c796b893c6ffd7b9a536a42d290f7704a0?s=96&d=mm&r=g\",\"url\":\"https:\/\/secure.gravatar.com\/avatar\/7902f906289926289cbcda644b5197c796b893c6ffd7b9a536a42d290f7704a0?s=96&d=mm&r=g\",\"contentUrl\":\"https:\/\/secure.gravatar.com\/avatar\/7902f906289926289cbcda644b5197c796b893c6ffd7b9a536a42d290f7704a0?s=96&d=mm&r=g\",\"caption\":\"Eduardo Mart\u00ednez\"}}]}<\/script>\n<!-- \/ Yoast SEO plugin. -->","yoast_head_json":{"title":"Corpo de mulher trans \u00e9 encontrado com sinais de viol\u00eancia - Notibras","robots":{"index":"index","follow":"follow","max-snippet":"max-snippet:-1","max-image-preview":"max-image-preview:large","max-video-preview":"max-video-preview:-1"},"canonical":"https:\/\/www.notibras.com\/site\/corpo-de-mulher-trans-e-encontrado-com-sinais-de-violencia\/","og_locale":"pt_BR","og_type":"article","og_title":"Corpo de mulher trans \u00e9 encontrado com sinais de viol\u00eancia - Notibras","og_description":"A Pol\u00edcia Civil do Distrito Federal deu in\u00edcio \u00e0s investiga\u00e7\u00f5es sobre a morte de Valeska Barboza, uma mulher trans encontrada sem vida na noite deste s\u00e1bado (25). O corpo estava dentro de um apartamento no Condom\u00ednio Porto Rico, localizado na regi\u00e3o administrativa de Santa Maria. A descoberta mobilizou for\u00e7as de seguran\u00e7a ap\u00f3s alertas de pessoas [&hellip;]","og_url":"https:\/\/www.notibras.com\/site\/corpo-de-mulher-trans-e-encontrado-com-sinais-de-violencia\/","og_site_name":"Notibras","article_publisher":"https:\/\/www.facebook.com\/notibras\/","article_published_time":"2026-04-27T04:00:25+00:00","og_image":[{"width":649,"height":551,"url":"https:\/\/www.notibras.com\/site\/wp-content\/uploads\/2026\/04\/WhatsApp-Image-2026-04-26-at-17.17.50.jpeg","type":"image\/jpeg"}],"author":"Eduardo Mart\u00ednez","twitter_card":"summary_large_image","twitter_creator":"@Notibras","twitter_site":"@Notibras","twitter_misc":{"Escrito por":"Eduardo Mart\u00ednez","Est. tempo de leitura":"3 minutos"},"schema":{"@context":"https:\/\/schema.org","@graph":[{"@type":"Article","@id":"https:\/\/www.notibras.com\/site\/corpo-de-mulher-trans-e-encontrado-com-sinais-de-violencia\/#article","isPartOf":{"@id":"https:\/\/www.notibras.com\/site\/corpo-de-mulher-trans-e-encontrado-com-sinais-de-violencia\/"},"author":{"name":"Eduardo Mart\u00ednez","@id":"https:\/\/www.notibras.com\/site\/#\/schema\/person\/5b7fabf2aedc3ada2105f03b22b4d3dd"},"headline":"Corpo de mulher trans \u00e9 encontrado com sinais de viol\u00eancia","datePublished":"2026-04-27T04:00:25+00:00","mainEntityOfPage":{"@id":"https:\/\/www.notibras.com\/site\/corpo-de-mulher-trans-e-encontrado-com-sinais-de-violencia\/"},"wordCount":497,"publisher":{"@id":"https:\/\/www.notibras.com\/site\/#organization"},"image":{"@id":"https:\/\/www.notibras.com\/site\/corpo-de-mulher-trans-e-encontrado-com-sinais-de-violencia\/#primaryimage"},"thumbnailUrl":"https:\/\/www.notibras.com\/site\/wp-content\/uploads\/2026\/04\/WhatsApp-Image-2026-04-26-at-17.17.50.jpeg","articleSection":["Quadradinho em Foco"],"inLanguage":"pt-BR"},{"@type":"WebPage","@id":"https:\/\/www.notibras.com\/site\/corpo-de-mulher-trans-e-encontrado-com-sinais-de-violencia\/","url":"https:\/\/www.notibras.com\/site\/corpo-de-mulher-trans-e-encontrado-com-sinais-de-violencia\/","name":"Corpo de mulher trans \u00e9 encontrado com sinais de viol\u00eancia - Notibras","isPartOf":{"@id":"https:\/\/www.notibras.com\/site\/#website"},"primaryImageOfPage":{"@id":"https:\/\/www.notibras.com\/site\/corpo-de-mulher-trans-e-encontrado-com-sinais-de-violencia\/#primaryimage"},"image":{"@id":"https:\/\/www.notibras.com\/site\/corpo-de-mulher-trans-e-encontrado-com-sinais-de-violencia\/#primaryimage"},"thumbnailUrl":"https:\/\/www.notibras.com\/site\/wp-content\/uploads\/2026\/04\/WhatsApp-Image-2026-04-26-at-17.17.50.jpeg","datePublished":"2026-04-27T04:00:25+00:00","breadcrumb":{"@id":"https:\/\/www.notibras.com\/site\/corpo-de-mulher-trans-e-encontrado-com-sinais-de-violencia\/#breadcrumb"},"inLanguage":"pt-BR","potentialAction":[{"@type":"ReadAction","target":["https:\/\/www.notibras.com\/site\/corpo-de-mulher-trans-e-encontrado-com-sinais-de-violencia\/"]}]},{"@type":"ImageObject","inLanguage":"pt-BR","@id":"https:\/\/www.notibras.com\/site\/corpo-de-mulher-trans-e-encontrado-com-sinais-de-violencia\/#primaryimage","url":"https:\/\/www.notibras.com\/site\/wp-content\/uploads\/2026\/04\/WhatsApp-Image-2026-04-26-at-17.17.50.jpeg","contentUrl":"https:\/\/www.notibras.com\/site\/wp-content\/uploads\/2026\/04\/WhatsApp-Image-2026-04-26-at-17.17.50.jpeg","width":649,"height":551},{"@type":"BreadcrumbList","@id":"https:\/\/www.notibras.com\/site\/corpo-de-mulher-trans-e-encontrado-com-sinais-de-violencia\/#breadcrumb","itemListElement":[{"@type":"ListItem","position":1,"name":"In\u00edcio","item":"https:\/\/www.notibras.com\/site\/"},{"@type":"ListItem","position":2,"name":"Corpo de mulher trans \u00e9 encontrado com sinais de viol\u00eancia"}]},{"@type":"WebSite","@id":"https:\/\/www.notibras.com\/site\/#website","url":"https:\/\/www.notibras.com\/site\/","name":"Notibras","description":"Not\u00edcias de Bras\u00edlia, do Brasil e do Mundo","publisher":{"@id":"https:\/\/www.notibras.com\/site\/#organization"},"potentialAction":[{"@type":"SearchAction","target":{"@type":"EntryPoint","urlTemplate":"https:\/\/www.notibras.com\/site\/?s={search_term_string}"},"query-input":{"@type":"PropertyValueSpecification","valueRequired":true,"valueName":"search_term_string"}}],"inLanguage":"pt-BR"},{"@type":"Organization","@id":"https:\/\/www.notibras.com\/site\/#organization","name":"Grupo Notibras de Comunica\u00e7\u00e3o","url":"https:\/\/www.notibras.com\/site\/","logo":{"@type":"ImageObject","inLanguage":"pt-BR","@id":"https:\/\/www.notibras.com\/site\/#\/schema\/logo\/image\/","url":"https:\/\/www.notibras.com\/site\/wp-content\/uploads\/2023\/01\/notibras23.png","contentUrl":"https:\/\/www.notibras.com\/site\/wp-content\/uploads\/2023\/01\/notibras23.png","width":350,"height":87,"caption":"Grupo Notibras de Comunica\u00e7\u00e3o"},"image":{"@id":"https:\/\/www.notibras.com\/site\/#\/schema\/logo\/image\/"},"sameAs":["https:\/\/www.facebook.com\/notibras\/","https:\/\/x.com\/Notibras","https:\/\/www.instagram.com\/notibras\/"]},{"@type":"Person","@id":"https:\/\/www.notibras.com\/site\/#\/schema\/person\/5b7fabf2aedc3ada2105f03b22b4d3dd","name":"Eduardo Mart\u00ednez","image":{"@type":"ImageObject","inLanguage":"pt-BR","@id":"https:\/\/secure.gravatar.com\/avatar\/7902f906289926289cbcda644b5197c796b893c6ffd7b9a536a42d290f7704a0?s=96&d=mm&r=g","url":"https:\/\/secure.gravatar.com\/avatar\/7902f906289926289cbcda644b5197c796b893c6ffd7b9a536a42d290f7704a0?s=96&d=mm&r=g","contentUrl":"https:\/\/secure.gravatar.com\/avatar\/7902f906289926289cbcda644b5197c796b893c6ffd7b9a536a42d290f7704a0?s=96&d=mm&r=g","caption":"Eduardo Mart\u00ednez"}}]}},"amp_enabled":true,"_links":{"self":[{"href":"https:\/\/www.notibras.com\/site\/wp-json\/wp\/v2\/posts\/392622","targetHints":{"allow":["GET"]}}],"collection":[{"href":"https:\/\/www.notibras.com\/site\/wp-json\/wp\/v2\/posts"}],"about":[{"href":"https:\/\/www.notibras.com\/site\/wp-json\/wp\/v2\/types\/post"}],"author":[{"embeddable":true,"href":"https:\/\/www.notibras.com\/site\/wp-json\/wp\/v2\/users\/21"}],"replies":[{"embeddable":true,"href":"https:\/\/www.notibras.com\/site\/wp-json\/wp\/v2\/comments?post=392622"}],"version-history":[{"count":2,"href":"https:\/\/www.notibras.com\/site\/wp-json\/wp\/v2\/posts\/392622\/revisions"}],"predecessor-version":[{"id":392625,"href":"https:\/\/www.notibras.com\/site\/wp-json\/wp\/v2\/posts\/392622\/revisions\/392625"}],"wp:featuredmedia":[{"embeddable":true,"href":"https:\/\/www.notibras.com\/site\/wp-json\/wp\/v2\/media\/392623"}],"wp:attachment":[{"href":"https:\/\/www.notibras.com\/site\/wp-json\/wp\/v2\/media?parent=392622"}],"wp:term":[{"taxonomy":"category","embeddable":true,"href":"https:\/\/www.notibras.com\/site\/wp-json\/wp\/v2\/categories?post=392622"},{"taxonomy":"post_tag","embeddable":true,"href":"https:\/\/www.notibras.com\/site\/wp-json\/wp\/v2\/tags?post=392622"}],"curies":[{"name":"wp","href":"https:\/\/api.w.org\/{rel}","templated":true}]}}