{"id":392636,"date":"2026-04-27T02:15:38","date_gmt":"2026-04-27T05:15:38","guid":{"rendered":"https:\/\/www.notibras.com\/site\/?p=392636"},"modified":"2026-04-27T02:26:32","modified_gmt":"2026-04-27T05:26:32","slug":"apelido-de-bolsonarinho-cola-na-falta-de-brilho","status":"publish","type":"post","link":"https:\/\/www.notibras.com\/site\/apelido-de-bolsonarinho-cola-na-falta-de-brilho\/","title":{"rendered":"Apelido de &#8216;Bolsonarinho&#8217; cola na falta de brilho"},"content":{"rendered":"<p>Durante um evento do Partido dos Trabalhadores em Bras\u00edlia, Fernando Haddad se referiu ao advers\u00e1rio de Lula como \u201cBolsonarinho\u201d. O uso do diminutivo n\u00e3o foi por acaso. Haddad recorreu a uma escolha lingu\u00edstica carregada de inten\u00e7\u00e3o, significado e de estrat\u00e9gia.<\/p>\n<p>Ao chamar Fl\u00e1vio Bolsonaro de \u201cBolsonarinho\u201d, ex-ministro opera em duas frentes simult\u00e2neas. Primeiro, impede qualquer tentativa de dissocia\u00e7\u00e3o entre o filho e o pai, colando suas imagens de forma indissoci\u00e1vel. Em segundo lugar, reduz simbolicamente a figura do senador, sugerindo menor estatura pol\u00edtica, menos densidade pr\u00f3pria, quase como uma extens\u00e3o ou uma vers\u00e3o menor de um projeto j\u00e1 conhecido. \u00c9 linguagem como ferramenta de disputa, n\u00e3o apenas de comunica\u00e7\u00e3o.<\/p>\n<p>Palavras n\u00e3o s\u00e3o neutras. Elas constroem narrativas, moldam percep\u00e7\u00f5es e antecipam batalhas. Ao adotar esse tipo de estrat\u00e9gia discursiva, Haddad sinaliza que a elei\u00e7\u00e3o n\u00e3o ser\u00e1 apenas sobre propostas, mas tamb\u00e9m sobre identidades e heran\u00e7as pol\u00edticas. Mais do que enfrentar um novo candidato, a ideia \u00e9 enquadrar a disputa como a continuidade de um embate j\u00e1 conhecido e, para isso, at\u00e9 um simples sufixo pode carregar um peso decisivo.<\/p>\n","protected":false},"excerpt":{"rendered":"<p>Durante um evento do Partido dos Trabalhadores em Bras\u00edlia, Fernando Haddad se referiu ao advers\u00e1rio de Lula como \u201cBolsonarinho\u201d. O uso do diminutivo n\u00e3o foi por acaso. Haddad recorreu a uma escolha lingu\u00edstica carregada de inten\u00e7\u00e3o, significado e de estrat\u00e9gia. Ao chamar Fl\u00e1vio Bolsonaro de \u201cBolsonarinho\u201d, ex-ministro opera em duas frentes simult\u00e2neas. Primeiro, impede qualquer [&hellip;]<\/p>\n","protected":false},"author":21,"featured_media":392637,"comment_status":"closed","ping_status":"closed","sticky":false,"template":"","format":"standard","meta":{"_acf_changed":false,"footnotes":""},"categories":[235],"tags":[],"class_list":["post-392636","post","type-post","status-publish","format-standard","has-post-thumbnail","hentry","category-dona-irene"],"acf":[],"yoast_head":"<!-- This site is optimized with the Yoast SEO plugin v27.2 - https:\/\/yoast.com\/product\/yoast-seo-wordpress\/ -->\n<title>Apelido de &#039;Bolsonarinho&#039; cola na falta de brilho - Notibras<\/title>\n<meta name=\"robots\" content=\"index, follow, max-snippet:-1, max-image-preview:large, max-video-preview:-1\" \/>\n<link rel=\"canonical\" href=\"https:\/\/www.notibras.com\/site\/apelido-de-bolsonarinho-cola-na-falta-de-brilho\/\" \/>\n<meta property=\"og:locale\" content=\"pt_BR\" \/>\n<meta property=\"og:type\" content=\"article\" \/>\n<meta property=\"og:title\" content=\"Apelido de &#039;Bolsonarinho&#039; cola na falta de brilho - Notibras\" \/>\n<meta property=\"og:description\" content=\"Durante um evento do Partido dos Trabalhadores em Bras\u00edlia, Fernando Haddad se referiu ao advers\u00e1rio de Lula como \u201cBolsonarinho\u201d. O uso do diminutivo n\u00e3o foi por acaso. Haddad recorreu a uma escolha lingu\u00edstica carregada de inten\u00e7\u00e3o, significado e de estrat\u00e9gia. Ao chamar Fl\u00e1vio Bolsonaro de \u201cBolsonarinho\u201d, ex-ministro opera em duas frentes simult\u00e2neas. Primeiro, impede qualquer [&hellip;]\" \/>\n<meta property=\"og:url\" content=\"https:\/\/www.notibras.com\/site\/apelido-de-bolsonarinho-cola-na-falta-de-brilho\/\" \/>\n<meta property=\"og:site_name\" content=\"Notibras\" \/>\n<meta property=\"article:publisher\" content=\"https:\/\/www.facebook.com\/notibras\/\" \/>\n<meta property=\"article:published_time\" content=\"2026-04-27T05:15:38+00:00\" \/>\n<meta property=\"article:modified_time\" content=\"2026-04-27T05:26:32+00:00\" \/>\n<meta property=\"og:image\" content=\"https:\/\/www.notibras.com\/site\/wp-content\/uploads\/2026\/04\/PF-Bolsonaro-usou-Abin-para-proteger-Flavio-e-achar-podres.webp\" \/>\n\t<meta property=\"og:image:width\" content=\"1200\" \/>\n\t<meta property=\"og:image:height\" content=\"800\" \/>\n\t<meta property=\"og:image:type\" content=\"image\/webp\" \/>\n<meta name=\"author\" content=\"Eduardo Mart\u00ednez\" \/>\n<meta name=\"twitter:card\" content=\"summary_large_image\" \/>\n<meta name=\"twitter:creator\" content=\"@Notibras\" \/>\n<meta name=\"twitter:site\" content=\"@Notibras\" \/>\n<meta name=\"twitter:label1\" content=\"Escrito por\" \/>\n\t<meta name=\"twitter:data1\" content=\"Eduardo Mart\u00ednez\" \/>\n\t<meta name=\"twitter:label2\" content=\"Est. tempo de leitura\" \/>\n\t<meta name=\"twitter:data2\" content=\"2 minutos\" \/>\n<script type=\"application\/ld+json\" class=\"yoast-schema-graph\">{\"@context\":\"https:\/\/schema.org\",\"@graph\":[{\"@type\":\"Article\",\"@id\":\"https:\/\/www.notibras.com\/site\/apelido-de-bolsonarinho-cola-na-falta-de-brilho\/#article\",\"isPartOf\":{\"@id\":\"https:\/\/www.notibras.com\/site\/apelido-de-bolsonarinho-cola-na-falta-de-brilho\/\"},\"author\":{\"name\":\"Eduardo Mart\u00ednez\",\"@id\":\"https:\/\/www.notibras.com\/site\/#\/schema\/person\/5b7fabf2aedc3ada2105f03b22b4d3dd\"},\"headline\":\"Apelido de &#8216;Bolsonarinho&#8217; cola na falta de brilho\",\"datePublished\":\"2026-04-27T05:15:38+00:00\",\"dateModified\":\"2026-04-27T05:26:32+00:00\",\"mainEntityOfPage\":{\"@id\":\"https:\/\/www.notibras.com\/site\/apelido-de-bolsonarinho-cola-na-falta-de-brilho\/\"},\"wordCount\":209,\"publisher\":{\"@id\":\"https:\/\/www.notibras.com\/site\/#organization\"},\"image\":{\"@id\":\"https:\/\/www.notibras.com\/site\/apelido-de-bolsonarinho-cola-na-falta-de-brilho\/#primaryimage\"},\"thumbnailUrl\":\"https:\/\/www.notibras.com\/site\/wp-content\/uploads\/2026\/04\/PF-Bolsonaro-usou-Abin-para-proteger-Flavio-e-achar-podres.webp\",\"articleSection\":[\"Dona Irene\"],\"inLanguage\":\"pt-BR\"},{\"@type\":\"WebPage\",\"@id\":\"https:\/\/www.notibras.com\/site\/apelido-de-bolsonarinho-cola-na-falta-de-brilho\/\",\"url\":\"https:\/\/www.notibras.com\/site\/apelido-de-bolsonarinho-cola-na-falta-de-brilho\/\",\"name\":\"Apelido de 'Bolsonarinho' cola na falta de brilho - Notibras\",\"isPartOf\":{\"@id\":\"https:\/\/www.notibras.com\/site\/#website\"},\"primaryImageOfPage\":{\"@id\":\"https:\/\/www.notibras.com\/site\/apelido-de-bolsonarinho-cola-na-falta-de-brilho\/#primaryimage\"},\"image\":{\"@id\":\"https:\/\/www.notibras.com\/site\/apelido-de-bolsonarinho-cola-na-falta-de-brilho\/#primaryimage\"},\"thumbnailUrl\":\"https:\/\/www.notibras.com\/site\/wp-content\/uploads\/2026\/04\/PF-Bolsonaro-usou-Abin-para-proteger-Flavio-e-achar-podres.webp\",\"datePublished\":\"2026-04-27T05:15:38+00:00\",\"dateModified\":\"2026-04-27T05:26:32+00:00\",\"breadcrumb\":{\"@id\":\"https:\/\/www.notibras.com\/site\/apelido-de-bolsonarinho-cola-na-falta-de-brilho\/#breadcrumb\"},\"inLanguage\":\"pt-BR\",\"potentialAction\":[{\"@type\":\"ReadAction\",\"target\":[\"https:\/\/www.notibras.com\/site\/apelido-de-bolsonarinho-cola-na-falta-de-brilho\/\"]}]},{\"@type\":\"ImageObject\",\"inLanguage\":\"pt-BR\",\"@id\":\"https:\/\/www.notibras.com\/site\/apelido-de-bolsonarinho-cola-na-falta-de-brilho\/#primaryimage\",\"url\":\"https:\/\/www.notibras.com\/site\/wp-content\/uploads\/2026\/04\/PF-Bolsonaro-usou-Abin-para-proteger-Flavio-e-achar-podres.webp\",\"contentUrl\":\"https:\/\/www.notibras.com\/site\/wp-content\/uploads\/2026\/04\/PF-Bolsonaro-usou-Abin-para-proteger-Flavio-e-achar-podres.webp\",\"width\":1200,\"height\":800},{\"@type\":\"BreadcrumbList\",\"@id\":\"https:\/\/www.notibras.com\/site\/apelido-de-bolsonarinho-cola-na-falta-de-brilho\/#breadcrumb\",\"itemListElement\":[{\"@type\":\"ListItem\",\"position\":1,\"name\":\"In\u00edcio\",\"item\":\"https:\/\/www.notibras.com\/site\/\"},{\"@type\":\"ListItem\",\"position\":2,\"name\":\"Apelido de &#8216;Bolsonarinho&#8217; cola na falta de brilho\"}]},{\"@type\":\"WebSite\",\"@id\":\"https:\/\/www.notibras.com\/site\/#website\",\"url\":\"https:\/\/www.notibras.com\/site\/\",\"name\":\"Notibras\",\"description\":\"Not\u00edcias de Bras\u00edlia, do Brasil e do Mundo\",\"publisher\":{\"@id\":\"https:\/\/www.notibras.com\/site\/#organization\"},\"potentialAction\":[{\"@type\":\"SearchAction\",\"target\":{\"@type\":\"EntryPoint\",\"urlTemplate\":\"https:\/\/www.notibras.com\/site\/?s={search_term_string}\"},\"query-input\":{\"@type\":\"PropertyValueSpecification\",\"valueRequired\":true,\"valueName\":\"search_term_string\"}}],\"inLanguage\":\"pt-BR\"},{\"@type\":\"Organization\",\"@id\":\"https:\/\/www.notibras.com\/site\/#organization\",\"name\":\"Grupo Notibras de Comunica\u00e7\u00e3o\",\"url\":\"https:\/\/www.notibras.com\/site\/\",\"logo\":{\"@type\":\"ImageObject\",\"inLanguage\":\"pt-BR\",\"@id\":\"https:\/\/www.notibras.com\/site\/#\/schema\/logo\/image\/\",\"url\":\"https:\/\/www.notibras.com\/site\/wp-content\/uploads\/2023\/01\/notibras23.png\",\"contentUrl\":\"https:\/\/www.notibras.com\/site\/wp-content\/uploads\/2023\/01\/notibras23.png\",\"width\":350,\"height\":87,\"caption\":\"Grupo Notibras de Comunica\u00e7\u00e3o\"},\"image\":{\"@id\":\"https:\/\/www.notibras.com\/site\/#\/schema\/logo\/image\/\"},\"sameAs\":[\"https:\/\/www.facebook.com\/notibras\/\",\"https:\/\/x.com\/Notibras\",\"https:\/\/www.instagram.com\/notibras\/\"]},{\"@type\":\"Person\",\"@id\":\"https:\/\/www.notibras.com\/site\/#\/schema\/person\/5b7fabf2aedc3ada2105f03b22b4d3dd\",\"name\":\"Eduardo Mart\u00ednez\",\"image\":{\"@type\":\"ImageObject\",\"inLanguage\":\"pt-BR\",\"@id\":\"https:\/\/secure.gravatar.com\/avatar\/7902f906289926289cbcda644b5197c796b893c6ffd7b9a536a42d290f7704a0?s=96&d=mm&r=g\",\"url\":\"https:\/\/secure.gravatar.com\/avatar\/7902f906289926289cbcda644b5197c796b893c6ffd7b9a536a42d290f7704a0?s=96&d=mm&r=g\",\"contentUrl\":\"https:\/\/secure.gravatar.com\/avatar\/7902f906289926289cbcda644b5197c796b893c6ffd7b9a536a42d290f7704a0?s=96&d=mm&r=g\",\"caption\":\"Eduardo Mart\u00ednez\"}}]}<\/script>\n<!-- \/ Yoast SEO plugin. -->","yoast_head_json":{"title":"Apelido de 'Bolsonarinho' cola na falta de brilho - Notibras","robots":{"index":"index","follow":"follow","max-snippet":"max-snippet:-1","max-image-preview":"max-image-preview:large","max-video-preview":"max-video-preview:-1"},"canonical":"https:\/\/www.notibras.com\/site\/apelido-de-bolsonarinho-cola-na-falta-de-brilho\/","og_locale":"pt_BR","og_type":"article","og_title":"Apelido de 'Bolsonarinho' cola na falta de brilho - Notibras","og_description":"Durante um evento do Partido dos Trabalhadores em Bras\u00edlia, Fernando Haddad se referiu ao advers\u00e1rio de Lula como \u201cBolsonarinho\u201d. O uso do diminutivo n\u00e3o foi por acaso. Haddad recorreu a uma escolha lingu\u00edstica carregada de inten\u00e7\u00e3o, significado e de estrat\u00e9gia. Ao chamar Fl\u00e1vio Bolsonaro de \u201cBolsonarinho\u201d, ex-ministro opera em duas frentes simult\u00e2neas. Primeiro, impede qualquer [&hellip;]","og_url":"https:\/\/www.notibras.com\/site\/apelido-de-bolsonarinho-cola-na-falta-de-brilho\/","og_site_name":"Notibras","article_publisher":"https:\/\/www.facebook.com\/notibras\/","article_published_time":"2026-04-27T05:15:38+00:00","article_modified_time":"2026-04-27T05:26:32+00:00","og_image":[{"width":1200,"height":800,"url":"https:\/\/www.notibras.com\/site\/wp-content\/uploads\/2026\/04\/PF-Bolsonaro-usou-Abin-para-proteger-Flavio-e-achar-podres.webp","type":"image\/webp"}],"author":"Eduardo Mart\u00ednez","twitter_card":"summary_large_image","twitter_creator":"@Notibras","twitter_site":"@Notibras","twitter_misc":{"Escrito por":"Eduardo Mart\u00ednez","Est. tempo de leitura":"2 minutos"},"schema":{"@context":"https:\/\/schema.org","@graph":[{"@type":"Article","@id":"https:\/\/www.notibras.com\/site\/apelido-de-bolsonarinho-cola-na-falta-de-brilho\/#article","isPartOf":{"@id":"https:\/\/www.notibras.com\/site\/apelido-de-bolsonarinho-cola-na-falta-de-brilho\/"},"author":{"name":"Eduardo Mart\u00ednez","@id":"https:\/\/www.notibras.com\/site\/#\/schema\/person\/5b7fabf2aedc3ada2105f03b22b4d3dd"},"headline":"Apelido de &#8216;Bolsonarinho&#8217; cola na falta de brilho","datePublished":"2026-04-27T05:15:38+00:00","dateModified":"2026-04-27T05:26:32+00:00","mainEntityOfPage":{"@id":"https:\/\/www.notibras.com\/site\/apelido-de-bolsonarinho-cola-na-falta-de-brilho\/"},"wordCount":209,"publisher":{"@id":"https:\/\/www.notibras.com\/site\/#organization"},"image":{"@id":"https:\/\/www.notibras.com\/site\/apelido-de-bolsonarinho-cola-na-falta-de-brilho\/#primaryimage"},"thumbnailUrl":"https:\/\/www.notibras.com\/site\/wp-content\/uploads\/2026\/04\/PF-Bolsonaro-usou-Abin-para-proteger-Flavio-e-achar-podres.webp","articleSection":["Dona Irene"],"inLanguage":"pt-BR"},{"@type":"WebPage","@id":"https:\/\/www.notibras.com\/site\/apelido-de-bolsonarinho-cola-na-falta-de-brilho\/","url":"https:\/\/www.notibras.com\/site\/apelido-de-bolsonarinho-cola-na-falta-de-brilho\/","name":"Apelido de 'Bolsonarinho' cola na falta de brilho - Notibras","isPartOf":{"@id":"https:\/\/www.notibras.com\/site\/#website"},"primaryImageOfPage":{"@id":"https:\/\/www.notibras.com\/site\/apelido-de-bolsonarinho-cola-na-falta-de-brilho\/#primaryimage"},"image":{"@id":"https:\/\/www.notibras.com\/site\/apelido-de-bolsonarinho-cola-na-falta-de-brilho\/#primaryimage"},"thumbnailUrl":"https:\/\/www.notibras.com\/site\/wp-content\/uploads\/2026\/04\/PF-Bolsonaro-usou-Abin-para-proteger-Flavio-e-achar-podres.webp","datePublished":"2026-04-27T05:15:38+00:00","dateModified":"2026-04-27T05:26:32+00:00","breadcrumb":{"@id":"https:\/\/www.notibras.com\/site\/apelido-de-bolsonarinho-cola-na-falta-de-brilho\/#breadcrumb"},"inLanguage":"pt-BR","potentialAction":[{"@type":"ReadAction","target":["https:\/\/www.notibras.com\/site\/apelido-de-bolsonarinho-cola-na-falta-de-brilho\/"]}]},{"@type":"ImageObject","inLanguage":"pt-BR","@id":"https:\/\/www.notibras.com\/site\/apelido-de-bolsonarinho-cola-na-falta-de-brilho\/#primaryimage","url":"https:\/\/www.notibras.com\/site\/wp-content\/uploads\/2026\/04\/PF-Bolsonaro-usou-Abin-para-proteger-Flavio-e-achar-podres.webp","contentUrl":"https:\/\/www.notibras.com\/site\/wp-content\/uploads\/2026\/04\/PF-Bolsonaro-usou-Abin-para-proteger-Flavio-e-achar-podres.webp","width":1200,"height":800},{"@type":"BreadcrumbList","@id":"https:\/\/www.notibras.com\/site\/apelido-de-bolsonarinho-cola-na-falta-de-brilho\/#breadcrumb","itemListElement":[{"@type":"ListItem","position":1,"name":"In\u00edcio","item":"https:\/\/www.notibras.com\/site\/"},{"@type":"ListItem","position":2,"name":"Apelido de &#8216;Bolsonarinho&#8217; cola na falta de brilho"}]},{"@type":"WebSite","@id":"https:\/\/www.notibras.com\/site\/#website","url":"https:\/\/www.notibras.com\/site\/","name":"Notibras","description":"Not\u00edcias de Bras\u00edlia, do Brasil e do Mundo","publisher":{"@id":"https:\/\/www.notibras.com\/site\/#organization"},"potentialAction":[{"@type":"SearchAction","target":{"@type":"EntryPoint","urlTemplate":"https:\/\/www.notibras.com\/site\/?s={search_term_string}"},"query-input":{"@type":"PropertyValueSpecification","valueRequired":true,"valueName":"search_term_string"}}],"inLanguage":"pt-BR"},{"@type":"Organization","@id":"https:\/\/www.notibras.com\/site\/#organization","name":"Grupo Notibras de Comunica\u00e7\u00e3o","url":"https:\/\/www.notibras.com\/site\/","logo":{"@type":"ImageObject","inLanguage":"pt-BR","@id":"https:\/\/www.notibras.com\/site\/#\/schema\/logo\/image\/","url":"https:\/\/www.notibras.com\/site\/wp-content\/uploads\/2023\/01\/notibras23.png","contentUrl":"https:\/\/www.notibras.com\/site\/wp-content\/uploads\/2023\/01\/notibras23.png","width":350,"height":87,"caption":"Grupo Notibras de Comunica\u00e7\u00e3o"},"image":{"@id":"https:\/\/www.notibras.com\/site\/#\/schema\/logo\/image\/"},"sameAs":["https:\/\/www.facebook.com\/notibras\/","https:\/\/x.com\/Notibras","https:\/\/www.instagram.com\/notibras\/"]},{"@type":"Person","@id":"https:\/\/www.notibras.com\/site\/#\/schema\/person\/5b7fabf2aedc3ada2105f03b22b4d3dd","name":"Eduardo Mart\u00ednez","image":{"@type":"ImageObject","inLanguage":"pt-BR","@id":"https:\/\/secure.gravatar.com\/avatar\/7902f906289926289cbcda644b5197c796b893c6ffd7b9a536a42d290f7704a0?s=96&d=mm&r=g","url":"https:\/\/secure.gravatar.com\/avatar\/7902f906289926289cbcda644b5197c796b893c6ffd7b9a536a42d290f7704a0?s=96&d=mm&r=g","contentUrl":"https:\/\/secure.gravatar.com\/avatar\/7902f906289926289cbcda644b5197c796b893c6ffd7b9a536a42d290f7704a0?s=96&d=mm&r=g","caption":"Eduardo Mart\u00ednez"}}]}},"amp_enabled":true,"_links":{"self":[{"href":"https:\/\/www.notibras.com\/site\/wp-json\/wp\/v2\/posts\/392636","targetHints":{"allow":["GET"]}}],"collection":[{"href":"https:\/\/www.notibras.com\/site\/wp-json\/wp\/v2\/posts"}],"about":[{"href":"https:\/\/www.notibras.com\/site\/wp-json\/wp\/v2\/types\/post"}],"author":[{"embeddable":true,"href":"https:\/\/www.notibras.com\/site\/wp-json\/wp\/v2\/users\/21"}],"replies":[{"embeddable":true,"href":"https:\/\/www.notibras.com\/site\/wp-json\/wp\/v2\/comments?post=392636"}],"version-history":[{"count":5,"href":"https:\/\/www.notibras.com\/site\/wp-json\/wp\/v2\/posts\/392636\/revisions"}],"predecessor-version":[{"id":392680,"href":"https:\/\/www.notibras.com\/site\/wp-json\/wp\/v2\/posts\/392636\/revisions\/392680"}],"wp:featuredmedia":[{"embeddable":true,"href":"https:\/\/www.notibras.com\/site\/wp-json\/wp\/v2\/media\/392637"}],"wp:attachment":[{"href":"https:\/\/www.notibras.com\/site\/wp-json\/wp\/v2\/media?parent=392636"}],"wp:term":[{"taxonomy":"category","embeddable":true,"href":"https:\/\/www.notibras.com\/site\/wp-json\/wp\/v2\/categories?post=392636"},{"taxonomy":"post_tag","embeddable":true,"href":"https:\/\/www.notibras.com\/site\/wp-json\/wp\/v2\/tags?post=392636"}],"curies":[{"name":"wp","href":"https:\/\/api.w.org\/{rel}","templated":true}]}}