{"id":392640,"date":"2026-04-27T02:00:51","date_gmt":"2026-04-27T05:00:51","guid":{"rendered":"https:\/\/www.notibras.com\/site\/?p=392640"},"modified":"2026-04-26T20:57:29","modified_gmt":"2026-04-26T23:57:29","slug":"o-silencio-dos-inocentes-de-votos","status":"publish","type":"post","link":"https:\/\/www.notibras.com\/site\/o-silencio-dos-inocentes-de-votos\/","title":{"rendered":"O sil\u00eancio dos inocentes (de votos)"},"content":{"rendered":"<p>H\u00e1 algo de calculado e, ao mesmo tempo, desgastante no sil\u00eancio de Ciro Gomes sobre uma eventual candidatura \u00e0 Presid\u00eancia. Quando questionado, ele mant\u00e9m o suspense, como se ainda estivesse no centro de um palco que, na pr\u00e1tica, j\u00e1 se reorganizou sem ele. Essa ambiguidade n\u00e3o soa estrat\u00e9gica; soa indecis\u00e3o. E toda essa hesita\u00e7\u00e3o pode cobrar um pre\u00e7o alto, sobretudo de quem j\u00e1 teve diversas oportunidades de se firmar como alternativa, mas sem \u00eaxito.<\/p>\n<p>O hist\u00f3rico recente pesa. Em 2018, diante de um segundo turno decisivo, Ciro preferiu se ausentar do pa\u00eds em vez de assumir uma posi\u00e7\u00e3o clara. J\u00e1 em 2022, anunciou apoio a Lula, por\u00e9m um apoio xoxo, que se limitou a um discurso visivelmente contrariado, evitando o enfrentamento direto em um momento crucial para o pa\u00eds. \u00c9 um padr\u00e3o de comportamento que fragiliza sua imagem p\u00fablica. E pol\u00edtica \u00e9, sobretudo, capacidade de decis\u00e3o nos momentos em que o pa\u00eds exige clareza.<\/p>\n<p>Ciro \u00e9 uma figura controversa, \u00e9 verdade, mas o eleitor n\u00e3o cobra perfei\u00e7\u00e3o; cobra posicionamento. Ningu\u00e9m gosta de quem n\u00e3o se posiciona, especialmente em um ambiente pol\u00edtico cada vez mais polarizado, onde a aus\u00eancia de defini\u00e7\u00e3o \u00e9 interpretada como conveni\u00eancia ou c\u00e1lculo pessoal. Se pretende, de fato, voltar ao centro do debate nacional, Ciro precisa abandonar o mist\u00e9rio e assumir um lado. Do contr\u00e1rio, continuar\u00e1 orbitando a pol\u00edtica brasileira como uma promessa que nunca se concretiza.<\/p>\n","protected":false},"excerpt":{"rendered":"<p>H\u00e1 algo de calculado e, ao mesmo tempo, desgastante no sil\u00eancio de Ciro Gomes sobre uma eventual candidatura \u00e0 Presid\u00eancia. Quando questionado, ele mant\u00e9m o suspense, como se ainda estivesse no centro de um palco que, na pr\u00e1tica, j\u00e1 se reorganizou sem ele. Essa ambiguidade n\u00e3o soa estrat\u00e9gica; soa indecis\u00e3o. E toda essa hesita\u00e7\u00e3o pode [&hellip;]<\/p>\n","protected":false},"author":21,"featured_media":392642,"comment_status":"closed","ping_status":"closed","sticky":false,"template":"","format":"standard","meta":{"_acf_changed":false,"footnotes":""},"categories":[235],"tags":[],"class_list":["post-392640","post","type-post","status-publish","format-standard","has-post-thumbnail","hentry","category-dona-irene"],"acf":[],"yoast_head":"<!-- This site is optimized with the Yoast SEO plugin v27.2 - https:\/\/yoast.com\/product\/yoast-seo-wordpress\/ -->\n<title>O sil\u00eancio dos inocentes (de votos) - Notibras<\/title>\n<meta name=\"robots\" content=\"index, follow, max-snippet:-1, max-image-preview:large, max-video-preview:-1\" \/>\n<link rel=\"canonical\" href=\"https:\/\/www.notibras.com\/site\/o-silencio-dos-inocentes-de-votos\/\" \/>\n<meta property=\"og:locale\" content=\"pt_BR\" \/>\n<meta property=\"og:type\" content=\"article\" \/>\n<meta property=\"og:title\" content=\"O sil\u00eancio dos inocentes (de votos) - Notibras\" \/>\n<meta property=\"og:description\" content=\"H\u00e1 algo de calculado e, ao mesmo tempo, desgastante no sil\u00eancio de Ciro Gomes sobre uma eventual candidatura \u00e0 Presid\u00eancia. Quando questionado, ele mant\u00e9m o suspense, como se ainda estivesse no centro de um palco que, na pr\u00e1tica, j\u00e1 se reorganizou sem ele. Essa ambiguidade n\u00e3o soa estrat\u00e9gica; soa indecis\u00e3o. E toda essa hesita\u00e7\u00e3o pode [&hellip;]\" \/>\n<meta property=\"og:url\" content=\"https:\/\/www.notibras.com\/site\/o-silencio-dos-inocentes-de-votos\/\" \/>\n<meta property=\"og:site_name\" content=\"Notibras\" \/>\n<meta property=\"article:publisher\" content=\"https:\/\/www.facebook.com\/notibras\/\" \/>\n<meta property=\"article:published_time\" content=\"2026-04-27T05:00:51+00:00\" \/>\n<meta property=\"og:image\" content=\"https:\/\/www.notibras.com\/site\/wp-content\/uploads\/2026\/04\/WhatsApp-Image-2026-04-26-at-20.55.44.jpeg\" \/>\n\t<meta property=\"og:image:width\" content=\"777\" \/>\n\t<meta property=\"og:image:height\" content=\"506\" \/>\n\t<meta property=\"og:image:type\" content=\"image\/jpeg\" \/>\n<meta name=\"author\" content=\"Eduardo Mart\u00ednez\" \/>\n<meta name=\"twitter:card\" content=\"summary_large_image\" \/>\n<meta name=\"twitter:creator\" content=\"@Notibras\" \/>\n<meta name=\"twitter:site\" content=\"@Notibras\" \/>\n<meta name=\"twitter:label1\" content=\"Escrito por\" \/>\n\t<meta name=\"twitter:data1\" content=\"Eduardo Mart\u00ednez\" \/>\n\t<meta name=\"twitter:label2\" content=\"Est. tempo de leitura\" \/>\n\t<meta name=\"twitter:data2\" content=\"2 minutos\" \/>\n<script type=\"application\/ld+json\" class=\"yoast-schema-graph\">{\"@context\":\"https:\/\/schema.org\",\"@graph\":[{\"@type\":\"Article\",\"@id\":\"https:\/\/www.notibras.com\/site\/o-silencio-dos-inocentes-de-votos\/#article\",\"isPartOf\":{\"@id\":\"https:\/\/www.notibras.com\/site\/o-silencio-dos-inocentes-de-votos\/\"},\"author\":{\"name\":\"Eduardo Mart\u00ednez\",\"@id\":\"https:\/\/www.notibras.com\/site\/#\/schema\/person\/5b7fabf2aedc3ada2105f03b22b4d3dd\"},\"headline\":\"O sil\u00eancio dos inocentes (de votos)\",\"datePublished\":\"2026-04-27T05:00:51+00:00\",\"mainEntityOfPage\":{\"@id\":\"https:\/\/www.notibras.com\/site\/o-silencio-dos-inocentes-de-votos\/\"},\"wordCount\":260,\"publisher\":{\"@id\":\"https:\/\/www.notibras.com\/site\/#organization\"},\"image\":{\"@id\":\"https:\/\/www.notibras.com\/site\/o-silencio-dos-inocentes-de-votos\/#primaryimage\"},\"thumbnailUrl\":\"https:\/\/www.notibras.com\/site\/wp-content\/uploads\/2026\/04\/WhatsApp-Image-2026-04-26-at-20.55.44.jpeg\",\"articleSection\":[\"Dona Irene\"],\"inLanguage\":\"pt-BR\"},{\"@type\":\"WebPage\",\"@id\":\"https:\/\/www.notibras.com\/site\/o-silencio-dos-inocentes-de-votos\/\",\"url\":\"https:\/\/www.notibras.com\/site\/o-silencio-dos-inocentes-de-votos\/\",\"name\":\"O sil\u00eancio dos inocentes (de votos) - Notibras\",\"isPartOf\":{\"@id\":\"https:\/\/www.notibras.com\/site\/#website\"},\"primaryImageOfPage\":{\"@id\":\"https:\/\/www.notibras.com\/site\/o-silencio-dos-inocentes-de-votos\/#primaryimage\"},\"image\":{\"@id\":\"https:\/\/www.notibras.com\/site\/o-silencio-dos-inocentes-de-votos\/#primaryimage\"},\"thumbnailUrl\":\"https:\/\/www.notibras.com\/site\/wp-content\/uploads\/2026\/04\/WhatsApp-Image-2026-04-26-at-20.55.44.jpeg\",\"datePublished\":\"2026-04-27T05:00:51+00:00\",\"breadcrumb\":{\"@id\":\"https:\/\/www.notibras.com\/site\/o-silencio-dos-inocentes-de-votos\/#breadcrumb\"},\"inLanguage\":\"pt-BR\",\"potentialAction\":[{\"@type\":\"ReadAction\",\"target\":[\"https:\/\/www.notibras.com\/site\/o-silencio-dos-inocentes-de-votos\/\"]}]},{\"@type\":\"ImageObject\",\"inLanguage\":\"pt-BR\",\"@id\":\"https:\/\/www.notibras.com\/site\/o-silencio-dos-inocentes-de-votos\/#primaryimage\",\"url\":\"https:\/\/www.notibras.com\/site\/wp-content\/uploads\/2026\/04\/WhatsApp-Image-2026-04-26-at-20.55.44.jpeg\",\"contentUrl\":\"https:\/\/www.notibras.com\/site\/wp-content\/uploads\/2026\/04\/WhatsApp-Image-2026-04-26-at-20.55.44.jpeg\",\"width\":777,\"height\":506},{\"@type\":\"BreadcrumbList\",\"@id\":\"https:\/\/www.notibras.com\/site\/o-silencio-dos-inocentes-de-votos\/#breadcrumb\",\"itemListElement\":[{\"@type\":\"ListItem\",\"position\":1,\"name\":\"In\u00edcio\",\"item\":\"https:\/\/www.notibras.com\/site\/\"},{\"@type\":\"ListItem\",\"position\":2,\"name\":\"O sil\u00eancio dos inocentes (de votos)\"}]},{\"@type\":\"WebSite\",\"@id\":\"https:\/\/www.notibras.com\/site\/#website\",\"url\":\"https:\/\/www.notibras.com\/site\/\",\"name\":\"Notibras\",\"description\":\"Not\u00edcias de Bras\u00edlia, do Brasil e do Mundo\",\"publisher\":{\"@id\":\"https:\/\/www.notibras.com\/site\/#organization\"},\"potentialAction\":[{\"@type\":\"SearchAction\",\"target\":{\"@type\":\"EntryPoint\",\"urlTemplate\":\"https:\/\/www.notibras.com\/site\/?s={search_term_string}\"},\"query-input\":{\"@type\":\"PropertyValueSpecification\",\"valueRequired\":true,\"valueName\":\"search_term_string\"}}],\"inLanguage\":\"pt-BR\"},{\"@type\":\"Organization\",\"@id\":\"https:\/\/www.notibras.com\/site\/#organization\",\"name\":\"Grupo Notibras de Comunica\u00e7\u00e3o\",\"url\":\"https:\/\/www.notibras.com\/site\/\",\"logo\":{\"@type\":\"ImageObject\",\"inLanguage\":\"pt-BR\",\"@id\":\"https:\/\/www.notibras.com\/site\/#\/schema\/logo\/image\/\",\"url\":\"https:\/\/www.notibras.com\/site\/wp-content\/uploads\/2023\/01\/notibras23.png\",\"contentUrl\":\"https:\/\/www.notibras.com\/site\/wp-content\/uploads\/2023\/01\/notibras23.png\",\"width\":350,\"height\":87,\"caption\":\"Grupo Notibras de Comunica\u00e7\u00e3o\"},\"image\":{\"@id\":\"https:\/\/www.notibras.com\/site\/#\/schema\/logo\/image\/\"},\"sameAs\":[\"https:\/\/www.facebook.com\/notibras\/\",\"https:\/\/x.com\/Notibras\",\"https:\/\/www.instagram.com\/notibras\/\"]},{\"@type\":\"Person\",\"@id\":\"https:\/\/www.notibras.com\/site\/#\/schema\/person\/5b7fabf2aedc3ada2105f03b22b4d3dd\",\"name\":\"Eduardo Mart\u00ednez\",\"image\":{\"@type\":\"ImageObject\",\"inLanguage\":\"pt-BR\",\"@id\":\"https:\/\/secure.gravatar.com\/avatar\/7902f906289926289cbcda644b5197c796b893c6ffd7b9a536a42d290f7704a0?s=96&d=mm&r=g\",\"url\":\"https:\/\/secure.gravatar.com\/avatar\/7902f906289926289cbcda644b5197c796b893c6ffd7b9a536a42d290f7704a0?s=96&d=mm&r=g\",\"contentUrl\":\"https:\/\/secure.gravatar.com\/avatar\/7902f906289926289cbcda644b5197c796b893c6ffd7b9a536a42d290f7704a0?s=96&d=mm&r=g\",\"caption\":\"Eduardo Mart\u00ednez\"}}]}<\/script>\n<!-- \/ Yoast SEO plugin. -->","yoast_head_json":{"title":"O sil\u00eancio dos inocentes (de votos) - Notibras","robots":{"index":"index","follow":"follow","max-snippet":"max-snippet:-1","max-image-preview":"max-image-preview:large","max-video-preview":"max-video-preview:-1"},"canonical":"https:\/\/www.notibras.com\/site\/o-silencio-dos-inocentes-de-votos\/","og_locale":"pt_BR","og_type":"article","og_title":"O sil\u00eancio dos inocentes (de votos) - Notibras","og_description":"H\u00e1 algo de calculado e, ao mesmo tempo, desgastante no sil\u00eancio de Ciro Gomes sobre uma eventual candidatura \u00e0 Presid\u00eancia. Quando questionado, ele mant\u00e9m o suspense, como se ainda estivesse no centro de um palco que, na pr\u00e1tica, j\u00e1 se reorganizou sem ele. Essa ambiguidade n\u00e3o soa estrat\u00e9gica; soa indecis\u00e3o. E toda essa hesita\u00e7\u00e3o pode [&hellip;]","og_url":"https:\/\/www.notibras.com\/site\/o-silencio-dos-inocentes-de-votos\/","og_site_name":"Notibras","article_publisher":"https:\/\/www.facebook.com\/notibras\/","article_published_time":"2026-04-27T05:00:51+00:00","og_image":[{"width":777,"height":506,"url":"https:\/\/www.notibras.com\/site\/wp-content\/uploads\/2026\/04\/WhatsApp-Image-2026-04-26-at-20.55.44.jpeg","type":"image\/jpeg"}],"author":"Eduardo Mart\u00ednez","twitter_card":"summary_large_image","twitter_creator":"@Notibras","twitter_site":"@Notibras","twitter_misc":{"Escrito por":"Eduardo Mart\u00ednez","Est. tempo de leitura":"2 minutos"},"schema":{"@context":"https:\/\/schema.org","@graph":[{"@type":"Article","@id":"https:\/\/www.notibras.com\/site\/o-silencio-dos-inocentes-de-votos\/#article","isPartOf":{"@id":"https:\/\/www.notibras.com\/site\/o-silencio-dos-inocentes-de-votos\/"},"author":{"name":"Eduardo Mart\u00ednez","@id":"https:\/\/www.notibras.com\/site\/#\/schema\/person\/5b7fabf2aedc3ada2105f03b22b4d3dd"},"headline":"O sil\u00eancio dos inocentes (de votos)","datePublished":"2026-04-27T05:00:51+00:00","mainEntityOfPage":{"@id":"https:\/\/www.notibras.com\/site\/o-silencio-dos-inocentes-de-votos\/"},"wordCount":260,"publisher":{"@id":"https:\/\/www.notibras.com\/site\/#organization"},"image":{"@id":"https:\/\/www.notibras.com\/site\/o-silencio-dos-inocentes-de-votos\/#primaryimage"},"thumbnailUrl":"https:\/\/www.notibras.com\/site\/wp-content\/uploads\/2026\/04\/WhatsApp-Image-2026-04-26-at-20.55.44.jpeg","articleSection":["Dona Irene"],"inLanguage":"pt-BR"},{"@type":"WebPage","@id":"https:\/\/www.notibras.com\/site\/o-silencio-dos-inocentes-de-votos\/","url":"https:\/\/www.notibras.com\/site\/o-silencio-dos-inocentes-de-votos\/","name":"O sil\u00eancio dos inocentes (de votos) - Notibras","isPartOf":{"@id":"https:\/\/www.notibras.com\/site\/#website"},"primaryImageOfPage":{"@id":"https:\/\/www.notibras.com\/site\/o-silencio-dos-inocentes-de-votos\/#primaryimage"},"image":{"@id":"https:\/\/www.notibras.com\/site\/o-silencio-dos-inocentes-de-votos\/#primaryimage"},"thumbnailUrl":"https:\/\/www.notibras.com\/site\/wp-content\/uploads\/2026\/04\/WhatsApp-Image-2026-04-26-at-20.55.44.jpeg","datePublished":"2026-04-27T05:00:51+00:00","breadcrumb":{"@id":"https:\/\/www.notibras.com\/site\/o-silencio-dos-inocentes-de-votos\/#breadcrumb"},"inLanguage":"pt-BR","potentialAction":[{"@type":"ReadAction","target":["https:\/\/www.notibras.com\/site\/o-silencio-dos-inocentes-de-votos\/"]}]},{"@type":"ImageObject","inLanguage":"pt-BR","@id":"https:\/\/www.notibras.com\/site\/o-silencio-dos-inocentes-de-votos\/#primaryimage","url":"https:\/\/www.notibras.com\/site\/wp-content\/uploads\/2026\/04\/WhatsApp-Image-2026-04-26-at-20.55.44.jpeg","contentUrl":"https:\/\/www.notibras.com\/site\/wp-content\/uploads\/2026\/04\/WhatsApp-Image-2026-04-26-at-20.55.44.jpeg","width":777,"height":506},{"@type":"BreadcrumbList","@id":"https:\/\/www.notibras.com\/site\/o-silencio-dos-inocentes-de-votos\/#breadcrumb","itemListElement":[{"@type":"ListItem","position":1,"name":"In\u00edcio","item":"https:\/\/www.notibras.com\/site\/"},{"@type":"ListItem","position":2,"name":"O sil\u00eancio dos inocentes (de votos)"}]},{"@type":"WebSite","@id":"https:\/\/www.notibras.com\/site\/#website","url":"https:\/\/www.notibras.com\/site\/","name":"Notibras","description":"Not\u00edcias de Bras\u00edlia, do Brasil e do Mundo","publisher":{"@id":"https:\/\/www.notibras.com\/site\/#organization"},"potentialAction":[{"@type":"SearchAction","target":{"@type":"EntryPoint","urlTemplate":"https:\/\/www.notibras.com\/site\/?s={search_term_string}"},"query-input":{"@type":"PropertyValueSpecification","valueRequired":true,"valueName":"search_term_string"}}],"inLanguage":"pt-BR"},{"@type":"Organization","@id":"https:\/\/www.notibras.com\/site\/#organization","name":"Grupo Notibras de Comunica\u00e7\u00e3o","url":"https:\/\/www.notibras.com\/site\/","logo":{"@type":"ImageObject","inLanguage":"pt-BR","@id":"https:\/\/www.notibras.com\/site\/#\/schema\/logo\/image\/","url":"https:\/\/www.notibras.com\/site\/wp-content\/uploads\/2023\/01\/notibras23.png","contentUrl":"https:\/\/www.notibras.com\/site\/wp-content\/uploads\/2023\/01\/notibras23.png","width":350,"height":87,"caption":"Grupo Notibras de Comunica\u00e7\u00e3o"},"image":{"@id":"https:\/\/www.notibras.com\/site\/#\/schema\/logo\/image\/"},"sameAs":["https:\/\/www.facebook.com\/notibras\/","https:\/\/x.com\/Notibras","https:\/\/www.instagram.com\/notibras\/"]},{"@type":"Person","@id":"https:\/\/www.notibras.com\/site\/#\/schema\/person\/5b7fabf2aedc3ada2105f03b22b4d3dd","name":"Eduardo Mart\u00ednez","image":{"@type":"ImageObject","inLanguage":"pt-BR","@id":"https:\/\/secure.gravatar.com\/avatar\/7902f906289926289cbcda644b5197c796b893c6ffd7b9a536a42d290f7704a0?s=96&d=mm&r=g","url":"https:\/\/secure.gravatar.com\/avatar\/7902f906289926289cbcda644b5197c796b893c6ffd7b9a536a42d290f7704a0?s=96&d=mm&r=g","contentUrl":"https:\/\/secure.gravatar.com\/avatar\/7902f906289926289cbcda644b5197c796b893c6ffd7b9a536a42d290f7704a0?s=96&d=mm&r=g","caption":"Eduardo Mart\u00ednez"}}]}},"amp_enabled":true,"_links":{"self":[{"href":"https:\/\/www.notibras.com\/site\/wp-json\/wp\/v2\/posts\/392640","targetHints":{"allow":["GET"]}}],"collection":[{"href":"https:\/\/www.notibras.com\/site\/wp-json\/wp\/v2\/posts"}],"about":[{"href":"https:\/\/www.notibras.com\/site\/wp-json\/wp\/v2\/types\/post"}],"author":[{"embeddable":true,"href":"https:\/\/www.notibras.com\/site\/wp-json\/wp\/v2\/users\/21"}],"replies":[{"embeddable":true,"href":"https:\/\/www.notibras.com\/site\/wp-json\/wp\/v2\/comments?post=392640"}],"version-history":[{"count":2,"href":"https:\/\/www.notibras.com\/site\/wp-json\/wp\/v2\/posts\/392640\/revisions"}],"predecessor-version":[{"id":392644,"href":"https:\/\/www.notibras.com\/site\/wp-json\/wp\/v2\/posts\/392640\/revisions\/392644"}],"wp:featuredmedia":[{"embeddable":true,"href":"https:\/\/www.notibras.com\/site\/wp-json\/wp\/v2\/media\/392642"}],"wp:attachment":[{"href":"https:\/\/www.notibras.com\/site\/wp-json\/wp\/v2\/media?parent=392640"}],"wp:term":[{"taxonomy":"category","embeddable":true,"href":"https:\/\/www.notibras.com\/site\/wp-json\/wp\/v2\/categories?post=392640"},{"taxonomy":"post_tag","embeddable":true,"href":"https:\/\/www.notibras.com\/site\/wp-json\/wp\/v2\/tags?post=392640"}],"curies":[{"name":"wp","href":"https:\/\/api.w.org\/{rel}","templated":true}]}}