{"id":392645,"date":"2026-04-27T06:05:23","date_gmt":"2026-04-27T09:05:23","guid":{"rendered":"https:\/\/www.notibras.com\/site\/?p=392645"},"modified":"2026-04-27T01:08:42","modified_gmt":"2026-04-27T04:08:42","slug":"imprensa-livre-e-maior-alicerce-da-democracia","status":"publish","type":"post","link":"https:\/\/www.notibras.com\/site\/imprensa-livre-e-maior-alicerce-da-democracia\/","title":{"rendered":"Imprensa livre \u00e9 maior alicerce da democracia"},"content":{"rendered":"<p>D\u00e9cadas ap\u00f3s sentar pra\u00e7a no jornalismo e depois de anos dedicados ao rame-rame, ao compromisso com as fontes e, de alguma forma, respeitando as decis\u00f5es do patr\u00e3o, descobri que ser livre, isento e respeitar a si mesmo, consequentemente ao que assina, \u00e9 o melhor caminho para minha pr\u00f3pria credibilidade. E pouco importa que meus escritos firam suscetibilidades, ideologias, pol\u00edticos descompromissados com a verdade e com o povo e, principalmente, que desagradem \u00e0queles que adoram ler o que lhes conv\u00e9m, ainda que sejam mentiras.<\/p>\n<p>O tempo \u00e9 de sarav\u00e1 para quem \u00e9 de sarav\u00e1, am\u00e9m para quem \u00e9 de am\u00e9m e de luz para quem \u00e9 de luz. Sobrevivi ao jornalismo profissional, rom\u00e2ntico e et\u00e9reo de laudas, sem celular, laptop e com disputas ferrenhas por um orelh\u00e3o. Vivi a melhor \u00e9poca da pol\u00edtica brasileira e a fase \u00e1urea do futebol nacional. Era feliz e sabia. Ultrapassei o sombrio per\u00edodo de nuvens negras, temporais com raios f\u00falgidos e chuvas de balas. \u00c0s vezes ainda me destroem os neur\u00f4nios a triste lembran\u00e7a dos presidentes n\u00e3o reeleitos ou de mandatos curtos, do tipo voo de galinha.<\/p>\n<p>Felizmente foram poucos, mas, como fantasmas pol\u00edticos, n\u00e3o aceitam sair de cena. Do ponto de vista f\u00edsico e emocional, agrade\u00e7o aos c\u00e9us por estar tomando mais cervejas do que rem\u00e9dios. No meu lead espiritual di\u00e1rio, registro que ainda estou bem distante das m\u00e3os que ajudam na hora da dor. Apesar de o Brasil estar pela hora da morte, eu permane\u00e7o dois passos \u00e0 frente da intelig\u00eancia artificial dos que bebem na caneca sem fundo do mestre dos horrores, surfam nas queimadas e sonham um dia serem levados ao para\u00edso pelo mito da quiromancia com os p\u00e9s.<\/p>\n<p>Escondida e \u00e0 merc\u00ea de investidores exclusivamente ideol\u00f3gicos, a imprensa quase n\u00e3o reagiu \u00e0 crise que se instalou de Norte a Sul do Brasil em passado bem recente. Por raz\u00f5es que a pr\u00f3pria raz\u00e3o desconhece, hoje a mesma m\u00eddia reage \u00e0 recupera\u00e7\u00e3o nacional. No pior de seu grau superlativo, o pa\u00eds do futuro vive a desgraceira do presente. Temos os mais claudicantes eleitores do mundo, uma l\u00e1stima de Congresso, uma Sele\u00e7\u00e3o Brasileira que n\u00e3o assusta mais a Venezuela e nem a Bol\u00edvia, um governo que torce pelo ocaso do l\u00edder dos EUA e um povo que se dividiu entre apostar na anarquia, no caos e na ilegalidade e lutar para n\u00e3o morrer na praia.<\/p>\n<p>Sem m\u00e1scaras, desculpas, escoras, amarras ou morda\u00e7as, fujo das l\u00f3gicas da esquerda e da direita. Fa\u00e7o isso baseado no ac\u00famulo de informa\u00e7\u00f5es sobre o uso cotidiano da l\u00f3gica pelos mentirosos e enganadores. Hoje, o que quero \u00e9 somente liberdade para fazer e escrever o que quiser e dec\u00eancia para fazer o que \u00e9 certo. Consciente de que vivo e morrerei sendo criticado, desejo pelo menos autonomia e independ\u00eancia para viver sem paralelismos ou ideais irrealiz\u00e1veis. \u00c9 o meu livre arb\u00edtrio cobrando posi\u00e7\u00f5es contra as crias e, principalmente, contra os criadores. A esquizofrenia pol\u00edtico-social do Brasil n\u00e3o faz parte do que eu havia sonhado para o dia em que deixasse de ser um inocente \u00fatil.<\/p>\n<p>Esse dia chegou faz algum tempo. No entanto, falta descobrir como recuperar o tempo perdido para tentar entender onde querem chegar os extremistas e suas verdades inadequadas e ultrapassadas. Antes de pensar exclusivamente em anistiar os v\u00e2ndalos de 8 de janeiro de 2023 e defenestrar Alexandre de Moraes, bem que eles poderiam pensar no que fazer pelo pa\u00eds caso ganhem as elei\u00e7\u00f5es. Candidato presidencial que s\u00f3 pensa no pr\u00f3prio umbigo ou no bem-estar dos seus n\u00e3o merece vencer. Derrubar ministros do STF e soltar arruaceiros \u00e9 tarefa destinada especificamente a parlamentares lun\u00e1ticos, antidemocratas e desordeiros. Estarei longe disso, mas o sonho jornal\u00edstico dos que apoiam esse tipo de gente \u00e9 acordar em um domingo tenebroso com a seguinte manchete: O crime organizado venceu. O Brasil \u00e9 nosso.<\/p>\n<p>&#8230;&#8230;&#8230;&#8230;.<\/p>\n<p><strong>Mathuzal\u00e9m J\u00fanior \u00e9 jornalista profissional desde 1978<\/strong><\/p>\n","protected":false},"excerpt":{"rendered":"<p>D\u00e9cadas ap\u00f3s sentar pra\u00e7a no jornalismo e depois de anos dedicados ao rame-rame, ao compromisso com as fontes e, de alguma forma, respeitando as decis\u00f5es do patr\u00e3o, descobri que ser livre, isento e respeitar a si mesmo, consequentemente ao que assina, \u00e9 o melhor caminho para minha pr\u00f3pria credibilidade. E pouco importa que meus escritos [&hellip;]<\/p>\n","protected":false},"author":2,"featured_media":392646,"comment_status":"closed","ping_status":"closed","sticky":false,"template":"","format":"standard","meta":{"_acf_changed":false,"footnotes":""},"categories":[16],"tags":[95],"class_list":["post-392645","post","type-post","status-publish","format-standard","has-post-thumbnail","hentry","category-brasil","tag-capa"],"acf":[],"yoast_head":"<!-- This site is optimized with the Yoast SEO plugin v27.2 - https:\/\/yoast.com\/product\/yoast-seo-wordpress\/ -->\n<title>Imprensa livre \u00e9 maior alicerce da democracia - Notibras<\/title>\n<meta name=\"robots\" content=\"index, follow, max-snippet:-1, max-image-preview:large, max-video-preview:-1\" \/>\n<link rel=\"canonical\" href=\"https:\/\/www.notibras.com\/site\/imprensa-livre-e-maior-alicerce-da-democracia\/\" \/>\n<meta property=\"og:locale\" content=\"pt_BR\" \/>\n<meta property=\"og:type\" content=\"article\" \/>\n<meta property=\"og:title\" content=\"Imprensa livre \u00e9 maior alicerce da democracia - Notibras\" \/>\n<meta property=\"og:description\" content=\"D\u00e9cadas ap\u00f3s sentar pra\u00e7a no jornalismo e depois de anos dedicados ao rame-rame, ao compromisso com as fontes e, de alguma forma, respeitando as decis\u00f5es do patr\u00e3o, descobri que ser livre, isento e respeitar a si mesmo, consequentemente ao que assina, \u00e9 o melhor caminho para minha pr\u00f3pria credibilidade. E pouco importa que meus escritos [&hellip;]\" \/>\n<meta property=\"og:url\" content=\"https:\/\/www.notibras.com\/site\/imprensa-livre-e-maior-alicerce-da-democracia\/\" \/>\n<meta property=\"og:site_name\" content=\"Notibras\" \/>\n<meta property=\"article:publisher\" content=\"https:\/\/www.facebook.com\/notibras\/\" \/>\n<meta property=\"article:published_time\" content=\"2026-04-27T09:05:23+00:00\" \/>\n<meta property=\"og:image\" content=\"https:\/\/www.notibras.com\/site\/wp-content\/uploads\/2026\/04\/82d077f6-06f6-40b7-91cf-ff6016c8ce09-1024x683.png\" \/>\n\t<meta property=\"og:image:width\" content=\"1024\" \/>\n\t<meta property=\"og:image:height\" content=\"683\" \/>\n\t<meta property=\"og:image:type\" content=\"image\/png\" \/>\n<meta name=\"author\" content=\"Reda\u00e7\u00e3o\" \/>\n<meta name=\"twitter:card\" content=\"summary_large_image\" \/>\n<meta name=\"twitter:creator\" content=\"@Notibras\" \/>\n<meta name=\"twitter:site\" content=\"@Notibras\" \/>\n<meta name=\"twitter:label1\" content=\"Escrito por\" \/>\n\t<meta name=\"twitter:data1\" content=\"Reda\u00e7\u00e3o\" \/>\n\t<meta name=\"twitter:label2\" content=\"Est. tempo de leitura\" \/>\n\t<meta name=\"twitter:data2\" content=\"4 minutos\" \/>\n<script type=\"application\/ld+json\" class=\"yoast-schema-graph\">{\"@context\":\"https:\/\/schema.org\",\"@graph\":[{\"@type\":\"Article\",\"@id\":\"https:\/\/www.notibras.com\/site\/imprensa-livre-e-maior-alicerce-da-democracia\/#article\",\"isPartOf\":{\"@id\":\"https:\/\/www.notibras.com\/site\/imprensa-livre-e-maior-alicerce-da-democracia\/\"},\"author\":{\"name\":\"Reda\u00e7\u00e3o\",\"@id\":\"https:\/\/www.notibras.com\/site\/#\/schema\/person\/36ab0979449956132d3e5b517ea76ac8\"},\"headline\":\"Imprensa livre \u00e9 maior alicerce da democracia\",\"datePublished\":\"2026-04-27T09:05:23+00:00\",\"mainEntityOfPage\":{\"@id\":\"https:\/\/www.notibras.com\/site\/imprensa-livre-e-maior-alicerce-da-democracia\/\"},\"wordCount\":695,\"publisher\":{\"@id\":\"https:\/\/www.notibras.com\/site\/#organization\"},\"image\":{\"@id\":\"https:\/\/www.notibras.com\/site\/imprensa-livre-e-maior-alicerce-da-democracia\/#primaryimage\"},\"thumbnailUrl\":\"https:\/\/www.notibras.com\/site\/wp-content\/uploads\/2026\/04\/82d077f6-06f6-40b7-91cf-ff6016c8ce09.png\",\"keywords\":[\"capa\"],\"articleSection\":[\"Brasil\"],\"inLanguage\":\"pt-BR\"},{\"@type\":\"WebPage\",\"@id\":\"https:\/\/www.notibras.com\/site\/imprensa-livre-e-maior-alicerce-da-democracia\/\",\"url\":\"https:\/\/www.notibras.com\/site\/imprensa-livre-e-maior-alicerce-da-democracia\/\",\"name\":\"Imprensa livre \u00e9 maior alicerce da democracia - Notibras\",\"isPartOf\":{\"@id\":\"https:\/\/www.notibras.com\/site\/#website\"},\"primaryImageOfPage\":{\"@id\":\"https:\/\/www.notibras.com\/site\/imprensa-livre-e-maior-alicerce-da-democracia\/#primaryimage\"},\"image\":{\"@id\":\"https:\/\/www.notibras.com\/site\/imprensa-livre-e-maior-alicerce-da-democracia\/#primaryimage\"},\"thumbnailUrl\":\"https:\/\/www.notibras.com\/site\/wp-content\/uploads\/2026\/04\/82d077f6-06f6-40b7-91cf-ff6016c8ce09.png\",\"datePublished\":\"2026-04-27T09:05:23+00:00\",\"breadcrumb\":{\"@id\":\"https:\/\/www.notibras.com\/site\/imprensa-livre-e-maior-alicerce-da-democracia\/#breadcrumb\"},\"inLanguage\":\"pt-BR\",\"potentialAction\":[{\"@type\":\"ReadAction\",\"target\":[\"https:\/\/www.notibras.com\/site\/imprensa-livre-e-maior-alicerce-da-democracia\/\"]}]},{\"@type\":\"ImageObject\",\"inLanguage\":\"pt-BR\",\"@id\":\"https:\/\/www.notibras.com\/site\/imprensa-livre-e-maior-alicerce-da-democracia\/#primaryimage\",\"url\":\"https:\/\/www.notibras.com\/site\/wp-content\/uploads\/2026\/04\/82d077f6-06f6-40b7-91cf-ff6016c8ce09.png\",\"contentUrl\":\"https:\/\/www.notibras.com\/site\/wp-content\/uploads\/2026\/04\/82d077f6-06f6-40b7-91cf-ff6016c8ce09.png\",\"width\":1536,\"height\":1024},{\"@type\":\"BreadcrumbList\",\"@id\":\"https:\/\/www.notibras.com\/site\/imprensa-livre-e-maior-alicerce-da-democracia\/#breadcrumb\",\"itemListElement\":[{\"@type\":\"ListItem\",\"position\":1,\"name\":\"In\u00edcio\",\"item\":\"https:\/\/www.notibras.com\/site\/\"},{\"@type\":\"ListItem\",\"position\":2,\"name\":\"Imprensa livre \u00e9 maior alicerce da democracia\"}]},{\"@type\":\"WebSite\",\"@id\":\"https:\/\/www.notibras.com\/site\/#website\",\"url\":\"https:\/\/www.notibras.com\/site\/\",\"name\":\"Notibras\",\"description\":\"Not\u00edcias de Bras\u00edlia, do Brasil e do Mundo\",\"publisher\":{\"@id\":\"https:\/\/www.notibras.com\/site\/#organization\"},\"potentialAction\":[{\"@type\":\"SearchAction\",\"target\":{\"@type\":\"EntryPoint\",\"urlTemplate\":\"https:\/\/www.notibras.com\/site\/?s={search_term_string}\"},\"query-input\":{\"@type\":\"PropertyValueSpecification\",\"valueRequired\":true,\"valueName\":\"search_term_string\"}}],\"inLanguage\":\"pt-BR\"},{\"@type\":\"Organization\",\"@id\":\"https:\/\/www.notibras.com\/site\/#organization\",\"name\":\"Grupo Notibras de Comunica\u00e7\u00e3o\",\"url\":\"https:\/\/www.notibras.com\/site\/\",\"logo\":{\"@type\":\"ImageObject\",\"inLanguage\":\"pt-BR\",\"@id\":\"https:\/\/www.notibras.com\/site\/#\/schema\/logo\/image\/\",\"url\":\"https:\/\/www.notibras.com\/site\/wp-content\/uploads\/2023\/01\/notibras23.png\",\"contentUrl\":\"https:\/\/www.notibras.com\/site\/wp-content\/uploads\/2023\/01\/notibras23.png\",\"width\":350,\"height\":87,\"caption\":\"Grupo Notibras de Comunica\u00e7\u00e3o\"},\"image\":{\"@id\":\"https:\/\/www.notibras.com\/site\/#\/schema\/logo\/image\/\"},\"sameAs\":[\"https:\/\/www.facebook.com\/notibras\/\",\"https:\/\/x.com\/Notibras\",\"https:\/\/www.instagram.com\/notibras\/\"]},{\"@type\":\"Person\",\"@id\":\"https:\/\/www.notibras.com\/site\/#\/schema\/person\/36ab0979449956132d3e5b517ea76ac8\",\"name\":\"Reda\u00e7\u00e3o\",\"image\":{\"@type\":\"ImageObject\",\"inLanguage\":\"pt-BR\",\"@id\":\"https:\/\/secure.gravatar.com\/avatar\/e0a867bdedb85fd243eadf09663511f96fc81e0720a4a42581f334ad4303aa6b?s=96&d=mm&r=g\",\"url\":\"https:\/\/secure.gravatar.com\/avatar\/e0a867bdedb85fd243eadf09663511f96fc81e0720a4a42581f334ad4303aa6b?s=96&d=mm&r=g\",\"contentUrl\":\"https:\/\/secure.gravatar.com\/avatar\/e0a867bdedb85fd243eadf09663511f96fc81e0720a4a42581f334ad4303aa6b?s=96&d=mm&r=g\",\"caption\":\"Reda\u00e7\u00e3o\"}}]}<\/script>\n<!-- \/ Yoast SEO plugin. -->","yoast_head_json":{"title":"Imprensa livre \u00e9 maior alicerce da democracia - Notibras","robots":{"index":"index","follow":"follow","max-snippet":"max-snippet:-1","max-image-preview":"max-image-preview:large","max-video-preview":"max-video-preview:-1"},"canonical":"https:\/\/www.notibras.com\/site\/imprensa-livre-e-maior-alicerce-da-democracia\/","og_locale":"pt_BR","og_type":"article","og_title":"Imprensa livre \u00e9 maior alicerce da democracia - Notibras","og_description":"D\u00e9cadas ap\u00f3s sentar pra\u00e7a no jornalismo e depois de anos dedicados ao rame-rame, ao compromisso com as fontes e, de alguma forma, respeitando as decis\u00f5es do patr\u00e3o, descobri que ser livre, isento e respeitar a si mesmo, consequentemente ao que assina, \u00e9 o melhor caminho para minha pr\u00f3pria credibilidade. E pouco importa que meus escritos [&hellip;]","og_url":"https:\/\/www.notibras.com\/site\/imprensa-livre-e-maior-alicerce-da-democracia\/","og_site_name":"Notibras","article_publisher":"https:\/\/www.facebook.com\/notibras\/","article_published_time":"2026-04-27T09:05:23+00:00","og_image":[{"width":1024,"height":683,"url":"https:\/\/www.notibras.com\/site\/wp-content\/uploads\/2026\/04\/82d077f6-06f6-40b7-91cf-ff6016c8ce09-1024x683.png","type":"image\/png"}],"author":"Reda\u00e7\u00e3o","twitter_card":"summary_large_image","twitter_creator":"@Notibras","twitter_site":"@Notibras","twitter_misc":{"Escrito por":"Reda\u00e7\u00e3o","Est. tempo de leitura":"4 minutos"},"schema":{"@context":"https:\/\/schema.org","@graph":[{"@type":"Article","@id":"https:\/\/www.notibras.com\/site\/imprensa-livre-e-maior-alicerce-da-democracia\/#article","isPartOf":{"@id":"https:\/\/www.notibras.com\/site\/imprensa-livre-e-maior-alicerce-da-democracia\/"},"author":{"name":"Reda\u00e7\u00e3o","@id":"https:\/\/www.notibras.com\/site\/#\/schema\/person\/36ab0979449956132d3e5b517ea76ac8"},"headline":"Imprensa livre \u00e9 maior alicerce da democracia","datePublished":"2026-04-27T09:05:23+00:00","mainEntityOfPage":{"@id":"https:\/\/www.notibras.com\/site\/imprensa-livre-e-maior-alicerce-da-democracia\/"},"wordCount":695,"publisher":{"@id":"https:\/\/www.notibras.com\/site\/#organization"},"image":{"@id":"https:\/\/www.notibras.com\/site\/imprensa-livre-e-maior-alicerce-da-democracia\/#primaryimage"},"thumbnailUrl":"https:\/\/www.notibras.com\/site\/wp-content\/uploads\/2026\/04\/82d077f6-06f6-40b7-91cf-ff6016c8ce09.png","keywords":["capa"],"articleSection":["Brasil"],"inLanguage":"pt-BR"},{"@type":"WebPage","@id":"https:\/\/www.notibras.com\/site\/imprensa-livre-e-maior-alicerce-da-democracia\/","url":"https:\/\/www.notibras.com\/site\/imprensa-livre-e-maior-alicerce-da-democracia\/","name":"Imprensa livre \u00e9 maior alicerce da democracia - Notibras","isPartOf":{"@id":"https:\/\/www.notibras.com\/site\/#website"},"primaryImageOfPage":{"@id":"https:\/\/www.notibras.com\/site\/imprensa-livre-e-maior-alicerce-da-democracia\/#primaryimage"},"image":{"@id":"https:\/\/www.notibras.com\/site\/imprensa-livre-e-maior-alicerce-da-democracia\/#primaryimage"},"thumbnailUrl":"https:\/\/www.notibras.com\/site\/wp-content\/uploads\/2026\/04\/82d077f6-06f6-40b7-91cf-ff6016c8ce09.png","datePublished":"2026-04-27T09:05:23+00:00","breadcrumb":{"@id":"https:\/\/www.notibras.com\/site\/imprensa-livre-e-maior-alicerce-da-democracia\/#breadcrumb"},"inLanguage":"pt-BR","potentialAction":[{"@type":"ReadAction","target":["https:\/\/www.notibras.com\/site\/imprensa-livre-e-maior-alicerce-da-democracia\/"]}]},{"@type":"ImageObject","inLanguage":"pt-BR","@id":"https:\/\/www.notibras.com\/site\/imprensa-livre-e-maior-alicerce-da-democracia\/#primaryimage","url":"https:\/\/www.notibras.com\/site\/wp-content\/uploads\/2026\/04\/82d077f6-06f6-40b7-91cf-ff6016c8ce09.png","contentUrl":"https:\/\/www.notibras.com\/site\/wp-content\/uploads\/2026\/04\/82d077f6-06f6-40b7-91cf-ff6016c8ce09.png","width":1536,"height":1024},{"@type":"BreadcrumbList","@id":"https:\/\/www.notibras.com\/site\/imprensa-livre-e-maior-alicerce-da-democracia\/#breadcrumb","itemListElement":[{"@type":"ListItem","position":1,"name":"In\u00edcio","item":"https:\/\/www.notibras.com\/site\/"},{"@type":"ListItem","position":2,"name":"Imprensa livre \u00e9 maior alicerce da democracia"}]},{"@type":"WebSite","@id":"https:\/\/www.notibras.com\/site\/#website","url":"https:\/\/www.notibras.com\/site\/","name":"Notibras","description":"Not\u00edcias de Bras\u00edlia, do Brasil e do Mundo","publisher":{"@id":"https:\/\/www.notibras.com\/site\/#organization"},"potentialAction":[{"@type":"SearchAction","target":{"@type":"EntryPoint","urlTemplate":"https:\/\/www.notibras.com\/site\/?s={search_term_string}"},"query-input":{"@type":"PropertyValueSpecification","valueRequired":true,"valueName":"search_term_string"}}],"inLanguage":"pt-BR"},{"@type":"Organization","@id":"https:\/\/www.notibras.com\/site\/#organization","name":"Grupo Notibras de Comunica\u00e7\u00e3o","url":"https:\/\/www.notibras.com\/site\/","logo":{"@type":"ImageObject","inLanguage":"pt-BR","@id":"https:\/\/www.notibras.com\/site\/#\/schema\/logo\/image\/","url":"https:\/\/www.notibras.com\/site\/wp-content\/uploads\/2023\/01\/notibras23.png","contentUrl":"https:\/\/www.notibras.com\/site\/wp-content\/uploads\/2023\/01\/notibras23.png","width":350,"height":87,"caption":"Grupo Notibras de Comunica\u00e7\u00e3o"},"image":{"@id":"https:\/\/www.notibras.com\/site\/#\/schema\/logo\/image\/"},"sameAs":["https:\/\/www.facebook.com\/notibras\/","https:\/\/x.com\/Notibras","https:\/\/www.instagram.com\/notibras\/"]},{"@type":"Person","@id":"https:\/\/www.notibras.com\/site\/#\/schema\/person\/36ab0979449956132d3e5b517ea76ac8","name":"Reda\u00e7\u00e3o","image":{"@type":"ImageObject","inLanguage":"pt-BR","@id":"https:\/\/secure.gravatar.com\/avatar\/e0a867bdedb85fd243eadf09663511f96fc81e0720a4a42581f334ad4303aa6b?s=96&d=mm&r=g","url":"https:\/\/secure.gravatar.com\/avatar\/e0a867bdedb85fd243eadf09663511f96fc81e0720a4a42581f334ad4303aa6b?s=96&d=mm&r=g","contentUrl":"https:\/\/secure.gravatar.com\/avatar\/e0a867bdedb85fd243eadf09663511f96fc81e0720a4a42581f334ad4303aa6b?s=96&d=mm&r=g","caption":"Reda\u00e7\u00e3o"}}]}},"amp_enabled":true,"_links":{"self":[{"href":"https:\/\/www.notibras.com\/site\/wp-json\/wp\/v2\/posts\/392645","targetHints":{"allow":["GET"]}}],"collection":[{"href":"https:\/\/www.notibras.com\/site\/wp-json\/wp\/v2\/posts"}],"about":[{"href":"https:\/\/www.notibras.com\/site\/wp-json\/wp\/v2\/types\/post"}],"author":[{"embeddable":true,"href":"https:\/\/www.notibras.com\/site\/wp-json\/wp\/v2\/users\/2"}],"replies":[{"embeddable":true,"href":"https:\/\/www.notibras.com\/site\/wp-json\/wp\/v2\/comments?post=392645"}],"version-history":[{"count":2,"href":"https:\/\/www.notibras.com\/site\/wp-json\/wp\/v2\/posts\/392645\/revisions"}],"predecessor-version":[{"id":392648,"href":"https:\/\/www.notibras.com\/site\/wp-json\/wp\/v2\/posts\/392645\/revisions\/392648"}],"wp:featuredmedia":[{"embeddable":true,"href":"https:\/\/www.notibras.com\/site\/wp-json\/wp\/v2\/media\/392646"}],"wp:attachment":[{"href":"https:\/\/www.notibras.com\/site\/wp-json\/wp\/v2\/media?parent=392645"}],"wp:term":[{"taxonomy":"category","embeddable":true,"href":"https:\/\/www.notibras.com\/site\/wp-json\/wp\/v2\/categories?post=392645"},{"taxonomy":"post_tag","embeddable":true,"href":"https:\/\/www.notibras.com\/site\/wp-json\/wp\/v2\/tags?post=392645"}],"curies":[{"name":"wp","href":"https:\/\/api.w.org\/{rel}","templated":true}]}}