{"id":392651,"date":"2026-04-27T01:05:30","date_gmt":"2026-04-27T04:05:30","guid":{"rendered":"https:\/\/www.notibras.com\/site\/?p=392651"},"modified":"2026-04-27T01:35:26","modified_gmt":"2026-04-27T04:35:26","slug":"peso-da-inflacao-deixa-a-comida-mais-cara-no-prato-do-nordestino","status":"publish","type":"post","link":"https:\/\/www.notibras.com\/site\/peso-da-inflacao-deixa-a-comida-mais-cara-no-prato-do-nordestino\/","title":{"rendered":"Peso da infla\u00e7\u00e3o deixa a comida mais cara no prato do nordestino"},"content":{"rendered":"<p>Em 2026, um problema cotidiano tem ganhado cada vez mais espa\u00e7o nas conversas das fam\u00edlias nordestinas: o aumento constante no pre\u00e7o dos alimentos b\u00e1sicos. Itens como arroz, feij\u00e3o, \u00f3leo e carne t\u00eam sofrido varia\u00e7\u00f5es frequentes, afetando principalmente quem vive com renda mais baixa.<\/p>\n<p>Em feiras livres e mercados, consumidores j\u00e1 mudaram h\u00e1bitos. Muitos est\u00e3o comprando em menor quantidade, substituindo produtos ou at\u00e9 deixando de consumir certos alimentos. A carne, por exemplo, tem sido trocada por ovos ou alimentos mais acess\u00edveis.<\/p>\n<p>O impacto vai al\u00e9m do bolso. Especialistas alertam para mudan\u00e7as na qualidade da alimenta\u00e7\u00e3o, com risco de aumento na m\u00e1 nutri\u00e7\u00e3o \u2014 n\u00e3o por falta de comida, mas pela perda de variedade e nutrientes.<\/p>\n<p>Pequenos comerciantes tamb\u00e9m sentem o efeito. Com pre\u00e7os inst\u00e1veis, fica dif\u00edcil manter valores fixos, o que afasta clientes e reduz o lucro. J\u00e1 produtores enfrentam custos mais altos com transporte, insumos e clima irregular.<\/p>\n<p>Mesmo com programas sociais e tentativas de controle econ\u00f4mico, o cen\u00e1rio ainda preocupa. O prato do nordestino, que sempre foi s\u00edmbolo de resist\u00eancia e cultura, agora reflete tamb\u00e9m um desafio crescente: equilibrar alimenta\u00e7\u00e3o e or\u00e7amento.<\/p>\n","protected":false},"excerpt":{"rendered":"<p>Em 2026, um problema cotidiano tem ganhado cada vez mais espa\u00e7o nas conversas das fam\u00edlias nordestinas: o aumento constante no pre\u00e7o dos alimentos b\u00e1sicos. Itens como arroz, feij\u00e3o, \u00f3leo e carne t\u00eam sofrido varia\u00e7\u00f5es frequentes, afetando principalmente quem vive com renda mais baixa. Em feiras livres e mercados, consumidores j\u00e1 mudaram h\u00e1bitos. Muitos est\u00e3o comprando [&hellip;]<\/p>\n","protected":false},"author":2,"featured_media":392652,"comment_status":"closed","ping_status":"closed","sticky":false,"template":"","format":"standard","meta":{"_acf_changed":false,"footnotes":""},"categories":[165],"tags":[],"class_list":["post-392651","post","type-post","status-publish","format-standard","has-post-thumbnail","hentry","category-nordeste"],"acf":[],"yoast_head":"<!-- This site is optimized with the Yoast SEO plugin v27.2 - https:\/\/yoast.com\/product\/yoast-seo-wordpress\/ -->\n<title>Peso da infla\u00e7\u00e3o deixa a comida mais cara no prato do nordestino - Notibras<\/title>\n<meta name=\"robots\" content=\"index, follow, max-snippet:-1, max-image-preview:large, max-video-preview:-1\" \/>\n<link rel=\"canonical\" href=\"https:\/\/www.notibras.com\/site\/peso-da-inflacao-deixa-a-comida-mais-cara-no-prato-do-nordestino\/\" \/>\n<meta property=\"og:locale\" content=\"pt_BR\" \/>\n<meta property=\"og:type\" content=\"article\" \/>\n<meta property=\"og:title\" content=\"Peso da infla\u00e7\u00e3o deixa a comida mais cara no prato do nordestino - Notibras\" \/>\n<meta property=\"og:description\" content=\"Em 2026, um problema cotidiano tem ganhado cada vez mais espa\u00e7o nas conversas das fam\u00edlias nordestinas: o aumento constante no pre\u00e7o dos alimentos b\u00e1sicos. Itens como arroz, feij\u00e3o, \u00f3leo e carne t\u00eam sofrido varia\u00e7\u00f5es frequentes, afetando principalmente quem vive com renda mais baixa. Em feiras livres e mercados, consumidores j\u00e1 mudaram h\u00e1bitos. Muitos est\u00e3o comprando [&hellip;]\" \/>\n<meta property=\"og:url\" content=\"https:\/\/www.notibras.com\/site\/peso-da-inflacao-deixa-a-comida-mais-cara-no-prato-do-nordestino\/\" \/>\n<meta property=\"og:site_name\" content=\"Notibras\" \/>\n<meta property=\"article:publisher\" content=\"https:\/\/www.facebook.com\/notibras\/\" \/>\n<meta property=\"article:published_time\" content=\"2026-04-27T04:05:30+00:00\" \/>\n<meta property=\"article:modified_time\" content=\"2026-04-27T04:35:26+00:00\" \/>\n<meta property=\"og:image\" content=\"https:\/\/www.notibras.com\/site\/wp-content\/uploads\/2026\/04\/d05bd6f3-29b6-4466-8467-3c2729723631.jpg\" \/>\n\t<meta property=\"og:image:width\" content=\"1536\" \/>\n\t<meta property=\"og:image:height\" content=\"1024\" \/>\n\t<meta property=\"og:image:type\" content=\"image\/jpeg\" \/>\n<meta name=\"author\" content=\"Reda\u00e7\u00e3o\" \/>\n<meta name=\"twitter:card\" content=\"summary_large_image\" \/>\n<meta name=\"twitter:creator\" content=\"@Notibras\" \/>\n<meta name=\"twitter:site\" content=\"@Notibras\" \/>\n<meta name=\"twitter:label1\" content=\"Escrito por\" \/>\n\t<meta name=\"twitter:data1\" content=\"Reda\u00e7\u00e3o\" \/>\n\t<meta name=\"twitter:label2\" content=\"Est. tempo de leitura\" \/>\n\t<meta name=\"twitter:data2\" content=\"2 minutos\" \/>\n<script type=\"application\/ld+json\" class=\"yoast-schema-graph\">{\"@context\":\"https:\/\/schema.org\",\"@graph\":[{\"@type\":\"Article\",\"@id\":\"https:\/\/www.notibras.com\/site\/peso-da-inflacao-deixa-a-comida-mais-cara-no-prato-do-nordestino\/#article\",\"isPartOf\":{\"@id\":\"https:\/\/www.notibras.com\/site\/peso-da-inflacao-deixa-a-comida-mais-cara-no-prato-do-nordestino\/\"},\"author\":{\"name\":\"Reda\u00e7\u00e3o\",\"@id\":\"https:\/\/www.notibras.com\/site\/#\/schema\/person\/36ab0979449956132d3e5b517ea76ac8\"},\"headline\":\"Peso da infla\u00e7\u00e3o deixa a comida mais cara no prato do nordestino\",\"datePublished\":\"2026-04-27T04:05:30+00:00\",\"dateModified\":\"2026-04-27T04:35:26+00:00\",\"mainEntityOfPage\":{\"@id\":\"https:\/\/www.notibras.com\/site\/peso-da-inflacao-deixa-a-comida-mais-cara-no-prato-do-nordestino\/\"},\"wordCount\":220,\"publisher\":{\"@id\":\"https:\/\/www.notibras.com\/site\/#organization\"},\"image\":{\"@id\":\"https:\/\/www.notibras.com\/site\/peso-da-inflacao-deixa-a-comida-mais-cara-no-prato-do-nordestino\/#primaryimage\"},\"thumbnailUrl\":\"https:\/\/www.notibras.com\/site\/wp-content\/uploads\/2026\/04\/d05bd6f3-29b6-4466-8467-3c2729723631.jpg\",\"articleSection\":[\"Nordeste\"],\"inLanguage\":\"pt-BR\"},{\"@type\":\"WebPage\",\"@id\":\"https:\/\/www.notibras.com\/site\/peso-da-inflacao-deixa-a-comida-mais-cara-no-prato-do-nordestino\/\",\"url\":\"https:\/\/www.notibras.com\/site\/peso-da-inflacao-deixa-a-comida-mais-cara-no-prato-do-nordestino\/\",\"name\":\"Peso da infla\u00e7\u00e3o deixa a comida mais cara no prato do nordestino - Notibras\",\"isPartOf\":{\"@id\":\"https:\/\/www.notibras.com\/site\/#website\"},\"primaryImageOfPage\":{\"@id\":\"https:\/\/www.notibras.com\/site\/peso-da-inflacao-deixa-a-comida-mais-cara-no-prato-do-nordestino\/#primaryimage\"},\"image\":{\"@id\":\"https:\/\/www.notibras.com\/site\/peso-da-inflacao-deixa-a-comida-mais-cara-no-prato-do-nordestino\/#primaryimage\"},\"thumbnailUrl\":\"https:\/\/www.notibras.com\/site\/wp-content\/uploads\/2026\/04\/d05bd6f3-29b6-4466-8467-3c2729723631.jpg\",\"datePublished\":\"2026-04-27T04:05:30+00:00\",\"dateModified\":\"2026-04-27T04:35:26+00:00\",\"breadcrumb\":{\"@id\":\"https:\/\/www.notibras.com\/site\/peso-da-inflacao-deixa-a-comida-mais-cara-no-prato-do-nordestino\/#breadcrumb\"},\"inLanguage\":\"pt-BR\",\"potentialAction\":[{\"@type\":\"ReadAction\",\"target\":[\"https:\/\/www.notibras.com\/site\/peso-da-inflacao-deixa-a-comida-mais-cara-no-prato-do-nordestino\/\"]}]},{\"@type\":\"ImageObject\",\"inLanguage\":\"pt-BR\",\"@id\":\"https:\/\/www.notibras.com\/site\/peso-da-inflacao-deixa-a-comida-mais-cara-no-prato-do-nordestino\/#primaryimage\",\"url\":\"https:\/\/www.notibras.com\/site\/wp-content\/uploads\/2026\/04\/d05bd6f3-29b6-4466-8467-3c2729723631.jpg\",\"contentUrl\":\"https:\/\/www.notibras.com\/site\/wp-content\/uploads\/2026\/04\/d05bd6f3-29b6-4466-8467-3c2729723631.jpg\",\"width\":1536,\"height\":1024},{\"@type\":\"BreadcrumbList\",\"@id\":\"https:\/\/www.notibras.com\/site\/peso-da-inflacao-deixa-a-comida-mais-cara-no-prato-do-nordestino\/#breadcrumb\",\"itemListElement\":[{\"@type\":\"ListItem\",\"position\":1,\"name\":\"In\u00edcio\",\"item\":\"https:\/\/www.notibras.com\/site\/\"},{\"@type\":\"ListItem\",\"position\":2,\"name\":\"Peso da infla\u00e7\u00e3o deixa a comida mais cara no prato do nordestino\"}]},{\"@type\":\"WebSite\",\"@id\":\"https:\/\/www.notibras.com\/site\/#website\",\"url\":\"https:\/\/www.notibras.com\/site\/\",\"name\":\"Notibras\",\"description\":\"Not\u00edcias de Bras\u00edlia, do Brasil e do Mundo\",\"publisher\":{\"@id\":\"https:\/\/www.notibras.com\/site\/#organization\"},\"potentialAction\":[{\"@type\":\"SearchAction\",\"target\":{\"@type\":\"EntryPoint\",\"urlTemplate\":\"https:\/\/www.notibras.com\/site\/?s={search_term_string}\"},\"query-input\":{\"@type\":\"PropertyValueSpecification\",\"valueRequired\":true,\"valueName\":\"search_term_string\"}}],\"inLanguage\":\"pt-BR\"},{\"@type\":\"Organization\",\"@id\":\"https:\/\/www.notibras.com\/site\/#organization\",\"name\":\"Grupo Notibras de Comunica\u00e7\u00e3o\",\"url\":\"https:\/\/www.notibras.com\/site\/\",\"logo\":{\"@type\":\"ImageObject\",\"inLanguage\":\"pt-BR\",\"@id\":\"https:\/\/www.notibras.com\/site\/#\/schema\/logo\/image\/\",\"url\":\"https:\/\/www.notibras.com\/site\/wp-content\/uploads\/2023\/01\/notibras23.png\",\"contentUrl\":\"https:\/\/www.notibras.com\/site\/wp-content\/uploads\/2023\/01\/notibras23.png\",\"width\":350,\"height\":87,\"caption\":\"Grupo Notibras de Comunica\u00e7\u00e3o\"},\"image\":{\"@id\":\"https:\/\/www.notibras.com\/site\/#\/schema\/logo\/image\/\"},\"sameAs\":[\"https:\/\/www.facebook.com\/notibras\/\",\"https:\/\/x.com\/Notibras\",\"https:\/\/www.instagram.com\/notibras\/\"]},{\"@type\":\"Person\",\"@id\":\"https:\/\/www.notibras.com\/site\/#\/schema\/person\/36ab0979449956132d3e5b517ea76ac8\",\"name\":\"Reda\u00e7\u00e3o\",\"image\":{\"@type\":\"ImageObject\",\"inLanguage\":\"pt-BR\",\"@id\":\"https:\/\/secure.gravatar.com\/avatar\/e0a867bdedb85fd243eadf09663511f96fc81e0720a4a42581f334ad4303aa6b?s=96&d=mm&r=g\",\"url\":\"https:\/\/secure.gravatar.com\/avatar\/e0a867bdedb85fd243eadf09663511f96fc81e0720a4a42581f334ad4303aa6b?s=96&d=mm&r=g\",\"contentUrl\":\"https:\/\/secure.gravatar.com\/avatar\/e0a867bdedb85fd243eadf09663511f96fc81e0720a4a42581f334ad4303aa6b?s=96&d=mm&r=g\",\"caption\":\"Reda\u00e7\u00e3o\"}}]}<\/script>\n<!-- \/ Yoast SEO plugin. -->","yoast_head_json":{"title":"Peso da infla\u00e7\u00e3o deixa a comida mais cara no prato do nordestino - Notibras","robots":{"index":"index","follow":"follow","max-snippet":"max-snippet:-1","max-image-preview":"max-image-preview:large","max-video-preview":"max-video-preview:-1"},"canonical":"https:\/\/www.notibras.com\/site\/peso-da-inflacao-deixa-a-comida-mais-cara-no-prato-do-nordestino\/","og_locale":"pt_BR","og_type":"article","og_title":"Peso da infla\u00e7\u00e3o deixa a comida mais cara no prato do nordestino - Notibras","og_description":"Em 2026, um problema cotidiano tem ganhado cada vez mais espa\u00e7o nas conversas das fam\u00edlias nordestinas: o aumento constante no pre\u00e7o dos alimentos b\u00e1sicos. Itens como arroz, feij\u00e3o, \u00f3leo e carne t\u00eam sofrido varia\u00e7\u00f5es frequentes, afetando principalmente quem vive com renda mais baixa. Em feiras livres e mercados, consumidores j\u00e1 mudaram h\u00e1bitos. Muitos est\u00e3o comprando [&hellip;]","og_url":"https:\/\/www.notibras.com\/site\/peso-da-inflacao-deixa-a-comida-mais-cara-no-prato-do-nordestino\/","og_site_name":"Notibras","article_publisher":"https:\/\/www.facebook.com\/notibras\/","article_published_time":"2026-04-27T04:05:30+00:00","article_modified_time":"2026-04-27T04:35:26+00:00","og_image":[{"width":1536,"height":1024,"url":"https:\/\/www.notibras.com\/site\/wp-content\/uploads\/2026\/04\/d05bd6f3-29b6-4466-8467-3c2729723631.jpg","type":"image\/jpeg"}],"author":"Reda\u00e7\u00e3o","twitter_card":"summary_large_image","twitter_creator":"@Notibras","twitter_site":"@Notibras","twitter_misc":{"Escrito por":"Reda\u00e7\u00e3o","Est. tempo de leitura":"2 minutos"},"schema":{"@context":"https:\/\/schema.org","@graph":[{"@type":"Article","@id":"https:\/\/www.notibras.com\/site\/peso-da-inflacao-deixa-a-comida-mais-cara-no-prato-do-nordestino\/#article","isPartOf":{"@id":"https:\/\/www.notibras.com\/site\/peso-da-inflacao-deixa-a-comida-mais-cara-no-prato-do-nordestino\/"},"author":{"name":"Reda\u00e7\u00e3o","@id":"https:\/\/www.notibras.com\/site\/#\/schema\/person\/36ab0979449956132d3e5b517ea76ac8"},"headline":"Peso da infla\u00e7\u00e3o deixa a comida mais cara no prato do nordestino","datePublished":"2026-04-27T04:05:30+00:00","dateModified":"2026-04-27T04:35:26+00:00","mainEntityOfPage":{"@id":"https:\/\/www.notibras.com\/site\/peso-da-inflacao-deixa-a-comida-mais-cara-no-prato-do-nordestino\/"},"wordCount":220,"publisher":{"@id":"https:\/\/www.notibras.com\/site\/#organization"},"image":{"@id":"https:\/\/www.notibras.com\/site\/peso-da-inflacao-deixa-a-comida-mais-cara-no-prato-do-nordestino\/#primaryimage"},"thumbnailUrl":"https:\/\/www.notibras.com\/site\/wp-content\/uploads\/2026\/04\/d05bd6f3-29b6-4466-8467-3c2729723631.jpg","articleSection":["Nordeste"],"inLanguage":"pt-BR"},{"@type":"WebPage","@id":"https:\/\/www.notibras.com\/site\/peso-da-inflacao-deixa-a-comida-mais-cara-no-prato-do-nordestino\/","url":"https:\/\/www.notibras.com\/site\/peso-da-inflacao-deixa-a-comida-mais-cara-no-prato-do-nordestino\/","name":"Peso da infla\u00e7\u00e3o deixa a comida mais cara no prato do nordestino - Notibras","isPartOf":{"@id":"https:\/\/www.notibras.com\/site\/#website"},"primaryImageOfPage":{"@id":"https:\/\/www.notibras.com\/site\/peso-da-inflacao-deixa-a-comida-mais-cara-no-prato-do-nordestino\/#primaryimage"},"image":{"@id":"https:\/\/www.notibras.com\/site\/peso-da-inflacao-deixa-a-comida-mais-cara-no-prato-do-nordestino\/#primaryimage"},"thumbnailUrl":"https:\/\/www.notibras.com\/site\/wp-content\/uploads\/2026\/04\/d05bd6f3-29b6-4466-8467-3c2729723631.jpg","datePublished":"2026-04-27T04:05:30+00:00","dateModified":"2026-04-27T04:35:26+00:00","breadcrumb":{"@id":"https:\/\/www.notibras.com\/site\/peso-da-inflacao-deixa-a-comida-mais-cara-no-prato-do-nordestino\/#breadcrumb"},"inLanguage":"pt-BR","potentialAction":[{"@type":"ReadAction","target":["https:\/\/www.notibras.com\/site\/peso-da-inflacao-deixa-a-comida-mais-cara-no-prato-do-nordestino\/"]}]},{"@type":"ImageObject","inLanguage":"pt-BR","@id":"https:\/\/www.notibras.com\/site\/peso-da-inflacao-deixa-a-comida-mais-cara-no-prato-do-nordestino\/#primaryimage","url":"https:\/\/www.notibras.com\/site\/wp-content\/uploads\/2026\/04\/d05bd6f3-29b6-4466-8467-3c2729723631.jpg","contentUrl":"https:\/\/www.notibras.com\/site\/wp-content\/uploads\/2026\/04\/d05bd6f3-29b6-4466-8467-3c2729723631.jpg","width":1536,"height":1024},{"@type":"BreadcrumbList","@id":"https:\/\/www.notibras.com\/site\/peso-da-inflacao-deixa-a-comida-mais-cara-no-prato-do-nordestino\/#breadcrumb","itemListElement":[{"@type":"ListItem","position":1,"name":"In\u00edcio","item":"https:\/\/www.notibras.com\/site\/"},{"@type":"ListItem","position":2,"name":"Peso da infla\u00e7\u00e3o deixa a comida mais cara no prato do nordestino"}]},{"@type":"WebSite","@id":"https:\/\/www.notibras.com\/site\/#website","url":"https:\/\/www.notibras.com\/site\/","name":"Notibras","description":"Not\u00edcias de Bras\u00edlia, do Brasil e do Mundo","publisher":{"@id":"https:\/\/www.notibras.com\/site\/#organization"},"potentialAction":[{"@type":"SearchAction","target":{"@type":"EntryPoint","urlTemplate":"https:\/\/www.notibras.com\/site\/?s={search_term_string}"},"query-input":{"@type":"PropertyValueSpecification","valueRequired":true,"valueName":"search_term_string"}}],"inLanguage":"pt-BR"},{"@type":"Organization","@id":"https:\/\/www.notibras.com\/site\/#organization","name":"Grupo Notibras de Comunica\u00e7\u00e3o","url":"https:\/\/www.notibras.com\/site\/","logo":{"@type":"ImageObject","inLanguage":"pt-BR","@id":"https:\/\/www.notibras.com\/site\/#\/schema\/logo\/image\/","url":"https:\/\/www.notibras.com\/site\/wp-content\/uploads\/2023\/01\/notibras23.png","contentUrl":"https:\/\/www.notibras.com\/site\/wp-content\/uploads\/2023\/01\/notibras23.png","width":350,"height":87,"caption":"Grupo Notibras de Comunica\u00e7\u00e3o"},"image":{"@id":"https:\/\/www.notibras.com\/site\/#\/schema\/logo\/image\/"},"sameAs":["https:\/\/www.facebook.com\/notibras\/","https:\/\/x.com\/Notibras","https:\/\/www.instagram.com\/notibras\/"]},{"@type":"Person","@id":"https:\/\/www.notibras.com\/site\/#\/schema\/person\/36ab0979449956132d3e5b517ea76ac8","name":"Reda\u00e7\u00e3o","image":{"@type":"ImageObject","inLanguage":"pt-BR","@id":"https:\/\/secure.gravatar.com\/avatar\/e0a867bdedb85fd243eadf09663511f96fc81e0720a4a42581f334ad4303aa6b?s=96&d=mm&r=g","url":"https:\/\/secure.gravatar.com\/avatar\/e0a867bdedb85fd243eadf09663511f96fc81e0720a4a42581f334ad4303aa6b?s=96&d=mm&r=g","contentUrl":"https:\/\/secure.gravatar.com\/avatar\/e0a867bdedb85fd243eadf09663511f96fc81e0720a4a42581f334ad4303aa6b?s=96&d=mm&r=g","caption":"Reda\u00e7\u00e3o"}}]}},"amp_enabled":true,"_links":{"self":[{"href":"https:\/\/www.notibras.com\/site\/wp-json\/wp\/v2\/posts\/392651","targetHints":{"allow":["GET"]}}],"collection":[{"href":"https:\/\/www.notibras.com\/site\/wp-json\/wp\/v2\/posts"}],"about":[{"href":"https:\/\/www.notibras.com\/site\/wp-json\/wp\/v2\/types\/post"}],"author":[{"embeddable":true,"href":"https:\/\/www.notibras.com\/site\/wp-json\/wp\/v2\/users\/2"}],"replies":[{"embeddable":true,"href":"https:\/\/www.notibras.com\/site\/wp-json\/wp\/v2\/comments?post=392651"}],"version-history":[{"count":2,"href":"https:\/\/www.notibras.com\/site\/wp-json\/wp\/v2\/posts\/392651\/revisions"}],"predecessor-version":[{"id":392660,"href":"https:\/\/www.notibras.com\/site\/wp-json\/wp\/v2\/posts\/392651\/revisions\/392660"}],"wp:featuredmedia":[{"embeddable":true,"href":"https:\/\/www.notibras.com\/site\/wp-json\/wp\/v2\/media\/392652"}],"wp:attachment":[{"href":"https:\/\/www.notibras.com\/site\/wp-json\/wp\/v2\/media?parent=392651"}],"wp:term":[{"taxonomy":"category","embeddable":true,"href":"https:\/\/www.notibras.com\/site\/wp-json\/wp\/v2\/categories?post=392651"},{"taxonomy":"post_tag","embeddable":true,"href":"https:\/\/www.notibras.com\/site\/wp-json\/wp\/v2\/tags?post=392651"}],"curies":[{"name":"wp","href":"https:\/\/api.w.org\/{rel}","templated":true}]}}