{"id":392657,"date":"2026-04-27T00:31:32","date_gmt":"2026-04-27T03:31:32","guid":{"rendered":"https:\/\/www.notibras.com\/site\/?p=392657"},"modified":"2026-04-27T01:33:47","modified_gmt":"2026-04-27T04:33:47","slug":"aumento-do-uso-de-agrotoxicos-preocupa-areas-de-saude-e-meio-ambiente","status":"publish","type":"post","link":"https:\/\/www.notibras.com\/site\/aumento-do-uso-de-agrotoxicos-preocupa-areas-de-saude-e-meio-ambiente\/","title":{"rendered":"Aumento do uso de agrot\u00f3xicos preocupa \u00e1reas de sa\u00fade e meio ambiente"},"content":{"rendered":"<p>Um problema silencioso tem avan\u00e7ado em \u00e1reas rurais do Nordeste e acende um sinal de alerta: o uso crescente de agrot\u00f3xicos. Embora esses produtos sejam utilizados para aumentar a produtividade agr\u00edcola, especialistas apontam que o uso inadequado e, muitas vezes, sem fiscaliza\u00e7\u00e3o rigorosa pode trazer riscos s\u00e9rios \u00e0 sa\u00fade e ao meio ambiente.<\/p>\n<p>Em comunidades agr\u00edcolas, moradores relatam sintomas como dores de cabe\u00e7a frequentes, irrita\u00e7\u00f5es na pele e problemas respirat\u00f3rios, que podem estar ligados \u00e0 exposi\u00e7\u00e3o cont\u00ednua a essas subst\u00e2ncias. Em alguns casos, a pulveriza\u00e7\u00e3o ocorre pr\u00f3xima a resid\u00eancias e fontes de \u00e1gua, ampliando o risco de contamina\u00e7\u00e3o.<\/p>\n<p>Al\u00e9m dos impactos na sa\u00fade humana, o meio ambiente tamb\u00e9m sofre. O uso excessivo pode contaminar o solo, atingir rios e afetar animais, comprometendo ecossistemas inteiros. A longo prazo, isso pode reduzir a qualidade da terra e dificultar a pr\u00f3pria produ\u00e7\u00e3o agr\u00edcola.<\/p>\n<p>Outro ponto preocupante \u00e9 a falta de informa\u00e7\u00e3o. Muitos trabalhadores rurais n\u00e3o recebem orienta\u00e7\u00e3o adequada sobre o uso seguro desses produtos, o que aumenta ainda mais os riscos.<\/p>\n<p>Especialistas defendem maior fiscaliza\u00e7\u00e3o, pol\u00edticas p\u00fablicas mais r\u00edgidas e incentivo a pr\u00e1ticas agr\u00edcolas sustent\u00e1veis, como a agroecologia, que reduz a depend\u00eancia de qu\u00edmicos.<\/p>\n<p>O aumento do uso de agrot\u00f3xicos pode trazer consequ\u00eancias que v\u00e3o al\u00e9m da lavoura, atingindo diretamente a sa\u00fade das pessoas e o futuro do meio ambiente no Nordeste.<\/p>\n","protected":false},"excerpt":{"rendered":"<p>Um problema silencioso tem avan\u00e7ado em \u00e1reas rurais do Nordeste e acende um sinal de alerta: o uso crescente de agrot\u00f3xicos. Embora esses produtos sejam utilizados para aumentar a produtividade agr\u00edcola, especialistas apontam que o uso inadequado e, muitas vezes, sem fiscaliza\u00e7\u00e3o rigorosa pode trazer riscos s\u00e9rios \u00e0 sa\u00fade e ao meio ambiente. Em comunidades [&hellip;]<\/p>\n","protected":false},"author":2,"featured_media":392658,"comment_status":"closed","ping_status":"closed","sticky":false,"template":"","format":"standard","meta":{"_acf_changed":false,"footnotes":""},"categories":[165],"tags":[],"class_list":["post-392657","post","type-post","status-publish","format-standard","has-post-thumbnail","hentry","category-nordeste"],"acf":[],"yoast_head":"<!-- This site is optimized with the Yoast SEO plugin v27.2 - https:\/\/yoast.com\/product\/yoast-seo-wordpress\/ -->\n<title>Aumento do uso de agrot\u00f3xicos preocupa \u00e1reas de sa\u00fade e meio ambiente - Notibras<\/title>\n<meta name=\"robots\" content=\"index, follow, max-snippet:-1, max-image-preview:large, max-video-preview:-1\" \/>\n<link rel=\"canonical\" href=\"https:\/\/www.notibras.com\/site\/aumento-do-uso-de-agrotoxicos-preocupa-areas-de-saude-e-meio-ambiente\/\" \/>\n<meta property=\"og:locale\" content=\"pt_BR\" \/>\n<meta property=\"og:type\" content=\"article\" \/>\n<meta property=\"og:title\" content=\"Aumento do uso de agrot\u00f3xicos preocupa \u00e1reas de sa\u00fade e meio ambiente - Notibras\" \/>\n<meta property=\"og:description\" content=\"Um problema silencioso tem avan\u00e7ado em \u00e1reas rurais do Nordeste e acende um sinal de alerta: o uso crescente de agrot\u00f3xicos. Embora esses produtos sejam utilizados para aumentar a produtividade agr\u00edcola, especialistas apontam que o uso inadequado e, muitas vezes, sem fiscaliza\u00e7\u00e3o rigorosa pode trazer riscos s\u00e9rios \u00e0 sa\u00fade e ao meio ambiente. Em comunidades [&hellip;]\" \/>\n<meta property=\"og:url\" content=\"https:\/\/www.notibras.com\/site\/aumento-do-uso-de-agrotoxicos-preocupa-areas-de-saude-e-meio-ambiente\/\" \/>\n<meta property=\"og:site_name\" content=\"Notibras\" \/>\n<meta property=\"article:publisher\" content=\"https:\/\/www.facebook.com\/notibras\/\" \/>\n<meta property=\"article:published_time\" content=\"2026-04-27T03:31:32+00:00\" \/>\n<meta property=\"article:modified_time\" content=\"2026-04-27T04:33:47+00:00\" \/>\n<meta property=\"og:image\" content=\"https:\/\/www.notibras.com\/site\/wp-content\/uploads\/2026\/04\/9ae3cc3d-2fbf-482e-bf70-59db9d573d8e.jpg\" \/>\n\t<meta property=\"og:image:width\" content=\"1536\" \/>\n\t<meta property=\"og:image:height\" content=\"1024\" \/>\n\t<meta property=\"og:image:type\" content=\"image\/jpeg\" \/>\n<meta name=\"author\" content=\"Reda\u00e7\u00e3o\" \/>\n<meta name=\"twitter:card\" content=\"summary_large_image\" \/>\n<meta name=\"twitter:creator\" content=\"@Notibras\" \/>\n<meta name=\"twitter:site\" content=\"@Notibras\" \/>\n<meta name=\"twitter:label1\" content=\"Escrito por\" \/>\n\t<meta name=\"twitter:data1\" content=\"Reda\u00e7\u00e3o\" \/>\n\t<meta name=\"twitter:label2\" content=\"Est. tempo de leitura\" \/>\n\t<meta name=\"twitter:data2\" content=\"2 minutos\" \/>\n<script type=\"application\/ld+json\" class=\"yoast-schema-graph\">{\"@context\":\"https:\/\/schema.org\",\"@graph\":[{\"@type\":\"Article\",\"@id\":\"https:\/\/www.notibras.com\/site\/aumento-do-uso-de-agrotoxicos-preocupa-areas-de-saude-e-meio-ambiente\/#article\",\"isPartOf\":{\"@id\":\"https:\/\/www.notibras.com\/site\/aumento-do-uso-de-agrotoxicos-preocupa-areas-de-saude-e-meio-ambiente\/\"},\"author\":{\"name\":\"Reda\u00e7\u00e3o\",\"@id\":\"https:\/\/www.notibras.com\/site\/#\/schema\/person\/36ab0979449956132d3e5b517ea76ac8\"},\"headline\":\"Aumento do uso de agrot\u00f3xicos preocupa \u00e1reas de sa\u00fade e meio ambiente\",\"datePublished\":\"2026-04-27T03:31:32+00:00\",\"dateModified\":\"2026-04-27T04:33:47+00:00\",\"mainEntityOfPage\":{\"@id\":\"https:\/\/www.notibras.com\/site\/aumento-do-uso-de-agrotoxicos-preocupa-areas-de-saude-e-meio-ambiente\/\"},\"wordCount\":270,\"publisher\":{\"@id\":\"https:\/\/www.notibras.com\/site\/#organization\"},\"image\":{\"@id\":\"https:\/\/www.notibras.com\/site\/aumento-do-uso-de-agrotoxicos-preocupa-areas-de-saude-e-meio-ambiente\/#primaryimage\"},\"thumbnailUrl\":\"https:\/\/www.notibras.com\/site\/wp-content\/uploads\/2026\/04\/9ae3cc3d-2fbf-482e-bf70-59db9d573d8e.jpg\",\"articleSection\":[\"Nordeste\"],\"inLanguage\":\"pt-BR\"},{\"@type\":\"WebPage\",\"@id\":\"https:\/\/www.notibras.com\/site\/aumento-do-uso-de-agrotoxicos-preocupa-areas-de-saude-e-meio-ambiente\/\",\"url\":\"https:\/\/www.notibras.com\/site\/aumento-do-uso-de-agrotoxicos-preocupa-areas-de-saude-e-meio-ambiente\/\",\"name\":\"Aumento do uso de agrot\u00f3xicos preocupa \u00e1reas de sa\u00fade e meio ambiente - Notibras\",\"isPartOf\":{\"@id\":\"https:\/\/www.notibras.com\/site\/#website\"},\"primaryImageOfPage\":{\"@id\":\"https:\/\/www.notibras.com\/site\/aumento-do-uso-de-agrotoxicos-preocupa-areas-de-saude-e-meio-ambiente\/#primaryimage\"},\"image\":{\"@id\":\"https:\/\/www.notibras.com\/site\/aumento-do-uso-de-agrotoxicos-preocupa-areas-de-saude-e-meio-ambiente\/#primaryimage\"},\"thumbnailUrl\":\"https:\/\/www.notibras.com\/site\/wp-content\/uploads\/2026\/04\/9ae3cc3d-2fbf-482e-bf70-59db9d573d8e.jpg\",\"datePublished\":\"2026-04-27T03:31:32+00:00\",\"dateModified\":\"2026-04-27T04:33:47+00:00\",\"breadcrumb\":{\"@id\":\"https:\/\/www.notibras.com\/site\/aumento-do-uso-de-agrotoxicos-preocupa-areas-de-saude-e-meio-ambiente\/#breadcrumb\"},\"inLanguage\":\"pt-BR\",\"potentialAction\":[{\"@type\":\"ReadAction\",\"target\":[\"https:\/\/www.notibras.com\/site\/aumento-do-uso-de-agrotoxicos-preocupa-areas-de-saude-e-meio-ambiente\/\"]}]},{\"@type\":\"ImageObject\",\"inLanguage\":\"pt-BR\",\"@id\":\"https:\/\/www.notibras.com\/site\/aumento-do-uso-de-agrotoxicos-preocupa-areas-de-saude-e-meio-ambiente\/#primaryimage\",\"url\":\"https:\/\/www.notibras.com\/site\/wp-content\/uploads\/2026\/04\/9ae3cc3d-2fbf-482e-bf70-59db9d573d8e.jpg\",\"contentUrl\":\"https:\/\/www.notibras.com\/site\/wp-content\/uploads\/2026\/04\/9ae3cc3d-2fbf-482e-bf70-59db9d573d8e.jpg\",\"width\":1536,\"height\":1024},{\"@type\":\"BreadcrumbList\",\"@id\":\"https:\/\/www.notibras.com\/site\/aumento-do-uso-de-agrotoxicos-preocupa-areas-de-saude-e-meio-ambiente\/#breadcrumb\",\"itemListElement\":[{\"@type\":\"ListItem\",\"position\":1,\"name\":\"In\u00edcio\",\"item\":\"https:\/\/www.notibras.com\/site\/\"},{\"@type\":\"ListItem\",\"position\":2,\"name\":\"Aumento do uso de agrot\u00f3xicos preocupa \u00e1reas de sa\u00fade e meio ambiente\"}]},{\"@type\":\"WebSite\",\"@id\":\"https:\/\/www.notibras.com\/site\/#website\",\"url\":\"https:\/\/www.notibras.com\/site\/\",\"name\":\"Notibras\",\"description\":\"Not\u00edcias de Bras\u00edlia, do Brasil e do Mundo\",\"publisher\":{\"@id\":\"https:\/\/www.notibras.com\/site\/#organization\"},\"potentialAction\":[{\"@type\":\"SearchAction\",\"target\":{\"@type\":\"EntryPoint\",\"urlTemplate\":\"https:\/\/www.notibras.com\/site\/?s={search_term_string}\"},\"query-input\":{\"@type\":\"PropertyValueSpecification\",\"valueRequired\":true,\"valueName\":\"search_term_string\"}}],\"inLanguage\":\"pt-BR\"},{\"@type\":\"Organization\",\"@id\":\"https:\/\/www.notibras.com\/site\/#organization\",\"name\":\"Grupo Notibras de Comunica\u00e7\u00e3o\",\"url\":\"https:\/\/www.notibras.com\/site\/\",\"logo\":{\"@type\":\"ImageObject\",\"inLanguage\":\"pt-BR\",\"@id\":\"https:\/\/www.notibras.com\/site\/#\/schema\/logo\/image\/\",\"url\":\"https:\/\/www.notibras.com\/site\/wp-content\/uploads\/2023\/01\/notibras23.png\",\"contentUrl\":\"https:\/\/www.notibras.com\/site\/wp-content\/uploads\/2023\/01\/notibras23.png\",\"width\":350,\"height\":87,\"caption\":\"Grupo Notibras de Comunica\u00e7\u00e3o\"},\"image\":{\"@id\":\"https:\/\/www.notibras.com\/site\/#\/schema\/logo\/image\/\"},\"sameAs\":[\"https:\/\/www.facebook.com\/notibras\/\",\"https:\/\/x.com\/Notibras\",\"https:\/\/www.instagram.com\/notibras\/\"]},{\"@type\":\"Person\",\"@id\":\"https:\/\/www.notibras.com\/site\/#\/schema\/person\/36ab0979449956132d3e5b517ea76ac8\",\"name\":\"Reda\u00e7\u00e3o\",\"image\":{\"@type\":\"ImageObject\",\"inLanguage\":\"pt-BR\",\"@id\":\"https:\/\/secure.gravatar.com\/avatar\/e0a867bdedb85fd243eadf09663511f96fc81e0720a4a42581f334ad4303aa6b?s=96&d=mm&r=g\",\"url\":\"https:\/\/secure.gravatar.com\/avatar\/e0a867bdedb85fd243eadf09663511f96fc81e0720a4a42581f334ad4303aa6b?s=96&d=mm&r=g\",\"contentUrl\":\"https:\/\/secure.gravatar.com\/avatar\/e0a867bdedb85fd243eadf09663511f96fc81e0720a4a42581f334ad4303aa6b?s=96&d=mm&r=g\",\"caption\":\"Reda\u00e7\u00e3o\"}}]}<\/script>\n<!-- \/ Yoast SEO plugin. -->","yoast_head_json":{"title":"Aumento do uso de agrot\u00f3xicos preocupa \u00e1reas de sa\u00fade e meio ambiente - Notibras","robots":{"index":"index","follow":"follow","max-snippet":"max-snippet:-1","max-image-preview":"max-image-preview:large","max-video-preview":"max-video-preview:-1"},"canonical":"https:\/\/www.notibras.com\/site\/aumento-do-uso-de-agrotoxicos-preocupa-areas-de-saude-e-meio-ambiente\/","og_locale":"pt_BR","og_type":"article","og_title":"Aumento do uso de agrot\u00f3xicos preocupa \u00e1reas de sa\u00fade e meio ambiente - Notibras","og_description":"Um problema silencioso tem avan\u00e7ado em \u00e1reas rurais do Nordeste e acende um sinal de alerta: o uso crescente de agrot\u00f3xicos. Embora esses produtos sejam utilizados para aumentar a produtividade agr\u00edcola, especialistas apontam que o uso inadequado e, muitas vezes, sem fiscaliza\u00e7\u00e3o rigorosa pode trazer riscos s\u00e9rios \u00e0 sa\u00fade e ao meio ambiente. Em comunidades [&hellip;]","og_url":"https:\/\/www.notibras.com\/site\/aumento-do-uso-de-agrotoxicos-preocupa-areas-de-saude-e-meio-ambiente\/","og_site_name":"Notibras","article_publisher":"https:\/\/www.facebook.com\/notibras\/","article_published_time":"2026-04-27T03:31:32+00:00","article_modified_time":"2026-04-27T04:33:47+00:00","og_image":[{"width":1536,"height":1024,"url":"https:\/\/www.notibras.com\/site\/wp-content\/uploads\/2026\/04\/9ae3cc3d-2fbf-482e-bf70-59db9d573d8e.jpg","type":"image\/jpeg"}],"author":"Reda\u00e7\u00e3o","twitter_card":"summary_large_image","twitter_creator":"@Notibras","twitter_site":"@Notibras","twitter_misc":{"Escrito por":"Reda\u00e7\u00e3o","Est. tempo de leitura":"2 minutos"},"schema":{"@context":"https:\/\/schema.org","@graph":[{"@type":"Article","@id":"https:\/\/www.notibras.com\/site\/aumento-do-uso-de-agrotoxicos-preocupa-areas-de-saude-e-meio-ambiente\/#article","isPartOf":{"@id":"https:\/\/www.notibras.com\/site\/aumento-do-uso-de-agrotoxicos-preocupa-areas-de-saude-e-meio-ambiente\/"},"author":{"name":"Reda\u00e7\u00e3o","@id":"https:\/\/www.notibras.com\/site\/#\/schema\/person\/36ab0979449956132d3e5b517ea76ac8"},"headline":"Aumento do uso de agrot\u00f3xicos preocupa \u00e1reas de sa\u00fade e meio ambiente","datePublished":"2026-04-27T03:31:32+00:00","dateModified":"2026-04-27T04:33:47+00:00","mainEntityOfPage":{"@id":"https:\/\/www.notibras.com\/site\/aumento-do-uso-de-agrotoxicos-preocupa-areas-de-saude-e-meio-ambiente\/"},"wordCount":270,"publisher":{"@id":"https:\/\/www.notibras.com\/site\/#organization"},"image":{"@id":"https:\/\/www.notibras.com\/site\/aumento-do-uso-de-agrotoxicos-preocupa-areas-de-saude-e-meio-ambiente\/#primaryimage"},"thumbnailUrl":"https:\/\/www.notibras.com\/site\/wp-content\/uploads\/2026\/04\/9ae3cc3d-2fbf-482e-bf70-59db9d573d8e.jpg","articleSection":["Nordeste"],"inLanguage":"pt-BR"},{"@type":"WebPage","@id":"https:\/\/www.notibras.com\/site\/aumento-do-uso-de-agrotoxicos-preocupa-areas-de-saude-e-meio-ambiente\/","url":"https:\/\/www.notibras.com\/site\/aumento-do-uso-de-agrotoxicos-preocupa-areas-de-saude-e-meio-ambiente\/","name":"Aumento do uso de agrot\u00f3xicos preocupa \u00e1reas de sa\u00fade e meio ambiente - Notibras","isPartOf":{"@id":"https:\/\/www.notibras.com\/site\/#website"},"primaryImageOfPage":{"@id":"https:\/\/www.notibras.com\/site\/aumento-do-uso-de-agrotoxicos-preocupa-areas-de-saude-e-meio-ambiente\/#primaryimage"},"image":{"@id":"https:\/\/www.notibras.com\/site\/aumento-do-uso-de-agrotoxicos-preocupa-areas-de-saude-e-meio-ambiente\/#primaryimage"},"thumbnailUrl":"https:\/\/www.notibras.com\/site\/wp-content\/uploads\/2026\/04\/9ae3cc3d-2fbf-482e-bf70-59db9d573d8e.jpg","datePublished":"2026-04-27T03:31:32+00:00","dateModified":"2026-04-27T04:33:47+00:00","breadcrumb":{"@id":"https:\/\/www.notibras.com\/site\/aumento-do-uso-de-agrotoxicos-preocupa-areas-de-saude-e-meio-ambiente\/#breadcrumb"},"inLanguage":"pt-BR","potentialAction":[{"@type":"ReadAction","target":["https:\/\/www.notibras.com\/site\/aumento-do-uso-de-agrotoxicos-preocupa-areas-de-saude-e-meio-ambiente\/"]}]},{"@type":"ImageObject","inLanguage":"pt-BR","@id":"https:\/\/www.notibras.com\/site\/aumento-do-uso-de-agrotoxicos-preocupa-areas-de-saude-e-meio-ambiente\/#primaryimage","url":"https:\/\/www.notibras.com\/site\/wp-content\/uploads\/2026\/04\/9ae3cc3d-2fbf-482e-bf70-59db9d573d8e.jpg","contentUrl":"https:\/\/www.notibras.com\/site\/wp-content\/uploads\/2026\/04\/9ae3cc3d-2fbf-482e-bf70-59db9d573d8e.jpg","width":1536,"height":1024},{"@type":"BreadcrumbList","@id":"https:\/\/www.notibras.com\/site\/aumento-do-uso-de-agrotoxicos-preocupa-areas-de-saude-e-meio-ambiente\/#breadcrumb","itemListElement":[{"@type":"ListItem","position":1,"name":"In\u00edcio","item":"https:\/\/www.notibras.com\/site\/"},{"@type":"ListItem","position":2,"name":"Aumento do uso de agrot\u00f3xicos preocupa \u00e1reas de sa\u00fade e meio ambiente"}]},{"@type":"WebSite","@id":"https:\/\/www.notibras.com\/site\/#website","url":"https:\/\/www.notibras.com\/site\/","name":"Notibras","description":"Not\u00edcias de Bras\u00edlia, do Brasil e do Mundo","publisher":{"@id":"https:\/\/www.notibras.com\/site\/#organization"},"potentialAction":[{"@type":"SearchAction","target":{"@type":"EntryPoint","urlTemplate":"https:\/\/www.notibras.com\/site\/?s={search_term_string}"},"query-input":{"@type":"PropertyValueSpecification","valueRequired":true,"valueName":"search_term_string"}}],"inLanguage":"pt-BR"},{"@type":"Organization","@id":"https:\/\/www.notibras.com\/site\/#organization","name":"Grupo Notibras de Comunica\u00e7\u00e3o","url":"https:\/\/www.notibras.com\/site\/","logo":{"@type":"ImageObject","inLanguage":"pt-BR","@id":"https:\/\/www.notibras.com\/site\/#\/schema\/logo\/image\/","url":"https:\/\/www.notibras.com\/site\/wp-content\/uploads\/2023\/01\/notibras23.png","contentUrl":"https:\/\/www.notibras.com\/site\/wp-content\/uploads\/2023\/01\/notibras23.png","width":350,"height":87,"caption":"Grupo Notibras de Comunica\u00e7\u00e3o"},"image":{"@id":"https:\/\/www.notibras.com\/site\/#\/schema\/logo\/image\/"},"sameAs":["https:\/\/www.facebook.com\/notibras\/","https:\/\/x.com\/Notibras","https:\/\/www.instagram.com\/notibras\/"]},{"@type":"Person","@id":"https:\/\/www.notibras.com\/site\/#\/schema\/person\/36ab0979449956132d3e5b517ea76ac8","name":"Reda\u00e7\u00e3o","image":{"@type":"ImageObject","inLanguage":"pt-BR","@id":"https:\/\/secure.gravatar.com\/avatar\/e0a867bdedb85fd243eadf09663511f96fc81e0720a4a42581f334ad4303aa6b?s=96&d=mm&r=g","url":"https:\/\/secure.gravatar.com\/avatar\/e0a867bdedb85fd243eadf09663511f96fc81e0720a4a42581f334ad4303aa6b?s=96&d=mm&r=g","contentUrl":"https:\/\/secure.gravatar.com\/avatar\/e0a867bdedb85fd243eadf09663511f96fc81e0720a4a42581f334ad4303aa6b?s=96&d=mm&r=g","caption":"Reda\u00e7\u00e3o"}}]}},"amp_enabled":true,"_links":{"self":[{"href":"https:\/\/www.notibras.com\/site\/wp-json\/wp\/v2\/posts\/392657","targetHints":{"allow":["GET"]}}],"collection":[{"href":"https:\/\/www.notibras.com\/site\/wp-json\/wp\/v2\/posts"}],"about":[{"href":"https:\/\/www.notibras.com\/site\/wp-json\/wp\/v2\/types\/post"}],"author":[{"embeddable":true,"href":"https:\/\/www.notibras.com\/site\/wp-json\/wp\/v2\/users\/2"}],"replies":[{"embeddable":true,"href":"https:\/\/www.notibras.com\/site\/wp-json\/wp\/v2\/comments?post=392657"}],"version-history":[{"count":1,"href":"https:\/\/www.notibras.com\/site\/wp-json\/wp\/v2\/posts\/392657\/revisions"}],"predecessor-version":[{"id":392659,"href":"https:\/\/www.notibras.com\/site\/wp-json\/wp\/v2\/posts\/392657\/revisions\/392659"}],"wp:featuredmedia":[{"embeddable":true,"href":"https:\/\/www.notibras.com\/site\/wp-json\/wp\/v2\/media\/392658"}],"wp:attachment":[{"href":"https:\/\/www.notibras.com\/site\/wp-json\/wp\/v2\/media?parent=392657"}],"wp:term":[{"taxonomy":"category","embeddable":true,"href":"https:\/\/www.notibras.com\/site\/wp-json\/wp\/v2\/categories?post=392657"},{"taxonomy":"post_tag","embeddable":true,"href":"https:\/\/www.notibras.com\/site\/wp-json\/wp\/v2\/tags?post=392657"}],"curies":[{"name":"wp","href":"https:\/\/api.w.org\/{rel}","templated":true}]}}