{"id":392661,"date":"2026-04-27T05:53:35","date_gmt":"2026-04-27T08:53:35","guid":{"rendered":"https:\/\/www.notibras.com\/site\/?p=392661"},"modified":"2026-04-27T01:54:39","modified_gmt":"2026-04-27T04:54:39","slug":"em-briga-de-aranhas-o-normal-e-o-peru-ficar-de-fora-e-nao-dar-peruada","status":"publish","type":"post","link":"https:\/\/www.notibras.com\/site\/em-briga-de-aranhas-o-normal-e-o-peru-ficar-de-fora-e-nao-dar-peruada\/","title":{"rendered":"Em briga de aranhas, o normal \u00e9 o peru ficar de fora e n\u00e3o dar peruada"},"content":{"rendered":"<p>Cidad\u00e3o de conceitos e valores adquiridos em d\u00e9cadas passadas, n\u00e3o sou afeito a modismos, tampouco a verdades que, mesmo verdadeiras, tendem a ser desfeitas. Na verdade, tenho medo de deixar de cumprir promessas. Por exemplo, nunca digo que dessa \u00e1gua n\u00e3o beberei. Posso claudicar e perder o respeito junto aos meus seguidores do IFood. Pelo sim, pelo n\u00e3o, fujo do notici\u00e1rio de fofocas envolvendo senhores e senhoras das casas de massagens mais ortodoxas. Prefiro as modernas, embora n\u00e3o saiba para que elas servem. O que n\u00e3o me permito \u00e9 folhear revistas que exploram a op\u00e7\u00e3o sexual dos artistas como se estivessem noticiando algo novo.<\/p>\n<p>\u00c0s vezes, falho em minhas convic\u00e7\u00f5es. Como n\u00e3o sou de ferro, nem sempre cumpro promessas pessoais, do tipo n\u00e3o fa\u00e7o isso porque foge dos meus princ\u00edpios de macho alfa. Dia desses, lendo sorrateiramente uma dessas colunas produzidas para quem tem pouco a fazer, fui informado que 11 entre dez atores, atrizes e cantores, globais ou n\u00e3o, s\u00e3o bipolares na parceria sexual. Piscam a lanterna, mordem o biscoito, mas n\u00e3o deixam de sapecar a pamonha. Tudo simultaneamente e n\u00e3o necessariamente nessa ordem.<\/p>\n<p>N\u00e3o tenho raz\u00e3o alguma para question\u00e1-los. No entanto, confesso que, apesar do novidadeiro interesse pela leitura de assunto t\u00e3o frugal, n\u00e3o penso em me aprofundar na hist\u00f3ria. Melhor continuar no meu catre de recruta e n\u00e3o me aventurar pelos len\u00e7\u00f3is macios do pessoal do reduto. Tudo bem que a Mafalda e o Tonho foram programados para divers\u00e3o alheia. N\u00e3o h\u00e1 regra para o uso, que pode ser incontido, desenfreado e, se preferirem, desembestados. Ali\u00e1s, em se tratando do Tonho, vale refletir que sua senhoria deve ser pensada como as setas dos ve\u00edculos automotores: foram feitas para dar.<\/p>\n<p>Mais do que o fato de os homens estarem se liberando sem preocupa\u00e7\u00e3o com a vizinhan\u00e7a, chama a aten\u00e7\u00e3o o n\u00famero de mulheres afamadas ou difamadas a trocarem a ordem da pestana. Mais uma vez, afirmo que nada tenho contra a colagem de velcros. Pelo contr\u00e1rio. Que ponham as aranhas no ringue e ven\u00e7a a que tiver maior embocadura. Rogo a Deus somente para que n\u00e3o me convoquem como \u00e1rbitro. N\u00e3o me passa pela cabe\u00e7a uma forma menos republicana de meter o bedelho onde n\u00e3o fui chamado. N\u00e3o sei se me entendem, mas em briga de aranhas o peru normalmente fica de fora e n\u00e3o d\u00e1 peruada.<\/p>\n<p>\u00c0 parte as brincadeiras maledicentes e de sentido duplicado, esse tipo de hist\u00f3ria bobicenta me faz lembrar do relato de um amigo mineiro, rec\u00e9m-chegado da buc\u00f3lica cidade de Dom Silv\u00e9rio. Tentando encontrar novos caminhos para a sossegada, mas inc\u00f4moda trajet\u00f3ria de aposentado, o parceiro de emendas e sonetos procurou uma dessas empresas que contratam senhores de meia ou m\u00e1xima idade para est\u00e1gios de primeiro, segundo e terceiro graus. Tudo dentro da maior seriedade e baseado na Consolida\u00e7\u00e3o das Leis do Trabalho. Ou seja, sem libidinagem descompromissada. Enquanto aguardava a convoca\u00e7\u00e3o para o t\u00eate-\u00e0-t\u00eate com a \u00fanica entrevistadora, ouviu todas as entrevistas anteriores.<\/p>\n<p>A maioria dos pretendentes ao cobi\u00e7ado cargo era mulher. A primeira disse ser costureira profissional, mas adora mulher e optou por ser l\u00e9sbica. Engenheira qu\u00edmica, a segunda repetiu o mantra: adoro uma mulher. Por isso, sou l\u00e9sbica. Ambas foram seguidas por todas as demais. Simpl\u00f3rio, ing\u00eanuo e incapaz de imaginar o que seria o modismo do lesbianismo, o mineirinho sentou-se \u00e0 frente da mo\u00e7a que o iria inquirir e, antes que ela perguntasse alguma coisa, foi logo dizendo: Mo\u00e7a, sou pedreiro dos bons e gosto muito de mui\u00e9. Ent\u00e3o, acabo de descobrir que tamb\u00e9m sou l\u00e9sbica. \u00c9 claro que ele perdeu a vaga. Afinal, nem toda verdade pode ser dita em ambientes que a gente n\u00e3o domina.<\/p>\n<p>&#8230;&#8230;&#8230;&#8230;<\/p>\n<p><strong>Wenceslau Ara\u00fajo \u00e9 Editor-Chefe de Notibras<\/strong><\/p>\n","protected":false},"excerpt":{"rendered":"<p>Cidad\u00e3o de conceitos e valores adquiridos em d\u00e9cadas passadas, n\u00e3o sou afeito a modismos, tampouco a verdades que, mesmo verdadeiras, tendem a ser desfeitas. Na verdade, tenho medo de deixar de cumprir promessas. Por exemplo, nunca digo que dessa \u00e1gua n\u00e3o beberei. Posso claudicar e perder o respeito junto aos meus seguidores do IFood. Pelo [&hellip;]<\/p>\n","protected":false},"author":2,"featured_media":392662,"comment_status":"closed","ping_status":"closed","sticky":false,"template":"","format":"standard","meta":{"_acf_changed":false,"footnotes":""},"categories":[236],"tags":[],"class_list":["post-392661","post","type-post","status-publish","format-standard","has-post-thumbnail","hentry","category-ponto-de-vista"],"acf":[],"yoast_head":"<!-- This site is optimized with the Yoast SEO plugin v27.2 - https:\/\/yoast.com\/product\/yoast-seo-wordpress\/ -->\n<title>Em briga de aranhas, o normal \u00e9 o peru ficar de fora e n\u00e3o dar peruada - Notibras<\/title>\n<meta name=\"robots\" content=\"index, follow, max-snippet:-1, max-image-preview:large, max-video-preview:-1\" \/>\n<link rel=\"canonical\" href=\"https:\/\/www.notibras.com\/site\/em-briga-de-aranhas-o-normal-e-o-peru-ficar-de-fora-e-nao-dar-peruada\/\" \/>\n<meta property=\"og:locale\" content=\"pt_BR\" \/>\n<meta property=\"og:type\" content=\"article\" \/>\n<meta property=\"og:title\" content=\"Em briga de aranhas, o normal \u00e9 o peru ficar de fora e n\u00e3o dar peruada - Notibras\" \/>\n<meta property=\"og:description\" content=\"Cidad\u00e3o de conceitos e valores adquiridos em d\u00e9cadas passadas, n\u00e3o sou afeito a modismos, tampouco a verdades que, mesmo verdadeiras, tendem a ser desfeitas. Na verdade, tenho medo de deixar de cumprir promessas. Por exemplo, nunca digo que dessa \u00e1gua n\u00e3o beberei. Posso claudicar e perder o respeito junto aos meus seguidores do IFood. Pelo [&hellip;]\" \/>\n<meta property=\"og:url\" content=\"https:\/\/www.notibras.com\/site\/em-briga-de-aranhas-o-normal-e-o-peru-ficar-de-fora-e-nao-dar-peruada\/\" \/>\n<meta property=\"og:site_name\" content=\"Notibras\" \/>\n<meta property=\"article:publisher\" content=\"https:\/\/www.facebook.com\/notibras\/\" \/>\n<meta property=\"article:published_time\" content=\"2026-04-27T08:53:35+00:00\" \/>\n<meta property=\"og:image\" content=\"https:\/\/www.notibras.com\/site\/wp-content\/uploads\/2026\/04\/32a018f5-3bfb-4e5f-97b1-327e54eeb41b-1024x819.png\" \/>\n\t<meta property=\"og:image:width\" content=\"1024\" \/>\n\t<meta property=\"og:image:height\" content=\"819\" \/>\n\t<meta property=\"og:image:type\" content=\"image\/png\" \/>\n<meta name=\"author\" content=\"Reda\u00e7\u00e3o\" \/>\n<meta name=\"twitter:card\" content=\"summary_large_image\" \/>\n<meta name=\"twitter:creator\" content=\"@Notibras\" \/>\n<meta name=\"twitter:site\" content=\"@Notibras\" \/>\n<meta name=\"twitter:label1\" content=\"Escrito por\" \/>\n\t<meta name=\"twitter:data1\" content=\"Reda\u00e7\u00e3o\" \/>\n\t<meta name=\"twitter:label2\" content=\"Est. tempo de leitura\" \/>\n\t<meta name=\"twitter:data2\" content=\"4 minutos\" \/>\n<script type=\"application\/ld+json\" class=\"yoast-schema-graph\">{\"@context\":\"https:\/\/schema.org\",\"@graph\":[{\"@type\":\"Article\",\"@id\":\"https:\/\/www.notibras.com\/site\/em-briga-de-aranhas-o-normal-e-o-peru-ficar-de-fora-e-nao-dar-peruada\/#article\",\"isPartOf\":{\"@id\":\"https:\/\/www.notibras.com\/site\/em-briga-de-aranhas-o-normal-e-o-peru-ficar-de-fora-e-nao-dar-peruada\/\"},\"author\":{\"name\":\"Reda\u00e7\u00e3o\",\"@id\":\"https:\/\/www.notibras.com\/site\/#\/schema\/person\/36ab0979449956132d3e5b517ea76ac8\"},\"headline\":\"Em briga de aranhas, o normal \u00e9 o peru ficar de fora e n\u00e3o dar peruada\",\"datePublished\":\"2026-04-27T08:53:35+00:00\",\"mainEntityOfPage\":{\"@id\":\"https:\/\/www.notibras.com\/site\/em-briga-de-aranhas-o-normal-e-o-peru-ficar-de-fora-e-nao-dar-peruada\/\"},\"wordCount\":692,\"publisher\":{\"@id\":\"https:\/\/www.notibras.com\/site\/#organization\"},\"image\":{\"@id\":\"https:\/\/www.notibras.com\/site\/em-briga-de-aranhas-o-normal-e-o-peru-ficar-de-fora-e-nao-dar-peruada\/#primaryimage\"},\"thumbnailUrl\":\"https:\/\/www.notibras.com\/site\/wp-content\/uploads\/2026\/04\/32a018f5-3bfb-4e5f-97b1-327e54eeb41b.png\",\"articleSection\":[\"Ponto de Vista\"],\"inLanguage\":\"pt-BR\"},{\"@type\":\"WebPage\",\"@id\":\"https:\/\/www.notibras.com\/site\/em-briga-de-aranhas-o-normal-e-o-peru-ficar-de-fora-e-nao-dar-peruada\/\",\"url\":\"https:\/\/www.notibras.com\/site\/em-briga-de-aranhas-o-normal-e-o-peru-ficar-de-fora-e-nao-dar-peruada\/\",\"name\":\"Em briga de aranhas, o normal \u00e9 o peru ficar de fora e n\u00e3o dar peruada - Notibras\",\"isPartOf\":{\"@id\":\"https:\/\/www.notibras.com\/site\/#website\"},\"primaryImageOfPage\":{\"@id\":\"https:\/\/www.notibras.com\/site\/em-briga-de-aranhas-o-normal-e-o-peru-ficar-de-fora-e-nao-dar-peruada\/#primaryimage\"},\"image\":{\"@id\":\"https:\/\/www.notibras.com\/site\/em-briga-de-aranhas-o-normal-e-o-peru-ficar-de-fora-e-nao-dar-peruada\/#primaryimage\"},\"thumbnailUrl\":\"https:\/\/www.notibras.com\/site\/wp-content\/uploads\/2026\/04\/32a018f5-3bfb-4e5f-97b1-327e54eeb41b.png\",\"datePublished\":\"2026-04-27T08:53:35+00:00\",\"breadcrumb\":{\"@id\":\"https:\/\/www.notibras.com\/site\/em-briga-de-aranhas-o-normal-e-o-peru-ficar-de-fora-e-nao-dar-peruada\/#breadcrumb\"},\"inLanguage\":\"pt-BR\",\"potentialAction\":[{\"@type\":\"ReadAction\",\"target\":[\"https:\/\/www.notibras.com\/site\/em-briga-de-aranhas-o-normal-e-o-peru-ficar-de-fora-e-nao-dar-peruada\/\"]}]},{\"@type\":\"ImageObject\",\"inLanguage\":\"pt-BR\",\"@id\":\"https:\/\/www.notibras.com\/site\/em-briga-de-aranhas-o-normal-e-o-peru-ficar-de-fora-e-nao-dar-peruada\/#primaryimage\",\"url\":\"https:\/\/www.notibras.com\/site\/wp-content\/uploads\/2026\/04\/32a018f5-3bfb-4e5f-97b1-327e54eeb41b.png\",\"contentUrl\":\"https:\/\/www.notibras.com\/site\/wp-content\/uploads\/2026\/04\/32a018f5-3bfb-4e5f-97b1-327e54eeb41b.png\",\"width\":1402,\"height\":1122},{\"@type\":\"BreadcrumbList\",\"@id\":\"https:\/\/www.notibras.com\/site\/em-briga-de-aranhas-o-normal-e-o-peru-ficar-de-fora-e-nao-dar-peruada\/#breadcrumb\",\"itemListElement\":[{\"@type\":\"ListItem\",\"position\":1,\"name\":\"In\u00edcio\",\"item\":\"https:\/\/www.notibras.com\/site\/\"},{\"@type\":\"ListItem\",\"position\":2,\"name\":\"Em briga de aranhas, o normal \u00e9 o peru ficar de fora e n\u00e3o dar peruada\"}]},{\"@type\":\"WebSite\",\"@id\":\"https:\/\/www.notibras.com\/site\/#website\",\"url\":\"https:\/\/www.notibras.com\/site\/\",\"name\":\"Notibras\",\"description\":\"Not\u00edcias de Bras\u00edlia, do Brasil e do Mundo\",\"publisher\":{\"@id\":\"https:\/\/www.notibras.com\/site\/#organization\"},\"potentialAction\":[{\"@type\":\"SearchAction\",\"target\":{\"@type\":\"EntryPoint\",\"urlTemplate\":\"https:\/\/www.notibras.com\/site\/?s={search_term_string}\"},\"query-input\":{\"@type\":\"PropertyValueSpecification\",\"valueRequired\":true,\"valueName\":\"search_term_string\"}}],\"inLanguage\":\"pt-BR\"},{\"@type\":\"Organization\",\"@id\":\"https:\/\/www.notibras.com\/site\/#organization\",\"name\":\"Grupo Notibras de Comunica\u00e7\u00e3o\",\"url\":\"https:\/\/www.notibras.com\/site\/\",\"logo\":{\"@type\":\"ImageObject\",\"inLanguage\":\"pt-BR\",\"@id\":\"https:\/\/www.notibras.com\/site\/#\/schema\/logo\/image\/\",\"url\":\"https:\/\/www.notibras.com\/site\/wp-content\/uploads\/2023\/01\/notibras23.png\",\"contentUrl\":\"https:\/\/www.notibras.com\/site\/wp-content\/uploads\/2023\/01\/notibras23.png\",\"width\":350,\"height\":87,\"caption\":\"Grupo Notibras de Comunica\u00e7\u00e3o\"},\"image\":{\"@id\":\"https:\/\/www.notibras.com\/site\/#\/schema\/logo\/image\/\"},\"sameAs\":[\"https:\/\/www.facebook.com\/notibras\/\",\"https:\/\/x.com\/Notibras\",\"https:\/\/www.instagram.com\/notibras\/\"]},{\"@type\":\"Person\",\"@id\":\"https:\/\/www.notibras.com\/site\/#\/schema\/person\/36ab0979449956132d3e5b517ea76ac8\",\"name\":\"Reda\u00e7\u00e3o\",\"image\":{\"@type\":\"ImageObject\",\"inLanguage\":\"pt-BR\",\"@id\":\"https:\/\/secure.gravatar.com\/avatar\/e0a867bdedb85fd243eadf09663511f96fc81e0720a4a42581f334ad4303aa6b?s=96&d=mm&r=g\",\"url\":\"https:\/\/secure.gravatar.com\/avatar\/e0a867bdedb85fd243eadf09663511f96fc81e0720a4a42581f334ad4303aa6b?s=96&d=mm&r=g\",\"contentUrl\":\"https:\/\/secure.gravatar.com\/avatar\/e0a867bdedb85fd243eadf09663511f96fc81e0720a4a42581f334ad4303aa6b?s=96&d=mm&r=g\",\"caption\":\"Reda\u00e7\u00e3o\"}}]}<\/script>\n<!-- \/ Yoast SEO plugin. -->","yoast_head_json":{"title":"Em briga de aranhas, o normal \u00e9 o peru ficar de fora e n\u00e3o dar peruada - Notibras","robots":{"index":"index","follow":"follow","max-snippet":"max-snippet:-1","max-image-preview":"max-image-preview:large","max-video-preview":"max-video-preview:-1"},"canonical":"https:\/\/www.notibras.com\/site\/em-briga-de-aranhas-o-normal-e-o-peru-ficar-de-fora-e-nao-dar-peruada\/","og_locale":"pt_BR","og_type":"article","og_title":"Em briga de aranhas, o normal \u00e9 o peru ficar de fora e n\u00e3o dar peruada - Notibras","og_description":"Cidad\u00e3o de conceitos e valores adquiridos em d\u00e9cadas passadas, n\u00e3o sou afeito a modismos, tampouco a verdades que, mesmo verdadeiras, tendem a ser desfeitas. Na verdade, tenho medo de deixar de cumprir promessas. Por exemplo, nunca digo que dessa \u00e1gua n\u00e3o beberei. Posso claudicar e perder o respeito junto aos meus seguidores do IFood. Pelo [&hellip;]","og_url":"https:\/\/www.notibras.com\/site\/em-briga-de-aranhas-o-normal-e-o-peru-ficar-de-fora-e-nao-dar-peruada\/","og_site_name":"Notibras","article_publisher":"https:\/\/www.facebook.com\/notibras\/","article_published_time":"2026-04-27T08:53:35+00:00","og_image":[{"width":1024,"height":819,"url":"https:\/\/www.notibras.com\/site\/wp-content\/uploads\/2026\/04\/32a018f5-3bfb-4e5f-97b1-327e54eeb41b-1024x819.png","type":"image\/png"}],"author":"Reda\u00e7\u00e3o","twitter_card":"summary_large_image","twitter_creator":"@Notibras","twitter_site":"@Notibras","twitter_misc":{"Escrito por":"Reda\u00e7\u00e3o","Est. tempo de leitura":"4 minutos"},"schema":{"@context":"https:\/\/schema.org","@graph":[{"@type":"Article","@id":"https:\/\/www.notibras.com\/site\/em-briga-de-aranhas-o-normal-e-o-peru-ficar-de-fora-e-nao-dar-peruada\/#article","isPartOf":{"@id":"https:\/\/www.notibras.com\/site\/em-briga-de-aranhas-o-normal-e-o-peru-ficar-de-fora-e-nao-dar-peruada\/"},"author":{"name":"Reda\u00e7\u00e3o","@id":"https:\/\/www.notibras.com\/site\/#\/schema\/person\/36ab0979449956132d3e5b517ea76ac8"},"headline":"Em briga de aranhas, o normal \u00e9 o peru ficar de fora e n\u00e3o dar peruada","datePublished":"2026-04-27T08:53:35+00:00","mainEntityOfPage":{"@id":"https:\/\/www.notibras.com\/site\/em-briga-de-aranhas-o-normal-e-o-peru-ficar-de-fora-e-nao-dar-peruada\/"},"wordCount":692,"publisher":{"@id":"https:\/\/www.notibras.com\/site\/#organization"},"image":{"@id":"https:\/\/www.notibras.com\/site\/em-briga-de-aranhas-o-normal-e-o-peru-ficar-de-fora-e-nao-dar-peruada\/#primaryimage"},"thumbnailUrl":"https:\/\/www.notibras.com\/site\/wp-content\/uploads\/2026\/04\/32a018f5-3bfb-4e5f-97b1-327e54eeb41b.png","articleSection":["Ponto de Vista"],"inLanguage":"pt-BR"},{"@type":"WebPage","@id":"https:\/\/www.notibras.com\/site\/em-briga-de-aranhas-o-normal-e-o-peru-ficar-de-fora-e-nao-dar-peruada\/","url":"https:\/\/www.notibras.com\/site\/em-briga-de-aranhas-o-normal-e-o-peru-ficar-de-fora-e-nao-dar-peruada\/","name":"Em briga de aranhas, o normal \u00e9 o peru ficar de fora e n\u00e3o dar peruada - Notibras","isPartOf":{"@id":"https:\/\/www.notibras.com\/site\/#website"},"primaryImageOfPage":{"@id":"https:\/\/www.notibras.com\/site\/em-briga-de-aranhas-o-normal-e-o-peru-ficar-de-fora-e-nao-dar-peruada\/#primaryimage"},"image":{"@id":"https:\/\/www.notibras.com\/site\/em-briga-de-aranhas-o-normal-e-o-peru-ficar-de-fora-e-nao-dar-peruada\/#primaryimage"},"thumbnailUrl":"https:\/\/www.notibras.com\/site\/wp-content\/uploads\/2026\/04\/32a018f5-3bfb-4e5f-97b1-327e54eeb41b.png","datePublished":"2026-04-27T08:53:35+00:00","breadcrumb":{"@id":"https:\/\/www.notibras.com\/site\/em-briga-de-aranhas-o-normal-e-o-peru-ficar-de-fora-e-nao-dar-peruada\/#breadcrumb"},"inLanguage":"pt-BR","potentialAction":[{"@type":"ReadAction","target":["https:\/\/www.notibras.com\/site\/em-briga-de-aranhas-o-normal-e-o-peru-ficar-de-fora-e-nao-dar-peruada\/"]}]},{"@type":"ImageObject","inLanguage":"pt-BR","@id":"https:\/\/www.notibras.com\/site\/em-briga-de-aranhas-o-normal-e-o-peru-ficar-de-fora-e-nao-dar-peruada\/#primaryimage","url":"https:\/\/www.notibras.com\/site\/wp-content\/uploads\/2026\/04\/32a018f5-3bfb-4e5f-97b1-327e54eeb41b.png","contentUrl":"https:\/\/www.notibras.com\/site\/wp-content\/uploads\/2026\/04\/32a018f5-3bfb-4e5f-97b1-327e54eeb41b.png","width":1402,"height":1122},{"@type":"BreadcrumbList","@id":"https:\/\/www.notibras.com\/site\/em-briga-de-aranhas-o-normal-e-o-peru-ficar-de-fora-e-nao-dar-peruada\/#breadcrumb","itemListElement":[{"@type":"ListItem","position":1,"name":"In\u00edcio","item":"https:\/\/www.notibras.com\/site\/"},{"@type":"ListItem","position":2,"name":"Em briga de aranhas, o normal \u00e9 o peru ficar de fora e n\u00e3o dar peruada"}]},{"@type":"WebSite","@id":"https:\/\/www.notibras.com\/site\/#website","url":"https:\/\/www.notibras.com\/site\/","name":"Notibras","description":"Not\u00edcias de Bras\u00edlia, do Brasil e do Mundo","publisher":{"@id":"https:\/\/www.notibras.com\/site\/#organization"},"potentialAction":[{"@type":"SearchAction","target":{"@type":"EntryPoint","urlTemplate":"https:\/\/www.notibras.com\/site\/?s={search_term_string}"},"query-input":{"@type":"PropertyValueSpecification","valueRequired":true,"valueName":"search_term_string"}}],"inLanguage":"pt-BR"},{"@type":"Organization","@id":"https:\/\/www.notibras.com\/site\/#organization","name":"Grupo Notibras de Comunica\u00e7\u00e3o","url":"https:\/\/www.notibras.com\/site\/","logo":{"@type":"ImageObject","inLanguage":"pt-BR","@id":"https:\/\/www.notibras.com\/site\/#\/schema\/logo\/image\/","url":"https:\/\/www.notibras.com\/site\/wp-content\/uploads\/2023\/01\/notibras23.png","contentUrl":"https:\/\/www.notibras.com\/site\/wp-content\/uploads\/2023\/01\/notibras23.png","width":350,"height":87,"caption":"Grupo Notibras de Comunica\u00e7\u00e3o"},"image":{"@id":"https:\/\/www.notibras.com\/site\/#\/schema\/logo\/image\/"},"sameAs":["https:\/\/www.facebook.com\/notibras\/","https:\/\/x.com\/Notibras","https:\/\/www.instagram.com\/notibras\/"]},{"@type":"Person","@id":"https:\/\/www.notibras.com\/site\/#\/schema\/person\/36ab0979449956132d3e5b517ea76ac8","name":"Reda\u00e7\u00e3o","image":{"@type":"ImageObject","inLanguage":"pt-BR","@id":"https:\/\/secure.gravatar.com\/avatar\/e0a867bdedb85fd243eadf09663511f96fc81e0720a4a42581f334ad4303aa6b?s=96&d=mm&r=g","url":"https:\/\/secure.gravatar.com\/avatar\/e0a867bdedb85fd243eadf09663511f96fc81e0720a4a42581f334ad4303aa6b?s=96&d=mm&r=g","contentUrl":"https:\/\/secure.gravatar.com\/avatar\/e0a867bdedb85fd243eadf09663511f96fc81e0720a4a42581f334ad4303aa6b?s=96&d=mm&r=g","caption":"Reda\u00e7\u00e3o"}}]}},"amp_enabled":true,"_links":{"self":[{"href":"https:\/\/www.notibras.com\/site\/wp-json\/wp\/v2\/posts\/392661","targetHints":{"allow":["GET"]}}],"collection":[{"href":"https:\/\/www.notibras.com\/site\/wp-json\/wp\/v2\/posts"}],"about":[{"href":"https:\/\/www.notibras.com\/site\/wp-json\/wp\/v2\/types\/post"}],"author":[{"embeddable":true,"href":"https:\/\/www.notibras.com\/site\/wp-json\/wp\/v2\/users\/2"}],"replies":[{"embeddable":true,"href":"https:\/\/www.notibras.com\/site\/wp-json\/wp\/v2\/comments?post=392661"}],"version-history":[{"count":1,"href":"https:\/\/www.notibras.com\/site\/wp-json\/wp\/v2\/posts\/392661\/revisions"}],"predecessor-version":[{"id":392663,"href":"https:\/\/www.notibras.com\/site\/wp-json\/wp\/v2\/posts\/392661\/revisions\/392663"}],"wp:featuredmedia":[{"embeddable":true,"href":"https:\/\/www.notibras.com\/site\/wp-json\/wp\/v2\/media\/392662"}],"wp:attachment":[{"href":"https:\/\/www.notibras.com\/site\/wp-json\/wp\/v2\/media?parent=392661"}],"wp:term":[{"taxonomy":"category","embeddable":true,"href":"https:\/\/www.notibras.com\/site\/wp-json\/wp\/v2\/categories?post=392661"},{"taxonomy":"post_tag","embeddable":true,"href":"https:\/\/www.notibras.com\/site\/wp-json\/wp\/v2\/tags?post=392661"}],"curies":[{"name":"wp","href":"https:\/\/api.w.org\/{rel}","templated":true}]}}