{"id":392669,"date":"2026-04-27T00:12:19","date_gmt":"2026-04-27T03:12:19","guid":{"rendered":"https:\/\/www.notibras.com\/site\/?p=392669"},"modified":"2026-04-27T02:13:49","modified_gmt":"2026-04-27T05:13:49","slug":"alckmin-anuncia-verba-para-modernizacao-de-maquinas-agricolas","status":"publish","type":"post","link":"https:\/\/www.notibras.com\/site\/alckmin-anuncia-verba-para-modernizacao-de-maquinas-agricolas\/","title":{"rendered":"Alckmin anuncia verba para moderniza\u00e7\u00e3o de m\u00e1quinas agr\u00edcolas"},"content":{"rendered":"<p>O vice-presidente da Rep\u00fablica, Geraldo Alckmin, anunciou neste domingo (26) a cria\u00e7\u00e3o de uma nova linha de R$ 10 bilh\u00f5es em cr\u00e9dito para a moderniza\u00e7\u00e3o de m\u00e1quinas e implementos agr\u00edcolas.<\/p>\n<p>O an\u00fancio foi feito durante a abertura da Agrishow, em Ribeir\u00e3o Preto (SP). Os recursos integram uma nova modalidade do programa MOVE Brasil, voltada ao setor agropecu\u00e1rio.<\/p>\n<p>\u201cS\u00e3o R$ 10 bilh\u00f5es para financiar trator, implementos, colheitadeiras, toda a parte de m\u00e1quinas agr\u00edcolas. Pela pr\u00f3pria Finep, diretamente, ou pelos parceiros: cooperativas, bancos privados e o Banco do Brasil\u201d, disse Alckmin.<\/p>\n<p>Ele destacou que os recursos ser\u00e3o disponibilizados no prazo de tr\u00eas semanas, \u201ccom juros bem mais baixos para poder financiar a moderniza\u00e7\u00e3o e a troca de m\u00e1quinas e equipamentos\u201d.<\/p>\n<p><strong>D\u00edvidas rurais<\/strong><br \/>\nO vice-presidente afirmou ainda que o governo prepara um programa de renegocia\u00e7\u00e3o de d\u00edvidas rurais, medida que, segundo ele, pretende contemplar produtores inadimplentes e adimplentes. O objetivo \u00e9 ampliar a capacidade de investimento e a competitividade do setor.<\/p>\n<p>\u201cO governo vai tratar dessa quest\u00e3o. Para quem est\u00e1 inadimplente e at\u00e9 para quem est\u00e1 adimplente, vai ter um empenho na renegocia\u00e7\u00e3o das d\u00edvidas\u201d, antecipou.<\/p>\n<p>A nova linha segue o modelo do MOVE Brasil lan\u00e7ado para renova\u00e7\u00e3o da frota de caminh\u00f5es, em janeiro deste ano. Segundo o vice-presidente, o cr\u00e9dito foi esgotado em cerca de 60 dias.<\/p>\n<p><strong>Cr\u00e9dito e inova\u00e7\u00e3o<\/strong><br \/>\nA nova modalidade do MOVE Brasil utilizar\u00e1 recursos do super\u00e1vit do Fundo Nacional de Desenvolvimento Cient\u00edfico e Tecnol\u00f3gico, sob gest\u00e3o da Finep, com foco em conte\u00fado nacional, inova\u00e7\u00e3o e pesquisa e desenvolvimento.<\/p>\n<p>A previs\u00e3o \u00e9 que os financiamentos estejam dispon\u00edveis em 20 a 30 dias.<\/p>\n<p>Pela primeira vez, cooperativas agr\u00edcolas poder\u00e3o acessar diretamente cr\u00e9dito da Finep para financiar m\u00e1quinas, equipamentos e solu\u00e7\u00f5es de agricultura digital.<\/p>\n<p><strong>Avalia\u00e7\u00e3o de ministros<\/strong><br \/>\nDurante o evento, a ministra do Desenvolvimento Agr\u00e1rio e Agricultura Familiar, Fernanda Machiavelli, afirmou que a iniciativa contribui para a mecaniza\u00e7\u00e3o e a tecnifica\u00e7\u00e3o da agricultura familiar, com apoio da ind\u00fastria nacional.<\/p>\n<p>J\u00e1 o ministro da Agricultura e Pecu\u00e1ria, Andr\u00e9 de Paula, destacou que o setor deve ser impulsionado pela entrada em vigor do acordo Mercosul\u2013Uni\u00e3o Europeia, prevista para 1\u00ba de maio, com redu\u00e7\u00e3o tarif\u00e1ria para produtos agropecu\u00e1rios.<\/p>\n","protected":false},"excerpt":{"rendered":"<p>O vice-presidente da Rep\u00fablica, Geraldo Alckmin, anunciou neste domingo (26) a cria\u00e7\u00e3o de uma nova linha de R$ 10 bilh\u00f5es em cr\u00e9dito para a moderniza\u00e7\u00e3o de m\u00e1quinas e implementos agr\u00edcolas. O an\u00fancio foi feito durante a abertura da Agrishow, em Ribeir\u00e3o Preto (SP). Os recursos integram uma nova modalidade do programa MOVE Brasil, voltada ao [&hellip;]<\/p>\n","protected":false},"author":2,"featured_media":392670,"comment_status":"closed","ping_status":"closed","sticky":false,"template":"","format":"standard","meta":{"_acf_changed":false,"footnotes":""},"categories":[16],"tags":[],"class_list":["post-392669","post","type-post","status-publish","format-standard","has-post-thumbnail","hentry","category-brasil"],"acf":[],"yoast_head":"<!-- This site is optimized with the Yoast SEO plugin v27.2 - https:\/\/yoast.com\/product\/yoast-seo-wordpress\/ -->\n<title>Alckmin anuncia verba para moderniza\u00e7\u00e3o de m\u00e1quinas agr\u00edcolas - Notibras<\/title>\n<meta name=\"robots\" content=\"index, follow, max-snippet:-1, max-image-preview:large, max-video-preview:-1\" \/>\n<link rel=\"canonical\" href=\"https:\/\/www.notibras.com\/site\/alckmin-anuncia-verba-para-modernizacao-de-maquinas-agricolas\/\" \/>\n<meta property=\"og:locale\" content=\"pt_BR\" \/>\n<meta property=\"og:type\" content=\"article\" \/>\n<meta property=\"og:title\" content=\"Alckmin anuncia verba para moderniza\u00e7\u00e3o de m\u00e1quinas agr\u00edcolas - Notibras\" \/>\n<meta property=\"og:description\" content=\"O vice-presidente da Rep\u00fablica, Geraldo Alckmin, anunciou neste domingo (26) a cria\u00e7\u00e3o de uma nova linha de R$ 10 bilh\u00f5es em cr\u00e9dito para a moderniza\u00e7\u00e3o de m\u00e1quinas e implementos agr\u00edcolas. O an\u00fancio foi feito durante a abertura da Agrishow, em Ribeir\u00e3o Preto (SP). Os recursos integram uma nova modalidade do programa MOVE Brasil, voltada ao [&hellip;]\" \/>\n<meta property=\"og:url\" content=\"https:\/\/www.notibras.com\/site\/alckmin-anuncia-verba-para-modernizacao-de-maquinas-agricolas\/\" \/>\n<meta property=\"og:site_name\" content=\"Notibras\" \/>\n<meta property=\"article:publisher\" content=\"https:\/\/www.facebook.com\/notibras\/\" \/>\n<meta property=\"article:published_time\" content=\"2026-04-27T03:12:19+00:00\" \/>\n<meta property=\"article:modified_time\" content=\"2026-04-27T05:13:49+00:00\" \/>\n<meta property=\"og:image\" content=\"https:\/\/www.notibras.com\/site\/wp-content\/uploads\/2026\/04\/d209e9fe-a27b-4720-80ba-79ac5d2aa8a2.webp\" \/>\n\t<meta property=\"og:image:width\" content=\"1170\" \/>\n\t<meta property=\"og:image:height\" content=\"700\" \/>\n\t<meta property=\"og:image:type\" content=\"image\/webp\" \/>\n<meta name=\"author\" content=\"Reda\u00e7\u00e3o\" \/>\n<meta name=\"twitter:card\" content=\"summary_large_image\" \/>\n<meta name=\"twitter:creator\" content=\"@Notibras\" \/>\n<meta name=\"twitter:site\" content=\"@Notibras\" \/>\n<meta name=\"twitter:label1\" content=\"Escrito por\" \/>\n\t<meta name=\"twitter:data1\" content=\"Reda\u00e7\u00e3o\" \/>\n\t<meta name=\"twitter:label2\" content=\"Est. tempo de leitura\" \/>\n\t<meta name=\"twitter:data2\" content=\"3 minutos\" \/>\n<script type=\"application\/ld+json\" class=\"yoast-schema-graph\">{\"@context\":\"https:\/\/schema.org\",\"@graph\":[{\"@type\":\"Article\",\"@id\":\"https:\/\/www.notibras.com\/site\/alckmin-anuncia-verba-para-modernizacao-de-maquinas-agricolas\/#article\",\"isPartOf\":{\"@id\":\"https:\/\/www.notibras.com\/site\/alckmin-anuncia-verba-para-modernizacao-de-maquinas-agricolas\/\"},\"author\":{\"name\":\"Reda\u00e7\u00e3o\",\"@id\":\"https:\/\/www.notibras.com\/site\/#\/schema\/person\/36ab0979449956132d3e5b517ea76ac8\"},\"headline\":\"Alckmin anuncia verba para moderniza\u00e7\u00e3o de m\u00e1quinas agr\u00edcolas\",\"datePublished\":\"2026-04-27T03:12:19+00:00\",\"dateModified\":\"2026-04-27T05:13:49+00:00\",\"mainEntityOfPage\":{\"@id\":\"https:\/\/www.notibras.com\/site\/alckmin-anuncia-verba-para-modernizacao-de-maquinas-agricolas\/\"},\"wordCount\":411,\"publisher\":{\"@id\":\"https:\/\/www.notibras.com\/site\/#organization\"},\"image\":{\"@id\":\"https:\/\/www.notibras.com\/site\/alckmin-anuncia-verba-para-modernizacao-de-maquinas-agricolas\/#primaryimage\"},\"thumbnailUrl\":\"https:\/\/www.notibras.com\/site\/wp-content\/uploads\/2026\/04\/d209e9fe-a27b-4720-80ba-79ac5d2aa8a2.webp\",\"articleSection\":[\"Brasil\"],\"inLanguage\":\"pt-BR\"},{\"@type\":\"WebPage\",\"@id\":\"https:\/\/www.notibras.com\/site\/alckmin-anuncia-verba-para-modernizacao-de-maquinas-agricolas\/\",\"url\":\"https:\/\/www.notibras.com\/site\/alckmin-anuncia-verba-para-modernizacao-de-maquinas-agricolas\/\",\"name\":\"Alckmin anuncia verba para moderniza\u00e7\u00e3o de m\u00e1quinas agr\u00edcolas - Notibras\",\"isPartOf\":{\"@id\":\"https:\/\/www.notibras.com\/site\/#website\"},\"primaryImageOfPage\":{\"@id\":\"https:\/\/www.notibras.com\/site\/alckmin-anuncia-verba-para-modernizacao-de-maquinas-agricolas\/#primaryimage\"},\"image\":{\"@id\":\"https:\/\/www.notibras.com\/site\/alckmin-anuncia-verba-para-modernizacao-de-maquinas-agricolas\/#primaryimage\"},\"thumbnailUrl\":\"https:\/\/www.notibras.com\/site\/wp-content\/uploads\/2026\/04\/d209e9fe-a27b-4720-80ba-79ac5d2aa8a2.webp\",\"datePublished\":\"2026-04-27T03:12:19+00:00\",\"dateModified\":\"2026-04-27T05:13:49+00:00\",\"breadcrumb\":{\"@id\":\"https:\/\/www.notibras.com\/site\/alckmin-anuncia-verba-para-modernizacao-de-maquinas-agricolas\/#breadcrumb\"},\"inLanguage\":\"pt-BR\",\"potentialAction\":[{\"@type\":\"ReadAction\",\"target\":[\"https:\/\/www.notibras.com\/site\/alckmin-anuncia-verba-para-modernizacao-de-maquinas-agricolas\/\"]}]},{\"@type\":\"ImageObject\",\"inLanguage\":\"pt-BR\",\"@id\":\"https:\/\/www.notibras.com\/site\/alckmin-anuncia-verba-para-modernizacao-de-maquinas-agricolas\/#primaryimage\",\"url\":\"https:\/\/www.notibras.com\/site\/wp-content\/uploads\/2026\/04\/d209e9fe-a27b-4720-80ba-79ac5d2aa8a2.webp\",\"contentUrl\":\"https:\/\/www.notibras.com\/site\/wp-content\/uploads\/2026\/04\/d209e9fe-a27b-4720-80ba-79ac5d2aa8a2.webp\",\"width\":1170,\"height\":700},{\"@type\":\"BreadcrumbList\",\"@id\":\"https:\/\/www.notibras.com\/site\/alckmin-anuncia-verba-para-modernizacao-de-maquinas-agricolas\/#breadcrumb\",\"itemListElement\":[{\"@type\":\"ListItem\",\"position\":1,\"name\":\"In\u00edcio\",\"item\":\"https:\/\/www.notibras.com\/site\/\"},{\"@type\":\"ListItem\",\"position\":2,\"name\":\"Alckmin anuncia verba para moderniza\u00e7\u00e3o de m\u00e1quinas agr\u00edcolas\"}]},{\"@type\":\"WebSite\",\"@id\":\"https:\/\/www.notibras.com\/site\/#website\",\"url\":\"https:\/\/www.notibras.com\/site\/\",\"name\":\"Notibras\",\"description\":\"Not\u00edcias de Bras\u00edlia, do Brasil e do Mundo\",\"publisher\":{\"@id\":\"https:\/\/www.notibras.com\/site\/#organization\"},\"potentialAction\":[{\"@type\":\"SearchAction\",\"target\":{\"@type\":\"EntryPoint\",\"urlTemplate\":\"https:\/\/www.notibras.com\/site\/?s={search_term_string}\"},\"query-input\":{\"@type\":\"PropertyValueSpecification\",\"valueRequired\":true,\"valueName\":\"search_term_string\"}}],\"inLanguage\":\"pt-BR\"},{\"@type\":\"Organization\",\"@id\":\"https:\/\/www.notibras.com\/site\/#organization\",\"name\":\"Grupo Notibras de Comunica\u00e7\u00e3o\",\"url\":\"https:\/\/www.notibras.com\/site\/\",\"logo\":{\"@type\":\"ImageObject\",\"inLanguage\":\"pt-BR\",\"@id\":\"https:\/\/www.notibras.com\/site\/#\/schema\/logo\/image\/\",\"url\":\"https:\/\/www.notibras.com\/site\/wp-content\/uploads\/2023\/01\/notibras23.png\",\"contentUrl\":\"https:\/\/www.notibras.com\/site\/wp-content\/uploads\/2023\/01\/notibras23.png\",\"width\":350,\"height\":87,\"caption\":\"Grupo Notibras de Comunica\u00e7\u00e3o\"},\"image\":{\"@id\":\"https:\/\/www.notibras.com\/site\/#\/schema\/logo\/image\/\"},\"sameAs\":[\"https:\/\/www.facebook.com\/notibras\/\",\"https:\/\/x.com\/Notibras\",\"https:\/\/www.instagram.com\/notibras\/\"]},{\"@type\":\"Person\",\"@id\":\"https:\/\/www.notibras.com\/site\/#\/schema\/person\/36ab0979449956132d3e5b517ea76ac8\",\"name\":\"Reda\u00e7\u00e3o\",\"image\":{\"@type\":\"ImageObject\",\"inLanguage\":\"pt-BR\",\"@id\":\"https:\/\/secure.gravatar.com\/avatar\/e0a867bdedb85fd243eadf09663511f96fc81e0720a4a42581f334ad4303aa6b?s=96&d=mm&r=g\",\"url\":\"https:\/\/secure.gravatar.com\/avatar\/e0a867bdedb85fd243eadf09663511f96fc81e0720a4a42581f334ad4303aa6b?s=96&d=mm&r=g\",\"contentUrl\":\"https:\/\/secure.gravatar.com\/avatar\/e0a867bdedb85fd243eadf09663511f96fc81e0720a4a42581f334ad4303aa6b?s=96&d=mm&r=g\",\"caption\":\"Reda\u00e7\u00e3o\"}}]}<\/script>\n<!-- \/ Yoast SEO plugin. -->","yoast_head_json":{"title":"Alckmin anuncia verba para moderniza\u00e7\u00e3o de m\u00e1quinas agr\u00edcolas - Notibras","robots":{"index":"index","follow":"follow","max-snippet":"max-snippet:-1","max-image-preview":"max-image-preview:large","max-video-preview":"max-video-preview:-1"},"canonical":"https:\/\/www.notibras.com\/site\/alckmin-anuncia-verba-para-modernizacao-de-maquinas-agricolas\/","og_locale":"pt_BR","og_type":"article","og_title":"Alckmin anuncia verba para moderniza\u00e7\u00e3o de m\u00e1quinas agr\u00edcolas - Notibras","og_description":"O vice-presidente da Rep\u00fablica, Geraldo Alckmin, anunciou neste domingo (26) a cria\u00e7\u00e3o de uma nova linha de R$ 10 bilh\u00f5es em cr\u00e9dito para a moderniza\u00e7\u00e3o de m\u00e1quinas e implementos agr\u00edcolas. O an\u00fancio foi feito durante a abertura da Agrishow, em Ribeir\u00e3o Preto (SP). Os recursos integram uma nova modalidade do programa MOVE Brasil, voltada ao [&hellip;]","og_url":"https:\/\/www.notibras.com\/site\/alckmin-anuncia-verba-para-modernizacao-de-maquinas-agricolas\/","og_site_name":"Notibras","article_publisher":"https:\/\/www.facebook.com\/notibras\/","article_published_time":"2026-04-27T03:12:19+00:00","article_modified_time":"2026-04-27T05:13:49+00:00","og_image":[{"width":1170,"height":700,"url":"https:\/\/www.notibras.com\/site\/wp-content\/uploads\/2026\/04\/d209e9fe-a27b-4720-80ba-79ac5d2aa8a2.webp","type":"image\/webp"}],"author":"Reda\u00e7\u00e3o","twitter_card":"summary_large_image","twitter_creator":"@Notibras","twitter_site":"@Notibras","twitter_misc":{"Escrito por":"Reda\u00e7\u00e3o","Est. tempo de leitura":"3 minutos"},"schema":{"@context":"https:\/\/schema.org","@graph":[{"@type":"Article","@id":"https:\/\/www.notibras.com\/site\/alckmin-anuncia-verba-para-modernizacao-de-maquinas-agricolas\/#article","isPartOf":{"@id":"https:\/\/www.notibras.com\/site\/alckmin-anuncia-verba-para-modernizacao-de-maquinas-agricolas\/"},"author":{"name":"Reda\u00e7\u00e3o","@id":"https:\/\/www.notibras.com\/site\/#\/schema\/person\/36ab0979449956132d3e5b517ea76ac8"},"headline":"Alckmin anuncia verba para moderniza\u00e7\u00e3o de m\u00e1quinas agr\u00edcolas","datePublished":"2026-04-27T03:12:19+00:00","dateModified":"2026-04-27T05:13:49+00:00","mainEntityOfPage":{"@id":"https:\/\/www.notibras.com\/site\/alckmin-anuncia-verba-para-modernizacao-de-maquinas-agricolas\/"},"wordCount":411,"publisher":{"@id":"https:\/\/www.notibras.com\/site\/#organization"},"image":{"@id":"https:\/\/www.notibras.com\/site\/alckmin-anuncia-verba-para-modernizacao-de-maquinas-agricolas\/#primaryimage"},"thumbnailUrl":"https:\/\/www.notibras.com\/site\/wp-content\/uploads\/2026\/04\/d209e9fe-a27b-4720-80ba-79ac5d2aa8a2.webp","articleSection":["Brasil"],"inLanguage":"pt-BR"},{"@type":"WebPage","@id":"https:\/\/www.notibras.com\/site\/alckmin-anuncia-verba-para-modernizacao-de-maquinas-agricolas\/","url":"https:\/\/www.notibras.com\/site\/alckmin-anuncia-verba-para-modernizacao-de-maquinas-agricolas\/","name":"Alckmin anuncia verba para moderniza\u00e7\u00e3o de m\u00e1quinas agr\u00edcolas - Notibras","isPartOf":{"@id":"https:\/\/www.notibras.com\/site\/#website"},"primaryImageOfPage":{"@id":"https:\/\/www.notibras.com\/site\/alckmin-anuncia-verba-para-modernizacao-de-maquinas-agricolas\/#primaryimage"},"image":{"@id":"https:\/\/www.notibras.com\/site\/alckmin-anuncia-verba-para-modernizacao-de-maquinas-agricolas\/#primaryimage"},"thumbnailUrl":"https:\/\/www.notibras.com\/site\/wp-content\/uploads\/2026\/04\/d209e9fe-a27b-4720-80ba-79ac5d2aa8a2.webp","datePublished":"2026-04-27T03:12:19+00:00","dateModified":"2026-04-27T05:13:49+00:00","breadcrumb":{"@id":"https:\/\/www.notibras.com\/site\/alckmin-anuncia-verba-para-modernizacao-de-maquinas-agricolas\/#breadcrumb"},"inLanguage":"pt-BR","potentialAction":[{"@type":"ReadAction","target":["https:\/\/www.notibras.com\/site\/alckmin-anuncia-verba-para-modernizacao-de-maquinas-agricolas\/"]}]},{"@type":"ImageObject","inLanguage":"pt-BR","@id":"https:\/\/www.notibras.com\/site\/alckmin-anuncia-verba-para-modernizacao-de-maquinas-agricolas\/#primaryimage","url":"https:\/\/www.notibras.com\/site\/wp-content\/uploads\/2026\/04\/d209e9fe-a27b-4720-80ba-79ac5d2aa8a2.webp","contentUrl":"https:\/\/www.notibras.com\/site\/wp-content\/uploads\/2026\/04\/d209e9fe-a27b-4720-80ba-79ac5d2aa8a2.webp","width":1170,"height":700},{"@type":"BreadcrumbList","@id":"https:\/\/www.notibras.com\/site\/alckmin-anuncia-verba-para-modernizacao-de-maquinas-agricolas\/#breadcrumb","itemListElement":[{"@type":"ListItem","position":1,"name":"In\u00edcio","item":"https:\/\/www.notibras.com\/site\/"},{"@type":"ListItem","position":2,"name":"Alckmin anuncia verba para moderniza\u00e7\u00e3o de m\u00e1quinas agr\u00edcolas"}]},{"@type":"WebSite","@id":"https:\/\/www.notibras.com\/site\/#website","url":"https:\/\/www.notibras.com\/site\/","name":"Notibras","description":"Not\u00edcias de Bras\u00edlia, do Brasil e do Mundo","publisher":{"@id":"https:\/\/www.notibras.com\/site\/#organization"},"potentialAction":[{"@type":"SearchAction","target":{"@type":"EntryPoint","urlTemplate":"https:\/\/www.notibras.com\/site\/?s={search_term_string}"},"query-input":{"@type":"PropertyValueSpecification","valueRequired":true,"valueName":"search_term_string"}}],"inLanguage":"pt-BR"},{"@type":"Organization","@id":"https:\/\/www.notibras.com\/site\/#organization","name":"Grupo Notibras de Comunica\u00e7\u00e3o","url":"https:\/\/www.notibras.com\/site\/","logo":{"@type":"ImageObject","inLanguage":"pt-BR","@id":"https:\/\/www.notibras.com\/site\/#\/schema\/logo\/image\/","url":"https:\/\/www.notibras.com\/site\/wp-content\/uploads\/2023\/01\/notibras23.png","contentUrl":"https:\/\/www.notibras.com\/site\/wp-content\/uploads\/2023\/01\/notibras23.png","width":350,"height":87,"caption":"Grupo Notibras de Comunica\u00e7\u00e3o"},"image":{"@id":"https:\/\/www.notibras.com\/site\/#\/schema\/logo\/image\/"},"sameAs":["https:\/\/www.facebook.com\/notibras\/","https:\/\/x.com\/Notibras","https:\/\/www.instagram.com\/notibras\/"]},{"@type":"Person","@id":"https:\/\/www.notibras.com\/site\/#\/schema\/person\/36ab0979449956132d3e5b517ea76ac8","name":"Reda\u00e7\u00e3o","image":{"@type":"ImageObject","inLanguage":"pt-BR","@id":"https:\/\/secure.gravatar.com\/avatar\/e0a867bdedb85fd243eadf09663511f96fc81e0720a4a42581f334ad4303aa6b?s=96&d=mm&r=g","url":"https:\/\/secure.gravatar.com\/avatar\/e0a867bdedb85fd243eadf09663511f96fc81e0720a4a42581f334ad4303aa6b?s=96&d=mm&r=g","contentUrl":"https:\/\/secure.gravatar.com\/avatar\/e0a867bdedb85fd243eadf09663511f96fc81e0720a4a42581f334ad4303aa6b?s=96&d=mm&r=g","caption":"Reda\u00e7\u00e3o"}}]}},"amp_enabled":true,"_links":{"self":[{"href":"https:\/\/www.notibras.com\/site\/wp-json\/wp\/v2\/posts\/392669","targetHints":{"allow":["GET"]}}],"collection":[{"href":"https:\/\/www.notibras.com\/site\/wp-json\/wp\/v2\/posts"}],"about":[{"href":"https:\/\/www.notibras.com\/site\/wp-json\/wp\/v2\/types\/post"}],"author":[{"embeddable":true,"href":"https:\/\/www.notibras.com\/site\/wp-json\/wp\/v2\/users\/2"}],"replies":[{"embeddable":true,"href":"https:\/\/www.notibras.com\/site\/wp-json\/wp\/v2\/comments?post=392669"}],"version-history":[{"count":1,"href":"https:\/\/www.notibras.com\/site\/wp-json\/wp\/v2\/posts\/392669\/revisions"}],"predecessor-version":[{"id":392671,"href":"https:\/\/www.notibras.com\/site\/wp-json\/wp\/v2\/posts\/392669\/revisions\/392671"}],"wp:featuredmedia":[{"embeddable":true,"href":"https:\/\/www.notibras.com\/site\/wp-json\/wp\/v2\/media\/392670"}],"wp:attachment":[{"href":"https:\/\/www.notibras.com\/site\/wp-json\/wp\/v2\/media?parent=392669"}],"wp:term":[{"taxonomy":"category","embeddable":true,"href":"https:\/\/www.notibras.com\/site\/wp-json\/wp\/v2\/categories?post=392669"},{"taxonomy":"post_tag","embeddable":true,"href":"https:\/\/www.notibras.com\/site\/wp-json\/wp\/v2\/tags?post=392669"}],"curies":[{"name":"wp","href":"https:\/\/api.w.org\/{rel}","templated":true}]}}