{"id":392675,"date":"2026-04-27T00:00:19","date_gmt":"2026-04-27T03:00:19","guid":{"rendered":"https:\/\/www.notibras.com\/site\/?p=392675"},"modified":"2026-04-27T02:23:04","modified_gmt":"2026-04-27T05:23:04","slug":"banco-do-brasil-lanca-conta-digital-para-uso-em-portugal","status":"publish","type":"post","link":"https:\/\/www.notibras.com\/site\/banco-do-brasil-lanca-conta-digital-para-uso-em-portugal\/","title":{"rendered":"Banco do Brasil lan\u00e7a conta digital para uso em Portugal"},"content":{"rendered":"<p>Os clientes do Banco do Brasil podem abrir uma conta digital internacional em Portugal sem sair do Brasil. A novidade, chamada de Conta Digital do BB Portugal, pode ser acessada diretamente pelo aplicativo do banco ou at\u00e9 pelo WhatsApp (61 4004-0001).<\/p>\n<p>Na pr\u00e1tica, o servi\u00e7o facilita a vida de quem precisa movimentar dinheiro no exterior, seja para morar, investir ou fazer neg\u00f3cios na Europa.<\/p>\n<p><strong>Como funciona<\/strong><br \/>\nA nova conta \u00e9 aberta de forma totalmente online. O cliente passa por etapas de seguran\u00e7a semelhantes \u00e0s de abertura de contas no Brasil, como:<\/p>\n<p>valida\u00e7\u00e3o de dados pessoais;<br \/>\nbiometria facial;<br \/>\nenvio de documentos;<br \/>\nassinatura digital do contrato.<\/p>\n<p>Tudo isso segue regras exigidas pela legisla\u00e7\u00e3o europeia. Depois de aberta, a conta permite movimentar dinheiro em diferentes moedas, principalmente euro e d\u00f3lar.<\/p>\n<p><strong>O que o cliente pode fazer<\/strong><br \/>\nCom a conta internacional, ser\u00e1 poss\u00edvel:<\/p>\n<p>fazer transfer\u00eancias dentro da Europa (via sistema SEPA);<br \/>\nenviar e receber dinheiro em v\u00e1rias moedas;<br \/>\ninvestir em produtos no exterior;<br \/>\nusar cart\u00e3o de d\u00e9bito em euro fora do Brasil.<\/p>\n<p>Al\u00e9m disso, o cliente poder\u00e1 acompanhar, em um \u00fanico aplicativo, o dinheiro que tem no Brasil e no exterior, o que facilita o controle financeiro.<\/p>\n<p><strong>Para quem \u00e9 a novidade<\/strong><br \/>\nNeste primeiro momento, a conta est\u00e1 dispon\u00edvel apenas para clientes de alta renda do banco, como os segmentos Private e Estilo. Em breve, a Conta Digital do BB Portugal tamb\u00e9m estar\u00e1 dispon\u00edvel para n\u00e3o clientes do BB no Brasil.<\/p>\n<p>O p\u00fablico-alvo inclui pessoas que:<\/p>\n<p>t\u00eam dupla cidadania;<br \/>\nmoram ou pretendem morar na Europa;<br \/>\npossuem neg\u00f3cios fora do pa\u00eds;<br \/>\nquerem diversificar investimentos em moeda estrangeira.<\/p>\n<p>Segundo o banco, a expectativa \u00e9 ampliar o servi\u00e7o futuramente para mais clientes.<\/p>\n<p><strong>Atendimento e suporte<\/strong><br \/>\nUm dos diferenciais da conta \u00e9 o suporte de um gerente, que ajuda o cliente a administrar os recursos e investimentos fora do pa\u00eds.<\/p>\n<p>De acordo com o vice-presidente do banco, Francisco Lassalvia, a iniciativa refor\u00e7a a estrat\u00e9gia internacional da institui\u00e7\u00e3o e atende \u00e0 crescente demanda de brasileiros com interesses no exterior.<\/p>\n<p><strong>Presen\u00e7a em Portugal<\/strong><br \/>\nO Banco do Brasil atua em Portugal desde 1972, por meio de sua subsidi\u00e1ria europeia. O pa\u00eds \u00e9 considerado estrat\u00e9gico por concentrar uma grande comunidade brasileira e manter forte rela\u00e7\u00e3o econ\u00f4mica com o Brasil.<\/p>\n<p>Com a nova conta digital, o banco amplia sua atua\u00e7\u00e3o internacional e oferece uma alternativa mais simples para quem precisa acessar servi\u00e7os financeiros fora do pa\u00eds, sem a burocracia tradicional de abrir conta no exterior presencialmente.<\/p>\n","protected":false},"excerpt":{"rendered":"<p>Os clientes do Banco do Brasil podem abrir uma conta digital internacional em Portugal sem sair do Brasil. A novidade, chamada de Conta Digital do BB Portugal, pode ser acessada diretamente pelo aplicativo do banco ou at\u00e9 pelo WhatsApp (61 4004-0001). Na pr\u00e1tica, o servi\u00e7o facilita a vida de quem precisa movimentar dinheiro no exterior, [&hellip;]<\/p>\n","protected":false},"author":2,"featured_media":392676,"comment_status":"closed","ping_status":"closed","sticky":false,"template":"","format":"standard","meta":{"_acf_changed":false,"footnotes":""},"categories":[16],"tags":[],"class_list":["post-392675","post","type-post","status-publish","format-standard","has-post-thumbnail","hentry","category-brasil"],"acf":[],"yoast_head":"<!-- This site is optimized with the Yoast SEO plugin v27.2 - https:\/\/yoast.com\/product\/yoast-seo-wordpress\/ -->\n<title>Banco do Brasil lan\u00e7a conta digital para uso em Portugal - Notibras<\/title>\n<meta name=\"robots\" content=\"index, follow, max-snippet:-1, max-image-preview:large, max-video-preview:-1\" \/>\n<link rel=\"canonical\" href=\"https:\/\/www.notibras.com\/site\/banco-do-brasil-lanca-conta-digital-para-uso-em-portugal\/\" \/>\n<meta property=\"og:locale\" content=\"pt_BR\" \/>\n<meta property=\"og:type\" content=\"article\" \/>\n<meta property=\"og:title\" content=\"Banco do Brasil lan\u00e7a conta digital para uso em Portugal - Notibras\" \/>\n<meta property=\"og:description\" content=\"Os clientes do Banco do Brasil podem abrir uma conta digital internacional em Portugal sem sair do Brasil. A novidade, chamada de Conta Digital do BB Portugal, pode ser acessada diretamente pelo aplicativo do banco ou at\u00e9 pelo WhatsApp (61 4004-0001). Na pr\u00e1tica, o servi\u00e7o facilita a vida de quem precisa movimentar dinheiro no exterior, [&hellip;]\" \/>\n<meta property=\"og:url\" content=\"https:\/\/www.notibras.com\/site\/banco-do-brasil-lanca-conta-digital-para-uso-em-portugal\/\" \/>\n<meta property=\"og:site_name\" content=\"Notibras\" \/>\n<meta property=\"article:publisher\" content=\"https:\/\/www.facebook.com\/notibras\/\" \/>\n<meta property=\"article:published_time\" content=\"2026-04-27T03:00:19+00:00\" \/>\n<meta property=\"article:modified_time\" content=\"2026-04-27T05:23:04+00:00\" \/>\n<meta property=\"og:image\" content=\"https:\/\/www.notibras.com\/site\/wp-content\/uploads\/2026\/04\/csm_dossies_nac_alfamadrone-0370_a3d3518b9e.webp\" \/>\n\t<meta property=\"og:image:width\" content=\"1170\" \/>\n\t<meta property=\"og:image:height\" content=\"700\" \/>\n\t<meta property=\"og:image:type\" content=\"image\/webp\" \/>\n<meta name=\"author\" content=\"Reda\u00e7\u00e3o\" \/>\n<meta name=\"twitter:card\" content=\"summary_large_image\" \/>\n<meta name=\"twitter:creator\" content=\"@Notibras\" \/>\n<meta name=\"twitter:site\" content=\"@Notibras\" \/>\n<meta name=\"twitter:label1\" content=\"Escrito por\" \/>\n\t<meta name=\"twitter:data1\" content=\"Reda\u00e7\u00e3o\" \/>\n\t<meta name=\"twitter:label2\" content=\"Est. tempo de leitura\" \/>\n\t<meta name=\"twitter:data2\" content=\"3 minutos\" \/>\n<script type=\"application\/ld+json\" class=\"yoast-schema-graph\">{\"@context\":\"https:\/\/schema.org\",\"@graph\":[{\"@type\":\"Article\",\"@id\":\"https:\/\/www.notibras.com\/site\/banco-do-brasil-lanca-conta-digital-para-uso-em-portugal\/#article\",\"isPartOf\":{\"@id\":\"https:\/\/www.notibras.com\/site\/banco-do-brasil-lanca-conta-digital-para-uso-em-portugal\/\"},\"author\":{\"name\":\"Reda\u00e7\u00e3o\",\"@id\":\"https:\/\/www.notibras.com\/site\/#\/schema\/person\/36ab0979449956132d3e5b517ea76ac8\"},\"headline\":\"Banco do Brasil lan\u00e7a conta digital para uso em Portugal\",\"datePublished\":\"2026-04-27T03:00:19+00:00\",\"dateModified\":\"2026-04-27T05:23:04+00:00\",\"mainEntityOfPage\":{\"@id\":\"https:\/\/www.notibras.com\/site\/banco-do-brasil-lanca-conta-digital-para-uso-em-portugal\/\"},\"wordCount\":441,\"publisher\":{\"@id\":\"https:\/\/www.notibras.com\/site\/#organization\"},\"image\":{\"@id\":\"https:\/\/www.notibras.com\/site\/banco-do-brasil-lanca-conta-digital-para-uso-em-portugal\/#primaryimage\"},\"thumbnailUrl\":\"https:\/\/www.notibras.com\/site\/wp-content\/uploads\/2026\/04\/csm_dossies_nac_alfamadrone-0370_a3d3518b9e.webp\",\"articleSection\":[\"Brasil\"],\"inLanguage\":\"pt-BR\"},{\"@type\":\"WebPage\",\"@id\":\"https:\/\/www.notibras.com\/site\/banco-do-brasil-lanca-conta-digital-para-uso-em-portugal\/\",\"url\":\"https:\/\/www.notibras.com\/site\/banco-do-brasil-lanca-conta-digital-para-uso-em-portugal\/\",\"name\":\"Banco do Brasil lan\u00e7a conta digital para uso em Portugal - Notibras\",\"isPartOf\":{\"@id\":\"https:\/\/www.notibras.com\/site\/#website\"},\"primaryImageOfPage\":{\"@id\":\"https:\/\/www.notibras.com\/site\/banco-do-brasil-lanca-conta-digital-para-uso-em-portugal\/#primaryimage\"},\"image\":{\"@id\":\"https:\/\/www.notibras.com\/site\/banco-do-brasil-lanca-conta-digital-para-uso-em-portugal\/#primaryimage\"},\"thumbnailUrl\":\"https:\/\/www.notibras.com\/site\/wp-content\/uploads\/2026\/04\/csm_dossies_nac_alfamadrone-0370_a3d3518b9e.webp\",\"datePublished\":\"2026-04-27T03:00:19+00:00\",\"dateModified\":\"2026-04-27T05:23:04+00:00\",\"breadcrumb\":{\"@id\":\"https:\/\/www.notibras.com\/site\/banco-do-brasil-lanca-conta-digital-para-uso-em-portugal\/#breadcrumb\"},\"inLanguage\":\"pt-BR\",\"potentialAction\":[{\"@type\":\"ReadAction\",\"target\":[\"https:\/\/www.notibras.com\/site\/banco-do-brasil-lanca-conta-digital-para-uso-em-portugal\/\"]}]},{\"@type\":\"ImageObject\",\"inLanguage\":\"pt-BR\",\"@id\":\"https:\/\/www.notibras.com\/site\/banco-do-brasil-lanca-conta-digital-para-uso-em-portugal\/#primaryimage\",\"url\":\"https:\/\/www.notibras.com\/site\/wp-content\/uploads\/2026\/04\/csm_dossies_nac_alfamadrone-0370_a3d3518b9e.webp\",\"contentUrl\":\"https:\/\/www.notibras.com\/site\/wp-content\/uploads\/2026\/04\/csm_dossies_nac_alfamadrone-0370_a3d3518b9e.webp\",\"width\":1170,\"height\":700},{\"@type\":\"BreadcrumbList\",\"@id\":\"https:\/\/www.notibras.com\/site\/banco-do-brasil-lanca-conta-digital-para-uso-em-portugal\/#breadcrumb\",\"itemListElement\":[{\"@type\":\"ListItem\",\"position\":1,\"name\":\"In\u00edcio\",\"item\":\"https:\/\/www.notibras.com\/site\/\"},{\"@type\":\"ListItem\",\"position\":2,\"name\":\"Banco do Brasil lan\u00e7a conta digital para uso em Portugal\"}]},{\"@type\":\"WebSite\",\"@id\":\"https:\/\/www.notibras.com\/site\/#website\",\"url\":\"https:\/\/www.notibras.com\/site\/\",\"name\":\"Notibras\",\"description\":\"Not\u00edcias de Bras\u00edlia, do Brasil e do Mundo\",\"publisher\":{\"@id\":\"https:\/\/www.notibras.com\/site\/#organization\"},\"potentialAction\":[{\"@type\":\"SearchAction\",\"target\":{\"@type\":\"EntryPoint\",\"urlTemplate\":\"https:\/\/www.notibras.com\/site\/?s={search_term_string}\"},\"query-input\":{\"@type\":\"PropertyValueSpecification\",\"valueRequired\":true,\"valueName\":\"search_term_string\"}}],\"inLanguage\":\"pt-BR\"},{\"@type\":\"Organization\",\"@id\":\"https:\/\/www.notibras.com\/site\/#organization\",\"name\":\"Grupo Notibras de Comunica\u00e7\u00e3o\",\"url\":\"https:\/\/www.notibras.com\/site\/\",\"logo\":{\"@type\":\"ImageObject\",\"inLanguage\":\"pt-BR\",\"@id\":\"https:\/\/www.notibras.com\/site\/#\/schema\/logo\/image\/\",\"url\":\"https:\/\/www.notibras.com\/site\/wp-content\/uploads\/2023\/01\/notibras23.png\",\"contentUrl\":\"https:\/\/www.notibras.com\/site\/wp-content\/uploads\/2023\/01\/notibras23.png\",\"width\":350,\"height\":87,\"caption\":\"Grupo Notibras de Comunica\u00e7\u00e3o\"},\"image\":{\"@id\":\"https:\/\/www.notibras.com\/site\/#\/schema\/logo\/image\/\"},\"sameAs\":[\"https:\/\/www.facebook.com\/notibras\/\",\"https:\/\/x.com\/Notibras\",\"https:\/\/www.instagram.com\/notibras\/\"]},{\"@type\":\"Person\",\"@id\":\"https:\/\/www.notibras.com\/site\/#\/schema\/person\/36ab0979449956132d3e5b517ea76ac8\",\"name\":\"Reda\u00e7\u00e3o\",\"image\":{\"@type\":\"ImageObject\",\"inLanguage\":\"pt-BR\",\"@id\":\"https:\/\/secure.gravatar.com\/avatar\/e0a867bdedb85fd243eadf09663511f96fc81e0720a4a42581f334ad4303aa6b?s=96&d=mm&r=g\",\"url\":\"https:\/\/secure.gravatar.com\/avatar\/e0a867bdedb85fd243eadf09663511f96fc81e0720a4a42581f334ad4303aa6b?s=96&d=mm&r=g\",\"contentUrl\":\"https:\/\/secure.gravatar.com\/avatar\/e0a867bdedb85fd243eadf09663511f96fc81e0720a4a42581f334ad4303aa6b?s=96&d=mm&r=g\",\"caption\":\"Reda\u00e7\u00e3o\"}}]}<\/script>\n<!-- \/ Yoast SEO plugin. -->","yoast_head_json":{"title":"Banco do Brasil lan\u00e7a conta digital para uso em Portugal - Notibras","robots":{"index":"index","follow":"follow","max-snippet":"max-snippet:-1","max-image-preview":"max-image-preview:large","max-video-preview":"max-video-preview:-1"},"canonical":"https:\/\/www.notibras.com\/site\/banco-do-brasil-lanca-conta-digital-para-uso-em-portugal\/","og_locale":"pt_BR","og_type":"article","og_title":"Banco do Brasil lan\u00e7a conta digital para uso em Portugal - Notibras","og_description":"Os clientes do Banco do Brasil podem abrir uma conta digital internacional em Portugal sem sair do Brasil. A novidade, chamada de Conta Digital do BB Portugal, pode ser acessada diretamente pelo aplicativo do banco ou at\u00e9 pelo WhatsApp (61 4004-0001). Na pr\u00e1tica, o servi\u00e7o facilita a vida de quem precisa movimentar dinheiro no exterior, [&hellip;]","og_url":"https:\/\/www.notibras.com\/site\/banco-do-brasil-lanca-conta-digital-para-uso-em-portugal\/","og_site_name":"Notibras","article_publisher":"https:\/\/www.facebook.com\/notibras\/","article_published_time":"2026-04-27T03:00:19+00:00","article_modified_time":"2026-04-27T05:23:04+00:00","og_image":[{"width":1170,"height":700,"url":"https:\/\/www.notibras.com\/site\/wp-content\/uploads\/2026\/04\/csm_dossies_nac_alfamadrone-0370_a3d3518b9e.webp","type":"image\/webp"}],"author":"Reda\u00e7\u00e3o","twitter_card":"summary_large_image","twitter_creator":"@Notibras","twitter_site":"@Notibras","twitter_misc":{"Escrito por":"Reda\u00e7\u00e3o","Est. tempo de leitura":"3 minutos"},"schema":{"@context":"https:\/\/schema.org","@graph":[{"@type":"Article","@id":"https:\/\/www.notibras.com\/site\/banco-do-brasil-lanca-conta-digital-para-uso-em-portugal\/#article","isPartOf":{"@id":"https:\/\/www.notibras.com\/site\/banco-do-brasil-lanca-conta-digital-para-uso-em-portugal\/"},"author":{"name":"Reda\u00e7\u00e3o","@id":"https:\/\/www.notibras.com\/site\/#\/schema\/person\/36ab0979449956132d3e5b517ea76ac8"},"headline":"Banco do Brasil lan\u00e7a conta digital para uso em Portugal","datePublished":"2026-04-27T03:00:19+00:00","dateModified":"2026-04-27T05:23:04+00:00","mainEntityOfPage":{"@id":"https:\/\/www.notibras.com\/site\/banco-do-brasil-lanca-conta-digital-para-uso-em-portugal\/"},"wordCount":441,"publisher":{"@id":"https:\/\/www.notibras.com\/site\/#organization"},"image":{"@id":"https:\/\/www.notibras.com\/site\/banco-do-brasil-lanca-conta-digital-para-uso-em-portugal\/#primaryimage"},"thumbnailUrl":"https:\/\/www.notibras.com\/site\/wp-content\/uploads\/2026\/04\/csm_dossies_nac_alfamadrone-0370_a3d3518b9e.webp","articleSection":["Brasil"],"inLanguage":"pt-BR"},{"@type":"WebPage","@id":"https:\/\/www.notibras.com\/site\/banco-do-brasil-lanca-conta-digital-para-uso-em-portugal\/","url":"https:\/\/www.notibras.com\/site\/banco-do-brasil-lanca-conta-digital-para-uso-em-portugal\/","name":"Banco do Brasil lan\u00e7a conta digital para uso em Portugal - Notibras","isPartOf":{"@id":"https:\/\/www.notibras.com\/site\/#website"},"primaryImageOfPage":{"@id":"https:\/\/www.notibras.com\/site\/banco-do-brasil-lanca-conta-digital-para-uso-em-portugal\/#primaryimage"},"image":{"@id":"https:\/\/www.notibras.com\/site\/banco-do-brasil-lanca-conta-digital-para-uso-em-portugal\/#primaryimage"},"thumbnailUrl":"https:\/\/www.notibras.com\/site\/wp-content\/uploads\/2026\/04\/csm_dossies_nac_alfamadrone-0370_a3d3518b9e.webp","datePublished":"2026-04-27T03:00:19+00:00","dateModified":"2026-04-27T05:23:04+00:00","breadcrumb":{"@id":"https:\/\/www.notibras.com\/site\/banco-do-brasil-lanca-conta-digital-para-uso-em-portugal\/#breadcrumb"},"inLanguage":"pt-BR","potentialAction":[{"@type":"ReadAction","target":["https:\/\/www.notibras.com\/site\/banco-do-brasil-lanca-conta-digital-para-uso-em-portugal\/"]}]},{"@type":"ImageObject","inLanguage":"pt-BR","@id":"https:\/\/www.notibras.com\/site\/banco-do-brasil-lanca-conta-digital-para-uso-em-portugal\/#primaryimage","url":"https:\/\/www.notibras.com\/site\/wp-content\/uploads\/2026\/04\/csm_dossies_nac_alfamadrone-0370_a3d3518b9e.webp","contentUrl":"https:\/\/www.notibras.com\/site\/wp-content\/uploads\/2026\/04\/csm_dossies_nac_alfamadrone-0370_a3d3518b9e.webp","width":1170,"height":700},{"@type":"BreadcrumbList","@id":"https:\/\/www.notibras.com\/site\/banco-do-brasil-lanca-conta-digital-para-uso-em-portugal\/#breadcrumb","itemListElement":[{"@type":"ListItem","position":1,"name":"In\u00edcio","item":"https:\/\/www.notibras.com\/site\/"},{"@type":"ListItem","position":2,"name":"Banco do Brasil lan\u00e7a conta digital para uso em Portugal"}]},{"@type":"WebSite","@id":"https:\/\/www.notibras.com\/site\/#website","url":"https:\/\/www.notibras.com\/site\/","name":"Notibras","description":"Not\u00edcias de Bras\u00edlia, do Brasil e do Mundo","publisher":{"@id":"https:\/\/www.notibras.com\/site\/#organization"},"potentialAction":[{"@type":"SearchAction","target":{"@type":"EntryPoint","urlTemplate":"https:\/\/www.notibras.com\/site\/?s={search_term_string}"},"query-input":{"@type":"PropertyValueSpecification","valueRequired":true,"valueName":"search_term_string"}}],"inLanguage":"pt-BR"},{"@type":"Organization","@id":"https:\/\/www.notibras.com\/site\/#organization","name":"Grupo Notibras de Comunica\u00e7\u00e3o","url":"https:\/\/www.notibras.com\/site\/","logo":{"@type":"ImageObject","inLanguage":"pt-BR","@id":"https:\/\/www.notibras.com\/site\/#\/schema\/logo\/image\/","url":"https:\/\/www.notibras.com\/site\/wp-content\/uploads\/2023\/01\/notibras23.png","contentUrl":"https:\/\/www.notibras.com\/site\/wp-content\/uploads\/2023\/01\/notibras23.png","width":350,"height":87,"caption":"Grupo Notibras de Comunica\u00e7\u00e3o"},"image":{"@id":"https:\/\/www.notibras.com\/site\/#\/schema\/logo\/image\/"},"sameAs":["https:\/\/www.facebook.com\/notibras\/","https:\/\/x.com\/Notibras","https:\/\/www.instagram.com\/notibras\/"]},{"@type":"Person","@id":"https:\/\/www.notibras.com\/site\/#\/schema\/person\/36ab0979449956132d3e5b517ea76ac8","name":"Reda\u00e7\u00e3o","image":{"@type":"ImageObject","inLanguage":"pt-BR","@id":"https:\/\/secure.gravatar.com\/avatar\/e0a867bdedb85fd243eadf09663511f96fc81e0720a4a42581f334ad4303aa6b?s=96&d=mm&r=g","url":"https:\/\/secure.gravatar.com\/avatar\/e0a867bdedb85fd243eadf09663511f96fc81e0720a4a42581f334ad4303aa6b?s=96&d=mm&r=g","contentUrl":"https:\/\/secure.gravatar.com\/avatar\/e0a867bdedb85fd243eadf09663511f96fc81e0720a4a42581f334ad4303aa6b?s=96&d=mm&r=g","caption":"Reda\u00e7\u00e3o"}}]}},"amp_enabled":true,"_links":{"self":[{"href":"https:\/\/www.notibras.com\/site\/wp-json\/wp\/v2\/posts\/392675","targetHints":{"allow":["GET"]}}],"collection":[{"href":"https:\/\/www.notibras.com\/site\/wp-json\/wp\/v2\/posts"}],"about":[{"href":"https:\/\/www.notibras.com\/site\/wp-json\/wp\/v2\/types\/post"}],"author":[{"embeddable":true,"href":"https:\/\/www.notibras.com\/site\/wp-json\/wp\/v2\/users\/2"}],"replies":[{"embeddable":true,"href":"https:\/\/www.notibras.com\/site\/wp-json\/wp\/v2\/comments?post=392675"}],"version-history":[{"count":1,"href":"https:\/\/www.notibras.com\/site\/wp-json\/wp\/v2\/posts\/392675\/revisions"}],"predecessor-version":[{"id":392677,"href":"https:\/\/www.notibras.com\/site\/wp-json\/wp\/v2\/posts\/392675\/revisions\/392677"}],"wp:featuredmedia":[{"embeddable":true,"href":"https:\/\/www.notibras.com\/site\/wp-json\/wp\/v2\/media\/392676"}],"wp:attachment":[{"href":"https:\/\/www.notibras.com\/site\/wp-json\/wp\/v2\/media?parent=392675"}],"wp:term":[{"taxonomy":"category","embeddable":true,"href":"https:\/\/www.notibras.com\/site\/wp-json\/wp\/v2\/categories?post=392675"},{"taxonomy":"post_tag","embeddable":true,"href":"https:\/\/www.notibras.com\/site\/wp-json\/wp\/v2\/tags?post=392675"}],"curies":[{"name":"wp","href":"https:\/\/api.w.org\/{rel}","templated":true}]}}