{"id":392684,"date":"2026-04-27T03:36:50","date_gmt":"2026-04-27T06:36:50","guid":{"rendered":"https:\/\/www.notibras.com\/site\/?p=392684"},"modified":"2026-04-27T03:43:39","modified_gmt":"2026-04-27T06:43:39","slug":"marqueteiros-se-adaptam-as-normas-que-valem-desde-o-distrital-ao-governador","status":"publish","type":"post","link":"https:\/\/www.notibras.com\/site\/marqueteiros-se-adaptam-as-normas-que-valem-desde-o-distrital-ao-governador\/","title":{"rendered":"Marqueteiros se adaptam \u00e0s normas que valem desde o distrital ao governador"},"content":{"rendered":"<p>A cada novo ciclo eleitoral, as regras estabelecidas pelo Tribunal Superior Eleitoral (TSE) buscam garantir maior equil\u00edbrio na disputa pol\u00edtica e coibir pr\u00e1ticas abusivas. No entanto, em um cen\u00e1rio marcado pela r\u00e1pida evolu\u00e7\u00e3o tecnol\u00f3gica e pela centralidade das redes sociais, marqueteiros pol\u00edticos t\u00eam ajustado suas estrat\u00e9gias para atuar dentro e, muitas vezes, no limite dessas normas.<\/p>\n<p>Nos \u00faltimos anos, o TSE ampliou significativamente a regulamenta\u00e7\u00e3o sobre propaganda eleitoral, especialmente no ambiente digital. O foco passou a incluir o controle de an\u00fancios pagos na internet, a obrigatoriedade de identifica\u00e7\u00e3o de conte\u00fados patrocinados, o combate \u00e0 desinforma\u00e7\u00e3o e, mais recentemente, a tentativa de disciplinar o uso de intelig\u00eancia artificial nas campanhas. Ainda assim, a velocidade com que novas ferramentas surgem imp\u00f5e desafios constantes \u00e0 capacidade de fiscaliza\u00e7\u00e3o e atualiza\u00e7\u00e3o das regras.<\/p>\n<p>Nesse contexto, plataformas como Instagram, TikTok e WhatsApp tornaram-se protagonistas na comunica\u00e7\u00e3o pol\u00edtica, ampliando o alcance das campanhas e permitindo uma segmenta\u00e7\u00e3o cada vez mais precisa do eleitorado. Diante das restri\u00e7\u00f5es impostas pela legisla\u00e7\u00e3o, profissionais de marketing pol\u00edtico t\u00eam investido em estrat\u00e9gias que priorizam o engajamento org\u00e2nico, evitando a caracteriza\u00e7\u00e3o direta de propaganda paga, al\u00e9m de recorrer ao uso de influenciadores digitais, cuja atua\u00e7\u00e3o nem sempre se encaixa claramente nas normas tradicionais. Uma aposta que est\u00e1 ganhando espa\u00e7o \u00e9 a veicula\u00e7\u00e3o de mat\u00e9rias institucionais, propositivas, em portais de not\u00edcias.<\/p>\n<p>Ao mesmo tempo, campanhas desenvolvem narrativas indiretas e conte\u00fados que transitam em uma zona interpretativa da legisla\u00e7\u00e3o eleitoral, explorando brechas sem necessariamente infringir regras expl\u00edcitas. Esse movimento \u00e9 frequentemente acompanhado por equipes jur\u00eddicas, que atuam para respaldar as a\u00e7\u00f5es adotadas e reduzir riscos de san\u00e7\u00f5es. N\u00e3o raramente, disputas judiciais surgem justamente da dificuldade em delimitar o que configura propaganda antecipada, impulsionamento irregular ou dissemina\u00e7\u00e3o de conte\u00fado enganoso.<\/p>\n<p>O combate \u00e0 desinforma\u00e7\u00e3o tornou-se um dos principais eixos de atua\u00e7\u00e3o da Justi\u00e7a Eleitoral, que tem intensificado medidas de remo\u00e7\u00e3o de conte\u00fados falsos e fortalecido parcerias com plataformas digitais. Apesar disso, especialistas apontam que o problema persiste, sobretudo em ambientes de comunica\u00e7\u00e3o privada, como aplicativos de mensagens, onde o controle \u00e9 mais limitado e a dissemina\u00e7\u00e3o de informa\u00e7\u00f5es ocorre de forma descentralizada e r\u00e1pida.<\/p>\n<p>Na realidade, o cen\u00e1rio eleitoral come\u00e7a a refletir uma din\u00e2mica cont\u00ednua de adapta\u00e7\u00e3o entre regula\u00e7\u00e3o e pr\u00e1tica. Enquanto o TSE busca atualizar suas normas para preservar a lisura do processo democr\u00e1tico, marqueteiros seguem inovando em suas estrat\u00e9gias para maximizar alcance pol\u00edtico dentro das possibilidades legais. Na imprensa digital, o equil\u00edbrio entre liberdade de express\u00e3o, transpar\u00eancia e justi\u00e7a eleitoral permanece como um desafio central, pois as regras devem ser respeitadas \u00e0 risca.<\/p>\n","protected":false},"excerpt":{"rendered":"<p>A cada novo ciclo eleitoral, as regras estabelecidas pelo Tribunal Superior Eleitoral (TSE) buscam garantir maior equil\u00edbrio na disputa pol\u00edtica e coibir pr\u00e1ticas abusivas. No entanto, em um cen\u00e1rio marcado pela r\u00e1pida evolu\u00e7\u00e3o tecnol\u00f3gica e pela centralidade das redes sociais, marqueteiros pol\u00edticos t\u00eam ajustado suas estrat\u00e9gias para atuar dentro e, muitas vezes, no limite dessas [&hellip;]<\/p>\n","protected":false},"author":2,"featured_media":392685,"comment_status":"closed","ping_status":"closed","sticky":false,"template":"","format":"standard","meta":{"_acf_changed":false,"footnotes":""},"categories":[239],"tags":[],"class_list":["post-392684","post","type-post","status-publish","format-standard","has-post-thumbnail","hentry","category-eleicoes-brasilia"],"acf":[],"yoast_head":"<!-- This site is optimized with the Yoast SEO plugin v27.2 - https:\/\/yoast.com\/product\/yoast-seo-wordpress\/ -->\n<title>Marqueteiros se adaptam \u00e0s normas que valem desde o distrital ao governador - Notibras<\/title>\n<meta name=\"robots\" content=\"index, follow, max-snippet:-1, max-image-preview:large, max-video-preview:-1\" \/>\n<link rel=\"canonical\" href=\"https:\/\/www.notibras.com\/site\/marqueteiros-se-adaptam-as-normas-que-valem-desde-o-distrital-ao-governador\/\" \/>\n<meta property=\"og:locale\" content=\"pt_BR\" \/>\n<meta property=\"og:type\" content=\"article\" \/>\n<meta property=\"og:title\" content=\"Marqueteiros se adaptam \u00e0s normas que valem desde o distrital ao governador - Notibras\" \/>\n<meta property=\"og:description\" content=\"A cada novo ciclo eleitoral, as regras estabelecidas pelo Tribunal Superior Eleitoral (TSE) buscam garantir maior equil\u00edbrio na disputa pol\u00edtica e coibir pr\u00e1ticas abusivas. No entanto, em um cen\u00e1rio marcado pela r\u00e1pida evolu\u00e7\u00e3o tecnol\u00f3gica e pela centralidade das redes sociais, marqueteiros pol\u00edticos t\u00eam ajustado suas estrat\u00e9gias para atuar dentro e, muitas vezes, no limite dessas [&hellip;]\" \/>\n<meta property=\"og:url\" content=\"https:\/\/www.notibras.com\/site\/marqueteiros-se-adaptam-as-normas-que-valem-desde-o-distrital-ao-governador\/\" \/>\n<meta property=\"og:site_name\" content=\"Notibras\" \/>\n<meta property=\"article:publisher\" content=\"https:\/\/www.facebook.com\/notibras\/\" \/>\n<meta property=\"article:published_time\" content=\"2026-04-27T06:36:50+00:00\" \/>\n<meta property=\"article:modified_time\" content=\"2026-04-27T06:43:39+00:00\" \/>\n<meta property=\"og:image\" content=\"https:\/\/www.notibras.com\/site\/wp-content\/uploads\/2026\/04\/ced32018-f2ce-4ad0-85a4-9974e666f3f9.png\" \/>\n\t<meta property=\"og:image:width\" content=\"1536\" \/>\n\t<meta property=\"og:image:height\" content=\"1024\" \/>\n\t<meta property=\"og:image:type\" content=\"image\/png\" \/>\n<meta name=\"author\" content=\"Reda\u00e7\u00e3o\" \/>\n<meta name=\"twitter:card\" content=\"summary_large_image\" \/>\n<meta name=\"twitter:creator\" content=\"@Notibras\" \/>\n<meta name=\"twitter:site\" content=\"@Notibras\" \/>\n<meta name=\"twitter:label1\" content=\"Escrito por\" \/>\n\t<meta name=\"twitter:data1\" content=\"Reda\u00e7\u00e3o\" \/>\n\t<meta name=\"twitter:label2\" content=\"Est. tempo de leitura\" \/>\n\t<meta name=\"twitter:data2\" content=\"3 minutos\" \/>\n<script type=\"application\/ld+json\" class=\"yoast-schema-graph\">{\"@context\":\"https:\/\/schema.org\",\"@graph\":[{\"@type\":\"Article\",\"@id\":\"https:\/\/www.notibras.com\/site\/marqueteiros-se-adaptam-as-normas-que-valem-desde-o-distrital-ao-governador\/#article\",\"isPartOf\":{\"@id\":\"https:\/\/www.notibras.com\/site\/marqueteiros-se-adaptam-as-normas-que-valem-desde-o-distrital-ao-governador\/\"},\"author\":{\"name\":\"Reda\u00e7\u00e3o\",\"@id\":\"https:\/\/www.notibras.com\/site\/#\/schema\/person\/36ab0979449956132d3e5b517ea76ac8\"},\"headline\":\"Marqueteiros se adaptam \u00e0s normas que valem desde o distrital ao governador\",\"datePublished\":\"2026-04-27T06:36:50+00:00\",\"dateModified\":\"2026-04-27T06:43:39+00:00\",\"mainEntityOfPage\":{\"@id\":\"https:\/\/www.notibras.com\/site\/marqueteiros-se-adaptam-as-normas-que-valem-desde-o-distrital-ao-governador\/\"},\"wordCount\":492,\"publisher\":{\"@id\":\"https:\/\/www.notibras.com\/site\/#organization\"},\"image\":{\"@id\":\"https:\/\/www.notibras.com\/site\/marqueteiros-se-adaptam-as-normas-que-valem-desde-o-distrital-ao-governador\/#primaryimage\"},\"thumbnailUrl\":\"https:\/\/www.notibras.com\/site\/wp-content\/uploads\/2026\/04\/ced32018-f2ce-4ad0-85a4-9974e666f3f9.png\",\"articleSection\":[\"Elei\u00e7\u00f5es Bras\u00edlia\"],\"inLanguage\":\"pt-BR\"},{\"@type\":\"WebPage\",\"@id\":\"https:\/\/www.notibras.com\/site\/marqueteiros-se-adaptam-as-normas-que-valem-desde-o-distrital-ao-governador\/\",\"url\":\"https:\/\/www.notibras.com\/site\/marqueteiros-se-adaptam-as-normas-que-valem-desde-o-distrital-ao-governador\/\",\"name\":\"Marqueteiros se adaptam \u00e0s normas que valem desde o distrital ao governador - Notibras\",\"isPartOf\":{\"@id\":\"https:\/\/www.notibras.com\/site\/#website\"},\"primaryImageOfPage\":{\"@id\":\"https:\/\/www.notibras.com\/site\/marqueteiros-se-adaptam-as-normas-que-valem-desde-o-distrital-ao-governador\/#primaryimage\"},\"image\":{\"@id\":\"https:\/\/www.notibras.com\/site\/marqueteiros-se-adaptam-as-normas-que-valem-desde-o-distrital-ao-governador\/#primaryimage\"},\"thumbnailUrl\":\"https:\/\/www.notibras.com\/site\/wp-content\/uploads\/2026\/04\/ced32018-f2ce-4ad0-85a4-9974e666f3f9.png\",\"datePublished\":\"2026-04-27T06:36:50+00:00\",\"dateModified\":\"2026-04-27T06:43:39+00:00\",\"breadcrumb\":{\"@id\":\"https:\/\/www.notibras.com\/site\/marqueteiros-se-adaptam-as-normas-que-valem-desde-o-distrital-ao-governador\/#breadcrumb\"},\"inLanguage\":\"pt-BR\",\"potentialAction\":[{\"@type\":\"ReadAction\",\"target\":[\"https:\/\/www.notibras.com\/site\/marqueteiros-se-adaptam-as-normas-que-valem-desde-o-distrital-ao-governador\/\"]}]},{\"@type\":\"ImageObject\",\"inLanguage\":\"pt-BR\",\"@id\":\"https:\/\/www.notibras.com\/site\/marqueteiros-se-adaptam-as-normas-que-valem-desde-o-distrital-ao-governador\/#primaryimage\",\"url\":\"https:\/\/www.notibras.com\/site\/wp-content\/uploads\/2026\/04\/ced32018-f2ce-4ad0-85a4-9974e666f3f9.png\",\"contentUrl\":\"https:\/\/www.notibras.com\/site\/wp-content\/uploads\/2026\/04\/ced32018-f2ce-4ad0-85a4-9974e666f3f9.png\",\"width\":1536,\"height\":1024},{\"@type\":\"BreadcrumbList\",\"@id\":\"https:\/\/www.notibras.com\/site\/marqueteiros-se-adaptam-as-normas-que-valem-desde-o-distrital-ao-governador\/#breadcrumb\",\"itemListElement\":[{\"@type\":\"ListItem\",\"position\":1,\"name\":\"In\u00edcio\",\"item\":\"https:\/\/www.notibras.com\/site\/\"},{\"@type\":\"ListItem\",\"position\":2,\"name\":\"Marqueteiros se adaptam \u00e0s normas que valem desde o distrital ao governador\"}]},{\"@type\":\"WebSite\",\"@id\":\"https:\/\/www.notibras.com\/site\/#website\",\"url\":\"https:\/\/www.notibras.com\/site\/\",\"name\":\"Notibras\",\"description\":\"Not\u00edcias de Bras\u00edlia, do Brasil e do Mundo\",\"publisher\":{\"@id\":\"https:\/\/www.notibras.com\/site\/#organization\"},\"potentialAction\":[{\"@type\":\"SearchAction\",\"target\":{\"@type\":\"EntryPoint\",\"urlTemplate\":\"https:\/\/www.notibras.com\/site\/?s={search_term_string}\"},\"query-input\":{\"@type\":\"PropertyValueSpecification\",\"valueRequired\":true,\"valueName\":\"search_term_string\"}}],\"inLanguage\":\"pt-BR\"},{\"@type\":\"Organization\",\"@id\":\"https:\/\/www.notibras.com\/site\/#organization\",\"name\":\"Grupo Notibras de Comunica\u00e7\u00e3o\",\"url\":\"https:\/\/www.notibras.com\/site\/\",\"logo\":{\"@type\":\"ImageObject\",\"inLanguage\":\"pt-BR\",\"@id\":\"https:\/\/www.notibras.com\/site\/#\/schema\/logo\/image\/\",\"url\":\"https:\/\/www.notibras.com\/site\/wp-content\/uploads\/2023\/01\/notibras23.png\",\"contentUrl\":\"https:\/\/www.notibras.com\/site\/wp-content\/uploads\/2023\/01\/notibras23.png\",\"width\":350,\"height\":87,\"caption\":\"Grupo Notibras de Comunica\u00e7\u00e3o\"},\"image\":{\"@id\":\"https:\/\/www.notibras.com\/site\/#\/schema\/logo\/image\/\"},\"sameAs\":[\"https:\/\/www.facebook.com\/notibras\/\",\"https:\/\/x.com\/Notibras\",\"https:\/\/www.instagram.com\/notibras\/\"]},{\"@type\":\"Person\",\"@id\":\"https:\/\/www.notibras.com\/site\/#\/schema\/person\/36ab0979449956132d3e5b517ea76ac8\",\"name\":\"Reda\u00e7\u00e3o\",\"image\":{\"@type\":\"ImageObject\",\"inLanguage\":\"pt-BR\",\"@id\":\"https:\/\/secure.gravatar.com\/avatar\/e0a867bdedb85fd243eadf09663511f96fc81e0720a4a42581f334ad4303aa6b?s=96&d=mm&r=g\",\"url\":\"https:\/\/secure.gravatar.com\/avatar\/e0a867bdedb85fd243eadf09663511f96fc81e0720a4a42581f334ad4303aa6b?s=96&d=mm&r=g\",\"contentUrl\":\"https:\/\/secure.gravatar.com\/avatar\/e0a867bdedb85fd243eadf09663511f96fc81e0720a4a42581f334ad4303aa6b?s=96&d=mm&r=g\",\"caption\":\"Reda\u00e7\u00e3o\"}}]}<\/script>\n<!-- \/ Yoast SEO plugin. -->","yoast_head_json":{"title":"Marqueteiros se adaptam \u00e0s normas que valem desde o distrital ao governador - Notibras","robots":{"index":"index","follow":"follow","max-snippet":"max-snippet:-1","max-image-preview":"max-image-preview:large","max-video-preview":"max-video-preview:-1"},"canonical":"https:\/\/www.notibras.com\/site\/marqueteiros-se-adaptam-as-normas-que-valem-desde-o-distrital-ao-governador\/","og_locale":"pt_BR","og_type":"article","og_title":"Marqueteiros se adaptam \u00e0s normas que valem desde o distrital ao governador - Notibras","og_description":"A cada novo ciclo eleitoral, as regras estabelecidas pelo Tribunal Superior Eleitoral (TSE) buscam garantir maior equil\u00edbrio na disputa pol\u00edtica e coibir pr\u00e1ticas abusivas. No entanto, em um cen\u00e1rio marcado pela r\u00e1pida evolu\u00e7\u00e3o tecnol\u00f3gica e pela centralidade das redes sociais, marqueteiros pol\u00edticos t\u00eam ajustado suas estrat\u00e9gias para atuar dentro e, muitas vezes, no limite dessas [&hellip;]","og_url":"https:\/\/www.notibras.com\/site\/marqueteiros-se-adaptam-as-normas-que-valem-desde-o-distrital-ao-governador\/","og_site_name":"Notibras","article_publisher":"https:\/\/www.facebook.com\/notibras\/","article_published_time":"2026-04-27T06:36:50+00:00","article_modified_time":"2026-04-27T06:43:39+00:00","og_image":[{"width":1536,"height":1024,"url":"https:\/\/www.notibras.com\/site\/wp-content\/uploads\/2026\/04\/ced32018-f2ce-4ad0-85a4-9974e666f3f9.png","type":"image\/png"}],"author":"Reda\u00e7\u00e3o","twitter_card":"summary_large_image","twitter_creator":"@Notibras","twitter_site":"@Notibras","twitter_misc":{"Escrito por":"Reda\u00e7\u00e3o","Est. tempo de leitura":"3 minutos"},"schema":{"@context":"https:\/\/schema.org","@graph":[{"@type":"Article","@id":"https:\/\/www.notibras.com\/site\/marqueteiros-se-adaptam-as-normas-que-valem-desde-o-distrital-ao-governador\/#article","isPartOf":{"@id":"https:\/\/www.notibras.com\/site\/marqueteiros-se-adaptam-as-normas-que-valem-desde-o-distrital-ao-governador\/"},"author":{"name":"Reda\u00e7\u00e3o","@id":"https:\/\/www.notibras.com\/site\/#\/schema\/person\/36ab0979449956132d3e5b517ea76ac8"},"headline":"Marqueteiros se adaptam \u00e0s normas que valem desde o distrital ao governador","datePublished":"2026-04-27T06:36:50+00:00","dateModified":"2026-04-27T06:43:39+00:00","mainEntityOfPage":{"@id":"https:\/\/www.notibras.com\/site\/marqueteiros-se-adaptam-as-normas-que-valem-desde-o-distrital-ao-governador\/"},"wordCount":492,"publisher":{"@id":"https:\/\/www.notibras.com\/site\/#organization"},"image":{"@id":"https:\/\/www.notibras.com\/site\/marqueteiros-se-adaptam-as-normas-que-valem-desde-o-distrital-ao-governador\/#primaryimage"},"thumbnailUrl":"https:\/\/www.notibras.com\/site\/wp-content\/uploads\/2026\/04\/ced32018-f2ce-4ad0-85a4-9974e666f3f9.png","articleSection":["Elei\u00e7\u00f5es Bras\u00edlia"],"inLanguage":"pt-BR"},{"@type":"WebPage","@id":"https:\/\/www.notibras.com\/site\/marqueteiros-se-adaptam-as-normas-que-valem-desde-o-distrital-ao-governador\/","url":"https:\/\/www.notibras.com\/site\/marqueteiros-se-adaptam-as-normas-que-valem-desde-o-distrital-ao-governador\/","name":"Marqueteiros se adaptam \u00e0s normas que valem desde o distrital ao governador - Notibras","isPartOf":{"@id":"https:\/\/www.notibras.com\/site\/#website"},"primaryImageOfPage":{"@id":"https:\/\/www.notibras.com\/site\/marqueteiros-se-adaptam-as-normas-que-valem-desde-o-distrital-ao-governador\/#primaryimage"},"image":{"@id":"https:\/\/www.notibras.com\/site\/marqueteiros-se-adaptam-as-normas-que-valem-desde-o-distrital-ao-governador\/#primaryimage"},"thumbnailUrl":"https:\/\/www.notibras.com\/site\/wp-content\/uploads\/2026\/04\/ced32018-f2ce-4ad0-85a4-9974e666f3f9.png","datePublished":"2026-04-27T06:36:50+00:00","dateModified":"2026-04-27T06:43:39+00:00","breadcrumb":{"@id":"https:\/\/www.notibras.com\/site\/marqueteiros-se-adaptam-as-normas-que-valem-desde-o-distrital-ao-governador\/#breadcrumb"},"inLanguage":"pt-BR","potentialAction":[{"@type":"ReadAction","target":["https:\/\/www.notibras.com\/site\/marqueteiros-se-adaptam-as-normas-que-valem-desde-o-distrital-ao-governador\/"]}]},{"@type":"ImageObject","inLanguage":"pt-BR","@id":"https:\/\/www.notibras.com\/site\/marqueteiros-se-adaptam-as-normas-que-valem-desde-o-distrital-ao-governador\/#primaryimage","url":"https:\/\/www.notibras.com\/site\/wp-content\/uploads\/2026\/04\/ced32018-f2ce-4ad0-85a4-9974e666f3f9.png","contentUrl":"https:\/\/www.notibras.com\/site\/wp-content\/uploads\/2026\/04\/ced32018-f2ce-4ad0-85a4-9974e666f3f9.png","width":1536,"height":1024},{"@type":"BreadcrumbList","@id":"https:\/\/www.notibras.com\/site\/marqueteiros-se-adaptam-as-normas-que-valem-desde-o-distrital-ao-governador\/#breadcrumb","itemListElement":[{"@type":"ListItem","position":1,"name":"In\u00edcio","item":"https:\/\/www.notibras.com\/site\/"},{"@type":"ListItem","position":2,"name":"Marqueteiros se adaptam \u00e0s normas que valem desde o distrital ao governador"}]},{"@type":"WebSite","@id":"https:\/\/www.notibras.com\/site\/#website","url":"https:\/\/www.notibras.com\/site\/","name":"Notibras","description":"Not\u00edcias de Bras\u00edlia, do Brasil e do Mundo","publisher":{"@id":"https:\/\/www.notibras.com\/site\/#organization"},"potentialAction":[{"@type":"SearchAction","target":{"@type":"EntryPoint","urlTemplate":"https:\/\/www.notibras.com\/site\/?s={search_term_string}"},"query-input":{"@type":"PropertyValueSpecification","valueRequired":true,"valueName":"search_term_string"}}],"inLanguage":"pt-BR"},{"@type":"Organization","@id":"https:\/\/www.notibras.com\/site\/#organization","name":"Grupo Notibras de Comunica\u00e7\u00e3o","url":"https:\/\/www.notibras.com\/site\/","logo":{"@type":"ImageObject","inLanguage":"pt-BR","@id":"https:\/\/www.notibras.com\/site\/#\/schema\/logo\/image\/","url":"https:\/\/www.notibras.com\/site\/wp-content\/uploads\/2023\/01\/notibras23.png","contentUrl":"https:\/\/www.notibras.com\/site\/wp-content\/uploads\/2023\/01\/notibras23.png","width":350,"height":87,"caption":"Grupo Notibras de Comunica\u00e7\u00e3o"},"image":{"@id":"https:\/\/www.notibras.com\/site\/#\/schema\/logo\/image\/"},"sameAs":["https:\/\/www.facebook.com\/notibras\/","https:\/\/x.com\/Notibras","https:\/\/www.instagram.com\/notibras\/"]},{"@type":"Person","@id":"https:\/\/www.notibras.com\/site\/#\/schema\/person\/36ab0979449956132d3e5b517ea76ac8","name":"Reda\u00e7\u00e3o","image":{"@type":"ImageObject","inLanguage":"pt-BR","@id":"https:\/\/secure.gravatar.com\/avatar\/e0a867bdedb85fd243eadf09663511f96fc81e0720a4a42581f334ad4303aa6b?s=96&d=mm&r=g","url":"https:\/\/secure.gravatar.com\/avatar\/e0a867bdedb85fd243eadf09663511f96fc81e0720a4a42581f334ad4303aa6b?s=96&d=mm&r=g","contentUrl":"https:\/\/secure.gravatar.com\/avatar\/e0a867bdedb85fd243eadf09663511f96fc81e0720a4a42581f334ad4303aa6b?s=96&d=mm&r=g","caption":"Reda\u00e7\u00e3o"}}]}},"amp_enabled":true,"_links":{"self":[{"href":"https:\/\/www.notibras.com\/site\/wp-json\/wp\/v2\/posts\/392684","targetHints":{"allow":["GET"]}}],"collection":[{"href":"https:\/\/www.notibras.com\/site\/wp-json\/wp\/v2\/posts"}],"about":[{"href":"https:\/\/www.notibras.com\/site\/wp-json\/wp\/v2\/types\/post"}],"author":[{"embeddable":true,"href":"https:\/\/www.notibras.com\/site\/wp-json\/wp\/v2\/users\/2"}],"replies":[{"embeddable":true,"href":"https:\/\/www.notibras.com\/site\/wp-json\/wp\/v2\/comments?post=392684"}],"version-history":[{"count":6,"href":"https:\/\/www.notibras.com\/site\/wp-json\/wp\/v2\/posts\/392684\/revisions"}],"predecessor-version":[{"id":392691,"href":"https:\/\/www.notibras.com\/site\/wp-json\/wp\/v2\/posts\/392684\/revisions\/392691"}],"wp:featuredmedia":[{"embeddable":true,"href":"https:\/\/www.notibras.com\/site\/wp-json\/wp\/v2\/media\/392685"}],"wp:attachment":[{"href":"https:\/\/www.notibras.com\/site\/wp-json\/wp\/v2\/media?parent=392684"}],"wp:term":[{"taxonomy":"category","embeddable":true,"href":"https:\/\/www.notibras.com\/site\/wp-json\/wp\/v2\/categories?post=392684"},{"taxonomy":"post_tag","embeddable":true,"href":"https:\/\/www.notibras.com\/site\/wp-json\/wp\/v2\/tags?post=392684"}],"curies":[{"name":"wp","href":"https:\/\/api.w.org\/{rel}","templated":true}]}}