{"id":392692,"date":"2026-04-28T01:15:50","date_gmt":"2026-04-28T04:15:50","guid":{"rendered":"https:\/\/www.notibras.com\/site\/?p=392692"},"modified":"2026-04-27T06:47:40","modified_gmt":"2026-04-27T09:47:40","slug":"quatro-livros-em-busca-de-um-lugar","status":"publish","type":"post","link":"https:\/\/www.notibras.com\/site\/quatro-livros-em-busca-de-um-lugar\/","title":{"rendered":"Quatro livros em busca de um lugar"},"content":{"rendered":"<p>Descobrir uma cidade a partir de quem escreve nela, \u00e0s vezes sobre ela, pode ser uma aventura divertida e diferente. Nas \u00faltimas semanas foquei minhas leituras em autores de Bras\u00edlia, n\u00e3o necessariamente nascidos aqui, mas tamb\u00e9m aqueles ou aquelas que vieram de fora e escolheram viver no Distrito Federal.<\/p>\n<p>Separei para esta resenha, escrita na semana em que a capital completa 66 anos, quatro livros, onde o \u00fanico crit\u00e9rio adotado foi a falta de crit\u00e9rio. Minto. Foram livros que chegaram at\u00e9 mim, indicados por outros leitores ou deixados sobre a minha mesa de trabalho por quem conhece a minha paix\u00e3o pela literatura. O aleat\u00f3rio, acreditem, \u00e9 capaz de criar crit\u00e9rios que a pr\u00f3pria raz\u00e3o desconhece.<\/p>\n<p style=\"text-align: center;\"><img loading=\"lazy\" decoding=\"async\" class=\"alignnone  wp-image-392696\" src=\"https:\/\/www.notibras.com\/site\/wp-content\/uploads\/2026\/04\/WhatsApp-Image-2026-04-27-at-06.38.59-200x300.jpeg\" alt=\"\" width=\"352\" height=\"528\" srcset=\"https:\/\/www.notibras.com\/site\/wp-content\/uploads\/2026\/04\/WhatsApp-Image-2026-04-27-at-06.38.59-200x300.jpeg 200w, https:\/\/www.notibras.com\/site\/wp-content\/uploads\/2026\/04\/WhatsApp-Image-2026-04-27-at-06.38.59.jpeg 530w\" sizes=\"auto, (max-width: 352px) 100vw, 352px\" \/><\/p>\n<p><strong>Um romance de gera\u00e7\u00e3o<\/strong><\/p>\n<p>Come\u00e7o pelo romance O grande amor de nossas vidas, do baiano Ivan Sergio Santos, radicado em Bras\u00edlia. Mesmo sendo uma \u201cedi\u00e7\u00e3o do autor\u201d, ou por isso mesmo, o livro tem acabamento de primeira, da capa ao miolo. Em 327 p\u00e1ginas Ivan Sergio conta a hist\u00f3ria de dois amigos que cresceram em Bras\u00edlia durante a ditadura militar e eram apaixonados pela mesma mulher. O grande amor de nossas vidas foi premiado com a Bolsa de Cria\u00e7\u00e3o Liter\u00e1ria Funarte\/Biblioteca Nacional.<\/p>\n<p>O romance cobre quarenta anos de hist\u00f3ria \u2013 do in\u00edcio dos anos sessenta ao come\u00e7o do s\u00e9culo 21. Pedro, Raul e Ana Maria, que comp\u00f5em o tri\u00e2ngulo amoroso, s\u00e3o adolescentes, no in\u00edcio da narrativa; jovens, no desenvolvimento da hist\u00f3ria; e adultos, ao final, mas em todos os momentos marcados pela ditadura militar que durou 21 anos e alterou profundamente os sonhos de uma gera\u00e7\u00e3o.<\/p>\n<p>Ivan Sergio \u00e9 h\u00e1bil narrador e consegue contextualizar as hist\u00f3rias dos personagens com os acontecimentos ocorridos no Brasil naqueles quarenta anos que abrangem o fim do governo Jo\u00e3o Goulart, a ditadura empresarial-militar (1964-1985), a redemocratiza\u00e7\u00e3o e o in\u00edcio do governo Lula. \u00c9 livro que se l\u00ea com prazer, apesar das passagens terr\u00edveis envolvendo torturas e trai\u00e7\u00f5es, que tornam a aventura das personagens principais ainda mais dolorida.<\/p>\n<p>Jornalista com vasta experi\u00eancia, Ivan Sergio Santos tamb\u00e9m soube trazer para sua narrativa figuras da fauna pol\u00edtica e da vida bo\u00eamia da cidade. Tais personagens trazem humor para o romance, mesmo quando protagonizam hist\u00f3rias pouco edificantes. Sem estar preocupado em entregar um livro politicamente correto, mas que em nenhum momento se perde no anedot\u00e1rio de uma gera\u00e7\u00e3o, O grande amor de nossas vidas \u00e9 um relato sincero, consistente e veross\u00edmil sobre uma cidade que, mal surgida dos canteiros de obras, teve que suportar o peso dos anos de chumbo.<\/p>\n<p>O jornalista Carlos Henrique, que assina a orelha do livro, afirma que a obra de Ivan Sergio \u201c\u00e9 sim um romance de gera\u00e7\u00e3o\u201d. Para ele, \u201cPedro, Raul e Ana Maria somos n\u00f3s, que nos am\u00e1vamos tanto e tivemos a juventude sufocada por 20 anos sob o regime est\u00fapido do medo\u201d.<\/p>\n<p><img loading=\"lazy\" decoding=\"async\" class=\"wp-image-392695 aligncenter\" style=\"text-align: center;\" src=\"https:\/\/www.notibras.com\/site\/wp-content\/uploads\/2026\/04\/WhatsApp-Image-2026-04-27-at-06.35.40-197x300.jpeg\" alt=\"\" width=\"350\" height=\"533\" srcset=\"https:\/\/www.notibras.com\/site\/wp-content\/uploads\/2026\/04\/WhatsApp-Image-2026-04-27-at-06.35.40-197x300.jpeg 197w, https:\/\/www.notibras.com\/site\/wp-content\/uploads\/2026\/04\/WhatsApp-Image-2026-04-27-at-06.35.40.jpeg 458w\" sizes=\"auto, (max-width: 350px) 100vw, 350px\" \/><\/p>\n<p><strong>O massacre da GEB<\/strong><\/p>\n<p>Entre um romance e outro, sobre o qual falo j\u00e1, recebi de uma amiga um livrinho (uma novela curta, de 70 p\u00e1ginas) intitulado Mem\u00f3rias da Capital Severina, assinado por Vladimir Petrov. N\u00e3o adianta buscar o nome do autor nos cat\u00e1logos liter\u00e1rios. Petrov \u00e9 pseud\u00f4nimo de Pedro Augusto, um adolescente brasiliense de 16 anos que correu riscos ao decidir contar de forma ficcional o famigerado e tr\u00e1gico massacre dos candangos no Acampamento da Pacheco Fernandes, ocorrido durante a constru\u00e7\u00e3o de Bras\u00edlia.<\/p>\n<p>O livro tem o frescor da juventude de Pedro Augusto, ainda que trate de um tema t\u00e3o pesado. A narrativa conta a hist\u00f3ria de Severino, que veio andando com a fam\u00edlia do Nordeste para o Planalto Central em busca de um futuro melhor, mas que no caminho viu a trag\u00e9dia e aqui encontrou viol\u00eancia e abandono.<\/p>\n<p>O autor assume um lado da hist\u00f3ria: o de que o massacre que vitimou candangos durante uma refrega entre trabalhadores revoltados com a m\u00e1 qualidade da comida e soldados da GEB (Guarda Especial de Bras\u00edlia, que precedeu a cria\u00e7\u00e3o da Pol\u00edcia Militar do DF) n\u00e3o seria um fato isolado naqueles primeiros anos da Nova Capital. Acidentes de trabalho acobertados, p\u00e9ssimas condi\u00e7\u00f5es de moradia e um regime de vigil\u00e2ncia perp\u00e9tuo da pol\u00edcia local \u2013 que antecipa o que viria poucos anos depois com a ditadura militar \u2013 descolorem o quadro id\u00edlico da constru\u00e7\u00e3o da Capital da Esperan\u00e7a.<\/p>\n<p style=\"text-align: center;\"><img loading=\"lazy\" decoding=\"async\" class=\"alignnone  wp-image-392694\" src=\"https:\/\/www.notibras.com\/site\/wp-content\/uploads\/2026\/04\/WhatsApp-Image-2026-04-27-at-06.33.35-300x300.jpeg\" alt=\"\" width=\"459\" height=\"459\" srcset=\"https:\/\/www.notibras.com\/site\/wp-content\/uploads\/2026\/04\/WhatsApp-Image-2026-04-27-at-06.33.35-300x300.jpeg 300w, https:\/\/www.notibras.com\/site\/wp-content\/uploads\/2026\/04\/WhatsApp-Image-2026-04-27-at-06.33.35-150x150.jpeg 150w, https:\/\/www.notibras.com\/site\/wp-content\/uploads\/2026\/04\/WhatsApp-Image-2026-04-27-at-06.33.35-80x80.jpeg 80w, https:\/\/www.notibras.com\/site\/wp-content\/uploads\/2026\/04\/WhatsApp-Image-2026-04-27-at-06.33.35.jpeg 554w\" sizes=\"auto, (max-width: 459px) 100vw, 459px\" \/><\/p>\n<p><strong>Um romance intrigante<\/strong><\/p>\n<p>O terceiro livro desta resenha \u00e9 o romance Um corpo para Jaime, da escritora Luiza Fariello. Jornalista, professora e pesquisadora em Literatura Brasileira pela UnB, ela nasceu em S\u00e3o Paulo e se estabeleceu em Bras\u00edlia h\u00e1 quinze anos.<\/p>\n<p>Nessa narrativa intrigante de 166 p\u00e1ginas, Luiza Fariello trata de um tema que, pelo menos para mim, \u00e9 in\u00e9dito. Mariano, personagem principal, vive s\u00f3 com os gatos ap\u00f3s a morte da m\u00e3e e decide criar um personagem virtual, ao qual d\u00e1 o nome de Jaime. Homem perfeito (ainda que incorp\u00f3reo), Jaime encanta os amigos que conquista na internet e atrai uma mulher, Olga, que quer conhec\u00ea-lo pessoalmente.<\/p>\n<p>Boa parte do livro \u00e9 a peleja de Mariano para conseguir um corpo para Jaime. Entre o suspense e o romance policial, ou social, Luiza Fariello constr\u00f3i uma hist\u00f3ria que nos leva a pensar sobre a solid\u00e3o dos grandes centros urbanos, que n\u00e3o se resolve pelas redes sociais, talvez antes seja amplificada, e o grande abismo que existe em Bras\u00edlia entre os estratos mais altos da sociedade e os trabalhadores batalhadores como Mariano.<\/p>\n<p>Mesmo tendo estudado em uma escola particular de classe m\u00e9dia, onde sua m\u00e3e trabalhava e ele era bolsista, Mariano n\u00e3o consegue nunca entrar naquele mundo dos residentes no Plano Piloto. Moradores do Entorno do Distrito Federal, eles passam os dias \u00fateis em uma quitinete alugada na Asa Sul para facilitar o deslocamento di\u00e1rio. Mas mesmo este artif\u00edcio n\u00e3o impediu que ele continuasse sendo tratado pelos colegas do col\u00e9gio como sendo algu\u00e9m \u201cde fora\u201d do Quadradinho.<\/p>\n<p>Contista com livros finalistas em dois pr\u00eamios liter\u00e1rios importantes (Oceanos e Candango), Um corpo para Jaime \u00e9 o primeiro romance de Luiza Fariello. A capacidade dela de misturar, como explicou o escritor Luiz Ruffato, \u201cromance social, romance policial, romance de suspense e com toques de humor negro\u201d, e ainda criar \u201cum personagem complexo e cativante como Mariano\u201d, mostram que a escritora possui o dom\u00ednio completo sobre a arte de contar uma boa hist\u00f3ria e com extrema capacidade de criar \u201cmundos novos\u201d em uma literatura hoje saturada de narrativas que enfocam lugares \u2013 e personagens \u2013 comuns.<\/p>\n<p style=\"text-align: center;\"><img loading=\"lazy\" decoding=\"async\" class=\"alignnone  wp-image-392693\" src=\"https:\/\/www.notibras.com\/site\/wp-content\/uploads\/2026\/04\/WhatsApp-Image-2026-04-27-at-06.31.58-228x300.jpeg\" alt=\"\" width=\"345\" height=\"454\" srcset=\"https:\/\/www.notibras.com\/site\/wp-content\/uploads\/2026\/04\/WhatsApp-Image-2026-04-27-at-06.31.58-228x300.jpeg 228w, https:\/\/www.notibras.com\/site\/wp-content\/uploads\/2026\/04\/WhatsApp-Image-2026-04-27-at-06.31.58.jpeg 623w\" sizes=\"auto, (max-width: 345px) 100vw, 345px\" \/><\/p>\n<p><strong>Uma narrativa sobre a crise da meia-idade<\/strong><\/p>\n<p>Deixei para o final da resenha um livro que me trouxe muito prazer em ler. Refiro-me ao romance S\u00f3 vale a pena se houver encanto, do poeta, cronista e contista Andr\u00e9 Giusti. Nesse romance de estreia, ele conta a hist\u00f3ria de um homem de meia-idade, jornalista igual a ele, que vive em crise ap\u00f3s o fim do casamento e a incapacidade de se manter no emprego.<\/p>\n<p>Apaixonado por carros e m\u00fasica, Andr\u00e9 Giusti leva esses dois universos para a hist\u00f3ria de Alessandro Romani, que al\u00e9m de jornalista \u00e9 escritor. Os passeios de Romani em seu carro antigo convers\u00edvel, ouvindo m\u00fasicas de rock ou blues, fazem o contraponto ao inferno das reda\u00e7\u00f5es de emissoras de r\u00e1dio e televis\u00e3o por onde ele passa ao longo de duas d\u00e9cadas de hist\u00f3ria, ou est\u00f3rias.<\/p>\n<p>Casamento desfeito, romances fracassados e amigos mortos pontuam a tragicom\u00e9dia da vida de Romani, o que fazem do livro de Andr\u00e9 Giusti divers\u00e3o garantida, mas ainda assim com alta dose de inventividade liter\u00e1ria.<\/p>\n<p>Ao recuperar o bom uso dos di\u00e1logos, que andam um tanto sumidos na nossa literatura p\u00e1tria, e rechear a vida de um homem comum com fatos hist\u00f3ricos \u2013 \u201cgrande parte do romance traz as mazelas da pol\u00edtica brasileira, entre elas o golpe contra a presidenta Dilma\u201d, lembra a escritora Stella Maris Rezende, que assina a orelha do livro \u2013 o escritor consegue entreter e fazer literatura de qualidade, algo que anda em falta por aqui.<\/p>\n<p>Como define na quarta capa do livro o escritor S\u00e9rgio Tavares, \u201ctransitando pela fronteira imprecisa da fic\u00e7\u00e3o e da autofic\u00e7\u00e3o, Andr\u00e9 Giusti relata, neste monumental romance, a crise do gat\u00e3o de meia-idade\u201d. Em crise, sim, mas sempre com muito humor.<\/p>\n<p><strong>De volta aos 66<\/strong><\/p>\n<p>Ao chegar aos 66 anos, Bras\u00edlia mostra uma literatura que se identifica com a natureza h\u00edbrida do lugar. Uma cidade, ou unidade da federa\u00e7\u00e3o \u2013 quando falamos em DF e seu Entorno \u2013 que \u00e9 sede dos tr\u00eas poderes, mas \u00e9 tamb\u00e9m ber\u00e7o de milh\u00f5es de brasilienses, candangos e forasteiros das cinco regi\u00f5es do Brasil que adotaram a capital federal e fizeram dela um cadinho rico de viv\u00eancias e constru\u00edram um espa\u00e7o geogr\u00e1fico multicultural e desigual. Que a arte feita por aqui n\u00e3o nos deixe esquecer quem somos.<\/p>\n<p><strong>Onde encontrar os livros citados acima:<\/strong><\/p>\n<p>&#8211; O grande amor de nossas vidas, de Ivan Sergio Santos. Edi\u00e7\u00e3o do autor (Bras\u00edlia, 2025). Contatos: isergiosantos@gmail.com.br &#8211; Facebook\/ivan sergio santos<\/p>\n<p>&#8211; Mem\u00f3rias da Capital Severina, de Vladimir Petrov (Pedro Augusto Oliveira Falc\u00e3o). Edi\u00e7\u00e3o do autor, Bras\u00edlia, 2026. Contatos: vladimirpetrov@gmail.com \u2013 Instagram: vladimirpetrovescritor<\/p>\n<p>&#8211; Um corpo para Jaime, de Luiza Fariello. Editora Patu\u00e1, S\u00e3o Paulo, 2025. <a href=\"https:\/\/www.editorapatua.com.br\/\">www.editorapatua.com.br<\/a><\/p>\n<p>&#8211; S\u00f3 vale a pena se houver encanto, de Andr\u00e9 Giusti, editora Caos &amp; Letras, Nova Lima (MG), 2025. <a href=\"https:\/\/www.caoseletras.com\/\">www.caoseletras.com<\/a><\/p>\n<p><strong>&#8230;&#8230;&#8230;&#8230;&#8230;&#8230;&#8230;&#8230;&#8230;&#8230;&#8230;&#8230;&#8230;..<\/strong><\/p>\n<p><strong>*<a href=\"https:\/\/www.leitoressemfim.com\/single-post\/quatro-livros-em-busca-de-um-lugar\">https:\/\/www.leitoressemfim.com\/single-post\/quatro-livros-em-busca-de-um-lugar<\/a><\/strong><\/p>\n","protected":false},"excerpt":{"rendered":"<p>Descobrir uma cidade a partir de quem escreve nela, \u00e0s vezes sobre ela, pode ser uma aventura divertida e diferente. Nas \u00faltimas semanas foquei minhas leituras em autores de Bras\u00edlia, n\u00e3o necessariamente nascidos aqui, mas tamb\u00e9m aqueles ou aquelas que vieram de fora e escolheram viver no Distrito Federal. Separei para esta resenha, escrita na [&hellip;]<\/p>\n","protected":false},"author":21,"featured_media":392697,"comment_status":"closed","ping_status":"closed","sticky":false,"template":"","format":"standard","meta":{"_acf_changed":false,"footnotes":""},"categories":[234],"tags":[],"class_list":["post-392692","post","type-post","status-publish","format-standard","has-post-thumbnail","hentry","category-cafe-literario"],"acf":[],"yoast_head":"<!-- This site is optimized with the Yoast SEO plugin v27.2 - https:\/\/yoast.com\/product\/yoast-seo-wordpress\/ -->\n<title>Quatro livros em busca de um lugar - Notibras<\/title>\n<meta name=\"robots\" content=\"index, follow, max-snippet:-1, max-image-preview:large, max-video-preview:-1\" \/>\n<link rel=\"canonical\" href=\"https:\/\/www.notibras.com\/site\/quatro-livros-em-busca-de-um-lugar\/\" \/>\n<meta property=\"og:locale\" content=\"pt_BR\" \/>\n<meta property=\"og:type\" content=\"article\" \/>\n<meta property=\"og:title\" content=\"Quatro livros em busca de um lugar - Notibras\" \/>\n<meta property=\"og:description\" content=\"Descobrir uma cidade a partir de quem escreve nela, \u00e0s vezes sobre ela, pode ser uma aventura divertida e diferente. Nas \u00faltimas semanas foquei minhas leituras em autores de Bras\u00edlia, n\u00e3o necessariamente nascidos aqui, mas tamb\u00e9m aqueles ou aquelas que vieram de fora e escolheram viver no Distrito Federal. Separei para esta resenha, escrita na [&hellip;]\" \/>\n<meta property=\"og:url\" content=\"https:\/\/www.notibras.com\/site\/quatro-livros-em-busca-de-um-lugar\/\" \/>\n<meta property=\"og:site_name\" content=\"Notibras\" \/>\n<meta property=\"article:publisher\" content=\"https:\/\/www.facebook.com\/notibras\/\" \/>\n<meta property=\"article:published_time\" content=\"2026-04-28T04:15:50+00:00\" \/>\n<meta property=\"og:image\" content=\"https:\/\/www.notibras.com\/site\/wp-content\/uploads\/2026\/04\/images.webp\" \/>\n\t<meta property=\"og:image:width\" content=\"550\" \/>\n\t<meta property=\"og:image:height\" content=\"558\" \/>\n\t<meta property=\"og:image:type\" content=\"image\/webp\" \/>\n<meta name=\"author\" content=\"Eduardo Mart\u00ednez\" \/>\n<meta name=\"twitter:card\" content=\"summary_large_image\" \/>\n<meta name=\"twitter:creator\" content=\"@Notibras\" \/>\n<meta name=\"twitter:site\" content=\"@Notibras\" \/>\n<meta name=\"twitter:label1\" content=\"Escrito por\" \/>\n\t<meta name=\"twitter:data1\" content=\"Eduardo Mart\u00ednez\" \/>\n\t<meta name=\"twitter:label2\" content=\"Est. tempo de leitura\" \/>\n\t<meta name=\"twitter:data2\" content=\"10 minutos\" \/>\n<script type=\"application\/ld+json\" class=\"yoast-schema-graph\">{\"@context\":\"https:\/\/schema.org\",\"@graph\":[{\"@type\":\"Article\",\"@id\":\"https:\/\/www.notibras.com\/site\/quatro-livros-em-busca-de-um-lugar\/#article\",\"isPartOf\":{\"@id\":\"https:\/\/www.notibras.com\/site\/quatro-livros-em-busca-de-um-lugar\/\"},\"author\":{\"name\":\"Eduardo Mart\u00ednez\",\"@id\":\"https:\/\/www.notibras.com\/site\/#\/schema\/person\/5b7fabf2aedc3ada2105f03b22b4d3dd\"},\"headline\":\"Quatro livros em busca de um lugar\",\"datePublished\":\"2026-04-28T04:15:50+00:00\",\"mainEntityOfPage\":{\"@id\":\"https:\/\/www.notibras.com\/site\/quatro-livros-em-busca-de-um-lugar\/\"},\"wordCount\":1647,\"publisher\":{\"@id\":\"https:\/\/www.notibras.com\/site\/#organization\"},\"image\":{\"@id\":\"https:\/\/www.notibras.com\/site\/quatro-livros-em-busca-de-um-lugar\/#primaryimage\"},\"thumbnailUrl\":\"https:\/\/www.notibras.com\/site\/wp-content\/uploads\/2026\/04\/images.webp\",\"articleSection\":[\"Caf\u00e9 Liter\u00e1rio\"],\"inLanguage\":\"pt-BR\"},{\"@type\":\"WebPage\",\"@id\":\"https:\/\/www.notibras.com\/site\/quatro-livros-em-busca-de-um-lugar\/\",\"url\":\"https:\/\/www.notibras.com\/site\/quatro-livros-em-busca-de-um-lugar\/\",\"name\":\"Quatro livros em busca de um lugar - Notibras\",\"isPartOf\":{\"@id\":\"https:\/\/www.notibras.com\/site\/#website\"},\"primaryImageOfPage\":{\"@id\":\"https:\/\/www.notibras.com\/site\/quatro-livros-em-busca-de-um-lugar\/#primaryimage\"},\"image\":{\"@id\":\"https:\/\/www.notibras.com\/site\/quatro-livros-em-busca-de-um-lugar\/#primaryimage\"},\"thumbnailUrl\":\"https:\/\/www.notibras.com\/site\/wp-content\/uploads\/2026\/04\/images.webp\",\"datePublished\":\"2026-04-28T04:15:50+00:00\",\"breadcrumb\":{\"@id\":\"https:\/\/www.notibras.com\/site\/quatro-livros-em-busca-de-um-lugar\/#breadcrumb\"},\"inLanguage\":\"pt-BR\",\"potentialAction\":[{\"@type\":\"ReadAction\",\"target\":[\"https:\/\/www.notibras.com\/site\/quatro-livros-em-busca-de-um-lugar\/\"]}]},{\"@type\":\"ImageObject\",\"inLanguage\":\"pt-BR\",\"@id\":\"https:\/\/www.notibras.com\/site\/quatro-livros-em-busca-de-um-lugar\/#primaryimage\",\"url\":\"https:\/\/www.notibras.com\/site\/wp-content\/uploads\/2026\/04\/images.webp\",\"contentUrl\":\"https:\/\/www.notibras.com\/site\/wp-content\/uploads\/2026\/04\/images.webp\",\"width\":550,\"height\":558},{\"@type\":\"BreadcrumbList\",\"@id\":\"https:\/\/www.notibras.com\/site\/quatro-livros-em-busca-de-um-lugar\/#breadcrumb\",\"itemListElement\":[{\"@type\":\"ListItem\",\"position\":1,\"name\":\"In\u00edcio\",\"item\":\"https:\/\/www.notibras.com\/site\/\"},{\"@type\":\"ListItem\",\"position\":2,\"name\":\"Quatro livros em busca de um lugar\"}]},{\"@type\":\"WebSite\",\"@id\":\"https:\/\/www.notibras.com\/site\/#website\",\"url\":\"https:\/\/www.notibras.com\/site\/\",\"name\":\"Notibras\",\"description\":\"Not\u00edcias de Bras\u00edlia, do Brasil e do Mundo\",\"publisher\":{\"@id\":\"https:\/\/www.notibras.com\/site\/#organization\"},\"potentialAction\":[{\"@type\":\"SearchAction\",\"target\":{\"@type\":\"EntryPoint\",\"urlTemplate\":\"https:\/\/www.notibras.com\/site\/?s={search_term_string}\"},\"query-input\":{\"@type\":\"PropertyValueSpecification\",\"valueRequired\":true,\"valueName\":\"search_term_string\"}}],\"inLanguage\":\"pt-BR\"},{\"@type\":\"Organization\",\"@id\":\"https:\/\/www.notibras.com\/site\/#organization\",\"name\":\"Grupo Notibras de Comunica\u00e7\u00e3o\",\"url\":\"https:\/\/www.notibras.com\/site\/\",\"logo\":{\"@type\":\"ImageObject\",\"inLanguage\":\"pt-BR\",\"@id\":\"https:\/\/www.notibras.com\/site\/#\/schema\/logo\/image\/\",\"url\":\"https:\/\/www.notibras.com\/site\/wp-content\/uploads\/2023\/01\/notibras23.png\",\"contentUrl\":\"https:\/\/www.notibras.com\/site\/wp-content\/uploads\/2023\/01\/notibras23.png\",\"width\":350,\"height\":87,\"caption\":\"Grupo Notibras de Comunica\u00e7\u00e3o\"},\"image\":{\"@id\":\"https:\/\/www.notibras.com\/site\/#\/schema\/logo\/image\/\"},\"sameAs\":[\"https:\/\/www.facebook.com\/notibras\/\",\"https:\/\/x.com\/Notibras\",\"https:\/\/www.instagram.com\/notibras\/\"]},{\"@type\":\"Person\",\"@id\":\"https:\/\/www.notibras.com\/site\/#\/schema\/person\/5b7fabf2aedc3ada2105f03b22b4d3dd\",\"name\":\"Eduardo Mart\u00ednez\",\"image\":{\"@type\":\"ImageObject\",\"inLanguage\":\"pt-BR\",\"@id\":\"https:\/\/secure.gravatar.com\/avatar\/7902f906289926289cbcda644b5197c796b893c6ffd7b9a536a42d290f7704a0?s=96&d=mm&r=g\",\"url\":\"https:\/\/secure.gravatar.com\/avatar\/7902f906289926289cbcda644b5197c796b893c6ffd7b9a536a42d290f7704a0?s=96&d=mm&r=g\",\"contentUrl\":\"https:\/\/secure.gravatar.com\/avatar\/7902f906289926289cbcda644b5197c796b893c6ffd7b9a536a42d290f7704a0?s=96&d=mm&r=g\",\"caption\":\"Eduardo Mart\u00ednez\"}}]}<\/script>\n<!-- \/ Yoast SEO plugin. -->","yoast_head_json":{"title":"Quatro livros em busca de um lugar - Notibras","robots":{"index":"index","follow":"follow","max-snippet":"max-snippet:-1","max-image-preview":"max-image-preview:large","max-video-preview":"max-video-preview:-1"},"canonical":"https:\/\/www.notibras.com\/site\/quatro-livros-em-busca-de-um-lugar\/","og_locale":"pt_BR","og_type":"article","og_title":"Quatro livros em busca de um lugar - Notibras","og_description":"Descobrir uma cidade a partir de quem escreve nela, \u00e0s vezes sobre ela, pode ser uma aventura divertida e diferente. Nas \u00faltimas semanas foquei minhas leituras em autores de Bras\u00edlia, n\u00e3o necessariamente nascidos aqui, mas tamb\u00e9m aqueles ou aquelas que vieram de fora e escolheram viver no Distrito Federal. Separei para esta resenha, escrita na [&hellip;]","og_url":"https:\/\/www.notibras.com\/site\/quatro-livros-em-busca-de-um-lugar\/","og_site_name":"Notibras","article_publisher":"https:\/\/www.facebook.com\/notibras\/","article_published_time":"2026-04-28T04:15:50+00:00","og_image":[{"width":550,"height":558,"url":"https:\/\/www.notibras.com\/site\/wp-content\/uploads\/2026\/04\/images.webp","type":"image\/webp"}],"author":"Eduardo Mart\u00ednez","twitter_card":"summary_large_image","twitter_creator":"@Notibras","twitter_site":"@Notibras","twitter_misc":{"Escrito por":"Eduardo Mart\u00ednez","Est. tempo de leitura":"10 minutos"},"schema":{"@context":"https:\/\/schema.org","@graph":[{"@type":"Article","@id":"https:\/\/www.notibras.com\/site\/quatro-livros-em-busca-de-um-lugar\/#article","isPartOf":{"@id":"https:\/\/www.notibras.com\/site\/quatro-livros-em-busca-de-um-lugar\/"},"author":{"name":"Eduardo Mart\u00ednez","@id":"https:\/\/www.notibras.com\/site\/#\/schema\/person\/5b7fabf2aedc3ada2105f03b22b4d3dd"},"headline":"Quatro livros em busca de um lugar","datePublished":"2026-04-28T04:15:50+00:00","mainEntityOfPage":{"@id":"https:\/\/www.notibras.com\/site\/quatro-livros-em-busca-de-um-lugar\/"},"wordCount":1647,"publisher":{"@id":"https:\/\/www.notibras.com\/site\/#organization"},"image":{"@id":"https:\/\/www.notibras.com\/site\/quatro-livros-em-busca-de-um-lugar\/#primaryimage"},"thumbnailUrl":"https:\/\/www.notibras.com\/site\/wp-content\/uploads\/2026\/04\/images.webp","articleSection":["Caf\u00e9 Liter\u00e1rio"],"inLanguage":"pt-BR"},{"@type":"WebPage","@id":"https:\/\/www.notibras.com\/site\/quatro-livros-em-busca-de-um-lugar\/","url":"https:\/\/www.notibras.com\/site\/quatro-livros-em-busca-de-um-lugar\/","name":"Quatro livros em busca de um lugar - Notibras","isPartOf":{"@id":"https:\/\/www.notibras.com\/site\/#website"},"primaryImageOfPage":{"@id":"https:\/\/www.notibras.com\/site\/quatro-livros-em-busca-de-um-lugar\/#primaryimage"},"image":{"@id":"https:\/\/www.notibras.com\/site\/quatro-livros-em-busca-de-um-lugar\/#primaryimage"},"thumbnailUrl":"https:\/\/www.notibras.com\/site\/wp-content\/uploads\/2026\/04\/images.webp","datePublished":"2026-04-28T04:15:50+00:00","breadcrumb":{"@id":"https:\/\/www.notibras.com\/site\/quatro-livros-em-busca-de-um-lugar\/#breadcrumb"},"inLanguage":"pt-BR","potentialAction":[{"@type":"ReadAction","target":["https:\/\/www.notibras.com\/site\/quatro-livros-em-busca-de-um-lugar\/"]}]},{"@type":"ImageObject","inLanguage":"pt-BR","@id":"https:\/\/www.notibras.com\/site\/quatro-livros-em-busca-de-um-lugar\/#primaryimage","url":"https:\/\/www.notibras.com\/site\/wp-content\/uploads\/2026\/04\/images.webp","contentUrl":"https:\/\/www.notibras.com\/site\/wp-content\/uploads\/2026\/04\/images.webp","width":550,"height":558},{"@type":"BreadcrumbList","@id":"https:\/\/www.notibras.com\/site\/quatro-livros-em-busca-de-um-lugar\/#breadcrumb","itemListElement":[{"@type":"ListItem","position":1,"name":"In\u00edcio","item":"https:\/\/www.notibras.com\/site\/"},{"@type":"ListItem","position":2,"name":"Quatro livros em busca de um lugar"}]},{"@type":"WebSite","@id":"https:\/\/www.notibras.com\/site\/#website","url":"https:\/\/www.notibras.com\/site\/","name":"Notibras","description":"Not\u00edcias de Bras\u00edlia, do Brasil e do Mundo","publisher":{"@id":"https:\/\/www.notibras.com\/site\/#organization"},"potentialAction":[{"@type":"SearchAction","target":{"@type":"EntryPoint","urlTemplate":"https:\/\/www.notibras.com\/site\/?s={search_term_string}"},"query-input":{"@type":"PropertyValueSpecification","valueRequired":true,"valueName":"search_term_string"}}],"inLanguage":"pt-BR"},{"@type":"Organization","@id":"https:\/\/www.notibras.com\/site\/#organization","name":"Grupo Notibras de Comunica\u00e7\u00e3o","url":"https:\/\/www.notibras.com\/site\/","logo":{"@type":"ImageObject","inLanguage":"pt-BR","@id":"https:\/\/www.notibras.com\/site\/#\/schema\/logo\/image\/","url":"https:\/\/www.notibras.com\/site\/wp-content\/uploads\/2023\/01\/notibras23.png","contentUrl":"https:\/\/www.notibras.com\/site\/wp-content\/uploads\/2023\/01\/notibras23.png","width":350,"height":87,"caption":"Grupo Notibras de Comunica\u00e7\u00e3o"},"image":{"@id":"https:\/\/www.notibras.com\/site\/#\/schema\/logo\/image\/"},"sameAs":["https:\/\/www.facebook.com\/notibras\/","https:\/\/x.com\/Notibras","https:\/\/www.instagram.com\/notibras\/"]},{"@type":"Person","@id":"https:\/\/www.notibras.com\/site\/#\/schema\/person\/5b7fabf2aedc3ada2105f03b22b4d3dd","name":"Eduardo Mart\u00ednez","image":{"@type":"ImageObject","inLanguage":"pt-BR","@id":"https:\/\/secure.gravatar.com\/avatar\/7902f906289926289cbcda644b5197c796b893c6ffd7b9a536a42d290f7704a0?s=96&d=mm&r=g","url":"https:\/\/secure.gravatar.com\/avatar\/7902f906289926289cbcda644b5197c796b893c6ffd7b9a536a42d290f7704a0?s=96&d=mm&r=g","contentUrl":"https:\/\/secure.gravatar.com\/avatar\/7902f906289926289cbcda644b5197c796b893c6ffd7b9a536a42d290f7704a0?s=96&d=mm&r=g","caption":"Eduardo Mart\u00ednez"}}]}},"amp_enabled":true,"_links":{"self":[{"href":"https:\/\/www.notibras.com\/site\/wp-json\/wp\/v2\/posts\/392692","targetHints":{"allow":["GET"]}}],"collection":[{"href":"https:\/\/www.notibras.com\/site\/wp-json\/wp\/v2\/posts"}],"about":[{"href":"https:\/\/www.notibras.com\/site\/wp-json\/wp\/v2\/types\/post"}],"author":[{"embeddable":true,"href":"https:\/\/www.notibras.com\/site\/wp-json\/wp\/v2\/users\/21"}],"replies":[{"embeddable":true,"href":"https:\/\/www.notibras.com\/site\/wp-json\/wp\/v2\/comments?post=392692"}],"version-history":[{"count":1,"href":"https:\/\/www.notibras.com\/site\/wp-json\/wp\/v2\/posts\/392692\/revisions"}],"predecessor-version":[{"id":392698,"href":"https:\/\/www.notibras.com\/site\/wp-json\/wp\/v2\/posts\/392692\/revisions\/392698"}],"wp:featuredmedia":[{"embeddable":true,"href":"https:\/\/www.notibras.com\/site\/wp-json\/wp\/v2\/media\/392697"}],"wp:attachment":[{"href":"https:\/\/www.notibras.com\/site\/wp-json\/wp\/v2\/media?parent=392692"}],"wp:term":[{"taxonomy":"category","embeddable":true,"href":"https:\/\/www.notibras.com\/site\/wp-json\/wp\/v2\/categories?post=392692"},{"taxonomy":"post_tag","embeddable":true,"href":"https:\/\/www.notibras.com\/site\/wp-json\/wp\/v2\/tags?post=392692"}],"curies":[{"name":"wp","href":"https:\/\/api.w.org\/{rel}","templated":true}]}}