{"id":392702,"date":"2026-04-27T08:58:33","date_gmt":"2026-04-27T11:58:33","guid":{"rendered":"https:\/\/www.notibras.com\/site\/?p=392702"},"modified":"2026-04-27T08:58:33","modified_gmt":"2026-04-27T11:58:33","slug":"monumental-desnuda-eixo-que-corta-brasilia","status":"publish","type":"post","link":"https:\/\/www.notibras.com\/site\/monumental-desnuda-eixo-que-corta-brasilia\/","title":{"rendered":"&#8216;Monumental&#8217; desnuda eixo que corta Bras\u00edlia"},"content":{"rendered":"<p>O lan\u00e7amento do livro Monumental, de Carlos Henrique Magalh\u00e3es de Lima, movimenta a cena cultural do Distrito Federal na ter\u00e7a (28) e quarta (29) em Bras\u00edlia. O evento inclui sess\u00e3o de aut\u00f3grafos e debates com a presen\u00e7a do autor. A obra \u00e9 resultado de uma pesquisa aprofundada sobre o Eixo Monumental de Bras\u00edlia, um dos espa\u00e7os mais simb\u00f3licos da produ\u00e7\u00e3o urban\u00edstica do s\u00e9culo XX.<\/p>\n<p>Com duas atividades de lan\u00e7amento, Monumental chega ao p\u00fablico como um convite \u00e0 reflex\u00e3o sobre o passado, o presente e o futuro da capital federal. No dia 28, o encontro ocorre no Beirute da Asa Sul, com sess\u00e3o de aut\u00f3grafos e venda de exemplares. No dia 29, o lan\u00e7amento segue para a Faculdade de Arquitetura e Urbanismo da Universidade de Bras\u00edlia (FAU\/UnB), onde ser\u00e1 realizado um debate com o autor, mediado por Leandro Cruz, com certifica\u00e7\u00e3o para os participantes inscritos.<\/p>\n<p>Resultado de uma investiga\u00e7\u00e3o aprofundada, o livro analisa o Eixo Monumental como marco da urbaniza\u00e7\u00e3o moderna e patrim\u00f4nio mundial da humanidade. Ao articular desenho, arquitetura e hist\u00f3ria, Carlos prop\u00f5e uma leitura que evidencia tanto os aspectos construtivos quanto os simb\u00f3licos desse espa\u00e7o central da capital.<\/p>\n<p>Segundo o autor, a concep\u00e7\u00e3o da obra teve origem no interesse pelos arquivos p\u00fablicos do Distrito Federal. &#8220;O Arquivo P\u00fablico do Distrito Federal tem enorme import\u00e2ncia nesse percurso. A ideia para o livro surge desse contexto e da curiosidade em investigar os modos de projetar e as t\u00e9cnicas envolvidas na realiza\u00e7\u00e3o de edif\u00edcios em um momento muito particular da hist\u00f3ria da arquitetura&#8221;, afirma.<\/p>\n<p>A publica\u00e7\u00e3o tamb\u00e9m destaca o papel das institui\u00e7\u00f5es arquiv\u00edsticas para al\u00e9m da guarda documental, apresentando-as como espa\u00e7os din\u00e2micos de produ\u00e7\u00e3o de conhecimento e de m\u00faltiplas leituras sobre a hist\u00f3ria urbana.<\/p>\n<p>&#8220;\u00c9 um livro que investiga as rela\u00e7\u00f5es de trabalho, as formas de desenhar e projetar e os modos de colabora\u00e7\u00e3o que emergiram na constru\u00e7\u00e3o dos edif\u00edcios monumentais de Bras\u00edlia. O leitor\/leitora encontrar\u00e1 diferentes n\u00edveis de leitura, dos desenhos t\u00e9cnicos \u00e0s fotografias hist\u00f3ricas, al\u00e9m de um ensaio contempor\u00e2neo que revela contrastes entre \u00e9pocas e amplia o debate para al\u00e9m da arquitetura&#8221;, explica o autor.<\/p>\n<p>O ensaio fotogr\u00e1fico de Joana Fran\u00e7a, que encerra a obra, estabelece um contraponto visual entre as d\u00e9cadas de constru\u00e7\u00e3o da cidade e suas din\u00e2micas atuais, contribuindo para uma leitura contempor\u00e2nea do territ\u00f3rio.<\/p>\n","protected":false},"excerpt":{"rendered":"<p>O lan\u00e7amento do livro Monumental, de Carlos Henrique Magalh\u00e3es de Lima, movimenta a cena cultural do Distrito Federal na ter\u00e7a (28) e quarta (29) em Bras\u00edlia. O evento inclui sess\u00e3o de aut\u00f3grafos e debates com a presen\u00e7a do autor. A obra \u00e9 resultado de uma pesquisa aprofundada sobre o Eixo Monumental de Bras\u00edlia, um dos [&hellip;]<\/p>\n","protected":false},"author":2,"featured_media":392703,"comment_status":"closed","ping_status":"closed","sticky":false,"template":"","format":"standard","meta":{"_acf_changed":false,"footnotes":""},"categories":[155],"tags":[],"class_list":["post-392702","post","type-post","status-publish","format-standard","has-post-thumbnail","hentry","category-leitura-vip"],"acf":[],"yoast_head":"<!-- This site is optimized with the Yoast SEO plugin v27.2 - https:\/\/yoast.com\/product\/yoast-seo-wordpress\/ -->\n<title>&#039;Monumental&#039; desnuda eixo que corta Bras\u00edlia - Notibras<\/title>\n<meta name=\"robots\" content=\"index, follow, max-snippet:-1, max-image-preview:large, max-video-preview:-1\" \/>\n<link rel=\"canonical\" href=\"https:\/\/www.notibras.com\/site\/monumental-desnuda-eixo-que-corta-brasilia\/\" \/>\n<meta property=\"og:locale\" content=\"pt_BR\" \/>\n<meta property=\"og:type\" content=\"article\" \/>\n<meta property=\"og:title\" content=\"&#039;Monumental&#039; desnuda eixo que corta Bras\u00edlia - Notibras\" \/>\n<meta property=\"og:description\" content=\"O lan\u00e7amento do livro Monumental, de Carlos Henrique Magalh\u00e3es de Lima, movimenta a cena cultural do Distrito Federal na ter\u00e7a (28) e quarta (29) em Bras\u00edlia. O evento inclui sess\u00e3o de aut\u00f3grafos e debates com a presen\u00e7a do autor. A obra \u00e9 resultado de uma pesquisa aprofundada sobre o Eixo Monumental de Bras\u00edlia, um dos [&hellip;]\" \/>\n<meta property=\"og:url\" content=\"https:\/\/www.notibras.com\/site\/monumental-desnuda-eixo-que-corta-brasilia\/\" \/>\n<meta property=\"og:site_name\" content=\"Notibras\" \/>\n<meta property=\"article:publisher\" content=\"https:\/\/www.facebook.com\/notibras\/\" \/>\n<meta property=\"article:published_time\" content=\"2026-04-27T11:58:33+00:00\" \/>\n<meta property=\"og:image\" content=\"https:\/\/www.notibras.com\/site\/wp-content\/uploads\/2026\/04\/Foto-Joana-Franca.jpeg\" \/>\n\t<meta property=\"og:image:width\" content=\"1600\" \/>\n\t<meta property=\"og:image:height\" content=\"852\" \/>\n\t<meta property=\"og:image:type\" content=\"image\/jpeg\" \/>\n<meta name=\"author\" content=\"Reda\u00e7\u00e3o\" \/>\n<meta name=\"twitter:card\" content=\"summary_large_image\" \/>\n<meta name=\"twitter:creator\" content=\"@Notibras\" \/>\n<meta name=\"twitter:site\" content=\"@Notibras\" \/>\n<meta name=\"twitter:label1\" content=\"Escrito por\" \/>\n\t<meta name=\"twitter:data1\" content=\"Reda\u00e7\u00e3o\" \/>\n\t<meta name=\"twitter:label2\" content=\"Est. tempo de leitura\" \/>\n\t<meta name=\"twitter:data2\" content=\"3 minutos\" \/>\n<script type=\"application\/ld+json\" class=\"yoast-schema-graph\">{\"@context\":\"https:\/\/schema.org\",\"@graph\":[{\"@type\":\"Article\",\"@id\":\"https:\/\/www.notibras.com\/site\/monumental-desnuda-eixo-que-corta-brasilia\/#article\",\"isPartOf\":{\"@id\":\"https:\/\/www.notibras.com\/site\/monumental-desnuda-eixo-que-corta-brasilia\/\"},\"author\":{\"name\":\"Reda\u00e7\u00e3o\",\"@id\":\"https:\/\/www.notibras.com\/site\/#\/schema\/person\/36ab0979449956132d3e5b517ea76ac8\"},\"headline\":\"&#8216;Monumental&#8217; desnuda eixo que corta Bras\u00edlia\",\"datePublished\":\"2026-04-27T11:58:33+00:00\",\"mainEntityOfPage\":{\"@id\":\"https:\/\/www.notibras.com\/site\/monumental-desnuda-eixo-que-corta-brasilia\/\"},\"wordCount\":443,\"publisher\":{\"@id\":\"https:\/\/www.notibras.com\/site\/#organization\"},\"image\":{\"@id\":\"https:\/\/www.notibras.com\/site\/monumental-desnuda-eixo-que-corta-brasilia\/#primaryimage\"},\"thumbnailUrl\":\"https:\/\/www.notibras.com\/site\/wp-content\/uploads\/2026\/04\/Foto-Joana-Franca.jpeg\",\"articleSection\":[\"Leitura Vip\"],\"inLanguage\":\"pt-BR\"},{\"@type\":\"WebPage\",\"@id\":\"https:\/\/www.notibras.com\/site\/monumental-desnuda-eixo-que-corta-brasilia\/\",\"url\":\"https:\/\/www.notibras.com\/site\/monumental-desnuda-eixo-que-corta-brasilia\/\",\"name\":\"'Monumental' desnuda eixo que corta Bras\u00edlia - Notibras\",\"isPartOf\":{\"@id\":\"https:\/\/www.notibras.com\/site\/#website\"},\"primaryImageOfPage\":{\"@id\":\"https:\/\/www.notibras.com\/site\/monumental-desnuda-eixo-que-corta-brasilia\/#primaryimage\"},\"image\":{\"@id\":\"https:\/\/www.notibras.com\/site\/monumental-desnuda-eixo-que-corta-brasilia\/#primaryimage\"},\"thumbnailUrl\":\"https:\/\/www.notibras.com\/site\/wp-content\/uploads\/2026\/04\/Foto-Joana-Franca.jpeg\",\"datePublished\":\"2026-04-27T11:58:33+00:00\",\"breadcrumb\":{\"@id\":\"https:\/\/www.notibras.com\/site\/monumental-desnuda-eixo-que-corta-brasilia\/#breadcrumb\"},\"inLanguage\":\"pt-BR\",\"potentialAction\":[{\"@type\":\"ReadAction\",\"target\":[\"https:\/\/www.notibras.com\/site\/monumental-desnuda-eixo-que-corta-brasilia\/\"]}]},{\"@type\":\"ImageObject\",\"inLanguage\":\"pt-BR\",\"@id\":\"https:\/\/www.notibras.com\/site\/monumental-desnuda-eixo-que-corta-brasilia\/#primaryimage\",\"url\":\"https:\/\/www.notibras.com\/site\/wp-content\/uploads\/2026\/04\/Foto-Joana-Franca.jpeg\",\"contentUrl\":\"https:\/\/www.notibras.com\/site\/wp-content\/uploads\/2026\/04\/Foto-Joana-Franca.jpeg\",\"width\":1600,\"height\":852},{\"@type\":\"BreadcrumbList\",\"@id\":\"https:\/\/www.notibras.com\/site\/monumental-desnuda-eixo-que-corta-brasilia\/#breadcrumb\",\"itemListElement\":[{\"@type\":\"ListItem\",\"position\":1,\"name\":\"In\u00edcio\",\"item\":\"https:\/\/www.notibras.com\/site\/\"},{\"@type\":\"ListItem\",\"position\":2,\"name\":\"&#8216;Monumental&#8217; desnuda eixo que corta Bras\u00edlia\"}]},{\"@type\":\"WebSite\",\"@id\":\"https:\/\/www.notibras.com\/site\/#website\",\"url\":\"https:\/\/www.notibras.com\/site\/\",\"name\":\"Notibras\",\"description\":\"Not\u00edcias de Bras\u00edlia, do Brasil e do Mundo\",\"publisher\":{\"@id\":\"https:\/\/www.notibras.com\/site\/#organization\"},\"potentialAction\":[{\"@type\":\"SearchAction\",\"target\":{\"@type\":\"EntryPoint\",\"urlTemplate\":\"https:\/\/www.notibras.com\/site\/?s={search_term_string}\"},\"query-input\":{\"@type\":\"PropertyValueSpecification\",\"valueRequired\":true,\"valueName\":\"search_term_string\"}}],\"inLanguage\":\"pt-BR\"},{\"@type\":\"Organization\",\"@id\":\"https:\/\/www.notibras.com\/site\/#organization\",\"name\":\"Grupo Notibras de Comunica\u00e7\u00e3o\",\"url\":\"https:\/\/www.notibras.com\/site\/\",\"logo\":{\"@type\":\"ImageObject\",\"inLanguage\":\"pt-BR\",\"@id\":\"https:\/\/www.notibras.com\/site\/#\/schema\/logo\/image\/\",\"url\":\"https:\/\/www.notibras.com\/site\/wp-content\/uploads\/2023\/01\/notibras23.png\",\"contentUrl\":\"https:\/\/www.notibras.com\/site\/wp-content\/uploads\/2023\/01\/notibras23.png\",\"width\":350,\"height\":87,\"caption\":\"Grupo Notibras de Comunica\u00e7\u00e3o\"},\"image\":{\"@id\":\"https:\/\/www.notibras.com\/site\/#\/schema\/logo\/image\/\"},\"sameAs\":[\"https:\/\/www.facebook.com\/notibras\/\",\"https:\/\/x.com\/Notibras\",\"https:\/\/www.instagram.com\/notibras\/\"]},{\"@type\":\"Person\",\"@id\":\"https:\/\/www.notibras.com\/site\/#\/schema\/person\/36ab0979449956132d3e5b517ea76ac8\",\"name\":\"Reda\u00e7\u00e3o\",\"image\":{\"@type\":\"ImageObject\",\"inLanguage\":\"pt-BR\",\"@id\":\"https:\/\/secure.gravatar.com\/avatar\/e0a867bdedb85fd243eadf09663511f96fc81e0720a4a42581f334ad4303aa6b?s=96&d=mm&r=g\",\"url\":\"https:\/\/secure.gravatar.com\/avatar\/e0a867bdedb85fd243eadf09663511f96fc81e0720a4a42581f334ad4303aa6b?s=96&d=mm&r=g\",\"contentUrl\":\"https:\/\/secure.gravatar.com\/avatar\/e0a867bdedb85fd243eadf09663511f96fc81e0720a4a42581f334ad4303aa6b?s=96&d=mm&r=g\",\"caption\":\"Reda\u00e7\u00e3o\"}}]}<\/script>\n<!-- \/ Yoast SEO plugin. -->","yoast_head_json":{"title":"'Monumental' desnuda eixo que corta Bras\u00edlia - Notibras","robots":{"index":"index","follow":"follow","max-snippet":"max-snippet:-1","max-image-preview":"max-image-preview:large","max-video-preview":"max-video-preview:-1"},"canonical":"https:\/\/www.notibras.com\/site\/monumental-desnuda-eixo-que-corta-brasilia\/","og_locale":"pt_BR","og_type":"article","og_title":"'Monumental' desnuda eixo que corta Bras\u00edlia - Notibras","og_description":"O lan\u00e7amento do livro Monumental, de Carlos Henrique Magalh\u00e3es de Lima, movimenta a cena cultural do Distrito Federal na ter\u00e7a (28) e quarta (29) em Bras\u00edlia. O evento inclui sess\u00e3o de aut\u00f3grafos e debates com a presen\u00e7a do autor. A obra \u00e9 resultado de uma pesquisa aprofundada sobre o Eixo Monumental de Bras\u00edlia, um dos [&hellip;]","og_url":"https:\/\/www.notibras.com\/site\/monumental-desnuda-eixo-que-corta-brasilia\/","og_site_name":"Notibras","article_publisher":"https:\/\/www.facebook.com\/notibras\/","article_published_time":"2026-04-27T11:58:33+00:00","og_image":[{"width":1600,"height":852,"url":"https:\/\/www.notibras.com\/site\/wp-content\/uploads\/2026\/04\/Foto-Joana-Franca.jpeg","type":"image\/jpeg"}],"author":"Reda\u00e7\u00e3o","twitter_card":"summary_large_image","twitter_creator":"@Notibras","twitter_site":"@Notibras","twitter_misc":{"Escrito por":"Reda\u00e7\u00e3o","Est. tempo de leitura":"3 minutos"},"schema":{"@context":"https:\/\/schema.org","@graph":[{"@type":"Article","@id":"https:\/\/www.notibras.com\/site\/monumental-desnuda-eixo-que-corta-brasilia\/#article","isPartOf":{"@id":"https:\/\/www.notibras.com\/site\/monumental-desnuda-eixo-que-corta-brasilia\/"},"author":{"name":"Reda\u00e7\u00e3o","@id":"https:\/\/www.notibras.com\/site\/#\/schema\/person\/36ab0979449956132d3e5b517ea76ac8"},"headline":"&#8216;Monumental&#8217; desnuda eixo que corta Bras\u00edlia","datePublished":"2026-04-27T11:58:33+00:00","mainEntityOfPage":{"@id":"https:\/\/www.notibras.com\/site\/monumental-desnuda-eixo-que-corta-brasilia\/"},"wordCount":443,"publisher":{"@id":"https:\/\/www.notibras.com\/site\/#organization"},"image":{"@id":"https:\/\/www.notibras.com\/site\/monumental-desnuda-eixo-que-corta-brasilia\/#primaryimage"},"thumbnailUrl":"https:\/\/www.notibras.com\/site\/wp-content\/uploads\/2026\/04\/Foto-Joana-Franca.jpeg","articleSection":["Leitura Vip"],"inLanguage":"pt-BR"},{"@type":"WebPage","@id":"https:\/\/www.notibras.com\/site\/monumental-desnuda-eixo-que-corta-brasilia\/","url":"https:\/\/www.notibras.com\/site\/monumental-desnuda-eixo-que-corta-brasilia\/","name":"'Monumental' desnuda eixo que corta Bras\u00edlia - Notibras","isPartOf":{"@id":"https:\/\/www.notibras.com\/site\/#website"},"primaryImageOfPage":{"@id":"https:\/\/www.notibras.com\/site\/monumental-desnuda-eixo-que-corta-brasilia\/#primaryimage"},"image":{"@id":"https:\/\/www.notibras.com\/site\/monumental-desnuda-eixo-que-corta-brasilia\/#primaryimage"},"thumbnailUrl":"https:\/\/www.notibras.com\/site\/wp-content\/uploads\/2026\/04\/Foto-Joana-Franca.jpeg","datePublished":"2026-04-27T11:58:33+00:00","breadcrumb":{"@id":"https:\/\/www.notibras.com\/site\/monumental-desnuda-eixo-que-corta-brasilia\/#breadcrumb"},"inLanguage":"pt-BR","potentialAction":[{"@type":"ReadAction","target":["https:\/\/www.notibras.com\/site\/monumental-desnuda-eixo-que-corta-brasilia\/"]}]},{"@type":"ImageObject","inLanguage":"pt-BR","@id":"https:\/\/www.notibras.com\/site\/monumental-desnuda-eixo-que-corta-brasilia\/#primaryimage","url":"https:\/\/www.notibras.com\/site\/wp-content\/uploads\/2026\/04\/Foto-Joana-Franca.jpeg","contentUrl":"https:\/\/www.notibras.com\/site\/wp-content\/uploads\/2026\/04\/Foto-Joana-Franca.jpeg","width":1600,"height":852},{"@type":"BreadcrumbList","@id":"https:\/\/www.notibras.com\/site\/monumental-desnuda-eixo-que-corta-brasilia\/#breadcrumb","itemListElement":[{"@type":"ListItem","position":1,"name":"In\u00edcio","item":"https:\/\/www.notibras.com\/site\/"},{"@type":"ListItem","position":2,"name":"&#8216;Monumental&#8217; desnuda eixo que corta Bras\u00edlia"}]},{"@type":"WebSite","@id":"https:\/\/www.notibras.com\/site\/#website","url":"https:\/\/www.notibras.com\/site\/","name":"Notibras","description":"Not\u00edcias de Bras\u00edlia, do Brasil e do Mundo","publisher":{"@id":"https:\/\/www.notibras.com\/site\/#organization"},"potentialAction":[{"@type":"SearchAction","target":{"@type":"EntryPoint","urlTemplate":"https:\/\/www.notibras.com\/site\/?s={search_term_string}"},"query-input":{"@type":"PropertyValueSpecification","valueRequired":true,"valueName":"search_term_string"}}],"inLanguage":"pt-BR"},{"@type":"Organization","@id":"https:\/\/www.notibras.com\/site\/#organization","name":"Grupo Notibras de Comunica\u00e7\u00e3o","url":"https:\/\/www.notibras.com\/site\/","logo":{"@type":"ImageObject","inLanguage":"pt-BR","@id":"https:\/\/www.notibras.com\/site\/#\/schema\/logo\/image\/","url":"https:\/\/www.notibras.com\/site\/wp-content\/uploads\/2023\/01\/notibras23.png","contentUrl":"https:\/\/www.notibras.com\/site\/wp-content\/uploads\/2023\/01\/notibras23.png","width":350,"height":87,"caption":"Grupo Notibras de Comunica\u00e7\u00e3o"},"image":{"@id":"https:\/\/www.notibras.com\/site\/#\/schema\/logo\/image\/"},"sameAs":["https:\/\/www.facebook.com\/notibras\/","https:\/\/x.com\/Notibras","https:\/\/www.instagram.com\/notibras\/"]},{"@type":"Person","@id":"https:\/\/www.notibras.com\/site\/#\/schema\/person\/36ab0979449956132d3e5b517ea76ac8","name":"Reda\u00e7\u00e3o","image":{"@type":"ImageObject","inLanguage":"pt-BR","@id":"https:\/\/secure.gravatar.com\/avatar\/e0a867bdedb85fd243eadf09663511f96fc81e0720a4a42581f334ad4303aa6b?s=96&d=mm&r=g","url":"https:\/\/secure.gravatar.com\/avatar\/e0a867bdedb85fd243eadf09663511f96fc81e0720a4a42581f334ad4303aa6b?s=96&d=mm&r=g","contentUrl":"https:\/\/secure.gravatar.com\/avatar\/e0a867bdedb85fd243eadf09663511f96fc81e0720a4a42581f334ad4303aa6b?s=96&d=mm&r=g","caption":"Reda\u00e7\u00e3o"}}]}},"amp_enabled":true,"_links":{"self":[{"href":"https:\/\/www.notibras.com\/site\/wp-json\/wp\/v2\/posts\/392702","targetHints":{"allow":["GET"]}}],"collection":[{"href":"https:\/\/www.notibras.com\/site\/wp-json\/wp\/v2\/posts"}],"about":[{"href":"https:\/\/www.notibras.com\/site\/wp-json\/wp\/v2\/types\/post"}],"author":[{"embeddable":true,"href":"https:\/\/www.notibras.com\/site\/wp-json\/wp\/v2\/users\/2"}],"replies":[{"embeddable":true,"href":"https:\/\/www.notibras.com\/site\/wp-json\/wp\/v2\/comments?post=392702"}],"version-history":[{"count":1,"href":"https:\/\/www.notibras.com\/site\/wp-json\/wp\/v2\/posts\/392702\/revisions"}],"predecessor-version":[{"id":392704,"href":"https:\/\/www.notibras.com\/site\/wp-json\/wp\/v2\/posts\/392702\/revisions\/392704"}],"wp:featuredmedia":[{"embeddable":true,"href":"https:\/\/www.notibras.com\/site\/wp-json\/wp\/v2\/media\/392703"}],"wp:attachment":[{"href":"https:\/\/www.notibras.com\/site\/wp-json\/wp\/v2\/media?parent=392702"}],"wp:term":[{"taxonomy":"category","embeddable":true,"href":"https:\/\/www.notibras.com\/site\/wp-json\/wp\/v2\/categories?post=392702"},{"taxonomy":"post_tag","embeddable":true,"href":"https:\/\/www.notibras.com\/site\/wp-json\/wp\/v2\/tags?post=392702"}],"curies":[{"name":"wp","href":"https:\/\/api.w.org\/{rel}","templated":true}]}}