{"id":392705,"date":"2026-04-27T00:12:56","date_gmt":"2026-04-27T03:12:56","guid":{"rendered":"https:\/\/www.notibras.com\/site\/?p=392705"},"modified":"2026-04-27T09:17:07","modified_gmt":"2026-04-27T12:17:07","slug":"astros-sugerem-cuidar-do-corpo-e-das-financas","status":"publish","type":"post","link":"https:\/\/www.notibras.com\/site\/astros-sugerem-cuidar-do-corpo-e-das-financas\/","title":{"rendered":"Astros sugerem cuidar do corpo e das finan\u00e7as"},"content":{"rendered":"<p>A semana de 27 de abril a 3 de maio traz uma mistura interessante de estabilidade e movimento interno. O Sol segue em Touro, favorecendo seguran\u00e7a, prazer e constru\u00e7\u00e3o concreta \u2014 mas h\u00e1 um pano de fundo emocional pedindo ajustes.<\/p>\n<p>A energia predominante convida a desacelerar para alinhar (n\u00e3o \u00e9 pregui\u00e7a, \u00e9 estrat\u00e9gia); reavaliar prioridades materiais e emocionais; cuidar do corpo e das finan\u00e7as com mais consci\u00eancia; e, por fim, evitar teimosia excessiva, dando espa\u00e7o \u00e0 flexibilidade.<\/p>\n<p>H\u00e1 tamb\u00e9m um clima de decis\u00f5es silenciosas: menos an\u00fancios, mais movimentos internos. Nem tudo precisa ser dito agora.<\/p>\n<p>Veja a previs\u00e3o de cada signo:<\/p>\n<p>Em <strong>\u00c1ries<\/strong>, a semana pede mais estrat\u00e9gia do que impulso. Voc\u00ea pode sentir vontade de agir r\u00e1pido, mas o c\u00e9u favorece decis\u00f5es pensadas. Quest\u00f5es financeiras ou de seguran\u00e7a ganham destaque \u2014 \u00e9 hora de construir, n\u00e3o de arriscar sem c\u00e1lculo. No amor, menos pressa e mais presen\u00e7a podem fazer toda a diferen\u00e7a.<\/p>\n<p>Para <strong>Touro<\/strong>, com o Sol no seu signo, h\u00e1 uma sensa\u00e7\u00e3o de maior protagonismo e clareza. Ainda assim, o momento pede equil\u00edbrio entre conforto e crescimento. Voc\u00ea pode estar repensando sua imagem, seus desejos e at\u00e9 seus caminhos. Confie no seu ritmo, mas evite se fechar demais ao novo.<\/p>\n<p>Em <strong>G\u00eameos<\/strong>, o per\u00edodo favorece introspec\u00e7\u00e3o. Nem tudo precisa ser resolvido agora \u2014 observar j\u00e1 \u00e9 um grande passo. Pensamentos podem ficar mais intensos, e o sil\u00eancio ser\u00e1 um aliado. No trabalho, agir nos bastidores pode trazer mais resultado do que exposi\u00e7\u00e3o.<\/p>\n<p>Para <strong>C\u00e2ncer<\/strong>, a semana traz foco em conex\u00f5es e projetos futuros. \u00c9 um bom momento para alinhar expectativas com outras pessoas e fortalecer v\u00ednculos que tenham prop\u00f3sito. S\u00f3 cuidado com idealiza\u00e7\u00f5es \u2014 mantenha os p\u00e9s no ch\u00e3o para n\u00e3o se frustrar.<\/p>\n<p>Em <strong>Le\u00e3o<\/strong>, a energia se volta para carreira e responsabilidades. Pode haver cobran\u00e7as \u2014 externas ou internas \u2014 para dar um pr\u00f3ximo passo. Evite bater de frente com tudo; a diplomacia ser\u00e1 mais eficaz do que o orgulho. Seu brilho continua, mas precisa de dire\u00e7\u00e3o.<\/p>\n<p>Para <strong>Virgem<\/strong>, a semana abre espa\u00e7o para expans\u00e3o, ainda que interna. Voc\u00ea pode sentir vontade de mudar algo na sua vis\u00e3o de mundo ou sair da rotina mental. Estudos, conversas profundas e novas perspectivas ganham for\u00e7a. S\u00f3 evite excesso de an\u00e1lise \u2014 nem tudo precisa ser perfeito para come\u00e7ar.<\/p>\n<p>Em<strong> Libra<\/strong>, o per\u00edodo toca temas emocionais mais profundos. H\u00e1 um convite para lidar com desapegos, transforma\u00e7\u00f5es e quest\u00f5es que voc\u00ea talvez tenha evitado. Apesar de intenso, isso pode ser libertador. No amor, rela\u00e7\u00f5es pedem mais verdade.<\/p>\n<p>Para <strong>Escorpi\u00e3o<\/strong>, o foco est\u00e1 nas rela\u00e7\u00f5es. Parcerias \u2014 amorosas ou profissionais \u2014 entram em evid\u00eancia, pedindo ajustes e mais equil\u00edbrio. Voc\u00ea pode perceber com mais clareza o que est\u00e1 funcionando e o que n\u00e3o est\u00e1. Evite jogos de controle: di\u00e1logo ser\u00e1 essencial.<\/p>\n<p>Em <strong>Sagit\u00e1rio<\/strong>, a semana pede organiza\u00e7\u00e3o e disciplina. Pode n\u00e3o ser o momento mais empolgante, mas \u00e9 extremamente produtivo se voc\u00ea souber aproveitar. Cuidar da rotina, da sa\u00fade e dos detalhes far\u00e1 diferen\u00e7a l\u00e1 na frente. Pequenas mudan\u00e7as trazem grandes resultados.<\/p>\n<p>Para <strong>Capric\u00f3rnio<\/strong>, a energia favorece prazer, criatividade e express\u00e3o. Mesmo com sua tend\u00eancia ao foco no dever, a semana convida a equilibrar responsabilidade com leveza. Projetos criativos ou momentos afetivos podem ganhar destaque \u2014 permita-se aproveitar mais.<\/p>\n<p>Em <strong>Aqu\u00e1rio<\/strong>, o olhar se volta para a vida pessoal e emocional. Assuntos familiares ou internos podem ganhar mais espa\u00e7o. \u00c9 um bom momento para reorganizar sua base, tanto f\u00edsica quanto emocional. Evite fugir do que sente \u2014 encarar isso trar\u00e1 estabilidade.<\/p>\n<p>Por fim, em <strong>Peixes,<\/strong> a comunica\u00e7\u00e3o ganha for\u00e7a. Conversas, ideias e trocas podem abrir caminhos interessantes. S\u00f3 cuide para n\u00e3o se dispersar demais \u2014 foco ser\u00e1 essencial para transformar ideias em algo concreto. Ouvir tamb\u00e9m ser\u00e1 t\u00e3o importante quanto falar.<\/p>\n","protected":false},"excerpt":{"rendered":"<p>A semana de 27 de abril a 3 de maio traz uma mistura interessante de estabilidade e movimento interno. O Sol segue em Touro, favorecendo seguran\u00e7a, prazer e constru\u00e7\u00e3o concreta \u2014 mas h\u00e1 um pano de fundo emocional pedindo ajustes. A energia predominante convida a desacelerar para alinhar (n\u00e3o \u00e9 pregui\u00e7a, \u00e9 estrat\u00e9gia); reavaliar prioridades [&hellip;]<\/p>\n","protected":false},"author":2,"featured_media":392706,"comment_status":"closed","ping_status":"closed","sticky":false,"template":"","format":"standard","meta":{"_acf_changed":false,"footnotes":""},"categories":[155],"tags":[],"class_list":["post-392705","post","type-post","status-publish","format-standard","has-post-thumbnail","hentry","category-leitura-vip"],"acf":[],"yoast_head":"<!-- This site is optimized with the Yoast SEO plugin v27.2 - https:\/\/yoast.com\/product\/yoast-seo-wordpress\/ -->\n<title>Astros sugerem cuidar do corpo e das finan\u00e7as - Notibras<\/title>\n<meta name=\"robots\" content=\"index, follow, max-snippet:-1, max-image-preview:large, max-video-preview:-1\" \/>\n<link rel=\"canonical\" href=\"https:\/\/www.notibras.com\/site\/astros-sugerem-cuidar-do-corpo-e-das-financas\/\" \/>\n<meta property=\"og:locale\" content=\"pt_BR\" \/>\n<meta property=\"og:type\" content=\"article\" \/>\n<meta property=\"og:title\" content=\"Astros sugerem cuidar do corpo e das finan\u00e7as - Notibras\" \/>\n<meta property=\"og:description\" content=\"A semana de 27 de abril a 3 de maio traz uma mistura interessante de estabilidade e movimento interno. O Sol segue em Touro, favorecendo seguran\u00e7a, prazer e constru\u00e7\u00e3o concreta \u2014 mas h\u00e1 um pano de fundo emocional pedindo ajustes. A energia predominante convida a desacelerar para alinhar (n\u00e3o \u00e9 pregui\u00e7a, \u00e9 estrat\u00e9gia); reavaliar prioridades [&hellip;]\" \/>\n<meta property=\"og:url\" content=\"https:\/\/www.notibras.com\/site\/astros-sugerem-cuidar-do-corpo-e-das-financas\/\" \/>\n<meta property=\"og:site_name\" content=\"Notibras\" \/>\n<meta property=\"article:publisher\" content=\"https:\/\/www.facebook.com\/notibras\/\" \/>\n<meta property=\"article:published_time\" content=\"2026-04-27T03:12:56+00:00\" \/>\n<meta property=\"article:modified_time\" content=\"2026-04-27T12:17:07+00:00\" \/>\n<meta property=\"og:image\" content=\"https:\/\/www.notibras.com\/site\/wp-content\/uploads\/2026\/04\/hooacopo.abril_.maio_.jpg\" \/>\n\t<meta property=\"og:image:width\" content=\"815\" \/>\n\t<meta property=\"og:image:height\" content=\"620\" \/>\n\t<meta property=\"og:image:type\" content=\"image\/jpeg\" \/>\n<meta name=\"author\" content=\"Reda\u00e7\u00e3o\" \/>\n<meta name=\"twitter:card\" content=\"summary_large_image\" \/>\n<meta name=\"twitter:creator\" content=\"@Notibras\" \/>\n<meta name=\"twitter:site\" content=\"@Notibras\" \/>\n<meta name=\"twitter:label1\" content=\"Escrito por\" \/>\n\t<meta name=\"twitter:data1\" content=\"Reda\u00e7\u00e3o\" \/>\n\t<meta name=\"twitter:label2\" content=\"Est. tempo de leitura\" \/>\n\t<meta name=\"twitter:data2\" content=\"4 minutos\" \/>\n<script type=\"application\/ld+json\" class=\"yoast-schema-graph\">{\"@context\":\"https:\/\/schema.org\",\"@graph\":[{\"@type\":\"Article\",\"@id\":\"https:\/\/www.notibras.com\/site\/astros-sugerem-cuidar-do-corpo-e-das-financas\/#article\",\"isPartOf\":{\"@id\":\"https:\/\/www.notibras.com\/site\/astros-sugerem-cuidar-do-corpo-e-das-financas\/\"},\"author\":{\"name\":\"Reda\u00e7\u00e3o\",\"@id\":\"https:\/\/www.notibras.com\/site\/#\/schema\/person\/36ab0979449956132d3e5b517ea76ac8\"},\"headline\":\"Astros sugerem cuidar do corpo e das finan\u00e7as\",\"datePublished\":\"2026-04-27T03:12:56+00:00\",\"dateModified\":\"2026-04-27T12:17:07+00:00\",\"mainEntityOfPage\":{\"@id\":\"https:\/\/www.notibras.com\/site\/astros-sugerem-cuidar-do-corpo-e-das-financas\/\"},\"wordCount\":680,\"publisher\":{\"@id\":\"https:\/\/www.notibras.com\/site\/#organization\"},\"image\":{\"@id\":\"https:\/\/www.notibras.com\/site\/astros-sugerem-cuidar-do-corpo-e-das-financas\/#primaryimage\"},\"thumbnailUrl\":\"https:\/\/www.notibras.com\/site\/wp-content\/uploads\/2026\/04\/hooacopo.abril_.maio_.jpg\",\"articleSection\":[\"Leitura Vip\"],\"inLanguage\":\"pt-BR\"},{\"@type\":\"WebPage\",\"@id\":\"https:\/\/www.notibras.com\/site\/astros-sugerem-cuidar-do-corpo-e-das-financas\/\",\"url\":\"https:\/\/www.notibras.com\/site\/astros-sugerem-cuidar-do-corpo-e-das-financas\/\",\"name\":\"Astros sugerem cuidar do corpo e das finan\u00e7as - Notibras\",\"isPartOf\":{\"@id\":\"https:\/\/www.notibras.com\/site\/#website\"},\"primaryImageOfPage\":{\"@id\":\"https:\/\/www.notibras.com\/site\/astros-sugerem-cuidar-do-corpo-e-das-financas\/#primaryimage\"},\"image\":{\"@id\":\"https:\/\/www.notibras.com\/site\/astros-sugerem-cuidar-do-corpo-e-das-financas\/#primaryimage\"},\"thumbnailUrl\":\"https:\/\/www.notibras.com\/site\/wp-content\/uploads\/2026\/04\/hooacopo.abril_.maio_.jpg\",\"datePublished\":\"2026-04-27T03:12:56+00:00\",\"dateModified\":\"2026-04-27T12:17:07+00:00\",\"breadcrumb\":{\"@id\":\"https:\/\/www.notibras.com\/site\/astros-sugerem-cuidar-do-corpo-e-das-financas\/#breadcrumb\"},\"inLanguage\":\"pt-BR\",\"potentialAction\":[{\"@type\":\"ReadAction\",\"target\":[\"https:\/\/www.notibras.com\/site\/astros-sugerem-cuidar-do-corpo-e-das-financas\/\"]}]},{\"@type\":\"ImageObject\",\"inLanguage\":\"pt-BR\",\"@id\":\"https:\/\/www.notibras.com\/site\/astros-sugerem-cuidar-do-corpo-e-das-financas\/#primaryimage\",\"url\":\"https:\/\/www.notibras.com\/site\/wp-content\/uploads\/2026\/04\/hooacopo.abril_.maio_.jpg\",\"contentUrl\":\"https:\/\/www.notibras.com\/site\/wp-content\/uploads\/2026\/04\/hooacopo.abril_.maio_.jpg\",\"width\":815,\"height\":620},{\"@type\":\"BreadcrumbList\",\"@id\":\"https:\/\/www.notibras.com\/site\/astros-sugerem-cuidar-do-corpo-e-das-financas\/#breadcrumb\",\"itemListElement\":[{\"@type\":\"ListItem\",\"position\":1,\"name\":\"In\u00edcio\",\"item\":\"https:\/\/www.notibras.com\/site\/\"},{\"@type\":\"ListItem\",\"position\":2,\"name\":\"Astros sugerem cuidar do corpo e das finan\u00e7as\"}]},{\"@type\":\"WebSite\",\"@id\":\"https:\/\/www.notibras.com\/site\/#website\",\"url\":\"https:\/\/www.notibras.com\/site\/\",\"name\":\"Notibras\",\"description\":\"Not\u00edcias de Bras\u00edlia, do Brasil e do Mundo\",\"publisher\":{\"@id\":\"https:\/\/www.notibras.com\/site\/#organization\"},\"potentialAction\":[{\"@type\":\"SearchAction\",\"target\":{\"@type\":\"EntryPoint\",\"urlTemplate\":\"https:\/\/www.notibras.com\/site\/?s={search_term_string}\"},\"query-input\":{\"@type\":\"PropertyValueSpecification\",\"valueRequired\":true,\"valueName\":\"search_term_string\"}}],\"inLanguage\":\"pt-BR\"},{\"@type\":\"Organization\",\"@id\":\"https:\/\/www.notibras.com\/site\/#organization\",\"name\":\"Grupo Notibras de Comunica\u00e7\u00e3o\",\"url\":\"https:\/\/www.notibras.com\/site\/\",\"logo\":{\"@type\":\"ImageObject\",\"inLanguage\":\"pt-BR\",\"@id\":\"https:\/\/www.notibras.com\/site\/#\/schema\/logo\/image\/\",\"url\":\"https:\/\/www.notibras.com\/site\/wp-content\/uploads\/2023\/01\/notibras23.png\",\"contentUrl\":\"https:\/\/www.notibras.com\/site\/wp-content\/uploads\/2023\/01\/notibras23.png\",\"width\":350,\"height\":87,\"caption\":\"Grupo Notibras de Comunica\u00e7\u00e3o\"},\"image\":{\"@id\":\"https:\/\/www.notibras.com\/site\/#\/schema\/logo\/image\/\"},\"sameAs\":[\"https:\/\/www.facebook.com\/notibras\/\",\"https:\/\/x.com\/Notibras\",\"https:\/\/www.instagram.com\/notibras\/\"]},{\"@type\":\"Person\",\"@id\":\"https:\/\/www.notibras.com\/site\/#\/schema\/person\/36ab0979449956132d3e5b517ea76ac8\",\"name\":\"Reda\u00e7\u00e3o\",\"image\":{\"@type\":\"ImageObject\",\"inLanguage\":\"pt-BR\",\"@id\":\"https:\/\/secure.gravatar.com\/avatar\/e0a867bdedb85fd243eadf09663511f96fc81e0720a4a42581f334ad4303aa6b?s=96&d=mm&r=g\",\"url\":\"https:\/\/secure.gravatar.com\/avatar\/e0a867bdedb85fd243eadf09663511f96fc81e0720a4a42581f334ad4303aa6b?s=96&d=mm&r=g\",\"contentUrl\":\"https:\/\/secure.gravatar.com\/avatar\/e0a867bdedb85fd243eadf09663511f96fc81e0720a4a42581f334ad4303aa6b?s=96&d=mm&r=g\",\"caption\":\"Reda\u00e7\u00e3o\"}}]}<\/script>\n<!-- \/ Yoast SEO plugin. -->","yoast_head_json":{"title":"Astros sugerem cuidar do corpo e das finan\u00e7as - Notibras","robots":{"index":"index","follow":"follow","max-snippet":"max-snippet:-1","max-image-preview":"max-image-preview:large","max-video-preview":"max-video-preview:-1"},"canonical":"https:\/\/www.notibras.com\/site\/astros-sugerem-cuidar-do-corpo-e-das-financas\/","og_locale":"pt_BR","og_type":"article","og_title":"Astros sugerem cuidar do corpo e das finan\u00e7as - Notibras","og_description":"A semana de 27 de abril a 3 de maio traz uma mistura interessante de estabilidade e movimento interno. O Sol segue em Touro, favorecendo seguran\u00e7a, prazer e constru\u00e7\u00e3o concreta \u2014 mas h\u00e1 um pano de fundo emocional pedindo ajustes. A energia predominante convida a desacelerar para alinhar (n\u00e3o \u00e9 pregui\u00e7a, \u00e9 estrat\u00e9gia); reavaliar prioridades [&hellip;]","og_url":"https:\/\/www.notibras.com\/site\/astros-sugerem-cuidar-do-corpo-e-das-financas\/","og_site_name":"Notibras","article_publisher":"https:\/\/www.facebook.com\/notibras\/","article_published_time":"2026-04-27T03:12:56+00:00","article_modified_time":"2026-04-27T12:17:07+00:00","og_image":[{"width":815,"height":620,"url":"https:\/\/www.notibras.com\/site\/wp-content\/uploads\/2026\/04\/hooacopo.abril_.maio_.jpg","type":"image\/jpeg"}],"author":"Reda\u00e7\u00e3o","twitter_card":"summary_large_image","twitter_creator":"@Notibras","twitter_site":"@Notibras","twitter_misc":{"Escrito por":"Reda\u00e7\u00e3o","Est. tempo de leitura":"4 minutos"},"schema":{"@context":"https:\/\/schema.org","@graph":[{"@type":"Article","@id":"https:\/\/www.notibras.com\/site\/astros-sugerem-cuidar-do-corpo-e-das-financas\/#article","isPartOf":{"@id":"https:\/\/www.notibras.com\/site\/astros-sugerem-cuidar-do-corpo-e-das-financas\/"},"author":{"name":"Reda\u00e7\u00e3o","@id":"https:\/\/www.notibras.com\/site\/#\/schema\/person\/36ab0979449956132d3e5b517ea76ac8"},"headline":"Astros sugerem cuidar do corpo e das finan\u00e7as","datePublished":"2026-04-27T03:12:56+00:00","dateModified":"2026-04-27T12:17:07+00:00","mainEntityOfPage":{"@id":"https:\/\/www.notibras.com\/site\/astros-sugerem-cuidar-do-corpo-e-das-financas\/"},"wordCount":680,"publisher":{"@id":"https:\/\/www.notibras.com\/site\/#organization"},"image":{"@id":"https:\/\/www.notibras.com\/site\/astros-sugerem-cuidar-do-corpo-e-das-financas\/#primaryimage"},"thumbnailUrl":"https:\/\/www.notibras.com\/site\/wp-content\/uploads\/2026\/04\/hooacopo.abril_.maio_.jpg","articleSection":["Leitura Vip"],"inLanguage":"pt-BR"},{"@type":"WebPage","@id":"https:\/\/www.notibras.com\/site\/astros-sugerem-cuidar-do-corpo-e-das-financas\/","url":"https:\/\/www.notibras.com\/site\/astros-sugerem-cuidar-do-corpo-e-das-financas\/","name":"Astros sugerem cuidar do corpo e das finan\u00e7as - Notibras","isPartOf":{"@id":"https:\/\/www.notibras.com\/site\/#website"},"primaryImageOfPage":{"@id":"https:\/\/www.notibras.com\/site\/astros-sugerem-cuidar-do-corpo-e-das-financas\/#primaryimage"},"image":{"@id":"https:\/\/www.notibras.com\/site\/astros-sugerem-cuidar-do-corpo-e-das-financas\/#primaryimage"},"thumbnailUrl":"https:\/\/www.notibras.com\/site\/wp-content\/uploads\/2026\/04\/hooacopo.abril_.maio_.jpg","datePublished":"2026-04-27T03:12:56+00:00","dateModified":"2026-04-27T12:17:07+00:00","breadcrumb":{"@id":"https:\/\/www.notibras.com\/site\/astros-sugerem-cuidar-do-corpo-e-das-financas\/#breadcrumb"},"inLanguage":"pt-BR","potentialAction":[{"@type":"ReadAction","target":["https:\/\/www.notibras.com\/site\/astros-sugerem-cuidar-do-corpo-e-das-financas\/"]}]},{"@type":"ImageObject","inLanguage":"pt-BR","@id":"https:\/\/www.notibras.com\/site\/astros-sugerem-cuidar-do-corpo-e-das-financas\/#primaryimage","url":"https:\/\/www.notibras.com\/site\/wp-content\/uploads\/2026\/04\/hooacopo.abril_.maio_.jpg","contentUrl":"https:\/\/www.notibras.com\/site\/wp-content\/uploads\/2026\/04\/hooacopo.abril_.maio_.jpg","width":815,"height":620},{"@type":"BreadcrumbList","@id":"https:\/\/www.notibras.com\/site\/astros-sugerem-cuidar-do-corpo-e-das-financas\/#breadcrumb","itemListElement":[{"@type":"ListItem","position":1,"name":"In\u00edcio","item":"https:\/\/www.notibras.com\/site\/"},{"@type":"ListItem","position":2,"name":"Astros sugerem cuidar do corpo e das finan\u00e7as"}]},{"@type":"WebSite","@id":"https:\/\/www.notibras.com\/site\/#website","url":"https:\/\/www.notibras.com\/site\/","name":"Notibras","description":"Not\u00edcias de Bras\u00edlia, do Brasil e do Mundo","publisher":{"@id":"https:\/\/www.notibras.com\/site\/#organization"},"potentialAction":[{"@type":"SearchAction","target":{"@type":"EntryPoint","urlTemplate":"https:\/\/www.notibras.com\/site\/?s={search_term_string}"},"query-input":{"@type":"PropertyValueSpecification","valueRequired":true,"valueName":"search_term_string"}}],"inLanguage":"pt-BR"},{"@type":"Organization","@id":"https:\/\/www.notibras.com\/site\/#organization","name":"Grupo Notibras de Comunica\u00e7\u00e3o","url":"https:\/\/www.notibras.com\/site\/","logo":{"@type":"ImageObject","inLanguage":"pt-BR","@id":"https:\/\/www.notibras.com\/site\/#\/schema\/logo\/image\/","url":"https:\/\/www.notibras.com\/site\/wp-content\/uploads\/2023\/01\/notibras23.png","contentUrl":"https:\/\/www.notibras.com\/site\/wp-content\/uploads\/2023\/01\/notibras23.png","width":350,"height":87,"caption":"Grupo Notibras de Comunica\u00e7\u00e3o"},"image":{"@id":"https:\/\/www.notibras.com\/site\/#\/schema\/logo\/image\/"},"sameAs":["https:\/\/www.facebook.com\/notibras\/","https:\/\/x.com\/Notibras","https:\/\/www.instagram.com\/notibras\/"]},{"@type":"Person","@id":"https:\/\/www.notibras.com\/site\/#\/schema\/person\/36ab0979449956132d3e5b517ea76ac8","name":"Reda\u00e7\u00e3o","image":{"@type":"ImageObject","inLanguage":"pt-BR","@id":"https:\/\/secure.gravatar.com\/avatar\/e0a867bdedb85fd243eadf09663511f96fc81e0720a4a42581f334ad4303aa6b?s=96&d=mm&r=g","url":"https:\/\/secure.gravatar.com\/avatar\/e0a867bdedb85fd243eadf09663511f96fc81e0720a4a42581f334ad4303aa6b?s=96&d=mm&r=g","contentUrl":"https:\/\/secure.gravatar.com\/avatar\/e0a867bdedb85fd243eadf09663511f96fc81e0720a4a42581f334ad4303aa6b?s=96&d=mm&r=g","caption":"Reda\u00e7\u00e3o"}}]}},"amp_enabled":true,"_links":{"self":[{"href":"https:\/\/www.notibras.com\/site\/wp-json\/wp\/v2\/posts\/392705","targetHints":{"allow":["GET"]}}],"collection":[{"href":"https:\/\/www.notibras.com\/site\/wp-json\/wp\/v2\/posts"}],"about":[{"href":"https:\/\/www.notibras.com\/site\/wp-json\/wp\/v2\/types\/post"}],"author":[{"embeddable":true,"href":"https:\/\/www.notibras.com\/site\/wp-json\/wp\/v2\/users\/2"}],"replies":[{"embeddable":true,"href":"https:\/\/www.notibras.com\/site\/wp-json\/wp\/v2\/comments?post=392705"}],"version-history":[{"count":1,"href":"https:\/\/www.notibras.com\/site\/wp-json\/wp\/v2\/posts\/392705\/revisions"}],"predecessor-version":[{"id":392707,"href":"https:\/\/www.notibras.com\/site\/wp-json\/wp\/v2\/posts\/392705\/revisions\/392707"}],"wp:featuredmedia":[{"embeddable":true,"href":"https:\/\/www.notibras.com\/site\/wp-json\/wp\/v2\/media\/392706"}],"wp:attachment":[{"href":"https:\/\/www.notibras.com\/site\/wp-json\/wp\/v2\/media?parent=392705"}],"wp:term":[{"taxonomy":"category","embeddable":true,"href":"https:\/\/www.notibras.com\/site\/wp-json\/wp\/v2\/categories?post=392705"},{"taxonomy":"post_tag","embeddable":true,"href":"https:\/\/www.notibras.com\/site\/wp-json\/wp\/v2\/tags?post=392705"}],"curies":[{"name":"wp","href":"https:\/\/api.w.org\/{rel}","templated":true}]}}