{"id":392711,"date":"2026-04-27T10:07:58","date_gmt":"2026-04-27T13:07:58","guid":{"rendered":"https:\/\/www.notibras.com\/site\/?p=392711"},"modified":"2026-04-27T10:50:51","modified_gmt":"2026-04-27T13:50:51","slug":"mercado-financeiro-projeta-inflacao-maior-e-o-pib-em-queda-livre","status":"publish","type":"post","link":"https:\/\/www.notibras.com\/site\/mercado-financeiro-projeta-inflacao-maior-e-o-pib-em-queda-livre\/","title":{"rendered":"Mercado financeiro projeta infla\u00e7\u00e3o maior e o PIB em queda livre"},"content":{"rendered":"<p>O mercado financeiro aumentou, pela s\u00e9tima semana consecutiva, as previs\u00f5es de infla\u00e7\u00e3o para 2026. De acordo com o Boletim Focus, o ano fechar\u00e1 com o \u00cdndice Nacional de Pre\u00e7os ao Consumidor Amplo (IPCA), refer\u00eancia oficial da infla\u00e7\u00e3o no pa\u00eds, em 4,86%.<\/p>\n<p>Na edi\u00e7\u00e3o anterior do boletim divulgado pelo Banco Central, a previs\u00e3o era de que o IPCA de 2026 ficaria em 4,80%, acima dos 4,31% projetados h\u00e1 quatro semanas.<\/p>\n<p>Para os anos subsequentes, as proje\u00e7\u00f5es do mercado est\u00e3o em 4% para 2027; e 3,61% para 2028.<\/p>\n<p>Em mar\u00e7o, a alta dos pre\u00e7os em transportes e alimenta\u00e7\u00e3o fez a infla\u00e7\u00e3o oficial do m\u00eas fechar em 0,88% \u2013 ante 0,7% em fevereiro. O IPCA acumulado em 12 meses ficou em 4,14%, de acordo com o Instituto Brasileiro de Geografia e Estat\u00edstica (IBGE).<\/p>\n<p><strong>Taxa Selic<\/strong><br \/>\nPara alcan\u00e7ar a meta de infla\u00e7\u00e3o, o Banco Central usa como principal instrumento a taxa b\u00e1sica de juros, a Selic, definida atualmente em 14,75% ao ano pelo Comit\u00ea de Pol\u00edtica Monet\u00e1ria (Copom) do BC.<\/p>\n<p>Atualmente, o mercado projeta que a Selic fechar\u00e1 o ano em 13% \u2013 mesmo percentual projetado na semana passada, mas 0,5 ponto percentual acima das proje\u00e7\u00f5es feitas h\u00e1 quatro semanas (12,5%). Para 2027 e 2028, as proje\u00e7\u00f5es s\u00e3o de Selic a 11% e a 10%, respectivamente.<\/p>\n<p>Quando estava em 15% ao ano, a Selic registrava o maior n\u00edvel desde julho de 2006, quando estava fixada em 15,25% ao ano. De setembro de 2024 a junho de 2025, a taxa foi elevada sete vezes seguidas.<\/p>\n<p><strong>PIB e C\u00e2mbio<\/strong><br \/>\nCom rela\u00e7\u00e3o ao Produto Interno Bruto (PIB), a soma de todas riquezas produzidas no pa\u00eds) e ao c\u00e2mbio, o mercado reviu para baixo esses \u00edndices, na compara\u00e7\u00e3o com a semana anterior.<\/p>\n<p>A expectativa \u00e9 de que a economia do pa\u00eds cres\u00e7a 1,85% em 2026, percentual ligeiramente abaixo do 1,86% projetado na semana passada. Para 2027, o mercado projeta que o PIB feche o ano em 1,80%. Para 2028, projeta-se uma infla\u00e7\u00e3o de 2%, segundo o Focus.<\/p>\n<p>O d\u00f3lar fechar\u00e1 2026 contado a R$ 5,25, caso as proje\u00e7\u00f5es do mercado financeiro se confirmarem. Na semana passada, a cota\u00e7\u00e3o da moeda estadunidense estava em R$ 5,30; e h\u00e1 quatro semanas estava em R$ 5,40.<\/p>\n<p>Para 2027 e 2028, as expectativas apontadas pelo boletim \u00e9 de o d\u00f3lar a R$ 5,35 e R$ 5,40, respectivamente.<\/p>\n","protected":false},"excerpt":{"rendered":"<p>O mercado financeiro aumentou, pela s\u00e9tima semana consecutiva, as previs\u00f5es de infla\u00e7\u00e3o para 2026. De acordo com o Boletim Focus, o ano fechar\u00e1 com o \u00cdndice Nacional de Pre\u00e7os ao Consumidor Amplo (IPCA), refer\u00eancia oficial da infla\u00e7\u00e3o no pa\u00eds, em 4,86%. Na edi\u00e7\u00e3o anterior do boletim divulgado pelo Banco Central, a previs\u00e3o era de que [&hellip;]<\/p>\n","protected":false},"author":2,"featured_media":294406,"comment_status":"closed","ping_status":"closed","sticky":false,"template":"","format":"standard","meta":{"_acf_changed":false,"footnotes":""},"categories":[16],"tags":[95],"class_list":["post-392711","post","type-post","status-publish","format-standard","has-post-thumbnail","hentry","category-brasil","tag-capa"],"acf":[],"yoast_head":"<!-- This site is optimized with the Yoast SEO plugin v27.2 - https:\/\/yoast.com\/product\/yoast-seo-wordpress\/ -->\n<title>Mercado financeiro projeta infla\u00e7\u00e3o maior e o PIB em queda livre - Notibras<\/title>\n<meta name=\"robots\" content=\"index, follow, max-snippet:-1, max-image-preview:large, max-video-preview:-1\" \/>\n<link rel=\"canonical\" href=\"https:\/\/www.notibras.com\/site\/mercado-financeiro-projeta-inflacao-maior-e-o-pib-em-queda-livre\/\" \/>\n<meta property=\"og:locale\" content=\"pt_BR\" \/>\n<meta property=\"og:type\" content=\"article\" \/>\n<meta property=\"og:title\" content=\"Mercado financeiro projeta infla\u00e7\u00e3o maior e o PIB em queda livre - Notibras\" \/>\n<meta property=\"og:description\" content=\"O mercado financeiro aumentou, pela s\u00e9tima semana consecutiva, as previs\u00f5es de infla\u00e7\u00e3o para 2026. De acordo com o Boletim Focus, o ano fechar\u00e1 com o \u00cdndice Nacional de Pre\u00e7os ao Consumidor Amplo (IPCA), refer\u00eancia oficial da infla\u00e7\u00e3o no pa\u00eds, em 4,86%. Na edi\u00e7\u00e3o anterior do boletim divulgado pelo Banco Central, a previs\u00e3o era de que [&hellip;]\" \/>\n<meta property=\"og:url\" content=\"https:\/\/www.notibras.com\/site\/mercado-financeiro-projeta-inflacao-maior-e-o-pib-em-queda-livre\/\" \/>\n<meta property=\"og:site_name\" content=\"Notibras\" \/>\n<meta property=\"article:publisher\" content=\"https:\/\/www.facebook.com\/notibras\/\" \/>\n<meta property=\"article:published_time\" content=\"2026-04-27T13:07:58+00:00\" \/>\n<meta property=\"article:modified_time\" content=\"2026-04-27T13:50:51+00:00\" \/>\n<meta property=\"og:image\" content=\"https:\/\/www.notibras.com\/site\/wp-content\/uploads\/2022\/11\/inflacao.10.jpg\" \/>\n\t<meta property=\"og:image:width\" content=\"1170\" \/>\n\t<meta property=\"og:image:height\" content=\"700\" \/>\n\t<meta property=\"og:image:type\" content=\"image\/jpeg\" \/>\n<meta name=\"author\" content=\"Reda\u00e7\u00e3o\" \/>\n<meta name=\"twitter:card\" content=\"summary_large_image\" \/>\n<meta name=\"twitter:creator\" content=\"@Notibras\" \/>\n<meta name=\"twitter:site\" content=\"@Notibras\" \/>\n<meta name=\"twitter:label1\" content=\"Escrito por\" \/>\n\t<meta name=\"twitter:data1\" content=\"Reda\u00e7\u00e3o\" \/>\n\t<meta name=\"twitter:label2\" content=\"Est. tempo de leitura\" \/>\n\t<meta name=\"twitter:data2\" content=\"3 minutos\" \/>\n<script type=\"application\/ld+json\" class=\"yoast-schema-graph\">{\"@context\":\"https:\/\/schema.org\",\"@graph\":[{\"@type\":\"Article\",\"@id\":\"https:\/\/www.notibras.com\/site\/mercado-financeiro-projeta-inflacao-maior-e-o-pib-em-queda-livre\/#article\",\"isPartOf\":{\"@id\":\"https:\/\/www.notibras.com\/site\/mercado-financeiro-projeta-inflacao-maior-e-o-pib-em-queda-livre\/\"},\"author\":{\"name\":\"Reda\u00e7\u00e3o\",\"@id\":\"https:\/\/www.notibras.com\/site\/#\/schema\/person\/36ab0979449956132d3e5b517ea76ac8\"},\"headline\":\"Mercado financeiro projeta infla\u00e7\u00e3o maior e o PIB em queda livre\",\"datePublished\":\"2026-04-27T13:07:58+00:00\",\"dateModified\":\"2026-04-27T13:50:51+00:00\",\"mainEntityOfPage\":{\"@id\":\"https:\/\/www.notibras.com\/site\/mercado-financeiro-projeta-inflacao-maior-e-o-pib-em-queda-livre\/\"},\"wordCount\":390,\"publisher\":{\"@id\":\"https:\/\/www.notibras.com\/site\/#organization\"},\"image\":{\"@id\":\"https:\/\/www.notibras.com\/site\/mercado-financeiro-projeta-inflacao-maior-e-o-pib-em-queda-livre\/#primaryimage\"},\"thumbnailUrl\":\"https:\/\/www.notibras.com\/site\/wp-content\/uploads\/2022\/11\/inflacao.10.jpg\",\"keywords\":[\"capa\"],\"articleSection\":[\"Brasil\"],\"inLanguage\":\"pt-BR\"},{\"@type\":\"WebPage\",\"@id\":\"https:\/\/www.notibras.com\/site\/mercado-financeiro-projeta-inflacao-maior-e-o-pib-em-queda-livre\/\",\"url\":\"https:\/\/www.notibras.com\/site\/mercado-financeiro-projeta-inflacao-maior-e-o-pib-em-queda-livre\/\",\"name\":\"Mercado financeiro projeta infla\u00e7\u00e3o maior e o PIB em queda livre - Notibras\",\"isPartOf\":{\"@id\":\"https:\/\/www.notibras.com\/site\/#website\"},\"primaryImageOfPage\":{\"@id\":\"https:\/\/www.notibras.com\/site\/mercado-financeiro-projeta-inflacao-maior-e-o-pib-em-queda-livre\/#primaryimage\"},\"image\":{\"@id\":\"https:\/\/www.notibras.com\/site\/mercado-financeiro-projeta-inflacao-maior-e-o-pib-em-queda-livre\/#primaryimage\"},\"thumbnailUrl\":\"https:\/\/www.notibras.com\/site\/wp-content\/uploads\/2022\/11\/inflacao.10.jpg\",\"datePublished\":\"2026-04-27T13:07:58+00:00\",\"dateModified\":\"2026-04-27T13:50:51+00:00\",\"breadcrumb\":{\"@id\":\"https:\/\/www.notibras.com\/site\/mercado-financeiro-projeta-inflacao-maior-e-o-pib-em-queda-livre\/#breadcrumb\"},\"inLanguage\":\"pt-BR\",\"potentialAction\":[{\"@type\":\"ReadAction\",\"target\":[\"https:\/\/www.notibras.com\/site\/mercado-financeiro-projeta-inflacao-maior-e-o-pib-em-queda-livre\/\"]}]},{\"@type\":\"ImageObject\",\"inLanguage\":\"pt-BR\",\"@id\":\"https:\/\/www.notibras.com\/site\/mercado-financeiro-projeta-inflacao-maior-e-o-pib-em-queda-livre\/#primaryimage\",\"url\":\"https:\/\/www.notibras.com\/site\/wp-content\/uploads\/2022\/11\/inflacao.10.jpg\",\"contentUrl\":\"https:\/\/www.notibras.com\/site\/wp-content\/uploads\/2022\/11\/inflacao.10.jpg\",\"width\":1170,\"height\":700,\"caption\":\"Supermercado\"},{\"@type\":\"BreadcrumbList\",\"@id\":\"https:\/\/www.notibras.com\/site\/mercado-financeiro-projeta-inflacao-maior-e-o-pib-em-queda-livre\/#breadcrumb\",\"itemListElement\":[{\"@type\":\"ListItem\",\"position\":1,\"name\":\"In\u00edcio\",\"item\":\"https:\/\/www.notibras.com\/site\/\"},{\"@type\":\"ListItem\",\"position\":2,\"name\":\"Mercado financeiro projeta infla\u00e7\u00e3o maior e o PIB em queda livre\"}]},{\"@type\":\"WebSite\",\"@id\":\"https:\/\/www.notibras.com\/site\/#website\",\"url\":\"https:\/\/www.notibras.com\/site\/\",\"name\":\"Notibras\",\"description\":\"Not\u00edcias de Bras\u00edlia, do Brasil e do Mundo\",\"publisher\":{\"@id\":\"https:\/\/www.notibras.com\/site\/#organization\"},\"potentialAction\":[{\"@type\":\"SearchAction\",\"target\":{\"@type\":\"EntryPoint\",\"urlTemplate\":\"https:\/\/www.notibras.com\/site\/?s={search_term_string}\"},\"query-input\":{\"@type\":\"PropertyValueSpecification\",\"valueRequired\":true,\"valueName\":\"search_term_string\"}}],\"inLanguage\":\"pt-BR\"},{\"@type\":\"Organization\",\"@id\":\"https:\/\/www.notibras.com\/site\/#organization\",\"name\":\"Grupo Notibras de Comunica\u00e7\u00e3o\",\"url\":\"https:\/\/www.notibras.com\/site\/\",\"logo\":{\"@type\":\"ImageObject\",\"inLanguage\":\"pt-BR\",\"@id\":\"https:\/\/www.notibras.com\/site\/#\/schema\/logo\/image\/\",\"url\":\"https:\/\/www.notibras.com\/site\/wp-content\/uploads\/2023\/01\/notibras23.png\",\"contentUrl\":\"https:\/\/www.notibras.com\/site\/wp-content\/uploads\/2023\/01\/notibras23.png\",\"width\":350,\"height\":87,\"caption\":\"Grupo Notibras de Comunica\u00e7\u00e3o\"},\"image\":{\"@id\":\"https:\/\/www.notibras.com\/site\/#\/schema\/logo\/image\/\"},\"sameAs\":[\"https:\/\/www.facebook.com\/notibras\/\",\"https:\/\/x.com\/Notibras\",\"https:\/\/www.instagram.com\/notibras\/\"]},{\"@type\":\"Person\",\"@id\":\"https:\/\/www.notibras.com\/site\/#\/schema\/person\/36ab0979449956132d3e5b517ea76ac8\",\"name\":\"Reda\u00e7\u00e3o\",\"image\":{\"@type\":\"ImageObject\",\"inLanguage\":\"pt-BR\",\"@id\":\"https:\/\/secure.gravatar.com\/avatar\/e0a867bdedb85fd243eadf09663511f96fc81e0720a4a42581f334ad4303aa6b?s=96&d=mm&r=g\",\"url\":\"https:\/\/secure.gravatar.com\/avatar\/e0a867bdedb85fd243eadf09663511f96fc81e0720a4a42581f334ad4303aa6b?s=96&d=mm&r=g\",\"contentUrl\":\"https:\/\/secure.gravatar.com\/avatar\/e0a867bdedb85fd243eadf09663511f96fc81e0720a4a42581f334ad4303aa6b?s=96&d=mm&r=g\",\"caption\":\"Reda\u00e7\u00e3o\"}}]}<\/script>\n<!-- \/ Yoast SEO plugin. -->","yoast_head_json":{"title":"Mercado financeiro projeta infla\u00e7\u00e3o maior e o PIB em queda livre - Notibras","robots":{"index":"index","follow":"follow","max-snippet":"max-snippet:-1","max-image-preview":"max-image-preview:large","max-video-preview":"max-video-preview:-1"},"canonical":"https:\/\/www.notibras.com\/site\/mercado-financeiro-projeta-inflacao-maior-e-o-pib-em-queda-livre\/","og_locale":"pt_BR","og_type":"article","og_title":"Mercado financeiro projeta infla\u00e7\u00e3o maior e o PIB em queda livre - Notibras","og_description":"O mercado financeiro aumentou, pela s\u00e9tima semana consecutiva, as previs\u00f5es de infla\u00e7\u00e3o para 2026. De acordo com o Boletim Focus, o ano fechar\u00e1 com o \u00cdndice Nacional de Pre\u00e7os ao Consumidor Amplo (IPCA), refer\u00eancia oficial da infla\u00e7\u00e3o no pa\u00eds, em 4,86%. Na edi\u00e7\u00e3o anterior do boletim divulgado pelo Banco Central, a previs\u00e3o era de que [&hellip;]","og_url":"https:\/\/www.notibras.com\/site\/mercado-financeiro-projeta-inflacao-maior-e-o-pib-em-queda-livre\/","og_site_name":"Notibras","article_publisher":"https:\/\/www.facebook.com\/notibras\/","article_published_time":"2026-04-27T13:07:58+00:00","article_modified_time":"2026-04-27T13:50:51+00:00","og_image":[{"width":1170,"height":700,"url":"https:\/\/www.notibras.com\/site\/wp-content\/uploads\/2022\/11\/inflacao.10.jpg","type":"image\/jpeg"}],"author":"Reda\u00e7\u00e3o","twitter_card":"summary_large_image","twitter_creator":"@Notibras","twitter_site":"@Notibras","twitter_misc":{"Escrito por":"Reda\u00e7\u00e3o","Est. tempo de leitura":"3 minutos"},"schema":{"@context":"https:\/\/schema.org","@graph":[{"@type":"Article","@id":"https:\/\/www.notibras.com\/site\/mercado-financeiro-projeta-inflacao-maior-e-o-pib-em-queda-livre\/#article","isPartOf":{"@id":"https:\/\/www.notibras.com\/site\/mercado-financeiro-projeta-inflacao-maior-e-o-pib-em-queda-livre\/"},"author":{"name":"Reda\u00e7\u00e3o","@id":"https:\/\/www.notibras.com\/site\/#\/schema\/person\/36ab0979449956132d3e5b517ea76ac8"},"headline":"Mercado financeiro projeta infla\u00e7\u00e3o maior e o PIB em queda livre","datePublished":"2026-04-27T13:07:58+00:00","dateModified":"2026-04-27T13:50:51+00:00","mainEntityOfPage":{"@id":"https:\/\/www.notibras.com\/site\/mercado-financeiro-projeta-inflacao-maior-e-o-pib-em-queda-livre\/"},"wordCount":390,"publisher":{"@id":"https:\/\/www.notibras.com\/site\/#organization"},"image":{"@id":"https:\/\/www.notibras.com\/site\/mercado-financeiro-projeta-inflacao-maior-e-o-pib-em-queda-livre\/#primaryimage"},"thumbnailUrl":"https:\/\/www.notibras.com\/site\/wp-content\/uploads\/2022\/11\/inflacao.10.jpg","keywords":["capa"],"articleSection":["Brasil"],"inLanguage":"pt-BR"},{"@type":"WebPage","@id":"https:\/\/www.notibras.com\/site\/mercado-financeiro-projeta-inflacao-maior-e-o-pib-em-queda-livre\/","url":"https:\/\/www.notibras.com\/site\/mercado-financeiro-projeta-inflacao-maior-e-o-pib-em-queda-livre\/","name":"Mercado financeiro projeta infla\u00e7\u00e3o maior e o PIB em queda livre - Notibras","isPartOf":{"@id":"https:\/\/www.notibras.com\/site\/#website"},"primaryImageOfPage":{"@id":"https:\/\/www.notibras.com\/site\/mercado-financeiro-projeta-inflacao-maior-e-o-pib-em-queda-livre\/#primaryimage"},"image":{"@id":"https:\/\/www.notibras.com\/site\/mercado-financeiro-projeta-inflacao-maior-e-o-pib-em-queda-livre\/#primaryimage"},"thumbnailUrl":"https:\/\/www.notibras.com\/site\/wp-content\/uploads\/2022\/11\/inflacao.10.jpg","datePublished":"2026-04-27T13:07:58+00:00","dateModified":"2026-04-27T13:50:51+00:00","breadcrumb":{"@id":"https:\/\/www.notibras.com\/site\/mercado-financeiro-projeta-inflacao-maior-e-o-pib-em-queda-livre\/#breadcrumb"},"inLanguage":"pt-BR","potentialAction":[{"@type":"ReadAction","target":["https:\/\/www.notibras.com\/site\/mercado-financeiro-projeta-inflacao-maior-e-o-pib-em-queda-livre\/"]}]},{"@type":"ImageObject","inLanguage":"pt-BR","@id":"https:\/\/www.notibras.com\/site\/mercado-financeiro-projeta-inflacao-maior-e-o-pib-em-queda-livre\/#primaryimage","url":"https:\/\/www.notibras.com\/site\/wp-content\/uploads\/2022\/11\/inflacao.10.jpg","contentUrl":"https:\/\/www.notibras.com\/site\/wp-content\/uploads\/2022\/11\/inflacao.10.jpg","width":1170,"height":700,"caption":"Supermercado"},{"@type":"BreadcrumbList","@id":"https:\/\/www.notibras.com\/site\/mercado-financeiro-projeta-inflacao-maior-e-o-pib-em-queda-livre\/#breadcrumb","itemListElement":[{"@type":"ListItem","position":1,"name":"In\u00edcio","item":"https:\/\/www.notibras.com\/site\/"},{"@type":"ListItem","position":2,"name":"Mercado financeiro projeta infla\u00e7\u00e3o maior e o PIB em queda livre"}]},{"@type":"WebSite","@id":"https:\/\/www.notibras.com\/site\/#website","url":"https:\/\/www.notibras.com\/site\/","name":"Notibras","description":"Not\u00edcias de Bras\u00edlia, do Brasil e do Mundo","publisher":{"@id":"https:\/\/www.notibras.com\/site\/#organization"},"potentialAction":[{"@type":"SearchAction","target":{"@type":"EntryPoint","urlTemplate":"https:\/\/www.notibras.com\/site\/?s={search_term_string}"},"query-input":{"@type":"PropertyValueSpecification","valueRequired":true,"valueName":"search_term_string"}}],"inLanguage":"pt-BR"},{"@type":"Organization","@id":"https:\/\/www.notibras.com\/site\/#organization","name":"Grupo Notibras de Comunica\u00e7\u00e3o","url":"https:\/\/www.notibras.com\/site\/","logo":{"@type":"ImageObject","inLanguage":"pt-BR","@id":"https:\/\/www.notibras.com\/site\/#\/schema\/logo\/image\/","url":"https:\/\/www.notibras.com\/site\/wp-content\/uploads\/2023\/01\/notibras23.png","contentUrl":"https:\/\/www.notibras.com\/site\/wp-content\/uploads\/2023\/01\/notibras23.png","width":350,"height":87,"caption":"Grupo Notibras de Comunica\u00e7\u00e3o"},"image":{"@id":"https:\/\/www.notibras.com\/site\/#\/schema\/logo\/image\/"},"sameAs":["https:\/\/www.facebook.com\/notibras\/","https:\/\/x.com\/Notibras","https:\/\/www.instagram.com\/notibras\/"]},{"@type":"Person","@id":"https:\/\/www.notibras.com\/site\/#\/schema\/person\/36ab0979449956132d3e5b517ea76ac8","name":"Reda\u00e7\u00e3o","image":{"@type":"ImageObject","inLanguage":"pt-BR","@id":"https:\/\/secure.gravatar.com\/avatar\/e0a867bdedb85fd243eadf09663511f96fc81e0720a4a42581f334ad4303aa6b?s=96&d=mm&r=g","url":"https:\/\/secure.gravatar.com\/avatar\/e0a867bdedb85fd243eadf09663511f96fc81e0720a4a42581f334ad4303aa6b?s=96&d=mm&r=g","contentUrl":"https:\/\/secure.gravatar.com\/avatar\/e0a867bdedb85fd243eadf09663511f96fc81e0720a4a42581f334ad4303aa6b?s=96&d=mm&r=g","caption":"Reda\u00e7\u00e3o"}}]}},"amp_enabled":true,"_links":{"self":[{"href":"https:\/\/www.notibras.com\/site\/wp-json\/wp\/v2\/posts\/392711","targetHints":{"allow":["GET"]}}],"collection":[{"href":"https:\/\/www.notibras.com\/site\/wp-json\/wp\/v2\/posts"}],"about":[{"href":"https:\/\/www.notibras.com\/site\/wp-json\/wp\/v2\/types\/post"}],"author":[{"embeddable":true,"href":"https:\/\/www.notibras.com\/site\/wp-json\/wp\/v2\/users\/2"}],"replies":[{"embeddable":true,"href":"https:\/\/www.notibras.com\/site\/wp-json\/wp\/v2\/comments?post=392711"}],"version-history":[{"count":1,"href":"https:\/\/www.notibras.com\/site\/wp-json\/wp\/v2\/posts\/392711\/revisions"}],"predecessor-version":[{"id":392712,"href":"https:\/\/www.notibras.com\/site\/wp-json\/wp\/v2\/posts\/392711\/revisions\/392712"}],"wp:featuredmedia":[{"embeddable":true,"href":"https:\/\/www.notibras.com\/site\/wp-json\/wp\/v2\/media\/294406"}],"wp:attachment":[{"href":"https:\/\/www.notibras.com\/site\/wp-json\/wp\/v2\/media?parent=392711"}],"wp:term":[{"taxonomy":"category","embeddable":true,"href":"https:\/\/www.notibras.com\/site\/wp-json\/wp\/v2\/categories?post=392711"},{"taxonomy":"post_tag","embeddable":true,"href":"https:\/\/www.notibras.com\/site\/wp-json\/wp\/v2\/tags?post=392711"}],"curies":[{"name":"wp","href":"https:\/\/api.w.org\/{rel}","templated":true}]}}