{"id":392713,"date":"2026-04-28T02:00:25","date_gmt":"2026-04-28T05:00:25","guid":{"rendered":"https:\/\/www.notibras.com\/site\/?p=392713"},"modified":"2026-04-27T11:26:57","modified_gmt":"2026-04-27T14:26:57","slug":"maldade-em-tom-de-domingo","status":"publish","type":"post","link":"https:\/\/www.notibras.com\/site\/maldade-em-tom-de-domingo\/","title":{"rendered":"Maldade em tom de domingo"},"content":{"rendered":"<p>Quem visse aquela senhorinha, cabelos sem tintas, \u00f3culos ajustados no nariz t\u00edpico \u2014 que n\u00e3o escondia as origens italianas \u2014, bochechas proeminentes que se destacavam a cada sorriso franco, nem desconfiaria que se tratava de uma assassina, cujo sangue corria g\u00e9lido por veias que saltavam a cada movimento.<\/p>\n<p>Francesca Rossi, algo em torno dos 80 anos, morava sozinha. Era pouco visitada por filhos, netos, amigos e conhecidos, o que lhe permitia colocar em pr\u00e1tica toda a maldade longe de olhos curiosos. Quando J\u00falia, a ca\u00e7ula, a visitava, fingia estar entretida com leitura de algum romance de Jos\u00e9 de Alencar. <em>O Guarani<\/em>, ela teria lido ao menos tr\u00eas vezes; <em>Senhora<\/em> e <em>Iracema<\/em>, at\u00e9 mais.<\/p>\n<p>\u2014 Mam\u00e3e, por que a senhora n\u00e3o l\u00ea outros escritores? Quer que eu lhe traga algum do Jorge Amado?<\/p>\n<p>\u2014 Deus me livre e guarde daquele devasso!<\/p>\n<p>Tanta castidade, a despeito dos oito filhos enfileirados, escondia um cora\u00e7\u00e3o carregado de perversidade. E, quando se viu vi\u00fava, verteu apenas as l\u00e1grimas suficientes para n\u00e3o levantar suspeitas. Ademais, aproveitou a solid\u00e3o para se dedicar aos seres que repugnava, como se n\u00e3o fossem merecedores de respirar o mesmo ar que lhe mantinha viva.<\/p>\n<p>Francesca se dedicou ao of\u00edcio. E, n\u00e3o tardou, se sentiu quase satisfeita com o patamar atingido. N\u00e3o era sorte ou acaso, mas estrat\u00e9gica pura. E seus movimentos n\u00e3o eram guiados por impulso, mas t\u00e9cnica refinada por repeti\u00e7\u00e3o.<\/p>\n<p>Era domingo, fim de tarde, quando J\u00falia, o marido e os filhos se despediram de Francesca. Haviam ido para passar o dia com a parenta. A idosa, boa atriz que era, fingiu insatisfa\u00e7\u00e3o na hora do adeus, o que arrancou palavras de remorso da filha.<\/p>\n<p>\u2014 Ah, mam\u00e3e, n\u00e3o fique assim. Prometo que voltaremos na semana que vem.<\/p>\n<p>\u2014 Promete mesmo?<\/p>\n<p>\u2014 \u00c9 claro que prometo, mam\u00e3e!<\/p>\n<p>Mal deram as costas, Francesca sentiu aquele al\u00edvio dos que se percebem s\u00f3s. A mente em frenesi indicava que ela precisava matar novamente. No entanto, pacientemente, esperou pelo momento mais apropriado para agir. Que suas a\u00e7\u00f5es estivessem acobertadas pelo sil\u00eancio da madrugada.<\/p>\n<p>Francesca pegou a longa arma na despensa, depois caminhou at\u00e9 a sala, apagou todas as luzes e se deitou no sof\u00e1. Planejou mentalmente cada passo at\u00e9 que as ideias fossem superadas pelo sono, que logo se instalou. Adormeceu sem culpas ou remorsos.<\/p>\n<p>Duas da madrugada, Francesca abriu de repente os olhos. Ela sentiu que a hora havia chegado. Sorriu com os l\u00e1bios entreabertos, pegou a arma ao lado, acendeu a luz e agiu t\u00e3o r\u00e1pido que n\u00e3o deixou oportunidades de fuga.<\/p>\n<p>Coitadas das baratas. N\u00e3o sobrou uma.<\/p>\n<p><strong>\u2026\u2026\u2026\u2026\u2026\u2026\u2026\u2026<\/strong><\/p>\n<p><strong>Eduardo Cesario-Mart\u00ednez \u00e9 autor do livro \u201957 Contos e Cr\u00f4nicas por um Autor Muito Velho\u2019 (Vencedor do Pr\u00eamio Liter\u00e1rio Clarice Lispector \u2013 2025 na categoria livro de contos).<\/strong><\/p>\n<p><strong>Compre aqui<\/strong><\/p>\n<p><a href=\"https:\/\/www.joanineditora.com.br\/57-contos-e-cronicas-por-um-autor-muito-velho\"><strong>https:\/\/www.joanineditora.com.br\/57-contos-e-cronicas-por-um-autor-muito-velho<\/strong><\/a><\/p>\n","protected":false},"excerpt":{"rendered":"<p>Quem visse aquela senhorinha, cabelos sem tintas, \u00f3culos ajustados no nariz t\u00edpico \u2014 que n\u00e3o escondia as origens italianas \u2014, bochechas proeminentes que se destacavam a cada sorriso franco, nem desconfiaria que se tratava de uma assassina, cujo sangue corria g\u00e9lido por veias que saltavam a cada movimento. Francesca Rossi, algo em torno dos 80 [&hellip;]<\/p>\n","protected":false},"author":21,"featured_media":392714,"comment_status":"closed","ping_status":"closed","sticky":false,"template":"","format":"standard","meta":{"_acf_changed":false,"footnotes":""},"categories":[161],"tags":[],"class_list":["post-392713","post","type-post","status-publish","format-standard","has-post-thumbnail","hentry","category-quadradinho-em-foco"],"acf":[],"yoast_head":"<!-- This site is optimized with the Yoast SEO plugin v27.2 - https:\/\/yoast.com\/product\/yoast-seo-wordpress\/ -->\n<title>Maldade em tom de domingo - Notibras<\/title>\n<meta name=\"robots\" content=\"index, follow, max-snippet:-1, max-image-preview:large, max-video-preview:-1\" \/>\n<link rel=\"canonical\" href=\"https:\/\/www.notibras.com\/site\/maldade-em-tom-de-domingo\/\" \/>\n<meta property=\"og:locale\" content=\"pt_BR\" \/>\n<meta property=\"og:type\" content=\"article\" \/>\n<meta property=\"og:title\" content=\"Maldade em tom de domingo - Notibras\" \/>\n<meta property=\"og:description\" content=\"Quem visse aquela senhorinha, cabelos sem tintas, \u00f3culos ajustados no nariz t\u00edpico \u2014 que n\u00e3o escondia as origens italianas \u2014, bochechas proeminentes que se destacavam a cada sorriso franco, nem desconfiaria que se tratava de uma assassina, cujo sangue corria g\u00e9lido por veias que saltavam a cada movimento. Francesca Rossi, algo em torno dos 80 [&hellip;]\" \/>\n<meta property=\"og:url\" content=\"https:\/\/www.notibras.com\/site\/maldade-em-tom-de-domingo\/\" \/>\n<meta property=\"og:site_name\" content=\"Notibras\" \/>\n<meta property=\"article:publisher\" content=\"https:\/\/www.facebook.com\/notibras\/\" \/>\n<meta property=\"article:published_time\" content=\"2026-04-28T05:00:25+00:00\" \/>\n<meta property=\"og:image\" content=\"https:\/\/www.notibras.com\/site\/wp-content\/uploads\/2026\/04\/WhatsApp-Image-2026-04-27-at-11.24.54.jpeg\" \/>\n\t<meta property=\"og:image:width\" content=\"1276\" \/>\n\t<meta property=\"og:image:height\" content=\"768\" \/>\n\t<meta property=\"og:image:type\" content=\"image\/jpeg\" \/>\n<meta name=\"author\" content=\"Eduardo Mart\u00ednez\" \/>\n<meta name=\"twitter:card\" content=\"summary_large_image\" \/>\n<meta name=\"twitter:creator\" content=\"@Notibras\" \/>\n<meta name=\"twitter:site\" content=\"@Notibras\" \/>\n<meta name=\"twitter:label1\" content=\"Escrito por\" \/>\n\t<meta name=\"twitter:data1\" content=\"Eduardo Mart\u00ednez\" \/>\n\t<meta name=\"twitter:label2\" content=\"Est. tempo de leitura\" \/>\n\t<meta name=\"twitter:data2\" content=\"3 minutos\" \/>\n<script type=\"application\/ld+json\" class=\"yoast-schema-graph\">{\"@context\":\"https:\/\/schema.org\",\"@graph\":[{\"@type\":\"Article\",\"@id\":\"https:\/\/www.notibras.com\/site\/maldade-em-tom-de-domingo\/#article\",\"isPartOf\":{\"@id\":\"https:\/\/www.notibras.com\/site\/maldade-em-tom-de-domingo\/\"},\"author\":{\"name\":\"Eduardo Mart\u00ednez\",\"@id\":\"https:\/\/www.notibras.com\/site\/#\/schema\/person\/5b7fabf2aedc3ada2105f03b22b4d3dd\"},\"headline\":\"Maldade em tom de domingo\",\"datePublished\":\"2026-04-28T05:00:25+00:00\",\"mainEntityOfPage\":{\"@id\":\"https:\/\/www.notibras.com\/site\/maldade-em-tom-de-domingo\/\"},\"wordCount\":494,\"publisher\":{\"@id\":\"https:\/\/www.notibras.com\/site\/#organization\"},\"image\":{\"@id\":\"https:\/\/www.notibras.com\/site\/maldade-em-tom-de-domingo\/#primaryimage\"},\"thumbnailUrl\":\"https:\/\/www.notibras.com\/site\/wp-content\/uploads\/2026\/04\/WhatsApp-Image-2026-04-27-at-11.24.54.jpeg\",\"articleSection\":[\"Quadradinho em Foco\"],\"inLanguage\":\"pt-BR\"},{\"@type\":\"WebPage\",\"@id\":\"https:\/\/www.notibras.com\/site\/maldade-em-tom-de-domingo\/\",\"url\":\"https:\/\/www.notibras.com\/site\/maldade-em-tom-de-domingo\/\",\"name\":\"Maldade em tom de domingo - Notibras\",\"isPartOf\":{\"@id\":\"https:\/\/www.notibras.com\/site\/#website\"},\"primaryImageOfPage\":{\"@id\":\"https:\/\/www.notibras.com\/site\/maldade-em-tom-de-domingo\/#primaryimage\"},\"image\":{\"@id\":\"https:\/\/www.notibras.com\/site\/maldade-em-tom-de-domingo\/#primaryimage\"},\"thumbnailUrl\":\"https:\/\/www.notibras.com\/site\/wp-content\/uploads\/2026\/04\/WhatsApp-Image-2026-04-27-at-11.24.54.jpeg\",\"datePublished\":\"2026-04-28T05:00:25+00:00\",\"breadcrumb\":{\"@id\":\"https:\/\/www.notibras.com\/site\/maldade-em-tom-de-domingo\/#breadcrumb\"},\"inLanguage\":\"pt-BR\",\"potentialAction\":[{\"@type\":\"ReadAction\",\"target\":[\"https:\/\/www.notibras.com\/site\/maldade-em-tom-de-domingo\/\"]}]},{\"@type\":\"ImageObject\",\"inLanguage\":\"pt-BR\",\"@id\":\"https:\/\/www.notibras.com\/site\/maldade-em-tom-de-domingo\/#primaryimage\",\"url\":\"https:\/\/www.notibras.com\/site\/wp-content\/uploads\/2026\/04\/WhatsApp-Image-2026-04-27-at-11.24.54.jpeg\",\"contentUrl\":\"https:\/\/www.notibras.com\/site\/wp-content\/uploads\/2026\/04\/WhatsApp-Image-2026-04-27-at-11.24.54.jpeg\",\"width\":1276,\"height\":768},{\"@type\":\"BreadcrumbList\",\"@id\":\"https:\/\/www.notibras.com\/site\/maldade-em-tom-de-domingo\/#breadcrumb\",\"itemListElement\":[{\"@type\":\"ListItem\",\"position\":1,\"name\":\"In\u00edcio\",\"item\":\"https:\/\/www.notibras.com\/site\/\"},{\"@type\":\"ListItem\",\"position\":2,\"name\":\"Maldade em tom de domingo\"}]},{\"@type\":\"WebSite\",\"@id\":\"https:\/\/www.notibras.com\/site\/#website\",\"url\":\"https:\/\/www.notibras.com\/site\/\",\"name\":\"Notibras\",\"description\":\"Not\u00edcias de Bras\u00edlia, do Brasil e do Mundo\",\"publisher\":{\"@id\":\"https:\/\/www.notibras.com\/site\/#organization\"},\"potentialAction\":[{\"@type\":\"SearchAction\",\"target\":{\"@type\":\"EntryPoint\",\"urlTemplate\":\"https:\/\/www.notibras.com\/site\/?s={search_term_string}\"},\"query-input\":{\"@type\":\"PropertyValueSpecification\",\"valueRequired\":true,\"valueName\":\"search_term_string\"}}],\"inLanguage\":\"pt-BR\"},{\"@type\":\"Organization\",\"@id\":\"https:\/\/www.notibras.com\/site\/#organization\",\"name\":\"Grupo Notibras de Comunica\u00e7\u00e3o\",\"url\":\"https:\/\/www.notibras.com\/site\/\",\"logo\":{\"@type\":\"ImageObject\",\"inLanguage\":\"pt-BR\",\"@id\":\"https:\/\/www.notibras.com\/site\/#\/schema\/logo\/image\/\",\"url\":\"https:\/\/www.notibras.com\/site\/wp-content\/uploads\/2023\/01\/notibras23.png\",\"contentUrl\":\"https:\/\/www.notibras.com\/site\/wp-content\/uploads\/2023\/01\/notibras23.png\",\"width\":350,\"height\":87,\"caption\":\"Grupo Notibras de Comunica\u00e7\u00e3o\"},\"image\":{\"@id\":\"https:\/\/www.notibras.com\/site\/#\/schema\/logo\/image\/\"},\"sameAs\":[\"https:\/\/www.facebook.com\/notibras\/\",\"https:\/\/x.com\/Notibras\",\"https:\/\/www.instagram.com\/notibras\/\"]},{\"@type\":\"Person\",\"@id\":\"https:\/\/www.notibras.com\/site\/#\/schema\/person\/5b7fabf2aedc3ada2105f03b22b4d3dd\",\"name\":\"Eduardo Mart\u00ednez\",\"image\":{\"@type\":\"ImageObject\",\"inLanguage\":\"pt-BR\",\"@id\":\"https:\/\/secure.gravatar.com\/avatar\/7902f906289926289cbcda644b5197c796b893c6ffd7b9a536a42d290f7704a0?s=96&d=mm&r=g\",\"url\":\"https:\/\/secure.gravatar.com\/avatar\/7902f906289926289cbcda644b5197c796b893c6ffd7b9a536a42d290f7704a0?s=96&d=mm&r=g\",\"contentUrl\":\"https:\/\/secure.gravatar.com\/avatar\/7902f906289926289cbcda644b5197c796b893c6ffd7b9a536a42d290f7704a0?s=96&d=mm&r=g\",\"caption\":\"Eduardo Mart\u00ednez\"}}]}<\/script>\n<!-- \/ Yoast SEO plugin. -->","yoast_head_json":{"title":"Maldade em tom de domingo - Notibras","robots":{"index":"index","follow":"follow","max-snippet":"max-snippet:-1","max-image-preview":"max-image-preview:large","max-video-preview":"max-video-preview:-1"},"canonical":"https:\/\/www.notibras.com\/site\/maldade-em-tom-de-domingo\/","og_locale":"pt_BR","og_type":"article","og_title":"Maldade em tom de domingo - Notibras","og_description":"Quem visse aquela senhorinha, cabelos sem tintas, \u00f3culos ajustados no nariz t\u00edpico \u2014 que n\u00e3o escondia as origens italianas \u2014, bochechas proeminentes que se destacavam a cada sorriso franco, nem desconfiaria que se tratava de uma assassina, cujo sangue corria g\u00e9lido por veias que saltavam a cada movimento. Francesca Rossi, algo em torno dos 80 [&hellip;]","og_url":"https:\/\/www.notibras.com\/site\/maldade-em-tom-de-domingo\/","og_site_name":"Notibras","article_publisher":"https:\/\/www.facebook.com\/notibras\/","article_published_time":"2026-04-28T05:00:25+00:00","og_image":[{"width":1276,"height":768,"url":"https:\/\/www.notibras.com\/site\/wp-content\/uploads\/2026\/04\/WhatsApp-Image-2026-04-27-at-11.24.54.jpeg","type":"image\/jpeg"}],"author":"Eduardo Mart\u00ednez","twitter_card":"summary_large_image","twitter_creator":"@Notibras","twitter_site":"@Notibras","twitter_misc":{"Escrito por":"Eduardo Mart\u00ednez","Est. tempo de leitura":"3 minutos"},"schema":{"@context":"https:\/\/schema.org","@graph":[{"@type":"Article","@id":"https:\/\/www.notibras.com\/site\/maldade-em-tom-de-domingo\/#article","isPartOf":{"@id":"https:\/\/www.notibras.com\/site\/maldade-em-tom-de-domingo\/"},"author":{"name":"Eduardo Mart\u00ednez","@id":"https:\/\/www.notibras.com\/site\/#\/schema\/person\/5b7fabf2aedc3ada2105f03b22b4d3dd"},"headline":"Maldade em tom de domingo","datePublished":"2026-04-28T05:00:25+00:00","mainEntityOfPage":{"@id":"https:\/\/www.notibras.com\/site\/maldade-em-tom-de-domingo\/"},"wordCount":494,"publisher":{"@id":"https:\/\/www.notibras.com\/site\/#organization"},"image":{"@id":"https:\/\/www.notibras.com\/site\/maldade-em-tom-de-domingo\/#primaryimage"},"thumbnailUrl":"https:\/\/www.notibras.com\/site\/wp-content\/uploads\/2026\/04\/WhatsApp-Image-2026-04-27-at-11.24.54.jpeg","articleSection":["Quadradinho em Foco"],"inLanguage":"pt-BR"},{"@type":"WebPage","@id":"https:\/\/www.notibras.com\/site\/maldade-em-tom-de-domingo\/","url":"https:\/\/www.notibras.com\/site\/maldade-em-tom-de-domingo\/","name":"Maldade em tom de domingo - Notibras","isPartOf":{"@id":"https:\/\/www.notibras.com\/site\/#website"},"primaryImageOfPage":{"@id":"https:\/\/www.notibras.com\/site\/maldade-em-tom-de-domingo\/#primaryimage"},"image":{"@id":"https:\/\/www.notibras.com\/site\/maldade-em-tom-de-domingo\/#primaryimage"},"thumbnailUrl":"https:\/\/www.notibras.com\/site\/wp-content\/uploads\/2026\/04\/WhatsApp-Image-2026-04-27-at-11.24.54.jpeg","datePublished":"2026-04-28T05:00:25+00:00","breadcrumb":{"@id":"https:\/\/www.notibras.com\/site\/maldade-em-tom-de-domingo\/#breadcrumb"},"inLanguage":"pt-BR","potentialAction":[{"@type":"ReadAction","target":["https:\/\/www.notibras.com\/site\/maldade-em-tom-de-domingo\/"]}]},{"@type":"ImageObject","inLanguage":"pt-BR","@id":"https:\/\/www.notibras.com\/site\/maldade-em-tom-de-domingo\/#primaryimage","url":"https:\/\/www.notibras.com\/site\/wp-content\/uploads\/2026\/04\/WhatsApp-Image-2026-04-27-at-11.24.54.jpeg","contentUrl":"https:\/\/www.notibras.com\/site\/wp-content\/uploads\/2026\/04\/WhatsApp-Image-2026-04-27-at-11.24.54.jpeg","width":1276,"height":768},{"@type":"BreadcrumbList","@id":"https:\/\/www.notibras.com\/site\/maldade-em-tom-de-domingo\/#breadcrumb","itemListElement":[{"@type":"ListItem","position":1,"name":"In\u00edcio","item":"https:\/\/www.notibras.com\/site\/"},{"@type":"ListItem","position":2,"name":"Maldade em tom de domingo"}]},{"@type":"WebSite","@id":"https:\/\/www.notibras.com\/site\/#website","url":"https:\/\/www.notibras.com\/site\/","name":"Notibras","description":"Not\u00edcias de Bras\u00edlia, do Brasil e do Mundo","publisher":{"@id":"https:\/\/www.notibras.com\/site\/#organization"},"potentialAction":[{"@type":"SearchAction","target":{"@type":"EntryPoint","urlTemplate":"https:\/\/www.notibras.com\/site\/?s={search_term_string}"},"query-input":{"@type":"PropertyValueSpecification","valueRequired":true,"valueName":"search_term_string"}}],"inLanguage":"pt-BR"},{"@type":"Organization","@id":"https:\/\/www.notibras.com\/site\/#organization","name":"Grupo Notibras de Comunica\u00e7\u00e3o","url":"https:\/\/www.notibras.com\/site\/","logo":{"@type":"ImageObject","inLanguage":"pt-BR","@id":"https:\/\/www.notibras.com\/site\/#\/schema\/logo\/image\/","url":"https:\/\/www.notibras.com\/site\/wp-content\/uploads\/2023\/01\/notibras23.png","contentUrl":"https:\/\/www.notibras.com\/site\/wp-content\/uploads\/2023\/01\/notibras23.png","width":350,"height":87,"caption":"Grupo Notibras de Comunica\u00e7\u00e3o"},"image":{"@id":"https:\/\/www.notibras.com\/site\/#\/schema\/logo\/image\/"},"sameAs":["https:\/\/www.facebook.com\/notibras\/","https:\/\/x.com\/Notibras","https:\/\/www.instagram.com\/notibras\/"]},{"@type":"Person","@id":"https:\/\/www.notibras.com\/site\/#\/schema\/person\/5b7fabf2aedc3ada2105f03b22b4d3dd","name":"Eduardo Mart\u00ednez","image":{"@type":"ImageObject","inLanguage":"pt-BR","@id":"https:\/\/secure.gravatar.com\/avatar\/7902f906289926289cbcda644b5197c796b893c6ffd7b9a536a42d290f7704a0?s=96&d=mm&r=g","url":"https:\/\/secure.gravatar.com\/avatar\/7902f906289926289cbcda644b5197c796b893c6ffd7b9a536a42d290f7704a0?s=96&d=mm&r=g","contentUrl":"https:\/\/secure.gravatar.com\/avatar\/7902f906289926289cbcda644b5197c796b893c6ffd7b9a536a42d290f7704a0?s=96&d=mm&r=g","caption":"Eduardo Mart\u00ednez"}}]}},"amp_enabled":true,"_links":{"self":[{"href":"https:\/\/www.notibras.com\/site\/wp-json\/wp\/v2\/posts\/392713","targetHints":{"allow":["GET"]}}],"collection":[{"href":"https:\/\/www.notibras.com\/site\/wp-json\/wp\/v2\/posts"}],"about":[{"href":"https:\/\/www.notibras.com\/site\/wp-json\/wp\/v2\/types\/post"}],"author":[{"embeddable":true,"href":"https:\/\/www.notibras.com\/site\/wp-json\/wp\/v2\/users\/21"}],"replies":[{"embeddable":true,"href":"https:\/\/www.notibras.com\/site\/wp-json\/wp\/v2\/comments?post=392713"}],"version-history":[{"count":2,"href":"https:\/\/www.notibras.com\/site\/wp-json\/wp\/v2\/posts\/392713\/revisions"}],"predecessor-version":[{"id":392716,"href":"https:\/\/www.notibras.com\/site\/wp-json\/wp\/v2\/posts\/392713\/revisions\/392716"}],"wp:featuredmedia":[{"embeddable":true,"href":"https:\/\/www.notibras.com\/site\/wp-json\/wp\/v2\/media\/392714"}],"wp:attachment":[{"href":"https:\/\/www.notibras.com\/site\/wp-json\/wp\/v2\/media?parent=392713"}],"wp:term":[{"taxonomy":"category","embeddable":true,"href":"https:\/\/www.notibras.com\/site\/wp-json\/wp\/v2\/categories?post=392713"},{"taxonomy":"post_tag","embeddable":true,"href":"https:\/\/www.notibras.com\/site\/wp-json\/wp\/v2\/tags?post=392713"}],"curies":[{"name":"wp","href":"https:\/\/api.w.org\/{rel}","templated":true}]}}