{"id":392717,"date":"2026-04-28T01:15:28","date_gmt":"2026-04-28T04:15:28","guid":{"rendered":"https:\/\/www.notibras.com\/site\/?p=392717"},"modified":"2026-04-27T11:51:39","modified_gmt":"2026-04-27T14:51:39","slug":"mulher-e-atropelada-apos-recusar-cantada","status":"publish","type":"post","link":"https:\/\/www.notibras.com\/site\/mulher-e-atropelada-apos-recusar-cantada\/","title":{"rendered":"Mulher \u00e9 atropelada ap\u00f3s recusar cantada"},"content":{"rendered":"<p>Uma madrugada que deveria ser de lazer transformou-se em trag\u00e9dia no Riacho Fundo, Distrito Federal. Neste s\u00e1bado (25), a jovem Maria Clara Facundo, de 20 anos, foi v\u00edtima de um atropelamento brutal logo ap\u00f3s recusar as investidas de homens que ocupavam um ve\u00edculo. O crime, registrado por c\u00e2meras de seguran\u00e7a, chocou a comunidade local pela gratuidade da viol\u00eancia.<\/p>\n<p>De acordo com relatos de testemunhas, Maria Clara estava acompanhada de uma amiga em frente a uma distribuidora de bebidas por volta de 0h30. Um carro se aproximou do local e seus ocupantes passaram a assediar as jovens com convites. Diante da negativa, Maria Clara teria iniciado uma breve discuss\u00e3o com o motorista do autom\u00f3vel antes de se afastar do grupo.<\/p>\n<p>O ataque ocorreu momentos depois, quando a jovem tentava atravessar uma faixa de pedestres. Imagens do circuito de seguran\u00e7a mostram que o motorista engatou a marcha r\u00e9 de forma deliberada, atingindo a v\u00edtima com for\u00e7a. Ap\u00f3s a colis\u00e3o, os suspeitos fugiram imediatamente do local sem prestar qualquer tipo de assist\u00eancia ou socorro \u00e0 v\u00edtima.<\/p>\n<p>Maria Clara foi socorrida em estado grav\u00edssimo pelo Corpo de Bombeiros e encaminhada com urg\u00eancia para a unidade de sa\u00fade. O impacto resultou em ferimentos severos, incluindo fraturas na bacia e no rosto, al\u00e9m de um traumatismo craniano. Devido \u00e0 complexidade do quadro cl\u00ednico, a jovem permanece internada na Unidade de Terapia Intensiva (UTI) do Hospital Santa L\u00facia, na Asa Sul.<\/p>\n<p>A Pol\u00edcia Civil do Distrito Federal assumiu a responsabilidade pelas investiga\u00e7\u00f5es. At\u00e9 o momento, o caso est\u00e1 sendo tratado oficialmente como um acidente de tr\u00e2nsito com fuga de local. No entanto, a corpora\u00e7\u00e3o monitora de perto os desdobramentos e a coleta de provas para determinar se houve inten\u00e7\u00e3o direta de ferir a jovem ap\u00f3s o desentendimento.<\/p>\n<p>Existe a possibilidade real de que a tipifica\u00e7\u00e3o do crime seja agravada nos pr\u00f3ximos dias. &#8220;Aparecendo ind\u00edcios de se tratar de tentativa de feminic\u00eddio, a qualquer momento, a natureza penal poder\u00e1 ser modificada&#8221;, informou a Pol\u00edcia Civil em nota. A an\u00e1lise detalhada das imagens de seguran\u00e7a e o depoimento de testemunhas oculares ser\u00e3o cruciais para essa defini\u00e7\u00e3o.<\/p>\n<p>A fam\u00edlia de Maria Clara vive momentos de ang\u00fastia e pede justi\u00e7a. Enquanto a jovem luta pela vida na UTI, os parentes buscam informa\u00e7\u00f5es que possam levar \u00e0 identifica\u00e7\u00e3o do ve\u00edculo e dos ocupantes. O caso reacende o debate sobre a seguran\u00e7a das mulheres em espa\u00e7os p\u00fablicos e a viol\u00eancia de g\u00eanero que muitas vezes se esconde atr\u00e1s de intera\u00e7\u00f5es cotidianas.<\/p>\n<p>As autoridades solicitam que qualquer pessoa com informa\u00e7\u00f5es sobre o paradeiro dos suspeitos ou detalhes do ve\u00edculo entre em contato com a pol\u00edcia de forma an\u00f4nima. A expectativa \u00e9 que, com o avan\u00e7o da per\u00edcia t\u00e9cnica e das buscas, os respons\u00e1veis pelo atropelamento sejam localizados e respondam pelos atos cometidos contra a v\u00edtima.<\/p>\n","protected":false},"excerpt":{"rendered":"<p>Uma madrugada que deveria ser de lazer transformou-se em trag\u00e9dia no Riacho Fundo, Distrito Federal. Neste s\u00e1bado (25), a jovem Maria Clara Facundo, de 20 anos, foi v\u00edtima de um atropelamento brutal logo ap\u00f3s recusar as investidas de homens que ocupavam um ve\u00edculo. O crime, registrado por c\u00e2meras de seguran\u00e7a, chocou a comunidade local pela [&hellip;]<\/p>\n","protected":false},"author":21,"featured_media":392718,"comment_status":"closed","ping_status":"closed","sticky":false,"template":"","format":"standard","meta":{"_acf_changed":false,"footnotes":""},"categories":[161],"tags":[],"class_list":["post-392717","post","type-post","status-publish","format-standard","has-post-thumbnail","hentry","category-quadradinho-em-foco"],"acf":[],"yoast_head":"<!-- This site is optimized with the Yoast SEO plugin v27.2 - https:\/\/yoast.com\/product\/yoast-seo-wordpress\/ -->\n<title>Mulher \u00e9 atropelada ap\u00f3s recusar cantada - Notibras<\/title>\n<meta name=\"robots\" content=\"index, follow, max-snippet:-1, max-image-preview:large, max-video-preview:-1\" \/>\n<link rel=\"canonical\" href=\"https:\/\/www.notibras.com\/site\/mulher-e-atropelada-apos-recusar-cantada\/\" \/>\n<meta property=\"og:locale\" content=\"pt_BR\" \/>\n<meta property=\"og:type\" content=\"article\" \/>\n<meta property=\"og:title\" content=\"Mulher \u00e9 atropelada ap\u00f3s recusar cantada - Notibras\" \/>\n<meta property=\"og:description\" content=\"Uma madrugada que deveria ser de lazer transformou-se em trag\u00e9dia no Riacho Fundo, Distrito Federal. Neste s\u00e1bado (25), a jovem Maria Clara Facundo, de 20 anos, foi v\u00edtima de um atropelamento brutal logo ap\u00f3s recusar as investidas de homens que ocupavam um ve\u00edculo. O crime, registrado por c\u00e2meras de seguran\u00e7a, chocou a comunidade local pela [&hellip;]\" \/>\n<meta property=\"og:url\" content=\"https:\/\/www.notibras.com\/site\/mulher-e-atropelada-apos-recusar-cantada\/\" \/>\n<meta property=\"og:site_name\" content=\"Notibras\" \/>\n<meta property=\"article:publisher\" content=\"https:\/\/www.facebook.com\/notibras\/\" \/>\n<meta property=\"article:published_time\" content=\"2026-04-28T04:15:28+00:00\" \/>\n<meta property=\"og:image\" content=\"https:\/\/www.notibras.com\/site\/wp-content\/uploads\/2026\/04\/WhatsApp-Image-2026-04-27-at-11.48.40.jpeg\" \/>\n\t<meta property=\"og:image:width\" content=\"897\" \/>\n\t<meta property=\"og:image:height\" content=\"629\" \/>\n\t<meta property=\"og:image:type\" content=\"image\/jpeg\" \/>\n<meta name=\"author\" content=\"Eduardo Mart\u00ednez\" \/>\n<meta name=\"twitter:card\" content=\"summary_large_image\" \/>\n<meta name=\"twitter:creator\" content=\"@Notibras\" \/>\n<meta name=\"twitter:site\" content=\"@Notibras\" \/>\n<meta name=\"twitter:label1\" content=\"Escrito por\" \/>\n\t<meta name=\"twitter:data1\" content=\"Eduardo Mart\u00ednez\" \/>\n\t<meta name=\"twitter:label2\" content=\"Est. tempo de leitura\" \/>\n\t<meta name=\"twitter:data2\" content=\"3 minutos\" \/>\n<script type=\"application\/ld+json\" class=\"yoast-schema-graph\">{\"@context\":\"https:\/\/schema.org\",\"@graph\":[{\"@type\":\"Article\",\"@id\":\"https:\/\/www.notibras.com\/site\/mulher-e-atropelada-apos-recusar-cantada\/#article\",\"isPartOf\":{\"@id\":\"https:\/\/www.notibras.com\/site\/mulher-e-atropelada-apos-recusar-cantada\/\"},\"author\":{\"name\":\"Eduardo Mart\u00ednez\",\"@id\":\"https:\/\/www.notibras.com\/site\/#\/schema\/person\/5b7fabf2aedc3ada2105f03b22b4d3dd\"},\"headline\":\"Mulher \u00e9 atropelada ap\u00f3s recusar cantada\",\"datePublished\":\"2026-04-28T04:15:28+00:00\",\"mainEntityOfPage\":{\"@id\":\"https:\/\/www.notibras.com\/site\/mulher-e-atropelada-apos-recusar-cantada\/\"},\"wordCount\":521,\"publisher\":{\"@id\":\"https:\/\/www.notibras.com\/site\/#organization\"},\"image\":{\"@id\":\"https:\/\/www.notibras.com\/site\/mulher-e-atropelada-apos-recusar-cantada\/#primaryimage\"},\"thumbnailUrl\":\"https:\/\/www.notibras.com\/site\/wp-content\/uploads\/2026\/04\/WhatsApp-Image-2026-04-27-at-11.48.40.jpeg\",\"articleSection\":[\"Quadradinho em Foco\"],\"inLanguage\":\"pt-BR\"},{\"@type\":\"WebPage\",\"@id\":\"https:\/\/www.notibras.com\/site\/mulher-e-atropelada-apos-recusar-cantada\/\",\"url\":\"https:\/\/www.notibras.com\/site\/mulher-e-atropelada-apos-recusar-cantada\/\",\"name\":\"Mulher \u00e9 atropelada ap\u00f3s recusar cantada - Notibras\",\"isPartOf\":{\"@id\":\"https:\/\/www.notibras.com\/site\/#website\"},\"primaryImageOfPage\":{\"@id\":\"https:\/\/www.notibras.com\/site\/mulher-e-atropelada-apos-recusar-cantada\/#primaryimage\"},\"image\":{\"@id\":\"https:\/\/www.notibras.com\/site\/mulher-e-atropelada-apos-recusar-cantada\/#primaryimage\"},\"thumbnailUrl\":\"https:\/\/www.notibras.com\/site\/wp-content\/uploads\/2026\/04\/WhatsApp-Image-2026-04-27-at-11.48.40.jpeg\",\"datePublished\":\"2026-04-28T04:15:28+00:00\",\"breadcrumb\":{\"@id\":\"https:\/\/www.notibras.com\/site\/mulher-e-atropelada-apos-recusar-cantada\/#breadcrumb\"},\"inLanguage\":\"pt-BR\",\"potentialAction\":[{\"@type\":\"ReadAction\",\"target\":[\"https:\/\/www.notibras.com\/site\/mulher-e-atropelada-apos-recusar-cantada\/\"]}]},{\"@type\":\"ImageObject\",\"inLanguage\":\"pt-BR\",\"@id\":\"https:\/\/www.notibras.com\/site\/mulher-e-atropelada-apos-recusar-cantada\/#primaryimage\",\"url\":\"https:\/\/www.notibras.com\/site\/wp-content\/uploads\/2026\/04\/WhatsApp-Image-2026-04-27-at-11.48.40.jpeg\",\"contentUrl\":\"https:\/\/www.notibras.com\/site\/wp-content\/uploads\/2026\/04\/WhatsApp-Image-2026-04-27-at-11.48.40.jpeg\",\"width\":897,\"height\":629},{\"@type\":\"BreadcrumbList\",\"@id\":\"https:\/\/www.notibras.com\/site\/mulher-e-atropelada-apos-recusar-cantada\/#breadcrumb\",\"itemListElement\":[{\"@type\":\"ListItem\",\"position\":1,\"name\":\"In\u00edcio\",\"item\":\"https:\/\/www.notibras.com\/site\/\"},{\"@type\":\"ListItem\",\"position\":2,\"name\":\"Mulher \u00e9 atropelada ap\u00f3s recusar cantada\"}]},{\"@type\":\"WebSite\",\"@id\":\"https:\/\/www.notibras.com\/site\/#website\",\"url\":\"https:\/\/www.notibras.com\/site\/\",\"name\":\"Notibras\",\"description\":\"Not\u00edcias de Bras\u00edlia, do Brasil e do Mundo\",\"publisher\":{\"@id\":\"https:\/\/www.notibras.com\/site\/#organization\"},\"potentialAction\":[{\"@type\":\"SearchAction\",\"target\":{\"@type\":\"EntryPoint\",\"urlTemplate\":\"https:\/\/www.notibras.com\/site\/?s={search_term_string}\"},\"query-input\":{\"@type\":\"PropertyValueSpecification\",\"valueRequired\":true,\"valueName\":\"search_term_string\"}}],\"inLanguage\":\"pt-BR\"},{\"@type\":\"Organization\",\"@id\":\"https:\/\/www.notibras.com\/site\/#organization\",\"name\":\"Grupo Notibras de Comunica\u00e7\u00e3o\",\"url\":\"https:\/\/www.notibras.com\/site\/\",\"logo\":{\"@type\":\"ImageObject\",\"inLanguage\":\"pt-BR\",\"@id\":\"https:\/\/www.notibras.com\/site\/#\/schema\/logo\/image\/\",\"url\":\"https:\/\/www.notibras.com\/site\/wp-content\/uploads\/2023\/01\/notibras23.png\",\"contentUrl\":\"https:\/\/www.notibras.com\/site\/wp-content\/uploads\/2023\/01\/notibras23.png\",\"width\":350,\"height\":87,\"caption\":\"Grupo Notibras de Comunica\u00e7\u00e3o\"},\"image\":{\"@id\":\"https:\/\/www.notibras.com\/site\/#\/schema\/logo\/image\/\"},\"sameAs\":[\"https:\/\/www.facebook.com\/notibras\/\",\"https:\/\/x.com\/Notibras\",\"https:\/\/www.instagram.com\/notibras\/\"]},{\"@type\":\"Person\",\"@id\":\"https:\/\/www.notibras.com\/site\/#\/schema\/person\/5b7fabf2aedc3ada2105f03b22b4d3dd\",\"name\":\"Eduardo Mart\u00ednez\",\"image\":{\"@type\":\"ImageObject\",\"inLanguage\":\"pt-BR\",\"@id\":\"https:\/\/secure.gravatar.com\/avatar\/7902f906289926289cbcda644b5197c796b893c6ffd7b9a536a42d290f7704a0?s=96&d=mm&r=g\",\"url\":\"https:\/\/secure.gravatar.com\/avatar\/7902f906289926289cbcda644b5197c796b893c6ffd7b9a536a42d290f7704a0?s=96&d=mm&r=g\",\"contentUrl\":\"https:\/\/secure.gravatar.com\/avatar\/7902f906289926289cbcda644b5197c796b893c6ffd7b9a536a42d290f7704a0?s=96&d=mm&r=g\",\"caption\":\"Eduardo Mart\u00ednez\"}}]}<\/script>\n<!-- \/ Yoast SEO plugin. -->","yoast_head_json":{"title":"Mulher \u00e9 atropelada ap\u00f3s recusar cantada - Notibras","robots":{"index":"index","follow":"follow","max-snippet":"max-snippet:-1","max-image-preview":"max-image-preview:large","max-video-preview":"max-video-preview:-1"},"canonical":"https:\/\/www.notibras.com\/site\/mulher-e-atropelada-apos-recusar-cantada\/","og_locale":"pt_BR","og_type":"article","og_title":"Mulher \u00e9 atropelada ap\u00f3s recusar cantada - Notibras","og_description":"Uma madrugada que deveria ser de lazer transformou-se em trag\u00e9dia no Riacho Fundo, Distrito Federal. Neste s\u00e1bado (25), a jovem Maria Clara Facundo, de 20 anos, foi v\u00edtima de um atropelamento brutal logo ap\u00f3s recusar as investidas de homens que ocupavam um ve\u00edculo. O crime, registrado por c\u00e2meras de seguran\u00e7a, chocou a comunidade local pela [&hellip;]","og_url":"https:\/\/www.notibras.com\/site\/mulher-e-atropelada-apos-recusar-cantada\/","og_site_name":"Notibras","article_publisher":"https:\/\/www.facebook.com\/notibras\/","article_published_time":"2026-04-28T04:15:28+00:00","og_image":[{"width":897,"height":629,"url":"https:\/\/www.notibras.com\/site\/wp-content\/uploads\/2026\/04\/WhatsApp-Image-2026-04-27-at-11.48.40.jpeg","type":"image\/jpeg"}],"author":"Eduardo Mart\u00ednez","twitter_card":"summary_large_image","twitter_creator":"@Notibras","twitter_site":"@Notibras","twitter_misc":{"Escrito por":"Eduardo Mart\u00ednez","Est. tempo de leitura":"3 minutos"},"schema":{"@context":"https:\/\/schema.org","@graph":[{"@type":"Article","@id":"https:\/\/www.notibras.com\/site\/mulher-e-atropelada-apos-recusar-cantada\/#article","isPartOf":{"@id":"https:\/\/www.notibras.com\/site\/mulher-e-atropelada-apos-recusar-cantada\/"},"author":{"name":"Eduardo Mart\u00ednez","@id":"https:\/\/www.notibras.com\/site\/#\/schema\/person\/5b7fabf2aedc3ada2105f03b22b4d3dd"},"headline":"Mulher \u00e9 atropelada ap\u00f3s recusar cantada","datePublished":"2026-04-28T04:15:28+00:00","mainEntityOfPage":{"@id":"https:\/\/www.notibras.com\/site\/mulher-e-atropelada-apos-recusar-cantada\/"},"wordCount":521,"publisher":{"@id":"https:\/\/www.notibras.com\/site\/#organization"},"image":{"@id":"https:\/\/www.notibras.com\/site\/mulher-e-atropelada-apos-recusar-cantada\/#primaryimage"},"thumbnailUrl":"https:\/\/www.notibras.com\/site\/wp-content\/uploads\/2026\/04\/WhatsApp-Image-2026-04-27-at-11.48.40.jpeg","articleSection":["Quadradinho em Foco"],"inLanguage":"pt-BR"},{"@type":"WebPage","@id":"https:\/\/www.notibras.com\/site\/mulher-e-atropelada-apos-recusar-cantada\/","url":"https:\/\/www.notibras.com\/site\/mulher-e-atropelada-apos-recusar-cantada\/","name":"Mulher \u00e9 atropelada ap\u00f3s recusar cantada - Notibras","isPartOf":{"@id":"https:\/\/www.notibras.com\/site\/#website"},"primaryImageOfPage":{"@id":"https:\/\/www.notibras.com\/site\/mulher-e-atropelada-apos-recusar-cantada\/#primaryimage"},"image":{"@id":"https:\/\/www.notibras.com\/site\/mulher-e-atropelada-apos-recusar-cantada\/#primaryimage"},"thumbnailUrl":"https:\/\/www.notibras.com\/site\/wp-content\/uploads\/2026\/04\/WhatsApp-Image-2026-04-27-at-11.48.40.jpeg","datePublished":"2026-04-28T04:15:28+00:00","breadcrumb":{"@id":"https:\/\/www.notibras.com\/site\/mulher-e-atropelada-apos-recusar-cantada\/#breadcrumb"},"inLanguage":"pt-BR","potentialAction":[{"@type":"ReadAction","target":["https:\/\/www.notibras.com\/site\/mulher-e-atropelada-apos-recusar-cantada\/"]}]},{"@type":"ImageObject","inLanguage":"pt-BR","@id":"https:\/\/www.notibras.com\/site\/mulher-e-atropelada-apos-recusar-cantada\/#primaryimage","url":"https:\/\/www.notibras.com\/site\/wp-content\/uploads\/2026\/04\/WhatsApp-Image-2026-04-27-at-11.48.40.jpeg","contentUrl":"https:\/\/www.notibras.com\/site\/wp-content\/uploads\/2026\/04\/WhatsApp-Image-2026-04-27-at-11.48.40.jpeg","width":897,"height":629},{"@type":"BreadcrumbList","@id":"https:\/\/www.notibras.com\/site\/mulher-e-atropelada-apos-recusar-cantada\/#breadcrumb","itemListElement":[{"@type":"ListItem","position":1,"name":"In\u00edcio","item":"https:\/\/www.notibras.com\/site\/"},{"@type":"ListItem","position":2,"name":"Mulher \u00e9 atropelada ap\u00f3s recusar cantada"}]},{"@type":"WebSite","@id":"https:\/\/www.notibras.com\/site\/#website","url":"https:\/\/www.notibras.com\/site\/","name":"Notibras","description":"Not\u00edcias de Bras\u00edlia, do Brasil e do Mundo","publisher":{"@id":"https:\/\/www.notibras.com\/site\/#organization"},"potentialAction":[{"@type":"SearchAction","target":{"@type":"EntryPoint","urlTemplate":"https:\/\/www.notibras.com\/site\/?s={search_term_string}"},"query-input":{"@type":"PropertyValueSpecification","valueRequired":true,"valueName":"search_term_string"}}],"inLanguage":"pt-BR"},{"@type":"Organization","@id":"https:\/\/www.notibras.com\/site\/#organization","name":"Grupo Notibras de Comunica\u00e7\u00e3o","url":"https:\/\/www.notibras.com\/site\/","logo":{"@type":"ImageObject","inLanguage":"pt-BR","@id":"https:\/\/www.notibras.com\/site\/#\/schema\/logo\/image\/","url":"https:\/\/www.notibras.com\/site\/wp-content\/uploads\/2023\/01\/notibras23.png","contentUrl":"https:\/\/www.notibras.com\/site\/wp-content\/uploads\/2023\/01\/notibras23.png","width":350,"height":87,"caption":"Grupo Notibras de Comunica\u00e7\u00e3o"},"image":{"@id":"https:\/\/www.notibras.com\/site\/#\/schema\/logo\/image\/"},"sameAs":["https:\/\/www.facebook.com\/notibras\/","https:\/\/x.com\/Notibras","https:\/\/www.instagram.com\/notibras\/"]},{"@type":"Person","@id":"https:\/\/www.notibras.com\/site\/#\/schema\/person\/5b7fabf2aedc3ada2105f03b22b4d3dd","name":"Eduardo Mart\u00ednez","image":{"@type":"ImageObject","inLanguage":"pt-BR","@id":"https:\/\/secure.gravatar.com\/avatar\/7902f906289926289cbcda644b5197c796b893c6ffd7b9a536a42d290f7704a0?s=96&d=mm&r=g","url":"https:\/\/secure.gravatar.com\/avatar\/7902f906289926289cbcda644b5197c796b893c6ffd7b9a536a42d290f7704a0?s=96&d=mm&r=g","contentUrl":"https:\/\/secure.gravatar.com\/avatar\/7902f906289926289cbcda644b5197c796b893c6ffd7b9a536a42d290f7704a0?s=96&d=mm&r=g","caption":"Eduardo Mart\u00ednez"}}]}},"amp_enabled":true,"_links":{"self":[{"href":"https:\/\/www.notibras.com\/site\/wp-json\/wp\/v2\/posts\/392717","targetHints":{"allow":["GET"]}}],"collection":[{"href":"https:\/\/www.notibras.com\/site\/wp-json\/wp\/v2\/posts"}],"about":[{"href":"https:\/\/www.notibras.com\/site\/wp-json\/wp\/v2\/types\/post"}],"author":[{"embeddable":true,"href":"https:\/\/www.notibras.com\/site\/wp-json\/wp\/v2\/users\/21"}],"replies":[{"embeddable":true,"href":"https:\/\/www.notibras.com\/site\/wp-json\/wp\/v2\/comments?post=392717"}],"version-history":[{"count":2,"href":"https:\/\/www.notibras.com\/site\/wp-json\/wp\/v2\/posts\/392717\/revisions"}],"predecessor-version":[{"id":392720,"href":"https:\/\/www.notibras.com\/site\/wp-json\/wp\/v2\/posts\/392717\/revisions\/392720"}],"wp:featuredmedia":[{"embeddable":true,"href":"https:\/\/www.notibras.com\/site\/wp-json\/wp\/v2\/media\/392718"}],"wp:attachment":[{"href":"https:\/\/www.notibras.com\/site\/wp-json\/wp\/v2\/media?parent=392717"}],"wp:term":[{"taxonomy":"category","embeddable":true,"href":"https:\/\/www.notibras.com\/site\/wp-json\/wp\/v2\/categories?post=392717"},{"taxonomy":"post_tag","embeddable":true,"href":"https:\/\/www.notibras.com\/site\/wp-json\/wp\/v2\/tags?post=392717"}],"curies":[{"name":"wp","href":"https:\/\/api.w.org\/{rel}","templated":true}]}}