{"id":392723,"date":"2026-04-28T01:00:02","date_gmt":"2026-04-28T04:00:02","guid":{"rendered":"https:\/\/www.notibras.com\/site\/?p=392723"},"modified":"2026-04-27T20:32:54","modified_gmt":"2026-04-27T23:32:54","slug":"a-corrida-da-barata","status":"publish","type":"post","link":"https:\/\/www.notibras.com\/site\/a-corrida-da-barata\/","title":{"rendered":"A corrida da barata"},"content":{"rendered":"<p>Ser\u00e1 que a leitura \u00e9 contagiosa? Ou a poesia escolhe um grupo de pessoas? Talvez os escritores sejam loucos e, como dizia o encantador Ariano Suassuna, insatisfeitos que criam uma realidade que poderia existir. Ou talvez a realidade seja apenas mais encantadora e minuciosa para n\u00f3s.<\/p>\n<p>As pessoas que fazem o bem, normalmente, o fazem simplesmente por serem boas; quase nunca esperam nada em troca. Assim \u00e9 Maria (nome fict\u00edcio), dona de uma pousada. Ela reserva quartos para fam\u00edlias que v\u00eam de fora da cidade para tratamentos m\u00e9dicos; recebe e alimenta essas pessoas pelo tempo que precisarem. Ciente de que a maioria est\u00e1 distante da fam\u00edlia, passando por momentos dif\u00edceis sem a proximidade dos que amam, ela faz um belo caf\u00e9 da tarde com bolos confeitados e doces. Convida poucas pessoas para esse momento; a ideia \u00e9 proporcionar intera\u00e7\u00e3o, n\u00e3o se vangloriar.<\/p>\n<p>Minha gostosa amizade com um escritor local me levou a ser convidada para esse caf\u00e9, onde estavam presentes sua irm\u00e3, esposa e genro. Ap\u00f3s o lanche, meu amigo disse \u00e0 esposa:<\/p>\n<p>\u2014 Vou tomar uma cerveja, e voc\u00ea?<\/p>\n<p>\u2014 N\u00e3o, eu vou para casa.<\/p>\n<p>A esposa e a irm\u00e3 se despediram de mim com um abra\u00e7o apertado, e eu segui meu amigo e o genro dele. Uns trinta metros depois, est\u00e1vamos em uma distribuidora de bebidas. Ele pagou tr\u00eas cervejas e me avisou:<\/p>\n<p>\u2014 Aqui n\u00f3s bebemos sentados na cal\u00e7ada. N\u00e3o pode ter mesa, mas gostamos daqui.<\/p>\n<p>Ri e me sentei. A cal\u00e7ada era alta, formando um degrau generoso em rela\u00e7\u00e3o \u00e0 rua. Meu amigo tem sessenta e tr\u00eas anos e o genro, setenta. A conversa deles \u00e9 algo curioso e enriquecedor; s\u00e3o pessoas quase livres de preconceitos; ningu\u00e9m \u00e9 livre de fato, mas n\u00e3o vejo quase nada neles. S\u00e3o intelectuais e, ao mesmo tempo, parecem duas crian\u00e7as se divertindo. Conversamos sobre casamentos, preconceitos, machismo e, por fim, apenas sobre a vida e suas gra\u00e7as.<\/p>\n<p>Meu amigo pegou a segunda rodada de cerveja, sentou-se entre mim e o genro, olhou para o bueiro e me disse:<\/p>\n<p>\u2014 N\u00f3s viremos aqui todos os dias. Existe uma rotina, nossa e das pessoas. N\u00f3s calculamos o tempo de cada acontecimento. Observe.<\/p>\n<p>O genro riu, e eles iniciaram a contagem regressiva:<\/p>\n<p>\u2014 Dois minutos e a mulher de preto vai sair daquela rua ali. Apontou \u00e0 minha direita.<\/p>\n<p>Logo, surgiu a mulher. Eu ri. Meu amigo continuou:<\/p>\n<p>\u2014 Agora \u00e9 a vez do menino que vende salgados. Tr\u00eas a cinco minutos.<\/p>\n<p>E logo veio o menino. Depois foi a vez do homem do picol\u00e9 indo para a pra\u00e7a; em seguida, outra mulher, tamb\u00e9m vendendo salgados. Ela parou na nossa frente, ofereceu, dissemos que n\u00e3o e ela seguiu. Era sempre a mesma rotina, nada mudava.<\/p>\n<p>\u2014E voc\u00eas dois, sentados aqui todos os dias, s\u00e3o parte dessa rotina? Perguntei.<\/p>\n<p>Eles riram e concordaram. O genro trouxe a terceira rodada de cerveja, e meu amigo se lembrou de algo que fugiu \u00e0 regra:<\/p>\n<p>\u2014 Esta semana saiu uma barata desse bueiro. Ela decidiu atravessar a rua. Com esse movimento de carros, eu e ele fizemos uma aposta: eu apostei que ela atravessaria, ele apostou que ela seria atropelada.<\/p>\n<p>\u2014 E ela atravessou?<\/p>\n<p>\u2014 Calma. N\u00f3s dois somos escritores. Eu tenho que contar os detalhes; voc\u00ea tem que ouvir os detalhes.<\/p>\n<p>Ri novamente. Ele tinha raz\u00e3o.<\/p>\n<p>\u2014 Ela saiu daqui e foi para l\u00e1. Apontou \u00e0 direita. \u2014 O menino do salgado veio e quase passou por cima dela; ela voltou. Ele passou, ela foi novamente. Veio um carro, ela recuou um pouco. Uma crian\u00e7a passou correndo, ela seguiu. A mulher do salgado passou por ela, se assustou, desviou; ela voltou novamente. Seguiu pela lateral, entrou novamente na pista&#8230; Ficamos aqui, sentados, vigiando a barata. Uma mo\u00e7a passou, se assustou e quase foi atropelada; o motorista impaciente xingou. Uma hora e quarenta minutos ela tentando atravessar e n\u00f3s dois vigiando! Ela finalmente chegou l\u00e1. Ele apontou para a linha amarela.<\/p>\n<p>N\u00f3s dois vibramos e gritamos: &#8220;Ela conseguiu!&#8221;. Nisso, ela se virou em uma velocidade incr\u00edvel, atravessou a rua de uma vez s\u00f3 entre os carros e pedestres e se enfiou no bueiro de volta.<\/p>\n<p>Eu ri&#8230; ri muito.<\/p>\n<p>\u2014Voc\u00ea conhece a cr\u00f4nica \u201cCafezinho\u201d? Perguntou ele.<\/p>\n<p>\u2014 Eu n\u00e3o.<\/p>\n<p>\u2014 Como n\u00e3o? Foi escrita por Rubem Braga, nosso conterr\u00e2neo. J\u00e1 que n\u00e3o conhece, leia. Um caf\u00e9, uma barata&#8230; talvez n\u00f3s n\u00e3o sejamos normais.<\/p>\n<p>N\u00e3o sei se ele leu a bela cr\u00f4nica de Rubem Braga, mas eu decidi imortalizar a corrida da barata, relembrando o mestre que transformava o cotidiano em poesia, e eternizar aquele fim de tarde sentada em uma cal\u00e7ada. Eu diria que nada de &#8220;especial&#8221; aconteceu, mas observar a vida, rir e ouvir \u00e9 registrar com encanto a exist\u00eancia acontecendo.<\/p>\n<p><strong>&#8230;&#8230;&#8230;&#8230;&#8230;&#8230;&#8230;&#8230;..<\/strong><\/p>\n<p><strong>M\u00e9rcia Souza \u00e9 escritora, cronista e colunista de jornais e revistas. Com tr\u00eas livros publicados e participa\u00e7\u00e3o em diversas antologias, encontra na escrita o f\u00f4lego para registrar o cotidiano. M\u00e3e e av\u00f3 dedicada, \u00e9 apaixonada pela natureza e divide seu tempo entre a contempla\u00e7\u00e3o do mar e o desafio das montanhas. Atualmente, reside em Cachoeiro de Itapemirim (ES), de onde extrai inspira\u00e7\u00e3o para suas pr\u00f3ximas narrativas.<\/strong><\/p>\n","protected":false},"excerpt":{"rendered":"<p>Ser\u00e1 que a leitura \u00e9 contagiosa? Ou a poesia escolhe um grupo de pessoas? Talvez os escritores sejam loucos e, como dizia o encantador Ariano Suassuna, insatisfeitos que criam uma realidade que poderia existir. Ou talvez a realidade seja apenas mais encantadora e minuciosa para n\u00f3s. As pessoas que fazem o bem, normalmente, o fazem [&hellip;]<\/p>\n","protected":false},"author":21,"featured_media":392724,"comment_status":"closed","ping_status":"closed","sticky":false,"template":"","format":"standard","meta":{"_acf_changed":false,"footnotes":""},"categories":[234],"tags":[],"class_list":["post-392723","post","type-post","status-publish","format-standard","has-post-thumbnail","hentry","category-cafe-literario"],"acf":[],"yoast_head":"<!-- This site is optimized with the Yoast SEO plugin v27.2 - https:\/\/yoast.com\/product\/yoast-seo-wordpress\/ -->\n<title>A corrida da barata - Notibras<\/title>\n<meta name=\"robots\" content=\"index, follow, max-snippet:-1, max-image-preview:large, max-video-preview:-1\" \/>\n<link rel=\"canonical\" href=\"https:\/\/www.notibras.com\/site\/a-corrida-da-barata\/\" \/>\n<meta property=\"og:locale\" content=\"pt_BR\" \/>\n<meta property=\"og:type\" content=\"article\" \/>\n<meta property=\"og:title\" content=\"A corrida da barata - Notibras\" \/>\n<meta property=\"og:description\" content=\"Ser\u00e1 que a leitura \u00e9 contagiosa? Ou a poesia escolhe um grupo de pessoas? Talvez os escritores sejam loucos e, como dizia o encantador Ariano Suassuna, insatisfeitos que criam uma realidade que poderia existir. Ou talvez a realidade seja apenas mais encantadora e minuciosa para n\u00f3s. As pessoas que fazem o bem, normalmente, o fazem [&hellip;]\" \/>\n<meta property=\"og:url\" content=\"https:\/\/www.notibras.com\/site\/a-corrida-da-barata\/\" \/>\n<meta property=\"og:site_name\" content=\"Notibras\" \/>\n<meta property=\"article:publisher\" content=\"https:\/\/www.facebook.com\/notibras\/\" \/>\n<meta property=\"article:published_time\" content=\"2026-04-28T04:00:02+00:00\" \/>\n<meta property=\"og:image\" content=\"https:\/\/www.notibras.com\/site\/wp-content\/uploads\/2026\/04\/WhatsApp-Image-2026-04-27-at-20.30.14.jpeg\" \/>\n\t<meta property=\"og:image:width\" content=\"1264\" \/>\n\t<meta property=\"og:image:height\" content=\"768\" \/>\n\t<meta property=\"og:image:type\" content=\"image\/jpeg\" \/>\n<meta name=\"author\" content=\"Eduardo Mart\u00ednez\" \/>\n<meta name=\"twitter:card\" content=\"summary_large_image\" \/>\n<meta name=\"twitter:creator\" content=\"@Notibras\" \/>\n<meta name=\"twitter:site\" content=\"@Notibras\" \/>\n<meta name=\"twitter:label1\" content=\"Escrito por\" \/>\n\t<meta name=\"twitter:data1\" content=\"Eduardo Mart\u00ednez\" \/>\n\t<meta name=\"twitter:label2\" content=\"Est. tempo de leitura\" \/>\n\t<meta name=\"twitter:data2\" content=\"5 minutos\" \/>\n<script type=\"application\/ld+json\" class=\"yoast-schema-graph\">{\"@context\":\"https:\/\/schema.org\",\"@graph\":[{\"@type\":\"Article\",\"@id\":\"https:\/\/www.notibras.com\/site\/a-corrida-da-barata\/#article\",\"isPartOf\":{\"@id\":\"https:\/\/www.notibras.com\/site\/a-corrida-da-barata\/\"},\"author\":{\"name\":\"Eduardo Mart\u00ednez\",\"@id\":\"https:\/\/www.notibras.com\/site\/#\/schema\/person\/5b7fabf2aedc3ada2105f03b22b4d3dd\"},\"headline\":\"A corrida da barata\",\"datePublished\":\"2026-04-28T04:00:02+00:00\",\"mainEntityOfPage\":{\"@id\":\"https:\/\/www.notibras.com\/site\/a-corrida-da-barata\/\"},\"wordCount\":888,\"publisher\":{\"@id\":\"https:\/\/www.notibras.com\/site\/#organization\"},\"image\":{\"@id\":\"https:\/\/www.notibras.com\/site\/a-corrida-da-barata\/#primaryimage\"},\"thumbnailUrl\":\"https:\/\/www.notibras.com\/site\/wp-content\/uploads\/2026\/04\/WhatsApp-Image-2026-04-27-at-20.30.14.jpeg\",\"articleSection\":[\"Caf\u00e9 Liter\u00e1rio\"],\"inLanguage\":\"pt-BR\"},{\"@type\":\"WebPage\",\"@id\":\"https:\/\/www.notibras.com\/site\/a-corrida-da-barata\/\",\"url\":\"https:\/\/www.notibras.com\/site\/a-corrida-da-barata\/\",\"name\":\"A corrida da barata - Notibras\",\"isPartOf\":{\"@id\":\"https:\/\/www.notibras.com\/site\/#website\"},\"primaryImageOfPage\":{\"@id\":\"https:\/\/www.notibras.com\/site\/a-corrida-da-barata\/#primaryimage\"},\"image\":{\"@id\":\"https:\/\/www.notibras.com\/site\/a-corrida-da-barata\/#primaryimage\"},\"thumbnailUrl\":\"https:\/\/www.notibras.com\/site\/wp-content\/uploads\/2026\/04\/WhatsApp-Image-2026-04-27-at-20.30.14.jpeg\",\"datePublished\":\"2026-04-28T04:00:02+00:00\",\"breadcrumb\":{\"@id\":\"https:\/\/www.notibras.com\/site\/a-corrida-da-barata\/#breadcrumb\"},\"inLanguage\":\"pt-BR\",\"potentialAction\":[{\"@type\":\"ReadAction\",\"target\":[\"https:\/\/www.notibras.com\/site\/a-corrida-da-barata\/\"]}]},{\"@type\":\"ImageObject\",\"inLanguage\":\"pt-BR\",\"@id\":\"https:\/\/www.notibras.com\/site\/a-corrida-da-barata\/#primaryimage\",\"url\":\"https:\/\/www.notibras.com\/site\/wp-content\/uploads\/2026\/04\/WhatsApp-Image-2026-04-27-at-20.30.14.jpeg\",\"contentUrl\":\"https:\/\/www.notibras.com\/site\/wp-content\/uploads\/2026\/04\/WhatsApp-Image-2026-04-27-at-20.30.14.jpeg\",\"width\":1264,\"height\":768},{\"@type\":\"BreadcrumbList\",\"@id\":\"https:\/\/www.notibras.com\/site\/a-corrida-da-barata\/#breadcrumb\",\"itemListElement\":[{\"@type\":\"ListItem\",\"position\":1,\"name\":\"In\u00edcio\",\"item\":\"https:\/\/www.notibras.com\/site\/\"},{\"@type\":\"ListItem\",\"position\":2,\"name\":\"A corrida da barata\"}]},{\"@type\":\"WebSite\",\"@id\":\"https:\/\/www.notibras.com\/site\/#website\",\"url\":\"https:\/\/www.notibras.com\/site\/\",\"name\":\"Notibras\",\"description\":\"Not\u00edcias de Bras\u00edlia, do Brasil e do Mundo\",\"publisher\":{\"@id\":\"https:\/\/www.notibras.com\/site\/#organization\"},\"potentialAction\":[{\"@type\":\"SearchAction\",\"target\":{\"@type\":\"EntryPoint\",\"urlTemplate\":\"https:\/\/www.notibras.com\/site\/?s={search_term_string}\"},\"query-input\":{\"@type\":\"PropertyValueSpecification\",\"valueRequired\":true,\"valueName\":\"search_term_string\"}}],\"inLanguage\":\"pt-BR\"},{\"@type\":\"Organization\",\"@id\":\"https:\/\/www.notibras.com\/site\/#organization\",\"name\":\"Grupo Notibras de Comunica\u00e7\u00e3o\",\"url\":\"https:\/\/www.notibras.com\/site\/\",\"logo\":{\"@type\":\"ImageObject\",\"inLanguage\":\"pt-BR\",\"@id\":\"https:\/\/www.notibras.com\/site\/#\/schema\/logo\/image\/\",\"url\":\"https:\/\/www.notibras.com\/site\/wp-content\/uploads\/2023\/01\/notibras23.png\",\"contentUrl\":\"https:\/\/www.notibras.com\/site\/wp-content\/uploads\/2023\/01\/notibras23.png\",\"width\":350,\"height\":87,\"caption\":\"Grupo Notibras de Comunica\u00e7\u00e3o\"},\"image\":{\"@id\":\"https:\/\/www.notibras.com\/site\/#\/schema\/logo\/image\/\"},\"sameAs\":[\"https:\/\/www.facebook.com\/notibras\/\",\"https:\/\/x.com\/Notibras\",\"https:\/\/www.instagram.com\/notibras\/\"]},{\"@type\":\"Person\",\"@id\":\"https:\/\/www.notibras.com\/site\/#\/schema\/person\/5b7fabf2aedc3ada2105f03b22b4d3dd\",\"name\":\"Eduardo Mart\u00ednez\",\"image\":{\"@type\":\"ImageObject\",\"inLanguage\":\"pt-BR\",\"@id\":\"https:\/\/secure.gravatar.com\/avatar\/7902f906289926289cbcda644b5197c796b893c6ffd7b9a536a42d290f7704a0?s=96&d=mm&r=g\",\"url\":\"https:\/\/secure.gravatar.com\/avatar\/7902f906289926289cbcda644b5197c796b893c6ffd7b9a536a42d290f7704a0?s=96&d=mm&r=g\",\"contentUrl\":\"https:\/\/secure.gravatar.com\/avatar\/7902f906289926289cbcda644b5197c796b893c6ffd7b9a536a42d290f7704a0?s=96&d=mm&r=g\",\"caption\":\"Eduardo Mart\u00ednez\"}}]}<\/script>\n<!-- \/ Yoast SEO plugin. -->","yoast_head_json":{"title":"A corrida da barata - Notibras","robots":{"index":"index","follow":"follow","max-snippet":"max-snippet:-1","max-image-preview":"max-image-preview:large","max-video-preview":"max-video-preview:-1"},"canonical":"https:\/\/www.notibras.com\/site\/a-corrida-da-barata\/","og_locale":"pt_BR","og_type":"article","og_title":"A corrida da barata - Notibras","og_description":"Ser\u00e1 que a leitura \u00e9 contagiosa? Ou a poesia escolhe um grupo de pessoas? Talvez os escritores sejam loucos e, como dizia o encantador Ariano Suassuna, insatisfeitos que criam uma realidade que poderia existir. Ou talvez a realidade seja apenas mais encantadora e minuciosa para n\u00f3s. As pessoas que fazem o bem, normalmente, o fazem [&hellip;]","og_url":"https:\/\/www.notibras.com\/site\/a-corrida-da-barata\/","og_site_name":"Notibras","article_publisher":"https:\/\/www.facebook.com\/notibras\/","article_published_time":"2026-04-28T04:00:02+00:00","og_image":[{"width":1264,"height":768,"url":"https:\/\/www.notibras.com\/site\/wp-content\/uploads\/2026\/04\/WhatsApp-Image-2026-04-27-at-20.30.14.jpeg","type":"image\/jpeg"}],"author":"Eduardo Mart\u00ednez","twitter_card":"summary_large_image","twitter_creator":"@Notibras","twitter_site":"@Notibras","twitter_misc":{"Escrito por":"Eduardo Mart\u00ednez","Est. tempo de leitura":"5 minutos"},"schema":{"@context":"https:\/\/schema.org","@graph":[{"@type":"Article","@id":"https:\/\/www.notibras.com\/site\/a-corrida-da-barata\/#article","isPartOf":{"@id":"https:\/\/www.notibras.com\/site\/a-corrida-da-barata\/"},"author":{"name":"Eduardo Mart\u00ednez","@id":"https:\/\/www.notibras.com\/site\/#\/schema\/person\/5b7fabf2aedc3ada2105f03b22b4d3dd"},"headline":"A corrida da barata","datePublished":"2026-04-28T04:00:02+00:00","mainEntityOfPage":{"@id":"https:\/\/www.notibras.com\/site\/a-corrida-da-barata\/"},"wordCount":888,"publisher":{"@id":"https:\/\/www.notibras.com\/site\/#organization"},"image":{"@id":"https:\/\/www.notibras.com\/site\/a-corrida-da-barata\/#primaryimage"},"thumbnailUrl":"https:\/\/www.notibras.com\/site\/wp-content\/uploads\/2026\/04\/WhatsApp-Image-2026-04-27-at-20.30.14.jpeg","articleSection":["Caf\u00e9 Liter\u00e1rio"],"inLanguage":"pt-BR"},{"@type":"WebPage","@id":"https:\/\/www.notibras.com\/site\/a-corrida-da-barata\/","url":"https:\/\/www.notibras.com\/site\/a-corrida-da-barata\/","name":"A corrida da barata - Notibras","isPartOf":{"@id":"https:\/\/www.notibras.com\/site\/#website"},"primaryImageOfPage":{"@id":"https:\/\/www.notibras.com\/site\/a-corrida-da-barata\/#primaryimage"},"image":{"@id":"https:\/\/www.notibras.com\/site\/a-corrida-da-barata\/#primaryimage"},"thumbnailUrl":"https:\/\/www.notibras.com\/site\/wp-content\/uploads\/2026\/04\/WhatsApp-Image-2026-04-27-at-20.30.14.jpeg","datePublished":"2026-04-28T04:00:02+00:00","breadcrumb":{"@id":"https:\/\/www.notibras.com\/site\/a-corrida-da-barata\/#breadcrumb"},"inLanguage":"pt-BR","potentialAction":[{"@type":"ReadAction","target":["https:\/\/www.notibras.com\/site\/a-corrida-da-barata\/"]}]},{"@type":"ImageObject","inLanguage":"pt-BR","@id":"https:\/\/www.notibras.com\/site\/a-corrida-da-barata\/#primaryimage","url":"https:\/\/www.notibras.com\/site\/wp-content\/uploads\/2026\/04\/WhatsApp-Image-2026-04-27-at-20.30.14.jpeg","contentUrl":"https:\/\/www.notibras.com\/site\/wp-content\/uploads\/2026\/04\/WhatsApp-Image-2026-04-27-at-20.30.14.jpeg","width":1264,"height":768},{"@type":"BreadcrumbList","@id":"https:\/\/www.notibras.com\/site\/a-corrida-da-barata\/#breadcrumb","itemListElement":[{"@type":"ListItem","position":1,"name":"In\u00edcio","item":"https:\/\/www.notibras.com\/site\/"},{"@type":"ListItem","position":2,"name":"A corrida da barata"}]},{"@type":"WebSite","@id":"https:\/\/www.notibras.com\/site\/#website","url":"https:\/\/www.notibras.com\/site\/","name":"Notibras","description":"Not\u00edcias de Bras\u00edlia, do Brasil e do Mundo","publisher":{"@id":"https:\/\/www.notibras.com\/site\/#organization"},"potentialAction":[{"@type":"SearchAction","target":{"@type":"EntryPoint","urlTemplate":"https:\/\/www.notibras.com\/site\/?s={search_term_string}"},"query-input":{"@type":"PropertyValueSpecification","valueRequired":true,"valueName":"search_term_string"}}],"inLanguage":"pt-BR"},{"@type":"Organization","@id":"https:\/\/www.notibras.com\/site\/#organization","name":"Grupo Notibras de Comunica\u00e7\u00e3o","url":"https:\/\/www.notibras.com\/site\/","logo":{"@type":"ImageObject","inLanguage":"pt-BR","@id":"https:\/\/www.notibras.com\/site\/#\/schema\/logo\/image\/","url":"https:\/\/www.notibras.com\/site\/wp-content\/uploads\/2023\/01\/notibras23.png","contentUrl":"https:\/\/www.notibras.com\/site\/wp-content\/uploads\/2023\/01\/notibras23.png","width":350,"height":87,"caption":"Grupo Notibras de Comunica\u00e7\u00e3o"},"image":{"@id":"https:\/\/www.notibras.com\/site\/#\/schema\/logo\/image\/"},"sameAs":["https:\/\/www.facebook.com\/notibras\/","https:\/\/x.com\/Notibras","https:\/\/www.instagram.com\/notibras\/"]},{"@type":"Person","@id":"https:\/\/www.notibras.com\/site\/#\/schema\/person\/5b7fabf2aedc3ada2105f03b22b4d3dd","name":"Eduardo Mart\u00ednez","image":{"@type":"ImageObject","inLanguage":"pt-BR","@id":"https:\/\/secure.gravatar.com\/avatar\/7902f906289926289cbcda644b5197c796b893c6ffd7b9a536a42d290f7704a0?s=96&d=mm&r=g","url":"https:\/\/secure.gravatar.com\/avatar\/7902f906289926289cbcda644b5197c796b893c6ffd7b9a536a42d290f7704a0?s=96&d=mm&r=g","contentUrl":"https:\/\/secure.gravatar.com\/avatar\/7902f906289926289cbcda644b5197c796b893c6ffd7b9a536a42d290f7704a0?s=96&d=mm&r=g","caption":"Eduardo Mart\u00ednez"}}]}},"amp_enabled":true,"_links":{"self":[{"href":"https:\/\/www.notibras.com\/site\/wp-json\/wp\/v2\/posts\/392723","targetHints":{"allow":["GET"]}}],"collection":[{"href":"https:\/\/www.notibras.com\/site\/wp-json\/wp\/v2\/posts"}],"about":[{"href":"https:\/\/www.notibras.com\/site\/wp-json\/wp\/v2\/types\/post"}],"author":[{"embeddable":true,"href":"https:\/\/www.notibras.com\/site\/wp-json\/wp\/v2\/users\/21"}],"replies":[{"embeddable":true,"href":"https:\/\/www.notibras.com\/site\/wp-json\/wp\/v2\/comments?post=392723"}],"version-history":[{"count":3,"href":"https:\/\/www.notibras.com\/site\/wp-json\/wp\/v2\/posts\/392723\/revisions"}],"predecessor-version":[{"id":392727,"href":"https:\/\/www.notibras.com\/site\/wp-json\/wp\/v2\/posts\/392723\/revisions\/392727"}],"wp:featuredmedia":[{"embeddable":true,"href":"https:\/\/www.notibras.com\/site\/wp-json\/wp\/v2\/media\/392724"}],"wp:attachment":[{"href":"https:\/\/www.notibras.com\/site\/wp-json\/wp\/v2\/media?parent=392723"}],"wp:term":[{"taxonomy":"category","embeddable":true,"href":"https:\/\/www.notibras.com\/site\/wp-json\/wp\/v2\/categories?post=392723"},{"taxonomy":"post_tag","embeddable":true,"href":"https:\/\/www.notibras.com\/site\/wp-json\/wp\/v2\/tags?post=392723"}],"curies":[{"name":"wp","href":"https:\/\/api.w.org\/{rel}","templated":true}]}}