{"id":392732,"date":"2026-04-28T01:00:15","date_gmt":"2026-04-28T04:00:15","guid":{"rendered":"https:\/\/www.notibras.com\/site\/?p=392732"},"modified":"2026-04-27T20:55:44","modified_gmt":"2026-04-27T23:55:44","slug":"barragem-atinge-capacidade-maxima-e-reforca-seguranca-hidrica","status":"publish","type":"post","link":"https:\/\/www.notibras.com\/site\/barragem-atinge-capacidade-maxima-e-reforca-seguranca-hidrica\/","title":{"rendered":"Barragem atinge capacidade m\u00e1xima e refor\u00e7a seguran\u00e7a h\u00eddrica"},"content":{"rendered":"<p>O Distrito Federal recebeu uma not\u00edcia animadora para o planejamento dos pr\u00f3ximos meses: a barragem de Santa Maria atingiu 100% de sua capacidade operacional. Na \u00faltima semana, o reservat\u00f3rio come\u00e7ou a verter \u00e1gua, um fen\u00f4meno visual que simboliza a recupera\u00e7\u00e3o total de um dos pontos mais estrat\u00e9gicos de abastecimento da capital federal.<\/p>\n<p>O transbordamento ocorre em um momento crucial, marcando o encerramento da temporada de chuvas na regi\u00e3o central do pa\u00eds. Com os reservat\u00f3rios cheios, o DF sinaliza que possui um estoque robusto para enfrentar os longos meses de estiagem que se aproximam. Historicamente, o volume de precipita\u00e7\u00f5es cai drasticamente a partir de maio, retornando com for\u00e7a apenas em outubro.<\/p>\n<p>Segundo dados da Companhia de Saneamento Ambiental do DF (Caesb), este \u00e9 um marco importante, j\u00e1 que a barragem de Santa Maria n\u00e3o vertia \u00e1gua desde abril de 2022. O enchimento total refor\u00e7a a confian\u00e7a no sistema, garantindo que as popula\u00e7\u00f5es atendidas por essa fonte tenham seguran\u00e7a h\u00eddrica durante o rigoroso inverno seco do cerrado.<\/p>\n<p>Localizada dentro da \u00e1rea de preserva\u00e7\u00e3o do Parque Nacional de Bras\u00edlia, a barragem de Santa Maria desempenha um papel vital na infraestrutura local. Atualmente, ela \u00e9 a fonte de \u00e1gua pot\u00e1vel para cerca de 19% dos moradores do Distrito Federal, atendendo diversas regi\u00f5es administrativas que dependem diretamente de sua vaz\u00e3o.<\/p>\n<p>Embora Santa Maria seja fundamental, ela \u00e9 o segundo maior sistema da regi\u00e3o. O protagonismo absoluto cabe ao reservat\u00f3rio do Descoberto, que abastece aproximadamente 64% da popula\u00e7\u00e3o. O Descoberto tamb\u00e9m apresenta um cen\u00e1rio positivo, tendo come\u00e7ado a transbordar precocemente ainda em 5 de janeiro deste ano, gra\u00e7as \u00e0s fortes chuvas do ver\u00e3o.<\/p>\n<p>Essa situa\u00e7\u00e3o de fartura h\u00eddrica traz al\u00edvio, mas tamb\u00e9m convida \u00e0 reflex\u00e3o sobre o passado recente da capital. H\u00e1 menos de uma d\u00e9cada, o cen\u00e1rio era oposto e preocupante. A mem\u00f3ria do racionamento ainda \u00e9 v\u00edvida para os brasilienses, que enfrentaram restri\u00e7\u00f5es severas no uso di\u00e1rio de \u00e1gua entre os anos de 2017 e 2018.<\/p>\n<p>A crise h\u00eddrica hist\u00f3rica durou 18 meses, estendendo-se de janeiro de 2016 a junho de 2017. Naquela \u00e9poca, os n\u00edveis cr\u00edticos das bacias do Descoberto e de Santa Maria for\u00e7aram o governo a implementar um sistema de rod\u00edzio, expondo a vulnerabilidade da capital diante de varia\u00e7\u00f5es clim\u00e1ticas e falhas no planejamento a longo prazo.<\/p>\n<p>Especialistas apontam que aquela crise foi fruto de uma combina\u00e7\u00e3o de fatores clim\u00e1ticos at\u00edpicos e uma gest\u00e3o que, por anos, negligenciou investimentos estruturais. O trauma gerado pelo racionamento, no entanto, serviu como um catalisador para mudan\u00e7as profundas nas pol\u00edticas p\u00fablicas de saneamento e recursos h\u00eddricos no Distrito Federal.<\/p>\n<p>Desde ent\u00e3o, sucessivos governos focaram em tirar do papel obras estrat\u00e9gicas para diversificar as fontes de capta\u00e7\u00e3o. Entre os destaques est\u00e3o a implementa\u00e7\u00e3o do sistema do C\u00f3rrego Bananal e o complexo Corumb\u00e1 IV, que ampliaram consideravelmente a oferta de \u00e1gua e reduziram a depend\u00eancia exclusiva dos dois reservat\u00f3rios principais.<\/p>\n<p>Mesmo com as barragens transbordando e o estoque garantido para a estiagem de 2024, as autoridades refor\u00e7am que o consumo consciente deve permanecer como um h\u00e1bito. A seguran\u00e7a h\u00eddrica atual \u00e9 o resultado de investimentos e chuvas favor\u00e1veis, mas a preserva\u00e7\u00e3o dos mananciais continua sendo a \u00fanica garantia de que o fantasma do racionamento n\u00e3o retorne no futuro.<\/p>\n","protected":false},"excerpt":{"rendered":"<p>O Distrito Federal recebeu uma not\u00edcia animadora para o planejamento dos pr\u00f3ximos meses: a barragem de Santa Maria atingiu 100% de sua capacidade operacional. Na \u00faltima semana, o reservat\u00f3rio come\u00e7ou a verter \u00e1gua, um fen\u00f4meno visual que simboliza a recupera\u00e7\u00e3o total de um dos pontos mais estrat\u00e9gicos de abastecimento da capital federal. O transbordamento ocorre [&hellip;]<\/p>\n","protected":false},"author":21,"featured_media":392733,"comment_status":"closed","ping_status":"closed","sticky":false,"template":"","format":"standard","meta":{"_acf_changed":false,"footnotes":""},"categories":[161],"tags":[],"class_list":["post-392732","post","type-post","status-publish","format-standard","has-post-thumbnail","hentry","category-quadradinho-em-foco"],"acf":[],"yoast_head":"<!-- This site is optimized with the Yoast SEO plugin v27.2 - https:\/\/yoast.com\/product\/yoast-seo-wordpress\/ -->\n<title>Barragem atinge capacidade m\u00e1xima e refor\u00e7a seguran\u00e7a h\u00eddrica - Notibras<\/title>\n<meta name=\"robots\" content=\"index, follow, max-snippet:-1, max-image-preview:large, max-video-preview:-1\" \/>\n<link rel=\"canonical\" href=\"https:\/\/www.notibras.com\/site\/barragem-atinge-capacidade-maxima-e-reforca-seguranca-hidrica\/\" \/>\n<meta property=\"og:locale\" content=\"pt_BR\" \/>\n<meta property=\"og:type\" content=\"article\" \/>\n<meta property=\"og:title\" content=\"Barragem atinge capacidade m\u00e1xima e refor\u00e7a seguran\u00e7a h\u00eddrica - Notibras\" \/>\n<meta property=\"og:description\" content=\"O Distrito Federal recebeu uma not\u00edcia animadora para o planejamento dos pr\u00f3ximos meses: a barragem de Santa Maria atingiu 100% de sua capacidade operacional. Na \u00faltima semana, o reservat\u00f3rio come\u00e7ou a verter \u00e1gua, um fen\u00f4meno visual que simboliza a recupera\u00e7\u00e3o total de um dos pontos mais estrat\u00e9gicos de abastecimento da capital federal. O transbordamento ocorre [&hellip;]\" \/>\n<meta property=\"og:url\" content=\"https:\/\/www.notibras.com\/site\/barragem-atinge-capacidade-maxima-e-reforca-seguranca-hidrica\/\" \/>\n<meta property=\"og:site_name\" content=\"Notibras\" \/>\n<meta property=\"article:publisher\" content=\"https:\/\/www.facebook.com\/notibras\/\" \/>\n<meta property=\"article:published_time\" content=\"2026-04-28T04:00:15+00:00\" \/>\n<meta property=\"og:image\" content=\"https:\/\/www.notibras.com\/site\/wp-content\/uploads\/2026\/04\/WhatsApp-Image-2026-04-27-at-20.54.52.jpeg\" \/>\n\t<meta property=\"og:image:width\" content=\"984\" \/>\n\t<meta property=\"og:image:height\" content=\"656\" \/>\n\t<meta property=\"og:image:type\" content=\"image\/jpeg\" \/>\n<meta name=\"author\" content=\"Eduardo Mart\u00ednez\" \/>\n<meta name=\"twitter:card\" content=\"summary_large_image\" \/>\n<meta name=\"twitter:creator\" content=\"@Notibras\" \/>\n<meta name=\"twitter:site\" content=\"@Notibras\" \/>\n<meta name=\"twitter:label1\" content=\"Escrito por\" \/>\n\t<meta name=\"twitter:data1\" content=\"Eduardo Mart\u00ednez\" \/>\n\t<meta name=\"twitter:label2\" content=\"Est. tempo de leitura\" \/>\n\t<meta name=\"twitter:data2\" content=\"4 minutos\" \/>\n<script type=\"application\/ld+json\" class=\"yoast-schema-graph\">{\"@context\":\"https:\/\/schema.org\",\"@graph\":[{\"@type\":\"Article\",\"@id\":\"https:\/\/www.notibras.com\/site\/barragem-atinge-capacidade-maxima-e-reforca-seguranca-hidrica\/#article\",\"isPartOf\":{\"@id\":\"https:\/\/www.notibras.com\/site\/barragem-atinge-capacidade-maxima-e-reforca-seguranca-hidrica\/\"},\"author\":{\"name\":\"Eduardo Mart\u00ednez\",\"@id\":\"https:\/\/www.notibras.com\/site\/#\/schema\/person\/5b7fabf2aedc3ada2105f03b22b4d3dd\"},\"headline\":\"Barragem atinge capacidade m\u00e1xima e refor\u00e7a seguran\u00e7a h\u00eddrica\",\"datePublished\":\"2026-04-28T04:00:15+00:00\",\"mainEntityOfPage\":{\"@id\":\"https:\/\/www.notibras.com\/site\/barragem-atinge-capacidade-maxima-e-reforca-seguranca-hidrica\/\"},\"wordCount\":599,\"publisher\":{\"@id\":\"https:\/\/www.notibras.com\/site\/#organization\"},\"image\":{\"@id\":\"https:\/\/www.notibras.com\/site\/barragem-atinge-capacidade-maxima-e-reforca-seguranca-hidrica\/#primaryimage\"},\"thumbnailUrl\":\"https:\/\/www.notibras.com\/site\/wp-content\/uploads\/2026\/04\/WhatsApp-Image-2026-04-27-at-20.54.52.jpeg\",\"articleSection\":[\"Quadradinho em Foco\"],\"inLanguage\":\"pt-BR\"},{\"@type\":\"WebPage\",\"@id\":\"https:\/\/www.notibras.com\/site\/barragem-atinge-capacidade-maxima-e-reforca-seguranca-hidrica\/\",\"url\":\"https:\/\/www.notibras.com\/site\/barragem-atinge-capacidade-maxima-e-reforca-seguranca-hidrica\/\",\"name\":\"Barragem atinge capacidade m\u00e1xima e refor\u00e7a seguran\u00e7a h\u00eddrica - Notibras\",\"isPartOf\":{\"@id\":\"https:\/\/www.notibras.com\/site\/#website\"},\"primaryImageOfPage\":{\"@id\":\"https:\/\/www.notibras.com\/site\/barragem-atinge-capacidade-maxima-e-reforca-seguranca-hidrica\/#primaryimage\"},\"image\":{\"@id\":\"https:\/\/www.notibras.com\/site\/barragem-atinge-capacidade-maxima-e-reforca-seguranca-hidrica\/#primaryimage\"},\"thumbnailUrl\":\"https:\/\/www.notibras.com\/site\/wp-content\/uploads\/2026\/04\/WhatsApp-Image-2026-04-27-at-20.54.52.jpeg\",\"datePublished\":\"2026-04-28T04:00:15+00:00\",\"breadcrumb\":{\"@id\":\"https:\/\/www.notibras.com\/site\/barragem-atinge-capacidade-maxima-e-reforca-seguranca-hidrica\/#breadcrumb\"},\"inLanguage\":\"pt-BR\",\"potentialAction\":[{\"@type\":\"ReadAction\",\"target\":[\"https:\/\/www.notibras.com\/site\/barragem-atinge-capacidade-maxima-e-reforca-seguranca-hidrica\/\"]}]},{\"@type\":\"ImageObject\",\"inLanguage\":\"pt-BR\",\"@id\":\"https:\/\/www.notibras.com\/site\/barragem-atinge-capacidade-maxima-e-reforca-seguranca-hidrica\/#primaryimage\",\"url\":\"https:\/\/www.notibras.com\/site\/wp-content\/uploads\/2026\/04\/WhatsApp-Image-2026-04-27-at-20.54.52.jpeg\",\"contentUrl\":\"https:\/\/www.notibras.com\/site\/wp-content\/uploads\/2026\/04\/WhatsApp-Image-2026-04-27-at-20.54.52.jpeg\",\"width\":984,\"height\":656},{\"@type\":\"BreadcrumbList\",\"@id\":\"https:\/\/www.notibras.com\/site\/barragem-atinge-capacidade-maxima-e-reforca-seguranca-hidrica\/#breadcrumb\",\"itemListElement\":[{\"@type\":\"ListItem\",\"position\":1,\"name\":\"In\u00edcio\",\"item\":\"https:\/\/www.notibras.com\/site\/\"},{\"@type\":\"ListItem\",\"position\":2,\"name\":\"Barragem atinge capacidade m\u00e1xima e refor\u00e7a seguran\u00e7a h\u00eddrica\"}]},{\"@type\":\"WebSite\",\"@id\":\"https:\/\/www.notibras.com\/site\/#website\",\"url\":\"https:\/\/www.notibras.com\/site\/\",\"name\":\"Notibras\",\"description\":\"Not\u00edcias de Bras\u00edlia, do Brasil e do Mundo\",\"publisher\":{\"@id\":\"https:\/\/www.notibras.com\/site\/#organization\"},\"potentialAction\":[{\"@type\":\"SearchAction\",\"target\":{\"@type\":\"EntryPoint\",\"urlTemplate\":\"https:\/\/www.notibras.com\/site\/?s={search_term_string}\"},\"query-input\":{\"@type\":\"PropertyValueSpecification\",\"valueRequired\":true,\"valueName\":\"search_term_string\"}}],\"inLanguage\":\"pt-BR\"},{\"@type\":\"Organization\",\"@id\":\"https:\/\/www.notibras.com\/site\/#organization\",\"name\":\"Grupo Notibras de Comunica\u00e7\u00e3o\",\"url\":\"https:\/\/www.notibras.com\/site\/\",\"logo\":{\"@type\":\"ImageObject\",\"inLanguage\":\"pt-BR\",\"@id\":\"https:\/\/www.notibras.com\/site\/#\/schema\/logo\/image\/\",\"url\":\"https:\/\/www.notibras.com\/site\/wp-content\/uploads\/2023\/01\/notibras23.png\",\"contentUrl\":\"https:\/\/www.notibras.com\/site\/wp-content\/uploads\/2023\/01\/notibras23.png\",\"width\":350,\"height\":87,\"caption\":\"Grupo Notibras de Comunica\u00e7\u00e3o\"},\"image\":{\"@id\":\"https:\/\/www.notibras.com\/site\/#\/schema\/logo\/image\/\"},\"sameAs\":[\"https:\/\/www.facebook.com\/notibras\/\",\"https:\/\/x.com\/Notibras\",\"https:\/\/www.instagram.com\/notibras\/\"]},{\"@type\":\"Person\",\"@id\":\"https:\/\/www.notibras.com\/site\/#\/schema\/person\/5b7fabf2aedc3ada2105f03b22b4d3dd\",\"name\":\"Eduardo Mart\u00ednez\",\"image\":{\"@type\":\"ImageObject\",\"inLanguage\":\"pt-BR\",\"@id\":\"https:\/\/secure.gravatar.com\/avatar\/7902f906289926289cbcda644b5197c796b893c6ffd7b9a536a42d290f7704a0?s=96&d=mm&r=g\",\"url\":\"https:\/\/secure.gravatar.com\/avatar\/7902f906289926289cbcda644b5197c796b893c6ffd7b9a536a42d290f7704a0?s=96&d=mm&r=g\",\"contentUrl\":\"https:\/\/secure.gravatar.com\/avatar\/7902f906289926289cbcda644b5197c796b893c6ffd7b9a536a42d290f7704a0?s=96&d=mm&r=g\",\"caption\":\"Eduardo Mart\u00ednez\"}}]}<\/script>\n<!-- \/ Yoast SEO plugin. -->","yoast_head_json":{"title":"Barragem atinge capacidade m\u00e1xima e refor\u00e7a seguran\u00e7a h\u00eddrica - Notibras","robots":{"index":"index","follow":"follow","max-snippet":"max-snippet:-1","max-image-preview":"max-image-preview:large","max-video-preview":"max-video-preview:-1"},"canonical":"https:\/\/www.notibras.com\/site\/barragem-atinge-capacidade-maxima-e-reforca-seguranca-hidrica\/","og_locale":"pt_BR","og_type":"article","og_title":"Barragem atinge capacidade m\u00e1xima e refor\u00e7a seguran\u00e7a h\u00eddrica - Notibras","og_description":"O Distrito Federal recebeu uma not\u00edcia animadora para o planejamento dos pr\u00f3ximos meses: a barragem de Santa Maria atingiu 100% de sua capacidade operacional. Na \u00faltima semana, o reservat\u00f3rio come\u00e7ou a verter \u00e1gua, um fen\u00f4meno visual que simboliza a recupera\u00e7\u00e3o total de um dos pontos mais estrat\u00e9gicos de abastecimento da capital federal. O transbordamento ocorre [&hellip;]","og_url":"https:\/\/www.notibras.com\/site\/barragem-atinge-capacidade-maxima-e-reforca-seguranca-hidrica\/","og_site_name":"Notibras","article_publisher":"https:\/\/www.facebook.com\/notibras\/","article_published_time":"2026-04-28T04:00:15+00:00","og_image":[{"width":984,"height":656,"url":"https:\/\/www.notibras.com\/site\/wp-content\/uploads\/2026\/04\/WhatsApp-Image-2026-04-27-at-20.54.52.jpeg","type":"image\/jpeg"}],"author":"Eduardo Mart\u00ednez","twitter_card":"summary_large_image","twitter_creator":"@Notibras","twitter_site":"@Notibras","twitter_misc":{"Escrito por":"Eduardo Mart\u00ednez","Est. tempo de leitura":"4 minutos"},"schema":{"@context":"https:\/\/schema.org","@graph":[{"@type":"Article","@id":"https:\/\/www.notibras.com\/site\/barragem-atinge-capacidade-maxima-e-reforca-seguranca-hidrica\/#article","isPartOf":{"@id":"https:\/\/www.notibras.com\/site\/barragem-atinge-capacidade-maxima-e-reforca-seguranca-hidrica\/"},"author":{"name":"Eduardo Mart\u00ednez","@id":"https:\/\/www.notibras.com\/site\/#\/schema\/person\/5b7fabf2aedc3ada2105f03b22b4d3dd"},"headline":"Barragem atinge capacidade m\u00e1xima e refor\u00e7a seguran\u00e7a h\u00eddrica","datePublished":"2026-04-28T04:00:15+00:00","mainEntityOfPage":{"@id":"https:\/\/www.notibras.com\/site\/barragem-atinge-capacidade-maxima-e-reforca-seguranca-hidrica\/"},"wordCount":599,"publisher":{"@id":"https:\/\/www.notibras.com\/site\/#organization"},"image":{"@id":"https:\/\/www.notibras.com\/site\/barragem-atinge-capacidade-maxima-e-reforca-seguranca-hidrica\/#primaryimage"},"thumbnailUrl":"https:\/\/www.notibras.com\/site\/wp-content\/uploads\/2026\/04\/WhatsApp-Image-2026-04-27-at-20.54.52.jpeg","articleSection":["Quadradinho em Foco"],"inLanguage":"pt-BR"},{"@type":"WebPage","@id":"https:\/\/www.notibras.com\/site\/barragem-atinge-capacidade-maxima-e-reforca-seguranca-hidrica\/","url":"https:\/\/www.notibras.com\/site\/barragem-atinge-capacidade-maxima-e-reforca-seguranca-hidrica\/","name":"Barragem atinge capacidade m\u00e1xima e refor\u00e7a seguran\u00e7a h\u00eddrica - Notibras","isPartOf":{"@id":"https:\/\/www.notibras.com\/site\/#website"},"primaryImageOfPage":{"@id":"https:\/\/www.notibras.com\/site\/barragem-atinge-capacidade-maxima-e-reforca-seguranca-hidrica\/#primaryimage"},"image":{"@id":"https:\/\/www.notibras.com\/site\/barragem-atinge-capacidade-maxima-e-reforca-seguranca-hidrica\/#primaryimage"},"thumbnailUrl":"https:\/\/www.notibras.com\/site\/wp-content\/uploads\/2026\/04\/WhatsApp-Image-2026-04-27-at-20.54.52.jpeg","datePublished":"2026-04-28T04:00:15+00:00","breadcrumb":{"@id":"https:\/\/www.notibras.com\/site\/barragem-atinge-capacidade-maxima-e-reforca-seguranca-hidrica\/#breadcrumb"},"inLanguage":"pt-BR","potentialAction":[{"@type":"ReadAction","target":["https:\/\/www.notibras.com\/site\/barragem-atinge-capacidade-maxima-e-reforca-seguranca-hidrica\/"]}]},{"@type":"ImageObject","inLanguage":"pt-BR","@id":"https:\/\/www.notibras.com\/site\/barragem-atinge-capacidade-maxima-e-reforca-seguranca-hidrica\/#primaryimage","url":"https:\/\/www.notibras.com\/site\/wp-content\/uploads\/2026\/04\/WhatsApp-Image-2026-04-27-at-20.54.52.jpeg","contentUrl":"https:\/\/www.notibras.com\/site\/wp-content\/uploads\/2026\/04\/WhatsApp-Image-2026-04-27-at-20.54.52.jpeg","width":984,"height":656},{"@type":"BreadcrumbList","@id":"https:\/\/www.notibras.com\/site\/barragem-atinge-capacidade-maxima-e-reforca-seguranca-hidrica\/#breadcrumb","itemListElement":[{"@type":"ListItem","position":1,"name":"In\u00edcio","item":"https:\/\/www.notibras.com\/site\/"},{"@type":"ListItem","position":2,"name":"Barragem atinge capacidade m\u00e1xima e refor\u00e7a seguran\u00e7a h\u00eddrica"}]},{"@type":"WebSite","@id":"https:\/\/www.notibras.com\/site\/#website","url":"https:\/\/www.notibras.com\/site\/","name":"Notibras","description":"Not\u00edcias de Bras\u00edlia, do Brasil e do Mundo","publisher":{"@id":"https:\/\/www.notibras.com\/site\/#organization"},"potentialAction":[{"@type":"SearchAction","target":{"@type":"EntryPoint","urlTemplate":"https:\/\/www.notibras.com\/site\/?s={search_term_string}"},"query-input":{"@type":"PropertyValueSpecification","valueRequired":true,"valueName":"search_term_string"}}],"inLanguage":"pt-BR"},{"@type":"Organization","@id":"https:\/\/www.notibras.com\/site\/#organization","name":"Grupo Notibras de Comunica\u00e7\u00e3o","url":"https:\/\/www.notibras.com\/site\/","logo":{"@type":"ImageObject","inLanguage":"pt-BR","@id":"https:\/\/www.notibras.com\/site\/#\/schema\/logo\/image\/","url":"https:\/\/www.notibras.com\/site\/wp-content\/uploads\/2023\/01\/notibras23.png","contentUrl":"https:\/\/www.notibras.com\/site\/wp-content\/uploads\/2023\/01\/notibras23.png","width":350,"height":87,"caption":"Grupo Notibras de Comunica\u00e7\u00e3o"},"image":{"@id":"https:\/\/www.notibras.com\/site\/#\/schema\/logo\/image\/"},"sameAs":["https:\/\/www.facebook.com\/notibras\/","https:\/\/x.com\/Notibras","https:\/\/www.instagram.com\/notibras\/"]},{"@type":"Person","@id":"https:\/\/www.notibras.com\/site\/#\/schema\/person\/5b7fabf2aedc3ada2105f03b22b4d3dd","name":"Eduardo Mart\u00ednez","image":{"@type":"ImageObject","inLanguage":"pt-BR","@id":"https:\/\/secure.gravatar.com\/avatar\/7902f906289926289cbcda644b5197c796b893c6ffd7b9a536a42d290f7704a0?s=96&d=mm&r=g","url":"https:\/\/secure.gravatar.com\/avatar\/7902f906289926289cbcda644b5197c796b893c6ffd7b9a536a42d290f7704a0?s=96&d=mm&r=g","contentUrl":"https:\/\/secure.gravatar.com\/avatar\/7902f906289926289cbcda644b5197c796b893c6ffd7b9a536a42d290f7704a0?s=96&d=mm&r=g","caption":"Eduardo Mart\u00ednez"}}]}},"amp_enabled":true,"_links":{"self":[{"href":"https:\/\/www.notibras.com\/site\/wp-json\/wp\/v2\/posts\/392732","targetHints":{"allow":["GET"]}}],"collection":[{"href":"https:\/\/www.notibras.com\/site\/wp-json\/wp\/v2\/posts"}],"about":[{"href":"https:\/\/www.notibras.com\/site\/wp-json\/wp\/v2\/types\/post"}],"author":[{"embeddable":true,"href":"https:\/\/www.notibras.com\/site\/wp-json\/wp\/v2\/users\/21"}],"replies":[{"embeddable":true,"href":"https:\/\/www.notibras.com\/site\/wp-json\/wp\/v2\/comments?post=392732"}],"version-history":[{"count":2,"href":"https:\/\/www.notibras.com\/site\/wp-json\/wp\/v2\/posts\/392732\/revisions"}],"predecessor-version":[{"id":392735,"href":"https:\/\/www.notibras.com\/site\/wp-json\/wp\/v2\/posts\/392732\/revisions\/392735"}],"wp:featuredmedia":[{"embeddable":true,"href":"https:\/\/www.notibras.com\/site\/wp-json\/wp\/v2\/media\/392733"}],"wp:attachment":[{"href":"https:\/\/www.notibras.com\/site\/wp-json\/wp\/v2\/media?parent=392732"}],"wp:term":[{"taxonomy":"category","embeddable":true,"href":"https:\/\/www.notibras.com\/site\/wp-json\/wp\/v2\/categories?post=392732"},{"taxonomy":"post_tag","embeddable":true,"href":"https:\/\/www.notibras.com\/site\/wp-json\/wp\/v2\/tags?post=392732"}],"curies":[{"name":"wp","href":"https:\/\/api.w.org\/{rel}","templated":true}]}}