{"id":392736,"date":"2026-04-28T00:45:57","date_gmt":"2026-04-28T03:45:57","guid":{"rendered":"https:\/\/www.notibras.com\/site\/?p=392736"},"modified":"2026-04-27T21:07:52","modified_gmt":"2026-04-28T00:07:52","slug":"auditores-fiscais-apreendem-meia-tonelada-de-municao-ilegal","status":"publish","type":"post","link":"https:\/\/www.notibras.com\/site\/auditores-fiscais-apreendem-meia-tonelada-de-municao-ilegal\/","title":{"rendered":"Auditores fiscais apreendem meia tonelada de muni\u00e7\u00e3o ilegal"},"content":{"rendered":"<p>Em uma opera\u00e7\u00e3o de rotina realizada nesta segunda-feira (27), auditores da Subsecretaria da Receita, vinculada \u00e0 Secretaria de Economia (SEEC-DF), apreenderam cerca de meia tonelada de c\u00e1psulas de muni\u00e7\u00e3o. A carga foi localizada no Setor de Cargas do Distrito Federal, durante os procedimentos de fiscaliza\u00e7\u00e3o de mercadorias que ingressam na capital.<\/p>\n<p>O material apreendido soma aproximadamente 47 mil unidades de c\u00e1psulas, que haviam sido enviadas de Santa Catarina com destino a Bras\u00edlia. A carga estava desacompanhada de qualquer documenta\u00e7\u00e3o fiscal, o que motivou a reten\u00e7\u00e3o imediata por parte dos auditores fazend\u00e1rios durante a confer\u00eancia das mercadorias.<\/p>\n<p>Segundo informa\u00e7\u00f5es da Secretaria de Economia, o remetente da encomenda \u00e9 uma pessoa f\u00edsica. Para tentar evitar que o material fosse identificado pelas autoridades, o respons\u00e1vel utilizou uma estrat\u00e9gia de camuflagem na declara\u00e7\u00e3o de conte\u00fado, descrevendo o carregamento como &#8220;pe\u00e7as de chumbo a granel&#8221;.<\/p>\n<p>A tentativa de driblar a fiscaliza\u00e7\u00e3o foi descoberta quando os auditores decidiram verificar a carga fisicamente, constatando que o peso e a natureza do produto n\u00e3o correspondiam \u00e0 descri\u00e7\u00e3o fornecida. A apreens\u00e3o de uma quantidade t\u00e3o expressiva de insumos para muni\u00e7\u00e3o sem controle fiscal acendeu um alerta sobre a finalidade do material.<\/p>\n<p>Diante da gravidade do achado e da aus\u00eancia de registros legais para o transporte desses itens, a SEEC-DF solicitou apoio imediato das for\u00e7as de seguran\u00e7a. A Pol\u00edcia Civil e a Pol\u00edcia Militar do Distrito Federal foram acionadas para colaborar na ocorr\u00eancia e assumir a cust\u00f3dia do material il\u00edcito.<\/p>\n<p>Agora, as autoridades policiais conduzir\u00e3o as investiga\u00e7\u00f5es para identificar o real destinat\u00e1rio das 47 mil c\u00e1psulas e apurar se o material seria utilizado para fins criminais. O caso segue sob an\u00e1lise para determinar as responsabilidades criminais e administrativas do envolvido no envio da carga.<\/p>\n","protected":false},"excerpt":{"rendered":"<p>Em uma opera\u00e7\u00e3o de rotina realizada nesta segunda-feira (27), auditores da Subsecretaria da Receita, vinculada \u00e0 Secretaria de Economia (SEEC-DF), apreenderam cerca de meia tonelada de c\u00e1psulas de muni\u00e7\u00e3o. A carga foi localizada no Setor de Cargas do Distrito Federal, durante os procedimentos de fiscaliza\u00e7\u00e3o de mercadorias que ingressam na capital. O material apreendido soma [&hellip;]<\/p>\n","protected":false},"author":21,"featured_media":392737,"comment_status":"closed","ping_status":"closed","sticky":false,"template":"","format":"standard","meta":{"_acf_changed":false,"footnotes":""},"categories":[161],"tags":[],"class_list":["post-392736","post","type-post","status-publish","format-standard","has-post-thumbnail","hentry","category-quadradinho-em-foco"],"acf":[],"yoast_head":"<!-- This site is optimized with the Yoast SEO plugin v27.2 - https:\/\/yoast.com\/product\/yoast-seo-wordpress\/ -->\n<title>Auditores fiscais apreendem meia tonelada de muni\u00e7\u00e3o ilegal - Notibras<\/title>\n<meta name=\"robots\" content=\"index, follow, max-snippet:-1, max-image-preview:large, max-video-preview:-1\" \/>\n<link rel=\"canonical\" href=\"https:\/\/www.notibras.com\/site\/auditores-fiscais-apreendem-meia-tonelada-de-municao-ilegal\/\" \/>\n<meta property=\"og:locale\" content=\"pt_BR\" \/>\n<meta property=\"og:type\" content=\"article\" \/>\n<meta property=\"og:title\" content=\"Auditores fiscais apreendem meia tonelada de muni\u00e7\u00e3o ilegal - Notibras\" \/>\n<meta property=\"og:description\" content=\"Em uma opera\u00e7\u00e3o de rotina realizada nesta segunda-feira (27), auditores da Subsecretaria da Receita, vinculada \u00e0 Secretaria de Economia (SEEC-DF), apreenderam cerca de meia tonelada de c\u00e1psulas de muni\u00e7\u00e3o. A carga foi localizada no Setor de Cargas do Distrito Federal, durante os procedimentos de fiscaliza\u00e7\u00e3o de mercadorias que ingressam na capital. O material apreendido soma [&hellip;]\" \/>\n<meta property=\"og:url\" content=\"https:\/\/www.notibras.com\/site\/auditores-fiscais-apreendem-meia-tonelada-de-municao-ilegal\/\" \/>\n<meta property=\"og:site_name\" content=\"Notibras\" \/>\n<meta property=\"article:publisher\" content=\"https:\/\/www.facebook.com\/notibras\/\" \/>\n<meta property=\"article:published_time\" content=\"2026-04-28T03:45:57+00:00\" \/>\n<meta property=\"og:image\" content=\"https:\/\/www.notibras.com\/site\/wp-content\/uploads\/2026\/04\/WhatsApp-Image-2026-04-27-at-21.06.45.jpeg\" \/>\n\t<meta property=\"og:image:width\" content=\"1155\" \/>\n\t<meta property=\"og:image:height\" content=\"848\" \/>\n\t<meta property=\"og:image:type\" content=\"image\/jpeg\" \/>\n<meta name=\"author\" content=\"Eduardo Mart\u00ednez\" \/>\n<meta name=\"twitter:card\" content=\"summary_large_image\" \/>\n<meta name=\"twitter:creator\" content=\"@Notibras\" \/>\n<meta name=\"twitter:site\" content=\"@Notibras\" \/>\n<meta name=\"twitter:label1\" content=\"Escrito por\" \/>\n\t<meta name=\"twitter:data1\" content=\"Eduardo Mart\u00ednez\" \/>\n\t<meta name=\"twitter:label2\" content=\"Est. tempo de leitura\" \/>\n\t<meta name=\"twitter:data2\" content=\"2 minutos\" \/>\n<script type=\"application\/ld+json\" class=\"yoast-schema-graph\">{\"@context\":\"https:\/\/schema.org\",\"@graph\":[{\"@type\":\"Article\",\"@id\":\"https:\/\/www.notibras.com\/site\/auditores-fiscais-apreendem-meia-tonelada-de-municao-ilegal\/#article\",\"isPartOf\":{\"@id\":\"https:\/\/www.notibras.com\/site\/auditores-fiscais-apreendem-meia-tonelada-de-municao-ilegal\/\"},\"author\":{\"name\":\"Eduardo Mart\u00ednez\",\"@id\":\"https:\/\/www.notibras.com\/site\/#\/schema\/person\/5b7fabf2aedc3ada2105f03b22b4d3dd\"},\"headline\":\"Auditores fiscais apreendem meia tonelada de muni\u00e7\u00e3o ilegal\",\"datePublished\":\"2026-04-28T03:45:57+00:00\",\"mainEntityOfPage\":{\"@id\":\"https:\/\/www.notibras.com\/site\/auditores-fiscais-apreendem-meia-tonelada-de-municao-ilegal\/\"},\"wordCount\":323,\"publisher\":{\"@id\":\"https:\/\/www.notibras.com\/site\/#organization\"},\"image\":{\"@id\":\"https:\/\/www.notibras.com\/site\/auditores-fiscais-apreendem-meia-tonelada-de-municao-ilegal\/#primaryimage\"},\"thumbnailUrl\":\"https:\/\/www.notibras.com\/site\/wp-content\/uploads\/2026\/04\/WhatsApp-Image-2026-04-27-at-21.06.45.jpeg\",\"articleSection\":[\"Quadradinho em Foco\"],\"inLanguage\":\"pt-BR\"},{\"@type\":\"WebPage\",\"@id\":\"https:\/\/www.notibras.com\/site\/auditores-fiscais-apreendem-meia-tonelada-de-municao-ilegal\/\",\"url\":\"https:\/\/www.notibras.com\/site\/auditores-fiscais-apreendem-meia-tonelada-de-municao-ilegal\/\",\"name\":\"Auditores fiscais apreendem meia tonelada de muni\u00e7\u00e3o ilegal - Notibras\",\"isPartOf\":{\"@id\":\"https:\/\/www.notibras.com\/site\/#website\"},\"primaryImageOfPage\":{\"@id\":\"https:\/\/www.notibras.com\/site\/auditores-fiscais-apreendem-meia-tonelada-de-municao-ilegal\/#primaryimage\"},\"image\":{\"@id\":\"https:\/\/www.notibras.com\/site\/auditores-fiscais-apreendem-meia-tonelada-de-municao-ilegal\/#primaryimage\"},\"thumbnailUrl\":\"https:\/\/www.notibras.com\/site\/wp-content\/uploads\/2026\/04\/WhatsApp-Image-2026-04-27-at-21.06.45.jpeg\",\"datePublished\":\"2026-04-28T03:45:57+00:00\",\"breadcrumb\":{\"@id\":\"https:\/\/www.notibras.com\/site\/auditores-fiscais-apreendem-meia-tonelada-de-municao-ilegal\/#breadcrumb\"},\"inLanguage\":\"pt-BR\",\"potentialAction\":[{\"@type\":\"ReadAction\",\"target\":[\"https:\/\/www.notibras.com\/site\/auditores-fiscais-apreendem-meia-tonelada-de-municao-ilegal\/\"]}]},{\"@type\":\"ImageObject\",\"inLanguage\":\"pt-BR\",\"@id\":\"https:\/\/www.notibras.com\/site\/auditores-fiscais-apreendem-meia-tonelada-de-municao-ilegal\/#primaryimage\",\"url\":\"https:\/\/www.notibras.com\/site\/wp-content\/uploads\/2026\/04\/WhatsApp-Image-2026-04-27-at-21.06.45.jpeg\",\"contentUrl\":\"https:\/\/www.notibras.com\/site\/wp-content\/uploads\/2026\/04\/WhatsApp-Image-2026-04-27-at-21.06.45.jpeg\",\"width\":1155,\"height\":848},{\"@type\":\"BreadcrumbList\",\"@id\":\"https:\/\/www.notibras.com\/site\/auditores-fiscais-apreendem-meia-tonelada-de-municao-ilegal\/#breadcrumb\",\"itemListElement\":[{\"@type\":\"ListItem\",\"position\":1,\"name\":\"In\u00edcio\",\"item\":\"https:\/\/www.notibras.com\/site\/\"},{\"@type\":\"ListItem\",\"position\":2,\"name\":\"Auditores fiscais apreendem meia tonelada de muni\u00e7\u00e3o ilegal\"}]},{\"@type\":\"WebSite\",\"@id\":\"https:\/\/www.notibras.com\/site\/#website\",\"url\":\"https:\/\/www.notibras.com\/site\/\",\"name\":\"Notibras\",\"description\":\"Not\u00edcias de Bras\u00edlia, do Brasil e do Mundo\",\"publisher\":{\"@id\":\"https:\/\/www.notibras.com\/site\/#organization\"},\"potentialAction\":[{\"@type\":\"SearchAction\",\"target\":{\"@type\":\"EntryPoint\",\"urlTemplate\":\"https:\/\/www.notibras.com\/site\/?s={search_term_string}\"},\"query-input\":{\"@type\":\"PropertyValueSpecification\",\"valueRequired\":true,\"valueName\":\"search_term_string\"}}],\"inLanguage\":\"pt-BR\"},{\"@type\":\"Organization\",\"@id\":\"https:\/\/www.notibras.com\/site\/#organization\",\"name\":\"Grupo Notibras de Comunica\u00e7\u00e3o\",\"url\":\"https:\/\/www.notibras.com\/site\/\",\"logo\":{\"@type\":\"ImageObject\",\"inLanguage\":\"pt-BR\",\"@id\":\"https:\/\/www.notibras.com\/site\/#\/schema\/logo\/image\/\",\"url\":\"https:\/\/www.notibras.com\/site\/wp-content\/uploads\/2023\/01\/notibras23.png\",\"contentUrl\":\"https:\/\/www.notibras.com\/site\/wp-content\/uploads\/2023\/01\/notibras23.png\",\"width\":350,\"height\":87,\"caption\":\"Grupo Notibras de Comunica\u00e7\u00e3o\"},\"image\":{\"@id\":\"https:\/\/www.notibras.com\/site\/#\/schema\/logo\/image\/\"},\"sameAs\":[\"https:\/\/www.facebook.com\/notibras\/\",\"https:\/\/x.com\/Notibras\",\"https:\/\/www.instagram.com\/notibras\/\"]},{\"@type\":\"Person\",\"@id\":\"https:\/\/www.notibras.com\/site\/#\/schema\/person\/5b7fabf2aedc3ada2105f03b22b4d3dd\",\"name\":\"Eduardo Mart\u00ednez\",\"image\":{\"@type\":\"ImageObject\",\"inLanguage\":\"pt-BR\",\"@id\":\"https:\/\/secure.gravatar.com\/avatar\/7902f906289926289cbcda644b5197c796b893c6ffd7b9a536a42d290f7704a0?s=96&d=mm&r=g\",\"url\":\"https:\/\/secure.gravatar.com\/avatar\/7902f906289926289cbcda644b5197c796b893c6ffd7b9a536a42d290f7704a0?s=96&d=mm&r=g\",\"contentUrl\":\"https:\/\/secure.gravatar.com\/avatar\/7902f906289926289cbcda644b5197c796b893c6ffd7b9a536a42d290f7704a0?s=96&d=mm&r=g\",\"caption\":\"Eduardo Mart\u00ednez\"}}]}<\/script>\n<!-- \/ Yoast SEO plugin. -->","yoast_head_json":{"title":"Auditores fiscais apreendem meia tonelada de muni\u00e7\u00e3o ilegal - Notibras","robots":{"index":"index","follow":"follow","max-snippet":"max-snippet:-1","max-image-preview":"max-image-preview:large","max-video-preview":"max-video-preview:-1"},"canonical":"https:\/\/www.notibras.com\/site\/auditores-fiscais-apreendem-meia-tonelada-de-municao-ilegal\/","og_locale":"pt_BR","og_type":"article","og_title":"Auditores fiscais apreendem meia tonelada de muni\u00e7\u00e3o ilegal - Notibras","og_description":"Em uma opera\u00e7\u00e3o de rotina realizada nesta segunda-feira (27), auditores da Subsecretaria da Receita, vinculada \u00e0 Secretaria de Economia (SEEC-DF), apreenderam cerca de meia tonelada de c\u00e1psulas de muni\u00e7\u00e3o. A carga foi localizada no Setor de Cargas do Distrito Federal, durante os procedimentos de fiscaliza\u00e7\u00e3o de mercadorias que ingressam na capital. O material apreendido soma [&hellip;]","og_url":"https:\/\/www.notibras.com\/site\/auditores-fiscais-apreendem-meia-tonelada-de-municao-ilegal\/","og_site_name":"Notibras","article_publisher":"https:\/\/www.facebook.com\/notibras\/","article_published_time":"2026-04-28T03:45:57+00:00","og_image":[{"width":1155,"height":848,"url":"https:\/\/www.notibras.com\/site\/wp-content\/uploads\/2026\/04\/WhatsApp-Image-2026-04-27-at-21.06.45.jpeg","type":"image\/jpeg"}],"author":"Eduardo Mart\u00ednez","twitter_card":"summary_large_image","twitter_creator":"@Notibras","twitter_site":"@Notibras","twitter_misc":{"Escrito por":"Eduardo Mart\u00ednez","Est. tempo de leitura":"2 minutos"},"schema":{"@context":"https:\/\/schema.org","@graph":[{"@type":"Article","@id":"https:\/\/www.notibras.com\/site\/auditores-fiscais-apreendem-meia-tonelada-de-municao-ilegal\/#article","isPartOf":{"@id":"https:\/\/www.notibras.com\/site\/auditores-fiscais-apreendem-meia-tonelada-de-municao-ilegal\/"},"author":{"name":"Eduardo Mart\u00ednez","@id":"https:\/\/www.notibras.com\/site\/#\/schema\/person\/5b7fabf2aedc3ada2105f03b22b4d3dd"},"headline":"Auditores fiscais apreendem meia tonelada de muni\u00e7\u00e3o ilegal","datePublished":"2026-04-28T03:45:57+00:00","mainEntityOfPage":{"@id":"https:\/\/www.notibras.com\/site\/auditores-fiscais-apreendem-meia-tonelada-de-municao-ilegal\/"},"wordCount":323,"publisher":{"@id":"https:\/\/www.notibras.com\/site\/#organization"},"image":{"@id":"https:\/\/www.notibras.com\/site\/auditores-fiscais-apreendem-meia-tonelada-de-municao-ilegal\/#primaryimage"},"thumbnailUrl":"https:\/\/www.notibras.com\/site\/wp-content\/uploads\/2026\/04\/WhatsApp-Image-2026-04-27-at-21.06.45.jpeg","articleSection":["Quadradinho em Foco"],"inLanguage":"pt-BR"},{"@type":"WebPage","@id":"https:\/\/www.notibras.com\/site\/auditores-fiscais-apreendem-meia-tonelada-de-municao-ilegal\/","url":"https:\/\/www.notibras.com\/site\/auditores-fiscais-apreendem-meia-tonelada-de-municao-ilegal\/","name":"Auditores fiscais apreendem meia tonelada de muni\u00e7\u00e3o ilegal - Notibras","isPartOf":{"@id":"https:\/\/www.notibras.com\/site\/#website"},"primaryImageOfPage":{"@id":"https:\/\/www.notibras.com\/site\/auditores-fiscais-apreendem-meia-tonelada-de-municao-ilegal\/#primaryimage"},"image":{"@id":"https:\/\/www.notibras.com\/site\/auditores-fiscais-apreendem-meia-tonelada-de-municao-ilegal\/#primaryimage"},"thumbnailUrl":"https:\/\/www.notibras.com\/site\/wp-content\/uploads\/2026\/04\/WhatsApp-Image-2026-04-27-at-21.06.45.jpeg","datePublished":"2026-04-28T03:45:57+00:00","breadcrumb":{"@id":"https:\/\/www.notibras.com\/site\/auditores-fiscais-apreendem-meia-tonelada-de-municao-ilegal\/#breadcrumb"},"inLanguage":"pt-BR","potentialAction":[{"@type":"ReadAction","target":["https:\/\/www.notibras.com\/site\/auditores-fiscais-apreendem-meia-tonelada-de-municao-ilegal\/"]}]},{"@type":"ImageObject","inLanguage":"pt-BR","@id":"https:\/\/www.notibras.com\/site\/auditores-fiscais-apreendem-meia-tonelada-de-municao-ilegal\/#primaryimage","url":"https:\/\/www.notibras.com\/site\/wp-content\/uploads\/2026\/04\/WhatsApp-Image-2026-04-27-at-21.06.45.jpeg","contentUrl":"https:\/\/www.notibras.com\/site\/wp-content\/uploads\/2026\/04\/WhatsApp-Image-2026-04-27-at-21.06.45.jpeg","width":1155,"height":848},{"@type":"BreadcrumbList","@id":"https:\/\/www.notibras.com\/site\/auditores-fiscais-apreendem-meia-tonelada-de-municao-ilegal\/#breadcrumb","itemListElement":[{"@type":"ListItem","position":1,"name":"In\u00edcio","item":"https:\/\/www.notibras.com\/site\/"},{"@type":"ListItem","position":2,"name":"Auditores fiscais apreendem meia tonelada de muni\u00e7\u00e3o ilegal"}]},{"@type":"WebSite","@id":"https:\/\/www.notibras.com\/site\/#website","url":"https:\/\/www.notibras.com\/site\/","name":"Notibras","description":"Not\u00edcias de Bras\u00edlia, do Brasil e do Mundo","publisher":{"@id":"https:\/\/www.notibras.com\/site\/#organization"},"potentialAction":[{"@type":"SearchAction","target":{"@type":"EntryPoint","urlTemplate":"https:\/\/www.notibras.com\/site\/?s={search_term_string}"},"query-input":{"@type":"PropertyValueSpecification","valueRequired":true,"valueName":"search_term_string"}}],"inLanguage":"pt-BR"},{"@type":"Organization","@id":"https:\/\/www.notibras.com\/site\/#organization","name":"Grupo Notibras de Comunica\u00e7\u00e3o","url":"https:\/\/www.notibras.com\/site\/","logo":{"@type":"ImageObject","inLanguage":"pt-BR","@id":"https:\/\/www.notibras.com\/site\/#\/schema\/logo\/image\/","url":"https:\/\/www.notibras.com\/site\/wp-content\/uploads\/2023\/01\/notibras23.png","contentUrl":"https:\/\/www.notibras.com\/site\/wp-content\/uploads\/2023\/01\/notibras23.png","width":350,"height":87,"caption":"Grupo Notibras de Comunica\u00e7\u00e3o"},"image":{"@id":"https:\/\/www.notibras.com\/site\/#\/schema\/logo\/image\/"},"sameAs":["https:\/\/www.facebook.com\/notibras\/","https:\/\/x.com\/Notibras","https:\/\/www.instagram.com\/notibras\/"]},{"@type":"Person","@id":"https:\/\/www.notibras.com\/site\/#\/schema\/person\/5b7fabf2aedc3ada2105f03b22b4d3dd","name":"Eduardo Mart\u00ednez","image":{"@type":"ImageObject","inLanguage":"pt-BR","@id":"https:\/\/secure.gravatar.com\/avatar\/7902f906289926289cbcda644b5197c796b893c6ffd7b9a536a42d290f7704a0?s=96&d=mm&r=g","url":"https:\/\/secure.gravatar.com\/avatar\/7902f906289926289cbcda644b5197c796b893c6ffd7b9a536a42d290f7704a0?s=96&d=mm&r=g","contentUrl":"https:\/\/secure.gravatar.com\/avatar\/7902f906289926289cbcda644b5197c796b893c6ffd7b9a536a42d290f7704a0?s=96&d=mm&r=g","caption":"Eduardo Mart\u00ednez"}}]}},"amp_enabled":true,"_links":{"self":[{"href":"https:\/\/www.notibras.com\/site\/wp-json\/wp\/v2\/posts\/392736","targetHints":{"allow":["GET"]}}],"collection":[{"href":"https:\/\/www.notibras.com\/site\/wp-json\/wp\/v2\/posts"}],"about":[{"href":"https:\/\/www.notibras.com\/site\/wp-json\/wp\/v2\/types\/post"}],"author":[{"embeddable":true,"href":"https:\/\/www.notibras.com\/site\/wp-json\/wp\/v2\/users\/21"}],"replies":[{"embeddable":true,"href":"https:\/\/www.notibras.com\/site\/wp-json\/wp\/v2\/comments?post=392736"}],"version-history":[{"count":2,"href":"https:\/\/www.notibras.com\/site\/wp-json\/wp\/v2\/posts\/392736\/revisions"}],"predecessor-version":[{"id":392739,"href":"https:\/\/www.notibras.com\/site\/wp-json\/wp\/v2\/posts\/392736\/revisions\/392739"}],"wp:featuredmedia":[{"embeddable":true,"href":"https:\/\/www.notibras.com\/site\/wp-json\/wp\/v2\/media\/392737"}],"wp:attachment":[{"href":"https:\/\/www.notibras.com\/site\/wp-json\/wp\/v2\/media?parent=392736"}],"wp:term":[{"taxonomy":"category","embeddable":true,"href":"https:\/\/www.notibras.com\/site\/wp-json\/wp\/v2\/categories?post=392736"},{"taxonomy":"post_tag","embeddable":true,"href":"https:\/\/www.notibras.com\/site\/wp-json\/wp\/v2\/tags?post=392736"}],"curies":[{"name":"wp","href":"https:\/\/api.w.org\/{rel}","templated":true}]}}