{"id":392743,"date":"2026-04-28T00:30:01","date_gmt":"2026-04-28T03:30:01","guid":{"rendered":"https:\/\/www.notibras.com\/site\/?p=392743"},"modified":"2026-04-27T21:18:12","modified_gmt":"2026-04-28T00:18:12","slug":"brasilia-sedia-reuniao-com-secretarios-de-educacao-de-todo-o-pais","status":"publish","type":"post","link":"https:\/\/www.notibras.com\/site\/brasilia-sedia-reuniao-com-secretarios-de-educacao-de-todo-o-pais\/","title":{"rendered":"Bras\u00edlia sedia reuni\u00e3o com secret\u00e1rios de Educa\u00e7\u00e3o de todo o pa\u00eds"},"content":{"rendered":"<p>Bras\u00edlia tornou-se, nesta segunda-feira (27), o centro das discuss\u00f5es sobre os rumos da educa\u00e7\u00e3o p\u00fablica no pa\u00eds com a realiza\u00e7\u00e3o da II Reuni\u00e3o Extraordin\u00e1ria de 2026 do Conselho Nacional de Secret\u00e1rios de Educa\u00e7\u00e3o (Consed). O encontro segue at\u00e9 esta ter\u00e7a (28) e re\u00fane gestores estaduais de Educa\u00e7\u00e3o, representantes do Minist\u00e9rio da Educa\u00e7\u00e3o (MEC), do Instituto Nacional de Estudos e Pesquisas Educacionais An\u00edsio Teixeira (Inep) e de institui\u00e7\u00f5es parceiras.<\/p>\n<p>A programa\u00e7\u00e3o do primeiro dia contou com a apresenta\u00e7\u00e3o dos secret\u00e1rios estaduais de Educa\u00e7\u00e3o, momento voltado \u00e0 integra\u00e7\u00e3o entre os gestores e ao alinhamento das principais pautas do setor. Representando a Secretaria de Educa\u00e7\u00e3o do Distrito Federal (SEEDF), a secret\u00e1ria interina, I\u00eades Soares Braga, falou da import\u00e2ncia do encontro para a troca de experi\u00eancias entre as redes de ensino.<\/p>\n<p>\u201cEsse \u00e9 um espa\u00e7o importante para compartilhar experi\u00eancias, conhecer boas pr\u00e1ticas e fortalecer o trabalho conjunto entre os estados e o Distrito Federal em favor da educa\u00e7\u00e3o p\u00fablica\u201d, afirmou I\u00eades.<\/p>\n<p>Fundado em 1986, o Consed \u00e9 uma associa\u00e7\u00e3o que re\u00fane as Secretarias de Educa\u00e7\u00e3o dos estados e do DF. Entre seus principais objetivos est\u00e3o a integra\u00e7\u00e3o das redes estaduais de ensino, a colabora\u00e7\u00e3o entre as unidades federativas e a participa\u00e7\u00e3o na constru\u00e7\u00e3o de pol\u00edticas nacionais para a educa\u00e7\u00e3o.<\/p>\n<p><strong>Abertura<\/strong><\/p>\n<p>A nova presidente do conselho, professora Socorro Batista, destacou a import\u00e2ncia do di\u00e1logo entre os gestores p\u00fablicos e da constru\u00e7\u00e3o conjunta de solu\u00e7\u00f5es para os desafios educacionais do pa\u00eds. \u201cEsperamos sair daqui com boas ideias para a educa\u00e7\u00e3o brasileira, com debates importantes sobre temas da atualidade e que dizem respeito ao sistema de educa\u00e7\u00e3o do pa\u00eds, como o Plano Nacional de Educa\u00e7\u00e3o\u201d.<\/p>\n<p>Na pauta do primeiro dia foram discutidos temas como o Exame Nacional do Ensino M\u00e9dio (Enem) como instrumento do Sistema de Avalia\u00e7\u00e3o da Educa\u00e7\u00e3o B\u00e1sica (Saeb); o plano de trabalho do Grupo de Tecnologia do Consed para 2026; e o alinhamento entre os estados com a participa\u00e7\u00e3o de integrantes do MEC e do Inep.<\/p>\n<p>J\u00e1 nesta ter\u00e7a-feira (28), a agenda ser\u00e1 voltada ao aprofundamento das discuss\u00f5es sobre o Programa de Pleno Pagamento de D\u00edvidas dos Estados (Propag) e o programa Juros pela Educa\u00e7\u00e3o.<\/p>\n","protected":false},"excerpt":{"rendered":"<p>Bras\u00edlia tornou-se, nesta segunda-feira (27), o centro das discuss\u00f5es sobre os rumos da educa\u00e7\u00e3o p\u00fablica no pa\u00eds com a realiza\u00e7\u00e3o da II Reuni\u00e3o Extraordin\u00e1ria de 2026 do Conselho Nacional de Secret\u00e1rios de Educa\u00e7\u00e3o (Consed). O encontro segue at\u00e9 esta ter\u00e7a (28) e re\u00fane gestores estaduais de Educa\u00e7\u00e3o, representantes do Minist\u00e9rio da Educa\u00e7\u00e3o (MEC), do Instituto [&hellip;]<\/p>\n","protected":false},"author":21,"featured_media":392744,"comment_status":"closed","ping_status":"closed","sticky":false,"template":"","format":"standard","meta":{"_acf_changed":false,"footnotes":""},"categories":[161],"tags":[],"class_list":["post-392743","post","type-post","status-publish","format-standard","has-post-thumbnail","hentry","category-quadradinho-em-foco"],"acf":[],"yoast_head":"<!-- This site is optimized with the Yoast SEO plugin v27.2 - https:\/\/yoast.com\/product\/yoast-seo-wordpress\/ -->\n<title>Bras\u00edlia sedia reuni\u00e3o com secret\u00e1rios de Educa\u00e7\u00e3o de todo o pa\u00eds - Notibras<\/title>\n<meta name=\"robots\" content=\"index, follow, max-snippet:-1, max-image-preview:large, max-video-preview:-1\" \/>\n<link rel=\"canonical\" href=\"https:\/\/www.notibras.com\/site\/brasilia-sedia-reuniao-com-secretarios-de-educacao-de-todo-o-pais\/\" \/>\n<meta property=\"og:locale\" content=\"pt_BR\" \/>\n<meta property=\"og:type\" content=\"article\" \/>\n<meta property=\"og:title\" content=\"Bras\u00edlia sedia reuni\u00e3o com secret\u00e1rios de Educa\u00e7\u00e3o de todo o pa\u00eds - Notibras\" \/>\n<meta property=\"og:description\" content=\"Bras\u00edlia tornou-se, nesta segunda-feira (27), o centro das discuss\u00f5es sobre os rumos da educa\u00e7\u00e3o p\u00fablica no pa\u00eds com a realiza\u00e7\u00e3o da II Reuni\u00e3o Extraordin\u00e1ria de 2026 do Conselho Nacional de Secret\u00e1rios de Educa\u00e7\u00e3o (Consed). O encontro segue at\u00e9 esta ter\u00e7a (28) e re\u00fane gestores estaduais de Educa\u00e7\u00e3o, representantes do Minist\u00e9rio da Educa\u00e7\u00e3o (MEC), do Instituto [&hellip;]\" \/>\n<meta property=\"og:url\" content=\"https:\/\/www.notibras.com\/site\/brasilia-sedia-reuniao-com-secretarios-de-educacao-de-todo-o-pais\/\" \/>\n<meta property=\"og:site_name\" content=\"Notibras\" \/>\n<meta property=\"article:publisher\" content=\"https:\/\/www.facebook.com\/notibras\/\" \/>\n<meta property=\"article:published_time\" content=\"2026-04-28T03:30:01+00:00\" \/>\n<meta property=\"og:image\" content=\"https:\/\/www.notibras.com\/site\/wp-content\/uploads\/2026\/04\/Reuniao-Extraordinaria-do-Consed-foto1-jotta-casttro.jpg\" \/>\n\t<meta property=\"og:image:width\" content=\"2500\" \/>\n\t<meta property=\"og:image:height\" content=\"1667\" \/>\n\t<meta property=\"og:image:type\" content=\"image\/jpeg\" \/>\n<meta name=\"author\" content=\"Eduardo Mart\u00ednez\" \/>\n<meta name=\"twitter:card\" content=\"summary_large_image\" \/>\n<meta name=\"twitter:creator\" content=\"@Notibras\" \/>\n<meta name=\"twitter:site\" content=\"@Notibras\" \/>\n<meta name=\"twitter:label1\" content=\"Escrito por\" \/>\n\t<meta name=\"twitter:data1\" content=\"Eduardo Mart\u00ednez\" \/>\n\t<meta name=\"twitter:label2\" content=\"Est. tempo de leitura\" \/>\n\t<meta name=\"twitter:data2\" content=\"3 minutos\" \/>\n<script type=\"application\/ld+json\" class=\"yoast-schema-graph\">{\"@context\":\"https:\/\/schema.org\",\"@graph\":[{\"@type\":\"Article\",\"@id\":\"https:\/\/www.notibras.com\/site\/brasilia-sedia-reuniao-com-secretarios-de-educacao-de-todo-o-pais\/#article\",\"isPartOf\":{\"@id\":\"https:\/\/www.notibras.com\/site\/brasilia-sedia-reuniao-com-secretarios-de-educacao-de-todo-o-pais\/\"},\"author\":{\"name\":\"Eduardo Mart\u00ednez\",\"@id\":\"https:\/\/www.notibras.com\/site\/#\/schema\/person\/5b7fabf2aedc3ada2105f03b22b4d3dd\"},\"headline\":\"Bras\u00edlia sedia reuni\u00e3o com secret\u00e1rios de Educa\u00e7\u00e3o de todo o pa\u00eds\",\"datePublished\":\"2026-04-28T03:30:01+00:00\",\"mainEntityOfPage\":{\"@id\":\"https:\/\/www.notibras.com\/site\/brasilia-sedia-reuniao-com-secretarios-de-educacao-de-todo-o-pais\/\"},\"wordCount\":420,\"publisher\":{\"@id\":\"https:\/\/www.notibras.com\/site\/#organization\"},\"image\":{\"@id\":\"https:\/\/www.notibras.com\/site\/brasilia-sedia-reuniao-com-secretarios-de-educacao-de-todo-o-pais\/#primaryimage\"},\"thumbnailUrl\":\"https:\/\/www.notibras.com\/site\/wp-content\/uploads\/2026\/04\/Reuniao-Extraordinaria-do-Consed-foto1-jotta-casttro.jpg\",\"articleSection\":[\"Quadradinho em Foco\"],\"inLanguage\":\"pt-BR\"},{\"@type\":\"WebPage\",\"@id\":\"https:\/\/www.notibras.com\/site\/brasilia-sedia-reuniao-com-secretarios-de-educacao-de-todo-o-pais\/\",\"url\":\"https:\/\/www.notibras.com\/site\/brasilia-sedia-reuniao-com-secretarios-de-educacao-de-todo-o-pais\/\",\"name\":\"Bras\u00edlia sedia reuni\u00e3o com secret\u00e1rios de Educa\u00e7\u00e3o de todo o pa\u00eds - Notibras\",\"isPartOf\":{\"@id\":\"https:\/\/www.notibras.com\/site\/#website\"},\"primaryImageOfPage\":{\"@id\":\"https:\/\/www.notibras.com\/site\/brasilia-sedia-reuniao-com-secretarios-de-educacao-de-todo-o-pais\/#primaryimage\"},\"image\":{\"@id\":\"https:\/\/www.notibras.com\/site\/brasilia-sedia-reuniao-com-secretarios-de-educacao-de-todo-o-pais\/#primaryimage\"},\"thumbnailUrl\":\"https:\/\/www.notibras.com\/site\/wp-content\/uploads\/2026\/04\/Reuniao-Extraordinaria-do-Consed-foto1-jotta-casttro.jpg\",\"datePublished\":\"2026-04-28T03:30:01+00:00\",\"breadcrumb\":{\"@id\":\"https:\/\/www.notibras.com\/site\/brasilia-sedia-reuniao-com-secretarios-de-educacao-de-todo-o-pais\/#breadcrumb\"},\"inLanguage\":\"pt-BR\",\"potentialAction\":[{\"@type\":\"ReadAction\",\"target\":[\"https:\/\/www.notibras.com\/site\/brasilia-sedia-reuniao-com-secretarios-de-educacao-de-todo-o-pais\/\"]}]},{\"@type\":\"ImageObject\",\"inLanguage\":\"pt-BR\",\"@id\":\"https:\/\/www.notibras.com\/site\/brasilia-sedia-reuniao-com-secretarios-de-educacao-de-todo-o-pais\/#primaryimage\",\"url\":\"https:\/\/www.notibras.com\/site\/wp-content\/uploads\/2026\/04\/Reuniao-Extraordinaria-do-Consed-foto1-jotta-casttro.jpg\",\"contentUrl\":\"https:\/\/www.notibras.com\/site\/wp-content\/uploads\/2026\/04\/Reuniao-Extraordinaria-do-Consed-foto1-jotta-casttro.jpg\",\"width\":2500,\"height\":1667},{\"@type\":\"BreadcrumbList\",\"@id\":\"https:\/\/www.notibras.com\/site\/brasilia-sedia-reuniao-com-secretarios-de-educacao-de-todo-o-pais\/#breadcrumb\",\"itemListElement\":[{\"@type\":\"ListItem\",\"position\":1,\"name\":\"In\u00edcio\",\"item\":\"https:\/\/www.notibras.com\/site\/\"},{\"@type\":\"ListItem\",\"position\":2,\"name\":\"Bras\u00edlia sedia reuni\u00e3o com secret\u00e1rios de Educa\u00e7\u00e3o de todo o pa\u00eds\"}]},{\"@type\":\"WebSite\",\"@id\":\"https:\/\/www.notibras.com\/site\/#website\",\"url\":\"https:\/\/www.notibras.com\/site\/\",\"name\":\"Notibras\",\"description\":\"Not\u00edcias de Bras\u00edlia, do Brasil e do Mundo\",\"publisher\":{\"@id\":\"https:\/\/www.notibras.com\/site\/#organization\"},\"potentialAction\":[{\"@type\":\"SearchAction\",\"target\":{\"@type\":\"EntryPoint\",\"urlTemplate\":\"https:\/\/www.notibras.com\/site\/?s={search_term_string}\"},\"query-input\":{\"@type\":\"PropertyValueSpecification\",\"valueRequired\":true,\"valueName\":\"search_term_string\"}}],\"inLanguage\":\"pt-BR\"},{\"@type\":\"Organization\",\"@id\":\"https:\/\/www.notibras.com\/site\/#organization\",\"name\":\"Grupo Notibras de Comunica\u00e7\u00e3o\",\"url\":\"https:\/\/www.notibras.com\/site\/\",\"logo\":{\"@type\":\"ImageObject\",\"inLanguage\":\"pt-BR\",\"@id\":\"https:\/\/www.notibras.com\/site\/#\/schema\/logo\/image\/\",\"url\":\"https:\/\/www.notibras.com\/site\/wp-content\/uploads\/2023\/01\/notibras23.png\",\"contentUrl\":\"https:\/\/www.notibras.com\/site\/wp-content\/uploads\/2023\/01\/notibras23.png\",\"width\":350,\"height\":87,\"caption\":\"Grupo Notibras de Comunica\u00e7\u00e3o\"},\"image\":{\"@id\":\"https:\/\/www.notibras.com\/site\/#\/schema\/logo\/image\/\"},\"sameAs\":[\"https:\/\/www.facebook.com\/notibras\/\",\"https:\/\/x.com\/Notibras\",\"https:\/\/www.instagram.com\/notibras\/\"]},{\"@type\":\"Person\",\"@id\":\"https:\/\/www.notibras.com\/site\/#\/schema\/person\/5b7fabf2aedc3ada2105f03b22b4d3dd\",\"name\":\"Eduardo Mart\u00ednez\",\"image\":{\"@type\":\"ImageObject\",\"inLanguage\":\"pt-BR\",\"@id\":\"https:\/\/secure.gravatar.com\/avatar\/7902f906289926289cbcda644b5197c796b893c6ffd7b9a536a42d290f7704a0?s=96&d=mm&r=g\",\"url\":\"https:\/\/secure.gravatar.com\/avatar\/7902f906289926289cbcda644b5197c796b893c6ffd7b9a536a42d290f7704a0?s=96&d=mm&r=g\",\"contentUrl\":\"https:\/\/secure.gravatar.com\/avatar\/7902f906289926289cbcda644b5197c796b893c6ffd7b9a536a42d290f7704a0?s=96&d=mm&r=g\",\"caption\":\"Eduardo Mart\u00ednez\"}}]}<\/script>\n<!-- \/ Yoast SEO plugin. -->","yoast_head_json":{"title":"Bras\u00edlia sedia reuni\u00e3o com secret\u00e1rios de Educa\u00e7\u00e3o de todo o pa\u00eds - Notibras","robots":{"index":"index","follow":"follow","max-snippet":"max-snippet:-1","max-image-preview":"max-image-preview:large","max-video-preview":"max-video-preview:-1"},"canonical":"https:\/\/www.notibras.com\/site\/brasilia-sedia-reuniao-com-secretarios-de-educacao-de-todo-o-pais\/","og_locale":"pt_BR","og_type":"article","og_title":"Bras\u00edlia sedia reuni\u00e3o com secret\u00e1rios de Educa\u00e7\u00e3o de todo o pa\u00eds - Notibras","og_description":"Bras\u00edlia tornou-se, nesta segunda-feira (27), o centro das discuss\u00f5es sobre os rumos da educa\u00e7\u00e3o p\u00fablica no pa\u00eds com a realiza\u00e7\u00e3o da II Reuni\u00e3o Extraordin\u00e1ria de 2026 do Conselho Nacional de Secret\u00e1rios de Educa\u00e7\u00e3o (Consed). O encontro segue at\u00e9 esta ter\u00e7a (28) e re\u00fane gestores estaduais de Educa\u00e7\u00e3o, representantes do Minist\u00e9rio da Educa\u00e7\u00e3o (MEC), do Instituto [&hellip;]","og_url":"https:\/\/www.notibras.com\/site\/brasilia-sedia-reuniao-com-secretarios-de-educacao-de-todo-o-pais\/","og_site_name":"Notibras","article_publisher":"https:\/\/www.facebook.com\/notibras\/","article_published_time":"2026-04-28T03:30:01+00:00","og_image":[{"width":2500,"height":1667,"url":"https:\/\/www.notibras.com\/site\/wp-content\/uploads\/2026\/04\/Reuniao-Extraordinaria-do-Consed-foto1-jotta-casttro.jpg","type":"image\/jpeg"}],"author":"Eduardo Mart\u00ednez","twitter_card":"summary_large_image","twitter_creator":"@Notibras","twitter_site":"@Notibras","twitter_misc":{"Escrito por":"Eduardo Mart\u00ednez","Est. tempo de leitura":"3 minutos"},"schema":{"@context":"https:\/\/schema.org","@graph":[{"@type":"Article","@id":"https:\/\/www.notibras.com\/site\/brasilia-sedia-reuniao-com-secretarios-de-educacao-de-todo-o-pais\/#article","isPartOf":{"@id":"https:\/\/www.notibras.com\/site\/brasilia-sedia-reuniao-com-secretarios-de-educacao-de-todo-o-pais\/"},"author":{"name":"Eduardo Mart\u00ednez","@id":"https:\/\/www.notibras.com\/site\/#\/schema\/person\/5b7fabf2aedc3ada2105f03b22b4d3dd"},"headline":"Bras\u00edlia sedia reuni\u00e3o com secret\u00e1rios de Educa\u00e7\u00e3o de todo o pa\u00eds","datePublished":"2026-04-28T03:30:01+00:00","mainEntityOfPage":{"@id":"https:\/\/www.notibras.com\/site\/brasilia-sedia-reuniao-com-secretarios-de-educacao-de-todo-o-pais\/"},"wordCount":420,"publisher":{"@id":"https:\/\/www.notibras.com\/site\/#organization"},"image":{"@id":"https:\/\/www.notibras.com\/site\/brasilia-sedia-reuniao-com-secretarios-de-educacao-de-todo-o-pais\/#primaryimage"},"thumbnailUrl":"https:\/\/www.notibras.com\/site\/wp-content\/uploads\/2026\/04\/Reuniao-Extraordinaria-do-Consed-foto1-jotta-casttro.jpg","articleSection":["Quadradinho em Foco"],"inLanguage":"pt-BR"},{"@type":"WebPage","@id":"https:\/\/www.notibras.com\/site\/brasilia-sedia-reuniao-com-secretarios-de-educacao-de-todo-o-pais\/","url":"https:\/\/www.notibras.com\/site\/brasilia-sedia-reuniao-com-secretarios-de-educacao-de-todo-o-pais\/","name":"Bras\u00edlia sedia reuni\u00e3o com secret\u00e1rios de Educa\u00e7\u00e3o de todo o pa\u00eds - Notibras","isPartOf":{"@id":"https:\/\/www.notibras.com\/site\/#website"},"primaryImageOfPage":{"@id":"https:\/\/www.notibras.com\/site\/brasilia-sedia-reuniao-com-secretarios-de-educacao-de-todo-o-pais\/#primaryimage"},"image":{"@id":"https:\/\/www.notibras.com\/site\/brasilia-sedia-reuniao-com-secretarios-de-educacao-de-todo-o-pais\/#primaryimage"},"thumbnailUrl":"https:\/\/www.notibras.com\/site\/wp-content\/uploads\/2026\/04\/Reuniao-Extraordinaria-do-Consed-foto1-jotta-casttro.jpg","datePublished":"2026-04-28T03:30:01+00:00","breadcrumb":{"@id":"https:\/\/www.notibras.com\/site\/brasilia-sedia-reuniao-com-secretarios-de-educacao-de-todo-o-pais\/#breadcrumb"},"inLanguage":"pt-BR","potentialAction":[{"@type":"ReadAction","target":["https:\/\/www.notibras.com\/site\/brasilia-sedia-reuniao-com-secretarios-de-educacao-de-todo-o-pais\/"]}]},{"@type":"ImageObject","inLanguage":"pt-BR","@id":"https:\/\/www.notibras.com\/site\/brasilia-sedia-reuniao-com-secretarios-de-educacao-de-todo-o-pais\/#primaryimage","url":"https:\/\/www.notibras.com\/site\/wp-content\/uploads\/2026\/04\/Reuniao-Extraordinaria-do-Consed-foto1-jotta-casttro.jpg","contentUrl":"https:\/\/www.notibras.com\/site\/wp-content\/uploads\/2026\/04\/Reuniao-Extraordinaria-do-Consed-foto1-jotta-casttro.jpg","width":2500,"height":1667},{"@type":"BreadcrumbList","@id":"https:\/\/www.notibras.com\/site\/brasilia-sedia-reuniao-com-secretarios-de-educacao-de-todo-o-pais\/#breadcrumb","itemListElement":[{"@type":"ListItem","position":1,"name":"In\u00edcio","item":"https:\/\/www.notibras.com\/site\/"},{"@type":"ListItem","position":2,"name":"Bras\u00edlia sedia reuni\u00e3o com secret\u00e1rios de Educa\u00e7\u00e3o de todo o pa\u00eds"}]},{"@type":"WebSite","@id":"https:\/\/www.notibras.com\/site\/#website","url":"https:\/\/www.notibras.com\/site\/","name":"Notibras","description":"Not\u00edcias de Bras\u00edlia, do Brasil e do Mundo","publisher":{"@id":"https:\/\/www.notibras.com\/site\/#organization"},"potentialAction":[{"@type":"SearchAction","target":{"@type":"EntryPoint","urlTemplate":"https:\/\/www.notibras.com\/site\/?s={search_term_string}"},"query-input":{"@type":"PropertyValueSpecification","valueRequired":true,"valueName":"search_term_string"}}],"inLanguage":"pt-BR"},{"@type":"Organization","@id":"https:\/\/www.notibras.com\/site\/#organization","name":"Grupo Notibras de Comunica\u00e7\u00e3o","url":"https:\/\/www.notibras.com\/site\/","logo":{"@type":"ImageObject","inLanguage":"pt-BR","@id":"https:\/\/www.notibras.com\/site\/#\/schema\/logo\/image\/","url":"https:\/\/www.notibras.com\/site\/wp-content\/uploads\/2023\/01\/notibras23.png","contentUrl":"https:\/\/www.notibras.com\/site\/wp-content\/uploads\/2023\/01\/notibras23.png","width":350,"height":87,"caption":"Grupo Notibras de Comunica\u00e7\u00e3o"},"image":{"@id":"https:\/\/www.notibras.com\/site\/#\/schema\/logo\/image\/"},"sameAs":["https:\/\/www.facebook.com\/notibras\/","https:\/\/x.com\/Notibras","https:\/\/www.instagram.com\/notibras\/"]},{"@type":"Person","@id":"https:\/\/www.notibras.com\/site\/#\/schema\/person\/5b7fabf2aedc3ada2105f03b22b4d3dd","name":"Eduardo Mart\u00ednez","image":{"@type":"ImageObject","inLanguage":"pt-BR","@id":"https:\/\/secure.gravatar.com\/avatar\/7902f906289926289cbcda644b5197c796b893c6ffd7b9a536a42d290f7704a0?s=96&d=mm&r=g","url":"https:\/\/secure.gravatar.com\/avatar\/7902f906289926289cbcda644b5197c796b893c6ffd7b9a536a42d290f7704a0?s=96&d=mm&r=g","contentUrl":"https:\/\/secure.gravatar.com\/avatar\/7902f906289926289cbcda644b5197c796b893c6ffd7b9a536a42d290f7704a0?s=96&d=mm&r=g","caption":"Eduardo Mart\u00ednez"}}]}},"amp_enabled":true,"_links":{"self":[{"href":"https:\/\/www.notibras.com\/site\/wp-json\/wp\/v2\/posts\/392743","targetHints":{"allow":["GET"]}}],"collection":[{"href":"https:\/\/www.notibras.com\/site\/wp-json\/wp\/v2\/posts"}],"about":[{"href":"https:\/\/www.notibras.com\/site\/wp-json\/wp\/v2\/types\/post"}],"author":[{"embeddable":true,"href":"https:\/\/www.notibras.com\/site\/wp-json\/wp\/v2\/users\/21"}],"replies":[{"embeddable":true,"href":"https:\/\/www.notibras.com\/site\/wp-json\/wp\/v2\/comments?post=392743"}],"version-history":[{"count":2,"href":"https:\/\/www.notibras.com\/site\/wp-json\/wp\/v2\/posts\/392743\/revisions"}],"predecessor-version":[{"id":392746,"href":"https:\/\/www.notibras.com\/site\/wp-json\/wp\/v2\/posts\/392743\/revisions\/392746"}],"wp:featuredmedia":[{"embeddable":true,"href":"https:\/\/www.notibras.com\/site\/wp-json\/wp\/v2\/media\/392744"}],"wp:attachment":[{"href":"https:\/\/www.notibras.com\/site\/wp-json\/wp\/v2\/media?parent=392743"}],"wp:term":[{"taxonomy":"category","embeddable":true,"href":"https:\/\/www.notibras.com\/site\/wp-json\/wp\/v2\/categories?post=392743"},{"taxonomy":"post_tag","embeddable":true,"href":"https:\/\/www.notibras.com\/site\/wp-json\/wp\/v2\/tags?post=392743"}],"curies":[{"name":"wp","href":"https:\/\/api.w.org\/{rel}","templated":true}]}}