{"id":392759,"date":"2026-05-01T04:00:30","date_gmt":"2026-05-01T07:00:30","guid":{"rendered":"https:\/\/www.notibras.com\/site\/?p=392759"},"modified":"2026-04-28T07:47:41","modified_gmt":"2026-04-28T10:47:41","slug":"zona-de-conforto-o-lugar-onde-os-sonhos-morrem","status":"publish","type":"post","link":"https:\/\/www.notibras.com\/site\/zona-de-conforto-o-lugar-onde-os-sonhos-morrem\/","title":{"rendered":"Zona de conforto: o lugar onde os sonhos morrem"},"content":{"rendered":"<p>A zona de conforto n\u00e3o \u00e9 confort\u00e1vel.<\/p>\n<p>Ela \u00e9 apenas\u2026 conhecida.<\/p>\n<p>E \u00e9 justamente por isso que tanta gente permanece nela, mesmo insatisfeita.<\/p>\n<p>Fica no emprego que n\u00e3o realiza.<\/p>\n<p>Permanece no relacionamento que n\u00e3o evolui.<\/p>\n<p>Adia decis\u00f5es importantes.<\/p>\n<p>Tolera uma vida menor do que poderia viver.<\/p>\n<p>N\u00e3o porque quer pouco, mas porque tem medo do que vem junto com o \u201cmais\u201d.<\/p>\n<p>A verdade \u00e9 direta:<strong> todo sonho exige uma vers\u00e3o sua que ainda n\u00e3o existe<\/strong>.<\/p>\n<p>E \u00e9 a\u00ed que muita gente trava.<\/p>\n<p>Porque sair da zona de conforto n\u00e3o \u00e9 s\u00f3 mudar de cen\u00e1rio.<\/p>\n<p>\u00c9 mudar identidade.<\/p>\n<p>\u00c9 deixar para tr\u00e1s uma forma de pensar, agir e se posicionar que, apesar de limitada, ainda \u00e9 familiar.<\/p>\n<p>E o c\u00e9rebro n\u00e3o gosta disso.<\/p>\n<p>Ele prefere o previs\u00edvel ao poss\u00edvel.<\/p>\n<p>Ent\u00e3o ele te sabota com pensamentos \u201cl\u00f3gicos\u201d:<\/p>\n<p>\u201cn\u00e3o \u00e9 o momento\u201d<\/p>\n<p>\u201cdepois eu vejo isso\u201d<\/p>\n<p>\u201cn\u00e3o tenho certeza ainda\u201d<\/p>\n<p>E quando voc\u00ea percebe\u2026 o tempo passou.<\/p>\n<p>E a vida ficou no mesmo lugar.<\/p>\n<p>A zona de conforto n\u00e3o te destr\u00f3i de uma vez.<\/p>\n<p>Ela te desgasta aos poucos.<\/p>\n<p>Vai te anestesiando.<\/p>\n<p>Vai diminuindo sua coragem.<\/p>\n<p>Vai fazendo voc\u00ea se adaptar a uma vida que, l\u00e1 no fundo, voc\u00ea sabe que n\u00e3o te representa.<\/p>\n<p>E aqui entra o ponto que incomoda: <strong>n\u00e3o \u00e9 falta de oportunidade, \u00e9 excesso de toler\u00e2ncia com o que n\u00e3o est\u00e1 bom<\/strong>.<\/p>\n<p>Porque mudar d\u00f3i.<\/p>\n<p>Mas permanecer tamb\u00e9m d\u00f3i.<\/p>\n<p>A diferen\u00e7a \u00e9 que uma dor te expande\u2026<\/p>\n<p>e a outra te encolhe.<\/p>\n<p>Ficar onde est\u00e1 pode at\u00e9 parecer seguro.<\/p>\n<p>Mas seguran\u00e7a sem crescimento vira pris\u00e3o.<\/p>\n<p>E quanto mais tempo voc\u00ea fica, mais dif\u00edcil parece sair.<\/p>\n<p>N\u00e3o porque voc\u00ea n\u00e3o consegue, mas porque voc\u00ea vai se convencendo de que n\u00e3o precisa.<\/p>\n<p>S\u00f3 que precisa.<\/p>\n<p>Precisa se movimentar.<\/p>\n<p>Precisa se posicionar.<\/p>\n<p>Precisa bancar a vida que diz querer viver.<\/p>\n<p>Ningu\u00e9m chega em um lugar diferente fazendo as mesmas escolhas.<\/p>\n<p>E talvez o que esteja faltando n\u00e3o seja capacidade\u2026 seja decis\u00e3o.<\/p>\n<p>Decidir parar de adiar.<\/p>\n<p>Decidir sustentar o desconforto do novo.<\/p>\n<p>Decidir n\u00e3o negociar mais com aquilo que te limita.<\/p>\n<p>Porque, no fim, a zona de conforto cobra um pre\u00e7o alto:<\/p>\n<p><strong>ela te entrega uma vida est\u00e1vel\u2026 e te rouba uma vida poss\u00edvel<\/strong>.<\/p>\n<p>Se voc\u00ea sente que est\u00e1 parada, repetindo padr\u00f5es, vivendo abaixo do que poderia\u2026<\/p>\n<p>talvez n\u00e3o seja falta de clareza.<\/p>\n<p>Talvez seja medo de sair.<\/p>\n<p>E isso n\u00e3o se resolve s\u00f3 com motiva\u00e7\u00e3o.<\/p>\n<p>Se resolve com consci\u00eancia, dire\u00e7\u00e3o e, muitas vezes, com ajuda.<\/p>\n<p>Terapia n\u00e3o \u00e9 s\u00f3 para quem est\u00e1 mal.<\/p>\n<p>\u00c9 para quem n\u00e3o aceita mais viver no autom\u00e1tico.<\/p>\n<p>\u00c9 para quem entende que crescer exige olhar para dentro, reorganizar padr\u00f5es e construir novas formas de se posicionar na vida.<\/p>\n<p>Se voc\u00ea chegou at\u00e9 aqui, talvez j\u00e1 saiba:<\/p>\n<p>ficar como est\u00e1 n\u00e3o \u00e9 mais uma op\u00e7\u00e3o.<\/p>\n<p>E esse \u00e9 exatamente o ponto onde a mudan\u00e7a come\u00e7a.<\/p>\n<p>Se fizer sentido para voc\u00ea, esse \u00e9 o trabalho que eu conduzo: ajudar pessoas a sa\u00edrem da estagna\u00e7\u00e3o emocional e constru\u00edrem uma vida com mais clareza, coragem e dire\u00e7\u00e3o.<\/p>\n<p><strong>&#8230;&#8230;&#8230;&#8230;&#8230;&#8230;&#8230;&#8230;&#8230;<\/strong><\/p>\n<p><strong>Acompanhe \u201cCaf\u00e9 com Consci\u00eancia\u201d, toda segunda, \u00e0s 7h30, no Instagram @sersuperconsciente.<\/strong><\/p>\n<p><strong>Marina Dutra<\/strong><br \/>\n<strong>Terapeuta Integrativa<\/strong><br \/>\n<strong>sersuperconsciente@gmail.com<\/strong><\/p>\n","protected":false},"excerpt":{"rendered":"<p>A zona de conforto n\u00e3o \u00e9 confort\u00e1vel. Ela \u00e9 apenas\u2026 conhecida. E \u00e9 justamente por isso que tanta gente permanece nela, mesmo insatisfeita. Fica no emprego que n\u00e3o realiza. Permanece no relacionamento que n\u00e3o evolui. Adia decis\u00f5es importantes. Tolera uma vida menor do que poderia viver. N\u00e3o porque quer pouco, mas porque tem medo do [&hellip;]<\/p>\n","protected":false},"author":21,"featured_media":392762,"comment_status":"closed","ping_status":"closed","sticky":false,"template":"","format":"standard","meta":{"_acf_changed":false,"footnotes":""},"categories":[155],"tags":[],"class_list":["post-392759","post","type-post","status-publish","format-standard","has-post-thumbnail","hentry","category-leitura-vip"],"acf":[],"yoast_head":"<!-- This site is optimized with the Yoast SEO plugin v27.5 - https:\/\/yoast.com\/product\/yoast-seo-wordpress\/ -->\n<title>Zona de conforto: o lugar onde os sonhos morrem - Notibras<\/title>\n<meta name=\"robots\" content=\"index, follow, max-snippet:-1, max-image-preview:large, max-video-preview:-1\" \/>\n<link rel=\"canonical\" href=\"https:\/\/www.notibras.com\/site\/zona-de-conforto-o-lugar-onde-os-sonhos-morrem\/\" \/>\n<meta property=\"og:locale\" content=\"pt_BR\" \/>\n<meta property=\"og:type\" content=\"article\" \/>\n<meta property=\"og:title\" content=\"Zona de conforto: o lugar onde os sonhos morrem - Notibras\" \/>\n<meta property=\"og:description\" content=\"A zona de conforto n\u00e3o \u00e9 confort\u00e1vel. Ela \u00e9 apenas\u2026 conhecida. E \u00e9 justamente por isso que tanta gente permanece nela, mesmo insatisfeita. Fica no emprego que n\u00e3o realiza. Permanece no relacionamento que n\u00e3o evolui. Adia decis\u00f5es importantes. Tolera uma vida menor do que poderia viver. N\u00e3o porque quer pouco, mas porque tem medo do [&hellip;]\" \/>\n<meta property=\"og:url\" content=\"https:\/\/www.notibras.com\/site\/zona-de-conforto-o-lugar-onde-os-sonhos-morrem\/\" \/>\n<meta property=\"og:site_name\" content=\"Notibras\" \/>\n<meta property=\"article:publisher\" content=\"https:\/\/www.facebook.com\/notibras\/\" \/>\n<meta property=\"article:published_time\" content=\"2026-05-01T07:00:30+00:00\" \/>\n<meta property=\"og:image\" content=\"https:\/\/www.notibras.com\/site\/wp-content\/uploads\/2026\/05\/WhatsApp-Image-2026-04-27-at-08.29.40.jpeg\" \/>\n\t<meta property=\"og:image:width\" content=\"1024\" \/>\n\t<meta property=\"og:image:height\" content=\"1536\" \/>\n\t<meta property=\"og:image:type\" content=\"image\/jpeg\" \/>\n<meta name=\"author\" content=\"Eduardo Mart\u00ednez\" \/>\n<meta name=\"twitter:card\" content=\"summary_large_image\" \/>\n<meta name=\"twitter:creator\" content=\"@Notibras\" \/>\n<meta name=\"twitter:site\" content=\"@Notibras\" \/>\n<meta name=\"twitter:label1\" content=\"Escrito por\" \/>\n\t<meta name=\"twitter:data1\" content=\"Eduardo Mart\u00ednez\" \/>\n\t<meta name=\"twitter:label2\" content=\"Est. tempo de leitura\" \/>\n\t<meta name=\"twitter:data2\" content=\"4 minutos\" \/>\n<script type=\"application\/ld+json\" class=\"yoast-schema-graph\">{\"@context\":\"https:\\\/\\\/schema.org\",\"@graph\":[{\"@type\":\"Article\",\"@id\":\"https:\\\/\\\/www.notibras.com\\\/site\\\/zona-de-conforto-o-lugar-onde-os-sonhos-morrem\\\/#article\",\"isPartOf\":{\"@id\":\"https:\\\/\\\/www.notibras.com\\\/site\\\/zona-de-conforto-o-lugar-onde-os-sonhos-morrem\\\/\"},\"author\":{\"name\":\"Eduardo Mart\u00ednez\",\"@id\":\"https:\\\/\\\/www.notibras.com\\\/site\\\/#\\\/schema\\\/person\\\/5b7fabf2aedc3ada2105f03b22b4d3dd\"},\"headline\":\"Zona de conforto: o lugar onde os sonhos morrem\",\"datePublished\":\"2026-05-01T07:00:30+00:00\",\"mainEntityOfPage\":{\"@id\":\"https:\\\/\\\/www.notibras.com\\\/site\\\/zona-de-conforto-o-lugar-onde-os-sonhos-morrem\\\/\"},\"wordCount\":565,\"publisher\":{\"@id\":\"https:\\\/\\\/www.notibras.com\\\/site\\\/#organization\"},\"image\":{\"@id\":\"https:\\\/\\\/www.notibras.com\\\/site\\\/zona-de-conforto-o-lugar-onde-os-sonhos-morrem\\\/#primaryimage\"},\"thumbnailUrl\":\"https:\\\/\\\/www.notibras.com\\\/site\\\/wp-content\\\/uploads\\\/2026\\\/05\\\/WhatsApp-Image-2026-04-27-at-08.29.40.jpeg\",\"articleSection\":[\"Leitura Vip\"],\"inLanguage\":\"pt-BR\"},{\"@type\":\"WebPage\",\"@id\":\"https:\\\/\\\/www.notibras.com\\\/site\\\/zona-de-conforto-o-lugar-onde-os-sonhos-morrem\\\/\",\"url\":\"https:\\\/\\\/www.notibras.com\\\/site\\\/zona-de-conforto-o-lugar-onde-os-sonhos-morrem\\\/\",\"name\":\"Zona de conforto: o lugar onde os sonhos morrem - Notibras\",\"isPartOf\":{\"@id\":\"https:\\\/\\\/www.notibras.com\\\/site\\\/#website\"},\"primaryImageOfPage\":{\"@id\":\"https:\\\/\\\/www.notibras.com\\\/site\\\/zona-de-conforto-o-lugar-onde-os-sonhos-morrem\\\/#primaryimage\"},\"image\":{\"@id\":\"https:\\\/\\\/www.notibras.com\\\/site\\\/zona-de-conforto-o-lugar-onde-os-sonhos-morrem\\\/#primaryimage\"},\"thumbnailUrl\":\"https:\\\/\\\/www.notibras.com\\\/site\\\/wp-content\\\/uploads\\\/2026\\\/05\\\/WhatsApp-Image-2026-04-27-at-08.29.40.jpeg\",\"datePublished\":\"2026-05-01T07:00:30+00:00\",\"breadcrumb\":{\"@id\":\"https:\\\/\\\/www.notibras.com\\\/site\\\/zona-de-conforto-o-lugar-onde-os-sonhos-morrem\\\/#breadcrumb\"},\"inLanguage\":\"pt-BR\",\"potentialAction\":[{\"@type\":\"ReadAction\",\"target\":[\"https:\\\/\\\/www.notibras.com\\\/site\\\/zona-de-conforto-o-lugar-onde-os-sonhos-morrem\\\/\"]}]},{\"@type\":\"ImageObject\",\"inLanguage\":\"pt-BR\",\"@id\":\"https:\\\/\\\/www.notibras.com\\\/site\\\/zona-de-conforto-o-lugar-onde-os-sonhos-morrem\\\/#primaryimage\",\"url\":\"https:\\\/\\\/www.notibras.com\\\/site\\\/wp-content\\\/uploads\\\/2026\\\/05\\\/WhatsApp-Image-2026-04-27-at-08.29.40.jpeg\",\"contentUrl\":\"https:\\\/\\\/www.notibras.com\\\/site\\\/wp-content\\\/uploads\\\/2026\\\/05\\\/WhatsApp-Image-2026-04-27-at-08.29.40.jpeg\",\"width\":1024,\"height\":1536},{\"@type\":\"BreadcrumbList\",\"@id\":\"https:\\\/\\\/www.notibras.com\\\/site\\\/zona-de-conforto-o-lugar-onde-os-sonhos-morrem\\\/#breadcrumb\",\"itemListElement\":[{\"@type\":\"ListItem\",\"position\":1,\"name\":\"In\u00edcio\",\"item\":\"https:\\\/\\\/www.notibras.com\\\/site\\\/\"},{\"@type\":\"ListItem\",\"position\":2,\"name\":\"Zona de conforto: o lugar onde os sonhos morrem\"}]},{\"@type\":\"WebSite\",\"@id\":\"https:\\\/\\\/www.notibras.com\\\/site\\\/#website\",\"url\":\"https:\\\/\\\/www.notibras.com\\\/site\\\/\",\"name\":\"Notibras\",\"description\":\"Not\u00edcias de Bras\u00edlia, do Brasil e do Mundo\",\"publisher\":{\"@id\":\"https:\\\/\\\/www.notibras.com\\\/site\\\/#organization\"},\"potentialAction\":[{\"@type\":\"SearchAction\",\"target\":{\"@type\":\"EntryPoint\",\"urlTemplate\":\"https:\\\/\\\/www.notibras.com\\\/site\\\/?s={search_term_string}\"},\"query-input\":{\"@type\":\"PropertyValueSpecification\",\"valueRequired\":true,\"valueName\":\"search_term_string\"}}],\"inLanguage\":\"pt-BR\"},{\"@type\":\"Organization\",\"@id\":\"https:\\\/\\\/www.notibras.com\\\/site\\\/#organization\",\"name\":\"Grupo Notibras de Comunica\u00e7\u00e3o\",\"url\":\"https:\\\/\\\/www.notibras.com\\\/site\\\/\",\"logo\":{\"@type\":\"ImageObject\",\"inLanguage\":\"pt-BR\",\"@id\":\"https:\\\/\\\/www.notibras.com\\\/site\\\/#\\\/schema\\\/logo\\\/image\\\/\",\"url\":\"https:\\\/\\\/www.notibras.com\\\/site\\\/wp-content\\\/uploads\\\/2023\\\/01\\\/notibras23.png\",\"contentUrl\":\"https:\\\/\\\/www.notibras.com\\\/site\\\/wp-content\\\/uploads\\\/2023\\\/01\\\/notibras23.png\",\"width\":350,\"height\":87,\"caption\":\"Grupo Notibras de Comunica\u00e7\u00e3o\"},\"image\":{\"@id\":\"https:\\\/\\\/www.notibras.com\\\/site\\\/#\\\/schema\\\/logo\\\/image\\\/\"},\"sameAs\":[\"https:\\\/\\\/www.facebook.com\\\/notibras\\\/\",\"https:\\\/\\\/x.com\\\/Notibras\",\"https:\\\/\\\/www.instagram.com\\\/notibras\\\/\"]},{\"@type\":\"Person\",\"@id\":\"https:\\\/\\\/www.notibras.com\\\/site\\\/#\\\/schema\\\/person\\\/5b7fabf2aedc3ada2105f03b22b4d3dd\",\"name\":\"Eduardo Mart\u00ednez\",\"image\":{\"@type\":\"ImageObject\",\"inLanguage\":\"pt-BR\",\"@id\":\"https:\\\/\\\/secure.gravatar.com\\\/avatar\\\/7902f906289926289cbcda644b5197c796b893c6ffd7b9a536a42d290f7704a0?s=96&d=mm&r=g\",\"url\":\"https:\\\/\\\/secure.gravatar.com\\\/avatar\\\/7902f906289926289cbcda644b5197c796b893c6ffd7b9a536a42d290f7704a0?s=96&d=mm&r=g\",\"contentUrl\":\"https:\\\/\\\/secure.gravatar.com\\\/avatar\\\/7902f906289926289cbcda644b5197c796b893c6ffd7b9a536a42d290f7704a0?s=96&d=mm&r=g\",\"caption\":\"Eduardo Mart\u00ednez\"}}]}<\/script>\n<!-- \/ Yoast SEO plugin. -->","yoast_head_json":{"title":"Zona de conforto: o lugar onde os sonhos morrem - Notibras","robots":{"index":"index","follow":"follow","max-snippet":"max-snippet:-1","max-image-preview":"max-image-preview:large","max-video-preview":"max-video-preview:-1"},"canonical":"https:\/\/www.notibras.com\/site\/zona-de-conforto-o-lugar-onde-os-sonhos-morrem\/","og_locale":"pt_BR","og_type":"article","og_title":"Zona de conforto: o lugar onde os sonhos morrem - Notibras","og_description":"A zona de conforto n\u00e3o \u00e9 confort\u00e1vel. Ela \u00e9 apenas\u2026 conhecida. E \u00e9 justamente por isso que tanta gente permanece nela, mesmo insatisfeita. Fica no emprego que n\u00e3o realiza. Permanece no relacionamento que n\u00e3o evolui. Adia decis\u00f5es importantes. Tolera uma vida menor do que poderia viver. N\u00e3o porque quer pouco, mas porque tem medo do [&hellip;]","og_url":"https:\/\/www.notibras.com\/site\/zona-de-conforto-o-lugar-onde-os-sonhos-morrem\/","og_site_name":"Notibras","article_publisher":"https:\/\/www.facebook.com\/notibras\/","article_published_time":"2026-05-01T07:00:30+00:00","og_image":[{"width":1024,"height":1536,"url":"https:\/\/www.notibras.com\/site\/wp-content\/uploads\/2026\/05\/WhatsApp-Image-2026-04-27-at-08.29.40.jpeg","type":"image\/jpeg"}],"author":"Eduardo Mart\u00ednez","twitter_card":"summary_large_image","twitter_creator":"@Notibras","twitter_site":"@Notibras","twitter_misc":{"Escrito por":"Eduardo Mart\u00ednez","Est. tempo de leitura":"4 minutos"},"schema":{"@context":"https:\/\/schema.org","@graph":[{"@type":"Article","@id":"https:\/\/www.notibras.com\/site\/zona-de-conforto-o-lugar-onde-os-sonhos-morrem\/#article","isPartOf":{"@id":"https:\/\/www.notibras.com\/site\/zona-de-conforto-o-lugar-onde-os-sonhos-morrem\/"},"author":{"name":"Eduardo Mart\u00ednez","@id":"https:\/\/www.notibras.com\/site\/#\/schema\/person\/5b7fabf2aedc3ada2105f03b22b4d3dd"},"headline":"Zona de conforto: o lugar onde os sonhos morrem","datePublished":"2026-05-01T07:00:30+00:00","mainEntityOfPage":{"@id":"https:\/\/www.notibras.com\/site\/zona-de-conforto-o-lugar-onde-os-sonhos-morrem\/"},"wordCount":565,"publisher":{"@id":"https:\/\/www.notibras.com\/site\/#organization"},"image":{"@id":"https:\/\/www.notibras.com\/site\/zona-de-conforto-o-lugar-onde-os-sonhos-morrem\/#primaryimage"},"thumbnailUrl":"https:\/\/www.notibras.com\/site\/wp-content\/uploads\/2026\/05\/WhatsApp-Image-2026-04-27-at-08.29.40.jpeg","articleSection":["Leitura Vip"],"inLanguage":"pt-BR"},{"@type":"WebPage","@id":"https:\/\/www.notibras.com\/site\/zona-de-conforto-o-lugar-onde-os-sonhos-morrem\/","url":"https:\/\/www.notibras.com\/site\/zona-de-conforto-o-lugar-onde-os-sonhos-morrem\/","name":"Zona de conforto: o lugar onde os sonhos morrem - Notibras","isPartOf":{"@id":"https:\/\/www.notibras.com\/site\/#website"},"primaryImageOfPage":{"@id":"https:\/\/www.notibras.com\/site\/zona-de-conforto-o-lugar-onde-os-sonhos-morrem\/#primaryimage"},"image":{"@id":"https:\/\/www.notibras.com\/site\/zona-de-conforto-o-lugar-onde-os-sonhos-morrem\/#primaryimage"},"thumbnailUrl":"https:\/\/www.notibras.com\/site\/wp-content\/uploads\/2026\/05\/WhatsApp-Image-2026-04-27-at-08.29.40.jpeg","datePublished":"2026-05-01T07:00:30+00:00","breadcrumb":{"@id":"https:\/\/www.notibras.com\/site\/zona-de-conforto-o-lugar-onde-os-sonhos-morrem\/#breadcrumb"},"inLanguage":"pt-BR","potentialAction":[{"@type":"ReadAction","target":["https:\/\/www.notibras.com\/site\/zona-de-conforto-o-lugar-onde-os-sonhos-morrem\/"]}]},{"@type":"ImageObject","inLanguage":"pt-BR","@id":"https:\/\/www.notibras.com\/site\/zona-de-conforto-o-lugar-onde-os-sonhos-morrem\/#primaryimage","url":"https:\/\/www.notibras.com\/site\/wp-content\/uploads\/2026\/05\/WhatsApp-Image-2026-04-27-at-08.29.40.jpeg","contentUrl":"https:\/\/www.notibras.com\/site\/wp-content\/uploads\/2026\/05\/WhatsApp-Image-2026-04-27-at-08.29.40.jpeg","width":1024,"height":1536},{"@type":"BreadcrumbList","@id":"https:\/\/www.notibras.com\/site\/zona-de-conforto-o-lugar-onde-os-sonhos-morrem\/#breadcrumb","itemListElement":[{"@type":"ListItem","position":1,"name":"In\u00edcio","item":"https:\/\/www.notibras.com\/site\/"},{"@type":"ListItem","position":2,"name":"Zona de conforto: o lugar onde os sonhos morrem"}]},{"@type":"WebSite","@id":"https:\/\/www.notibras.com\/site\/#website","url":"https:\/\/www.notibras.com\/site\/","name":"Notibras","description":"Not\u00edcias de Bras\u00edlia, do Brasil e do Mundo","publisher":{"@id":"https:\/\/www.notibras.com\/site\/#organization"},"potentialAction":[{"@type":"SearchAction","target":{"@type":"EntryPoint","urlTemplate":"https:\/\/www.notibras.com\/site\/?s={search_term_string}"},"query-input":{"@type":"PropertyValueSpecification","valueRequired":true,"valueName":"search_term_string"}}],"inLanguage":"pt-BR"},{"@type":"Organization","@id":"https:\/\/www.notibras.com\/site\/#organization","name":"Grupo Notibras de Comunica\u00e7\u00e3o","url":"https:\/\/www.notibras.com\/site\/","logo":{"@type":"ImageObject","inLanguage":"pt-BR","@id":"https:\/\/www.notibras.com\/site\/#\/schema\/logo\/image\/","url":"https:\/\/www.notibras.com\/site\/wp-content\/uploads\/2023\/01\/notibras23.png","contentUrl":"https:\/\/www.notibras.com\/site\/wp-content\/uploads\/2023\/01\/notibras23.png","width":350,"height":87,"caption":"Grupo Notibras de Comunica\u00e7\u00e3o"},"image":{"@id":"https:\/\/www.notibras.com\/site\/#\/schema\/logo\/image\/"},"sameAs":["https:\/\/www.facebook.com\/notibras\/","https:\/\/x.com\/Notibras","https:\/\/www.instagram.com\/notibras\/"]},{"@type":"Person","@id":"https:\/\/www.notibras.com\/site\/#\/schema\/person\/5b7fabf2aedc3ada2105f03b22b4d3dd","name":"Eduardo Mart\u00ednez","image":{"@type":"ImageObject","inLanguage":"pt-BR","@id":"https:\/\/secure.gravatar.com\/avatar\/7902f906289926289cbcda644b5197c796b893c6ffd7b9a536a42d290f7704a0?s=96&d=mm&r=g","url":"https:\/\/secure.gravatar.com\/avatar\/7902f906289926289cbcda644b5197c796b893c6ffd7b9a536a42d290f7704a0?s=96&d=mm&r=g","contentUrl":"https:\/\/secure.gravatar.com\/avatar\/7902f906289926289cbcda644b5197c796b893c6ffd7b9a536a42d290f7704a0?s=96&d=mm&r=g","caption":"Eduardo Mart\u00ednez"}}]}},"amp_enabled":true,"_links":{"self":[{"href":"https:\/\/www.notibras.com\/site\/wp-json\/wp\/v2\/posts\/392759","targetHints":{"allow":["GET"]}}],"collection":[{"href":"https:\/\/www.notibras.com\/site\/wp-json\/wp\/v2\/posts"}],"about":[{"href":"https:\/\/www.notibras.com\/site\/wp-json\/wp\/v2\/types\/post"}],"author":[{"embeddable":true,"href":"https:\/\/www.notibras.com\/site\/wp-json\/wp\/v2\/users\/21"}],"replies":[{"embeddable":true,"href":"https:\/\/www.notibras.com\/site\/wp-json\/wp\/v2\/comments?post=392759"}],"version-history":[{"count":1,"href":"https:\/\/www.notibras.com\/site\/wp-json\/wp\/v2\/posts\/392759\/revisions"}],"predecessor-version":[{"id":392760,"href":"https:\/\/www.notibras.com\/site\/wp-json\/wp\/v2\/posts\/392759\/revisions\/392760"}],"wp:featuredmedia":[{"embeddable":true,"href":"https:\/\/www.notibras.com\/site\/wp-json\/wp\/v2\/media\/392762"}],"wp:attachment":[{"href":"https:\/\/www.notibras.com\/site\/wp-json\/wp\/v2\/media?parent=392759"}],"wp:term":[{"taxonomy":"category","embeddable":true,"href":"https:\/\/www.notibras.com\/site\/wp-json\/wp\/v2\/categories?post=392759"},{"taxonomy":"post_tag","embeddable":true,"href":"https:\/\/www.notibras.com\/site\/wp-json\/wp\/v2\/tags?post=392759"}],"curies":[{"name":"wp","href":"https:\/\/api.w.org\/{rel}","templated":true}]}}