{"id":392763,"date":"2026-04-28T07:57:41","date_gmt":"2026-04-28T10:57:41","guid":{"rendered":"https:\/\/www.notibras.com\/site\/?p=392763"},"modified":"2026-04-28T07:59:00","modified_gmt":"2026-04-28T10:59:00","slug":"pais-sera-grande-quando-idolatria-for-enterrada","status":"publish","type":"post","link":"https:\/\/www.notibras.com\/site\/pais-sera-grande-quando-idolatria-for-enterrada\/","title":{"rendered":"Pa\u00eds ser\u00e1 grande quando idolatria for enterrada"},"content":{"rendered":"<p style=\"font-weight: 400;\">Seja no futebol, na pol\u00edtica e na religi\u00e3o, o fanatismo \u00e9 o que h\u00e1 de mais grave. S\u00e3o temas que cegam e raramente t\u00eam cura. Portanto, apoiando ou defendendo os mais extremados, \u00e9 grande o risco de agravar ainda mais o radicalismo de quem debate irracionalmente um desses tr\u00eas assuntos. Na pol\u00edtica mundial, particularmente na brasileira, est\u00e1 provado que intoler\u00e2ncia e intelig\u00eancia n\u00e3o habitam a mesma casa. Certos de que n\u00e3o erram, milh\u00f5es de brasileiros assumidamente est\u00e3o perdendo a identidade de um povo alegre e hospitaleiro. Erram, mas se acham certos at\u00e9 a morte.<\/p>\n<p style=\"font-weight: 400;\">Por conta da obsess\u00e3o pol\u00edtica \u00e0 direita ou \u00e0 esquerda, boa parte acabou se odiando e, em alguns casos, at\u00e9 se matando. Defensor da modera\u00e7\u00e3o nos templos ecum\u00eanicos, nos est\u00e1dios e nos parlamentos infestados de ratos, costumo pregar que os padres, pastores, pais de santos, jogadores de futebol, deputados, senadores, governadores e presidentes da Rep\u00fablica n\u00e3o s\u00e3o messias, tampouco salvadores de coisa nenhuma. Sem exce\u00e7\u00e3o, todos dependem do distinto p\u00fablico chamado fiel, torcedor ou eleitor.<\/p>\n<p style=\"font-weight: 400;\">Especificamente na pol\u00edtica, n\u00e3o h\u00e1 raz\u00e3o para que sejamos fan\u00e1ticos. Como candidatos eles s\u00e3o cidad\u00e3os comuns. Depois de eleitas, as excel\u00eancias s\u00e3o empregadas do povo e precisam ser cobradas e n\u00e3o idolatradas. Considerando que nada \u00e9 mais cretinizante do que a paix\u00e3o pol\u00edtica, o fervor e a idolatria me levam na dire\u00e7\u00e3o dos numerosos ensinamentos de Rui Barbosa. Em um deles, o jurista, fil\u00f3logo, escritor, orador, pol\u00edtico e diplomata baiano cristalizou a tese de que \u201ca experi\u00eancia dos agitadores n\u00e3o tarda em mostrar \u00e0s na\u00e7\u00f5es o car\u00e1ter odioso dos \u00eddolos\u201d.<\/p>\n<p style=\"font-weight: 400;\">Embora o devoto exagerado n\u00e3o perceba, quando algu\u00e9m defende um pol\u00edtico acima de qualquer coisa os acertos viram mantras e os erros deixam de existir. Pior \u00e9 quando s\u00f3 se ataca o outro lado. A\u00ed, ningu\u00e9m aprende nada. No fim, todo mundo perde. No Brasil de 2026, para ser contr\u00e1rio a um candidato que tende a desprezar os princ\u00edpios democr\u00e1ticos n\u00e3o precisa ser de esquerda. Basta gostar de liberdade, prezar pela verdade, conhecer um pouco de hist\u00f3ria, ter uma mem\u00f3ria pelo menos razo\u00e1vel, ter amor pelo pr\u00f3ximo e ter sobrevivido \u00e0 Covid-19.<\/p>\n<p style=\"font-weight: 400;\">Como meu ideal pol\u00edtico \u00e9 e sempre ser\u00e1 a democracia, parto do pressuposto democr\u00e1tico de que todos devem ser respeitados e nada e nem ningu\u00e9m pode ser divinizado. Transformar esse ou aquele pol\u00edtico em mito, divindade ou eterno presidente da Rep\u00fablica n\u00e3o \u00e9 milit\u00e2ncia, mas necessidade urgente de tratamento psiqui\u00e1trico. Da mesma forma que toda forma de poder \u00e9 uma forma de morrer por nada, o fanatismo pol\u00edtico arrasta para a mis\u00e9ria da liberdade e do respeito aquele que pensa que est\u00e1 lutando por dias melhores.<\/p>\n<p style=\"font-weight: 400;\">Pouco importa a camisa que vestimos ou o livro sagrado que carregamos debaixo do bra\u00e7o. Importante \u00e9 termos a certeza de que, sem idolatria e com boas escolhas, \u00a0\u00e9 o povo e n\u00e3o o pol\u00edtico de direita, de esquerda ou de centro que far\u00e1 deste pa\u00eds uma grande na\u00e7\u00e3o. Ainda mais essencial \u00e9 a reflex\u00e3o sobre a m\u00e1xima popular de que quem corre atr\u00e1s de maluco \u00e9 t\u00e3o ou mais maluco do que o maluco. A s\u00edntese da narrativa \u00e9 simples: \u00e9 de nosso sectarismo pol\u00edtico que nascem a fome, o desemprego, os menores abandonados, o analfabetismo, os mentirosos contumazes e a bandidagem travestida de pol\u00edticos vigaristas e corruptos.<\/p>\n<p style=\"font-weight: 400;\">&#8230;&#8230;&#8230;&#8230;<\/p>\n<p style=\"font-weight: 400;\"><strong>Misael Igreja \u00e9 analista de Notibras para assuntos pol\u00edticos, econ\u00f4micos e sociais<\/strong><\/p>\n","protected":false},"excerpt":{"rendered":"<p>Seja no futebol, na pol\u00edtica e na religi\u00e3o, o fanatismo \u00e9 o que h\u00e1 de mais grave. S\u00e3o temas que cegam e raramente t\u00eam cura. Portanto, apoiando ou defendendo os mais extremados, \u00e9 grande o risco de agravar ainda mais o radicalismo de quem debate irracionalmente um desses tr\u00eas assuntos. Na pol\u00edtica mundial, particularmente na [&hellip;]<\/p>\n","protected":false},"author":2,"featured_media":279058,"comment_status":"closed","ping_status":"closed","sticky":false,"template":"","format":"standard","meta":{"_acf_changed":false,"footnotes":""},"categories":[16],"tags":[95],"class_list":["post-392763","post","type-post","status-publish","format-standard","has-post-thumbnail","hentry","category-brasil","tag-capa"],"acf":[],"yoast_head":"<!-- This site is optimized with the Yoast SEO plugin v27.2 - https:\/\/yoast.com\/product\/yoast-seo-wordpress\/ -->\n<title>Pa\u00eds ser\u00e1 grande quando idolatria for enterrada - Notibras<\/title>\n<meta name=\"robots\" content=\"index, follow, max-snippet:-1, max-image-preview:large, max-video-preview:-1\" \/>\n<link rel=\"canonical\" href=\"https:\/\/www.notibras.com\/site\/pais-sera-grande-quando-idolatria-for-enterrada\/\" \/>\n<meta property=\"og:locale\" content=\"pt_BR\" \/>\n<meta property=\"og:type\" content=\"article\" \/>\n<meta property=\"og:title\" content=\"Pa\u00eds ser\u00e1 grande quando idolatria for enterrada - Notibras\" \/>\n<meta property=\"og:description\" content=\"Seja no futebol, na pol\u00edtica e na religi\u00e3o, o fanatismo \u00e9 o que h\u00e1 de mais grave. S\u00e3o temas que cegam e raramente t\u00eam cura. Portanto, apoiando ou defendendo os mais extremados, \u00e9 grande o risco de agravar ainda mais o radicalismo de quem debate irracionalmente um desses tr\u00eas assuntos. Na pol\u00edtica mundial, particularmente na [&hellip;]\" \/>\n<meta property=\"og:url\" content=\"https:\/\/www.notibras.com\/site\/pais-sera-grande-quando-idolatria-for-enterrada\/\" \/>\n<meta property=\"og:site_name\" content=\"Notibras\" \/>\n<meta property=\"article:publisher\" content=\"https:\/\/www.facebook.com\/notibras\/\" \/>\n<meta property=\"article:published_time\" content=\"2026-04-28T10:57:41+00:00\" \/>\n<meta property=\"article:modified_time\" content=\"2026-04-28T10:59:00+00:00\" \/>\n<meta property=\"og:image\" content=\"https:\/\/www.notibras.com\/site\/wp-content\/uploads\/2022\/01\/mca_finados_campo_da_esperanca_0211202546.jpg\" \/>\n\t<meta property=\"og:image:width\" content=\"770\" \/>\n\t<meta property=\"og:image:height\" content=\"513\" \/>\n\t<meta property=\"og:image:type\" content=\"image\/jpeg\" \/>\n<meta name=\"author\" content=\"Reda\u00e7\u00e3o\" \/>\n<meta name=\"twitter:card\" content=\"summary_large_image\" \/>\n<meta name=\"twitter:creator\" content=\"@Notibras\" \/>\n<meta name=\"twitter:site\" content=\"@Notibras\" \/>\n<meta name=\"twitter:label1\" content=\"Escrito por\" \/>\n\t<meta name=\"twitter:data1\" content=\"Reda\u00e7\u00e3o\" \/>\n\t<meta name=\"twitter:label2\" content=\"Est. tempo de leitura\" \/>\n\t<meta name=\"twitter:data2\" content=\"4 minutos\" \/>\n<script type=\"application\/ld+json\" class=\"yoast-schema-graph\">{\"@context\":\"https:\/\/schema.org\",\"@graph\":[{\"@type\":\"Article\",\"@id\":\"https:\/\/www.notibras.com\/site\/pais-sera-grande-quando-idolatria-for-enterrada\/#article\",\"isPartOf\":{\"@id\":\"https:\/\/www.notibras.com\/site\/pais-sera-grande-quando-idolatria-for-enterrada\/\"},\"author\":{\"name\":\"Reda\u00e7\u00e3o\",\"@id\":\"https:\/\/www.notibras.com\/site\/#\/schema\/person\/36ab0979449956132d3e5b517ea76ac8\"},\"headline\":\"Pa\u00eds ser\u00e1 grande quando idolatria for enterrada\",\"datePublished\":\"2026-04-28T10:57:41+00:00\",\"dateModified\":\"2026-04-28T10:59:00+00:00\",\"mainEntityOfPage\":{\"@id\":\"https:\/\/www.notibras.com\/site\/pais-sera-grande-quando-idolatria-for-enterrada\/\"},\"wordCount\":624,\"publisher\":{\"@id\":\"https:\/\/www.notibras.com\/site\/#organization\"},\"image\":{\"@id\":\"https:\/\/www.notibras.com\/site\/pais-sera-grande-quando-idolatria-for-enterrada\/#primaryimage\"},\"thumbnailUrl\":\"https:\/\/www.notibras.com\/site\/wp-content\/uploads\/2022\/01\/mca_finados_campo_da_esperanca_0211202546.jpg\",\"keywords\":[\"capa\"],\"articleSection\":[\"Brasil\"],\"inLanguage\":\"pt-BR\"},{\"@type\":\"WebPage\",\"@id\":\"https:\/\/www.notibras.com\/site\/pais-sera-grande-quando-idolatria-for-enterrada\/\",\"url\":\"https:\/\/www.notibras.com\/site\/pais-sera-grande-quando-idolatria-for-enterrada\/\",\"name\":\"Pa\u00eds ser\u00e1 grande quando idolatria for enterrada - Notibras\",\"isPartOf\":{\"@id\":\"https:\/\/www.notibras.com\/site\/#website\"},\"primaryImageOfPage\":{\"@id\":\"https:\/\/www.notibras.com\/site\/pais-sera-grande-quando-idolatria-for-enterrada\/#primaryimage\"},\"image\":{\"@id\":\"https:\/\/www.notibras.com\/site\/pais-sera-grande-quando-idolatria-for-enterrada\/#primaryimage\"},\"thumbnailUrl\":\"https:\/\/www.notibras.com\/site\/wp-content\/uploads\/2022\/01\/mca_finados_campo_da_esperanca_0211202546.jpg\",\"datePublished\":\"2026-04-28T10:57:41+00:00\",\"dateModified\":\"2026-04-28T10:59:00+00:00\",\"breadcrumb\":{\"@id\":\"https:\/\/www.notibras.com\/site\/pais-sera-grande-quando-idolatria-for-enterrada\/#breadcrumb\"},\"inLanguage\":\"pt-BR\",\"potentialAction\":[{\"@type\":\"ReadAction\",\"target\":[\"https:\/\/www.notibras.com\/site\/pais-sera-grande-quando-idolatria-for-enterrada\/\"]}]},{\"@type\":\"ImageObject\",\"inLanguage\":\"pt-BR\",\"@id\":\"https:\/\/www.notibras.com\/site\/pais-sera-grande-quando-idolatria-for-enterrada\/#primaryimage\",\"url\":\"https:\/\/www.notibras.com\/site\/wp-content\/uploads\/2022\/01\/mca_finados_campo_da_esperanca_0211202546.jpg\",\"contentUrl\":\"https:\/\/www.notibras.com\/site\/wp-content\/uploads\/2022\/01\/mca_finados_campo_da_esperanca_0211202546.jpg\",\"width\":770,\"height\":513,\"caption\":\"Dia de Finados no cemit\u00e9rio Campo da esperan\u00e7a em Bras\u00edlia\"},{\"@type\":\"BreadcrumbList\",\"@id\":\"https:\/\/www.notibras.com\/site\/pais-sera-grande-quando-idolatria-for-enterrada\/#breadcrumb\",\"itemListElement\":[{\"@type\":\"ListItem\",\"position\":1,\"name\":\"In\u00edcio\",\"item\":\"https:\/\/www.notibras.com\/site\/\"},{\"@type\":\"ListItem\",\"position\":2,\"name\":\"Pa\u00eds ser\u00e1 grande quando idolatria for enterrada\"}]},{\"@type\":\"WebSite\",\"@id\":\"https:\/\/www.notibras.com\/site\/#website\",\"url\":\"https:\/\/www.notibras.com\/site\/\",\"name\":\"Notibras\",\"description\":\"Not\u00edcias de Bras\u00edlia, do Brasil e do Mundo\",\"publisher\":{\"@id\":\"https:\/\/www.notibras.com\/site\/#organization\"},\"potentialAction\":[{\"@type\":\"SearchAction\",\"target\":{\"@type\":\"EntryPoint\",\"urlTemplate\":\"https:\/\/www.notibras.com\/site\/?s={search_term_string}\"},\"query-input\":{\"@type\":\"PropertyValueSpecification\",\"valueRequired\":true,\"valueName\":\"search_term_string\"}}],\"inLanguage\":\"pt-BR\"},{\"@type\":\"Organization\",\"@id\":\"https:\/\/www.notibras.com\/site\/#organization\",\"name\":\"Grupo Notibras de Comunica\u00e7\u00e3o\",\"url\":\"https:\/\/www.notibras.com\/site\/\",\"logo\":{\"@type\":\"ImageObject\",\"inLanguage\":\"pt-BR\",\"@id\":\"https:\/\/www.notibras.com\/site\/#\/schema\/logo\/image\/\",\"url\":\"https:\/\/www.notibras.com\/site\/wp-content\/uploads\/2023\/01\/notibras23.png\",\"contentUrl\":\"https:\/\/www.notibras.com\/site\/wp-content\/uploads\/2023\/01\/notibras23.png\",\"width\":350,\"height\":87,\"caption\":\"Grupo Notibras de Comunica\u00e7\u00e3o\"},\"image\":{\"@id\":\"https:\/\/www.notibras.com\/site\/#\/schema\/logo\/image\/\"},\"sameAs\":[\"https:\/\/www.facebook.com\/notibras\/\",\"https:\/\/x.com\/Notibras\",\"https:\/\/www.instagram.com\/notibras\/\"]},{\"@type\":\"Person\",\"@id\":\"https:\/\/www.notibras.com\/site\/#\/schema\/person\/36ab0979449956132d3e5b517ea76ac8\",\"name\":\"Reda\u00e7\u00e3o\",\"image\":{\"@type\":\"ImageObject\",\"inLanguage\":\"pt-BR\",\"@id\":\"https:\/\/secure.gravatar.com\/avatar\/e0a867bdedb85fd243eadf09663511f96fc81e0720a4a42581f334ad4303aa6b?s=96&d=mm&r=g\",\"url\":\"https:\/\/secure.gravatar.com\/avatar\/e0a867bdedb85fd243eadf09663511f96fc81e0720a4a42581f334ad4303aa6b?s=96&d=mm&r=g\",\"contentUrl\":\"https:\/\/secure.gravatar.com\/avatar\/e0a867bdedb85fd243eadf09663511f96fc81e0720a4a42581f334ad4303aa6b?s=96&d=mm&r=g\",\"caption\":\"Reda\u00e7\u00e3o\"}}]}<\/script>\n<!-- \/ Yoast SEO plugin. -->","yoast_head_json":{"title":"Pa\u00eds ser\u00e1 grande quando idolatria for enterrada - Notibras","robots":{"index":"index","follow":"follow","max-snippet":"max-snippet:-1","max-image-preview":"max-image-preview:large","max-video-preview":"max-video-preview:-1"},"canonical":"https:\/\/www.notibras.com\/site\/pais-sera-grande-quando-idolatria-for-enterrada\/","og_locale":"pt_BR","og_type":"article","og_title":"Pa\u00eds ser\u00e1 grande quando idolatria for enterrada - Notibras","og_description":"Seja no futebol, na pol\u00edtica e na religi\u00e3o, o fanatismo \u00e9 o que h\u00e1 de mais grave. S\u00e3o temas que cegam e raramente t\u00eam cura. Portanto, apoiando ou defendendo os mais extremados, \u00e9 grande o risco de agravar ainda mais o radicalismo de quem debate irracionalmente um desses tr\u00eas assuntos. Na pol\u00edtica mundial, particularmente na [&hellip;]","og_url":"https:\/\/www.notibras.com\/site\/pais-sera-grande-quando-idolatria-for-enterrada\/","og_site_name":"Notibras","article_publisher":"https:\/\/www.facebook.com\/notibras\/","article_published_time":"2026-04-28T10:57:41+00:00","article_modified_time":"2026-04-28T10:59:00+00:00","og_image":[{"width":770,"height":513,"url":"https:\/\/www.notibras.com\/site\/wp-content\/uploads\/2022\/01\/mca_finados_campo_da_esperanca_0211202546.jpg","type":"image\/jpeg"}],"author":"Reda\u00e7\u00e3o","twitter_card":"summary_large_image","twitter_creator":"@Notibras","twitter_site":"@Notibras","twitter_misc":{"Escrito por":"Reda\u00e7\u00e3o","Est. tempo de leitura":"4 minutos"},"schema":{"@context":"https:\/\/schema.org","@graph":[{"@type":"Article","@id":"https:\/\/www.notibras.com\/site\/pais-sera-grande-quando-idolatria-for-enterrada\/#article","isPartOf":{"@id":"https:\/\/www.notibras.com\/site\/pais-sera-grande-quando-idolatria-for-enterrada\/"},"author":{"name":"Reda\u00e7\u00e3o","@id":"https:\/\/www.notibras.com\/site\/#\/schema\/person\/36ab0979449956132d3e5b517ea76ac8"},"headline":"Pa\u00eds ser\u00e1 grande quando idolatria for enterrada","datePublished":"2026-04-28T10:57:41+00:00","dateModified":"2026-04-28T10:59:00+00:00","mainEntityOfPage":{"@id":"https:\/\/www.notibras.com\/site\/pais-sera-grande-quando-idolatria-for-enterrada\/"},"wordCount":624,"publisher":{"@id":"https:\/\/www.notibras.com\/site\/#organization"},"image":{"@id":"https:\/\/www.notibras.com\/site\/pais-sera-grande-quando-idolatria-for-enterrada\/#primaryimage"},"thumbnailUrl":"https:\/\/www.notibras.com\/site\/wp-content\/uploads\/2022\/01\/mca_finados_campo_da_esperanca_0211202546.jpg","keywords":["capa"],"articleSection":["Brasil"],"inLanguage":"pt-BR"},{"@type":"WebPage","@id":"https:\/\/www.notibras.com\/site\/pais-sera-grande-quando-idolatria-for-enterrada\/","url":"https:\/\/www.notibras.com\/site\/pais-sera-grande-quando-idolatria-for-enterrada\/","name":"Pa\u00eds ser\u00e1 grande quando idolatria for enterrada - Notibras","isPartOf":{"@id":"https:\/\/www.notibras.com\/site\/#website"},"primaryImageOfPage":{"@id":"https:\/\/www.notibras.com\/site\/pais-sera-grande-quando-idolatria-for-enterrada\/#primaryimage"},"image":{"@id":"https:\/\/www.notibras.com\/site\/pais-sera-grande-quando-idolatria-for-enterrada\/#primaryimage"},"thumbnailUrl":"https:\/\/www.notibras.com\/site\/wp-content\/uploads\/2022\/01\/mca_finados_campo_da_esperanca_0211202546.jpg","datePublished":"2026-04-28T10:57:41+00:00","dateModified":"2026-04-28T10:59:00+00:00","breadcrumb":{"@id":"https:\/\/www.notibras.com\/site\/pais-sera-grande-quando-idolatria-for-enterrada\/#breadcrumb"},"inLanguage":"pt-BR","potentialAction":[{"@type":"ReadAction","target":["https:\/\/www.notibras.com\/site\/pais-sera-grande-quando-idolatria-for-enterrada\/"]}]},{"@type":"ImageObject","inLanguage":"pt-BR","@id":"https:\/\/www.notibras.com\/site\/pais-sera-grande-quando-idolatria-for-enterrada\/#primaryimage","url":"https:\/\/www.notibras.com\/site\/wp-content\/uploads\/2022\/01\/mca_finados_campo_da_esperanca_0211202546.jpg","contentUrl":"https:\/\/www.notibras.com\/site\/wp-content\/uploads\/2022\/01\/mca_finados_campo_da_esperanca_0211202546.jpg","width":770,"height":513,"caption":"Dia de Finados no cemit\u00e9rio Campo da esperan\u00e7a em Bras\u00edlia"},{"@type":"BreadcrumbList","@id":"https:\/\/www.notibras.com\/site\/pais-sera-grande-quando-idolatria-for-enterrada\/#breadcrumb","itemListElement":[{"@type":"ListItem","position":1,"name":"In\u00edcio","item":"https:\/\/www.notibras.com\/site\/"},{"@type":"ListItem","position":2,"name":"Pa\u00eds ser\u00e1 grande quando idolatria for enterrada"}]},{"@type":"WebSite","@id":"https:\/\/www.notibras.com\/site\/#website","url":"https:\/\/www.notibras.com\/site\/","name":"Notibras","description":"Not\u00edcias de Bras\u00edlia, do Brasil e do Mundo","publisher":{"@id":"https:\/\/www.notibras.com\/site\/#organization"},"potentialAction":[{"@type":"SearchAction","target":{"@type":"EntryPoint","urlTemplate":"https:\/\/www.notibras.com\/site\/?s={search_term_string}"},"query-input":{"@type":"PropertyValueSpecification","valueRequired":true,"valueName":"search_term_string"}}],"inLanguage":"pt-BR"},{"@type":"Organization","@id":"https:\/\/www.notibras.com\/site\/#organization","name":"Grupo Notibras de Comunica\u00e7\u00e3o","url":"https:\/\/www.notibras.com\/site\/","logo":{"@type":"ImageObject","inLanguage":"pt-BR","@id":"https:\/\/www.notibras.com\/site\/#\/schema\/logo\/image\/","url":"https:\/\/www.notibras.com\/site\/wp-content\/uploads\/2023\/01\/notibras23.png","contentUrl":"https:\/\/www.notibras.com\/site\/wp-content\/uploads\/2023\/01\/notibras23.png","width":350,"height":87,"caption":"Grupo Notibras de Comunica\u00e7\u00e3o"},"image":{"@id":"https:\/\/www.notibras.com\/site\/#\/schema\/logo\/image\/"},"sameAs":["https:\/\/www.facebook.com\/notibras\/","https:\/\/x.com\/Notibras","https:\/\/www.instagram.com\/notibras\/"]},{"@type":"Person","@id":"https:\/\/www.notibras.com\/site\/#\/schema\/person\/36ab0979449956132d3e5b517ea76ac8","name":"Reda\u00e7\u00e3o","image":{"@type":"ImageObject","inLanguage":"pt-BR","@id":"https:\/\/secure.gravatar.com\/avatar\/e0a867bdedb85fd243eadf09663511f96fc81e0720a4a42581f334ad4303aa6b?s=96&d=mm&r=g","url":"https:\/\/secure.gravatar.com\/avatar\/e0a867bdedb85fd243eadf09663511f96fc81e0720a4a42581f334ad4303aa6b?s=96&d=mm&r=g","contentUrl":"https:\/\/secure.gravatar.com\/avatar\/e0a867bdedb85fd243eadf09663511f96fc81e0720a4a42581f334ad4303aa6b?s=96&d=mm&r=g","caption":"Reda\u00e7\u00e3o"}}]}},"amp_enabled":true,"_links":{"self":[{"href":"https:\/\/www.notibras.com\/site\/wp-json\/wp\/v2\/posts\/392763","targetHints":{"allow":["GET"]}}],"collection":[{"href":"https:\/\/www.notibras.com\/site\/wp-json\/wp\/v2\/posts"}],"about":[{"href":"https:\/\/www.notibras.com\/site\/wp-json\/wp\/v2\/types\/post"}],"author":[{"embeddable":true,"href":"https:\/\/www.notibras.com\/site\/wp-json\/wp\/v2\/users\/2"}],"replies":[{"embeddable":true,"href":"https:\/\/www.notibras.com\/site\/wp-json\/wp\/v2\/comments?post=392763"}],"version-history":[{"count":3,"href":"https:\/\/www.notibras.com\/site\/wp-json\/wp\/v2\/posts\/392763\/revisions"}],"predecessor-version":[{"id":392766,"href":"https:\/\/www.notibras.com\/site\/wp-json\/wp\/v2\/posts\/392763\/revisions\/392766"}],"wp:featuredmedia":[{"embeddable":true,"href":"https:\/\/www.notibras.com\/site\/wp-json\/wp\/v2\/media\/279058"}],"wp:attachment":[{"href":"https:\/\/www.notibras.com\/site\/wp-json\/wp\/v2\/media?parent=392763"}],"wp:term":[{"taxonomy":"category","embeddable":true,"href":"https:\/\/www.notibras.com\/site\/wp-json\/wp\/v2\/categories?post=392763"},{"taxonomy":"post_tag","embeddable":true,"href":"https:\/\/www.notibras.com\/site\/wp-json\/wp\/v2\/tags?post=392763"}],"curies":[{"name":"wp","href":"https:\/\/api.w.org\/{rel}","templated":true}]}}