{"id":392770,"date":"2026-04-28T07:13:15","date_gmt":"2026-04-28T10:13:15","guid":{"rendered":"https:\/\/www.notibras.com\/site\/?p=392770"},"modified":"2026-04-28T08:14:46","modified_gmt":"2026-04-28T11:14:46","slug":"embraer-ganha-mais-fatias-no-mercado-externo","status":"publish","type":"post","link":"https:\/\/www.notibras.com\/site\/embraer-ganha-mais-fatias-no-mercado-externo\/","title":{"rendered":"Embraer ganha mais fatias no mercado externo"},"content":{"rendered":"<p>A Embraer divulgou sua carteira de pedidos consolidada no trimestre, indicando crescimento de 22% em rela\u00e7\u00e3o ao primeiro trimestre de 2025. O resultado positivo foi alavancado pelo aumento de pedidos na avia\u00e7\u00e3o comercial, com 50% de aumento e uma carteira de pedidos de 15 bilh\u00f5es de d\u00f3lares.<\/p>\n<p>A carteira de pedidos da Embraer alcan\u00e7ou US$ 32,1 bilh\u00f5es no primeiro trimestre de 2026, sexto recorde hist\u00f3rico da companhia.<\/p>\n<p>A empresa entregou 44 aeronaves no per\u00edodo, considerando todas as unidades de neg\u00f3cios. O resultado \u00e9 um aumento de 47% em rela\u00e7\u00e3o \u00e0s 30 entregas no primeiro trimestre de 2025 e totaliza 16% das entregas previstas para o ano de 2026. A estimativa para o ano \u00e9 entre 240 e 255 aeronaves entregues para Avia\u00e7\u00e3o Executiva e Avia\u00e7\u00e3o Comercial combinadas.<\/p>\n<p>O destaque foi para as vendas de Avia\u00e7\u00e3o Comercial para a Europa, com a aquisi\u00e7\u00e3o pela a\u00e9rea finlandesa Finnair de um pedido de at\u00e9 46 aeronaves E195\u2011E2, dos quais 18 para esse trimestre, incluindo encomendas firmes, op\u00e7\u00f5es e direitos de compra.<\/p>\n<p>A empresa divulgou, ainda, que as aeronaves da fam\u00edlia Phenom 300 foram reconhecidas como o jato leve mais vendido do mundo pelo 14\u00ba ano consecutivo.<\/p>\n<p>O segmento de Servi\u00e7os &amp; Suporte atingiu n\u00edvel recorde, com valores na casa de US$5,1 bilh\u00f5es e registro de crescimento de 11% em rela\u00e7\u00e3o ao ano anterior.<\/p>\n","protected":false},"excerpt":{"rendered":"<p>A Embraer divulgou sua carteira de pedidos consolidada no trimestre, indicando crescimento de 22% em rela\u00e7\u00e3o ao primeiro trimestre de 2025. O resultado positivo foi alavancado pelo aumento de pedidos na avia\u00e7\u00e3o comercial, com 50% de aumento e uma carteira de pedidos de 15 bilh\u00f5es de d\u00f3lares. A carteira de pedidos da Embraer alcan\u00e7ou US$ [&hellip;]<\/p>\n","protected":false},"author":2,"featured_media":392771,"comment_status":"closed","ping_status":"closed","sticky":false,"template":"","format":"standard","meta":{"_acf_changed":false,"footnotes":""},"categories":[16],"tags":[],"class_list":["post-392770","post","type-post","status-publish","format-standard","has-post-thumbnail","hentry","category-brasil"],"acf":[],"yoast_head":"<!-- This site is optimized with the Yoast SEO plugin v27.2 - https:\/\/yoast.com\/product\/yoast-seo-wordpress\/ -->\n<title>Embraer ganha mais fatias no mercado externo - Notibras<\/title>\n<meta name=\"robots\" content=\"index, follow, max-snippet:-1, max-image-preview:large, max-video-preview:-1\" \/>\n<link rel=\"canonical\" href=\"https:\/\/www.notibras.com\/site\/embraer-ganha-mais-fatias-no-mercado-externo\/\" \/>\n<meta property=\"og:locale\" content=\"pt_BR\" \/>\n<meta property=\"og:type\" content=\"article\" \/>\n<meta property=\"og:title\" content=\"Embraer ganha mais fatias no mercado externo - Notibras\" \/>\n<meta property=\"og:description\" content=\"A Embraer divulgou sua carteira de pedidos consolidada no trimestre, indicando crescimento de 22% em rela\u00e7\u00e3o ao primeiro trimestre de 2025. O resultado positivo foi alavancado pelo aumento de pedidos na avia\u00e7\u00e3o comercial, com 50% de aumento e uma carteira de pedidos de 15 bilh\u00f5es de d\u00f3lares. A carteira de pedidos da Embraer alcan\u00e7ou US$ [&hellip;]\" \/>\n<meta property=\"og:url\" content=\"https:\/\/www.notibras.com\/site\/embraer-ganha-mais-fatias-no-mercado-externo\/\" \/>\n<meta property=\"og:site_name\" content=\"Notibras\" \/>\n<meta property=\"article:publisher\" content=\"https:\/\/www.facebook.com\/notibras\/\" \/>\n<meta property=\"article:published_time\" content=\"2026-04-28T10:13:15+00:00\" \/>\n<meta property=\"article:modified_time\" content=\"2026-04-28T11:14:46+00:00\" \/>\n<meta property=\"og:image\" content=\"https:\/\/www.notibras.com\/site\/wp-content\/uploads\/2026\/04\/55167049252_4cdca75f93_o.webp\" \/>\n\t<meta property=\"og:image:width\" content=\"770\" \/>\n\t<meta property=\"og:image:height\" content=\"460\" \/>\n\t<meta property=\"og:image:type\" content=\"image\/webp\" \/>\n<meta name=\"author\" content=\"Reda\u00e7\u00e3o\" \/>\n<meta name=\"twitter:card\" content=\"summary_large_image\" \/>\n<meta name=\"twitter:creator\" content=\"@Notibras\" \/>\n<meta name=\"twitter:site\" content=\"@Notibras\" \/>\n<meta name=\"twitter:label1\" content=\"Escrito por\" \/>\n\t<meta name=\"twitter:data1\" content=\"Reda\u00e7\u00e3o\" \/>\n\t<meta name=\"twitter:label2\" content=\"Est. tempo de leitura\" \/>\n\t<meta name=\"twitter:data2\" content=\"2 minutos\" \/>\n<script type=\"application\/ld+json\" class=\"yoast-schema-graph\">{\"@context\":\"https:\/\/schema.org\",\"@graph\":[{\"@type\":\"Article\",\"@id\":\"https:\/\/www.notibras.com\/site\/embraer-ganha-mais-fatias-no-mercado-externo\/#article\",\"isPartOf\":{\"@id\":\"https:\/\/www.notibras.com\/site\/embraer-ganha-mais-fatias-no-mercado-externo\/\"},\"author\":{\"name\":\"Reda\u00e7\u00e3o\",\"@id\":\"https:\/\/www.notibras.com\/site\/#\/schema\/person\/36ab0979449956132d3e5b517ea76ac8\"},\"headline\":\"Embraer ganha mais fatias no mercado externo\",\"datePublished\":\"2026-04-28T10:13:15+00:00\",\"dateModified\":\"2026-04-28T11:14:46+00:00\",\"mainEntityOfPage\":{\"@id\":\"https:\/\/www.notibras.com\/site\/embraer-ganha-mais-fatias-no-mercado-externo\/\"},\"wordCount\":228,\"publisher\":{\"@id\":\"https:\/\/www.notibras.com\/site\/#organization\"},\"image\":{\"@id\":\"https:\/\/www.notibras.com\/site\/embraer-ganha-mais-fatias-no-mercado-externo\/#primaryimage\"},\"thumbnailUrl\":\"https:\/\/www.notibras.com\/site\/wp-content\/uploads\/2026\/04\/55167049252_4cdca75f93_o.webp\",\"articleSection\":[\"Brasil\"],\"inLanguage\":\"pt-BR\"},{\"@type\":\"WebPage\",\"@id\":\"https:\/\/www.notibras.com\/site\/embraer-ganha-mais-fatias-no-mercado-externo\/\",\"url\":\"https:\/\/www.notibras.com\/site\/embraer-ganha-mais-fatias-no-mercado-externo\/\",\"name\":\"Embraer ganha mais fatias no mercado externo - Notibras\",\"isPartOf\":{\"@id\":\"https:\/\/www.notibras.com\/site\/#website\"},\"primaryImageOfPage\":{\"@id\":\"https:\/\/www.notibras.com\/site\/embraer-ganha-mais-fatias-no-mercado-externo\/#primaryimage\"},\"image\":{\"@id\":\"https:\/\/www.notibras.com\/site\/embraer-ganha-mais-fatias-no-mercado-externo\/#primaryimage\"},\"thumbnailUrl\":\"https:\/\/www.notibras.com\/site\/wp-content\/uploads\/2026\/04\/55167049252_4cdca75f93_o.webp\",\"datePublished\":\"2026-04-28T10:13:15+00:00\",\"dateModified\":\"2026-04-28T11:14:46+00:00\",\"breadcrumb\":{\"@id\":\"https:\/\/www.notibras.com\/site\/embraer-ganha-mais-fatias-no-mercado-externo\/#breadcrumb\"},\"inLanguage\":\"pt-BR\",\"potentialAction\":[{\"@type\":\"ReadAction\",\"target\":[\"https:\/\/www.notibras.com\/site\/embraer-ganha-mais-fatias-no-mercado-externo\/\"]}]},{\"@type\":\"ImageObject\",\"inLanguage\":\"pt-BR\",\"@id\":\"https:\/\/www.notibras.com\/site\/embraer-ganha-mais-fatias-no-mercado-externo\/#primaryimage\",\"url\":\"https:\/\/www.notibras.com\/site\/wp-content\/uploads\/2026\/04\/55167049252_4cdca75f93_o.webp\",\"contentUrl\":\"https:\/\/www.notibras.com\/site\/wp-content\/uploads\/2026\/04\/55167049252_4cdca75f93_o.webp\",\"width\":770,\"height\":460},{\"@type\":\"BreadcrumbList\",\"@id\":\"https:\/\/www.notibras.com\/site\/embraer-ganha-mais-fatias-no-mercado-externo\/#breadcrumb\",\"itemListElement\":[{\"@type\":\"ListItem\",\"position\":1,\"name\":\"In\u00edcio\",\"item\":\"https:\/\/www.notibras.com\/site\/\"},{\"@type\":\"ListItem\",\"position\":2,\"name\":\"Embraer ganha mais fatias no mercado externo\"}]},{\"@type\":\"WebSite\",\"@id\":\"https:\/\/www.notibras.com\/site\/#website\",\"url\":\"https:\/\/www.notibras.com\/site\/\",\"name\":\"Notibras\",\"description\":\"Not\u00edcias de Bras\u00edlia, do Brasil e do Mundo\",\"publisher\":{\"@id\":\"https:\/\/www.notibras.com\/site\/#organization\"},\"potentialAction\":[{\"@type\":\"SearchAction\",\"target\":{\"@type\":\"EntryPoint\",\"urlTemplate\":\"https:\/\/www.notibras.com\/site\/?s={search_term_string}\"},\"query-input\":{\"@type\":\"PropertyValueSpecification\",\"valueRequired\":true,\"valueName\":\"search_term_string\"}}],\"inLanguage\":\"pt-BR\"},{\"@type\":\"Organization\",\"@id\":\"https:\/\/www.notibras.com\/site\/#organization\",\"name\":\"Grupo Notibras de Comunica\u00e7\u00e3o\",\"url\":\"https:\/\/www.notibras.com\/site\/\",\"logo\":{\"@type\":\"ImageObject\",\"inLanguage\":\"pt-BR\",\"@id\":\"https:\/\/www.notibras.com\/site\/#\/schema\/logo\/image\/\",\"url\":\"https:\/\/www.notibras.com\/site\/wp-content\/uploads\/2023\/01\/notibras23.png\",\"contentUrl\":\"https:\/\/www.notibras.com\/site\/wp-content\/uploads\/2023\/01\/notibras23.png\",\"width\":350,\"height\":87,\"caption\":\"Grupo Notibras de Comunica\u00e7\u00e3o\"},\"image\":{\"@id\":\"https:\/\/www.notibras.com\/site\/#\/schema\/logo\/image\/\"},\"sameAs\":[\"https:\/\/www.facebook.com\/notibras\/\",\"https:\/\/x.com\/Notibras\",\"https:\/\/www.instagram.com\/notibras\/\"]},{\"@type\":\"Person\",\"@id\":\"https:\/\/www.notibras.com\/site\/#\/schema\/person\/36ab0979449956132d3e5b517ea76ac8\",\"name\":\"Reda\u00e7\u00e3o\",\"image\":{\"@type\":\"ImageObject\",\"inLanguage\":\"pt-BR\",\"@id\":\"https:\/\/secure.gravatar.com\/avatar\/e0a867bdedb85fd243eadf09663511f96fc81e0720a4a42581f334ad4303aa6b?s=96&d=mm&r=g\",\"url\":\"https:\/\/secure.gravatar.com\/avatar\/e0a867bdedb85fd243eadf09663511f96fc81e0720a4a42581f334ad4303aa6b?s=96&d=mm&r=g\",\"contentUrl\":\"https:\/\/secure.gravatar.com\/avatar\/e0a867bdedb85fd243eadf09663511f96fc81e0720a4a42581f334ad4303aa6b?s=96&d=mm&r=g\",\"caption\":\"Reda\u00e7\u00e3o\"}}]}<\/script>\n<!-- \/ Yoast SEO plugin. -->","yoast_head_json":{"title":"Embraer ganha mais fatias no mercado externo - Notibras","robots":{"index":"index","follow":"follow","max-snippet":"max-snippet:-1","max-image-preview":"max-image-preview:large","max-video-preview":"max-video-preview:-1"},"canonical":"https:\/\/www.notibras.com\/site\/embraer-ganha-mais-fatias-no-mercado-externo\/","og_locale":"pt_BR","og_type":"article","og_title":"Embraer ganha mais fatias no mercado externo - Notibras","og_description":"A Embraer divulgou sua carteira de pedidos consolidada no trimestre, indicando crescimento de 22% em rela\u00e7\u00e3o ao primeiro trimestre de 2025. O resultado positivo foi alavancado pelo aumento de pedidos na avia\u00e7\u00e3o comercial, com 50% de aumento e uma carteira de pedidos de 15 bilh\u00f5es de d\u00f3lares. A carteira de pedidos da Embraer alcan\u00e7ou US$ [&hellip;]","og_url":"https:\/\/www.notibras.com\/site\/embraer-ganha-mais-fatias-no-mercado-externo\/","og_site_name":"Notibras","article_publisher":"https:\/\/www.facebook.com\/notibras\/","article_published_time":"2026-04-28T10:13:15+00:00","article_modified_time":"2026-04-28T11:14:46+00:00","og_image":[{"width":770,"height":460,"url":"https:\/\/www.notibras.com\/site\/wp-content\/uploads\/2026\/04\/55167049252_4cdca75f93_o.webp","type":"image\/webp"}],"author":"Reda\u00e7\u00e3o","twitter_card":"summary_large_image","twitter_creator":"@Notibras","twitter_site":"@Notibras","twitter_misc":{"Escrito por":"Reda\u00e7\u00e3o","Est. tempo de leitura":"2 minutos"},"schema":{"@context":"https:\/\/schema.org","@graph":[{"@type":"Article","@id":"https:\/\/www.notibras.com\/site\/embraer-ganha-mais-fatias-no-mercado-externo\/#article","isPartOf":{"@id":"https:\/\/www.notibras.com\/site\/embraer-ganha-mais-fatias-no-mercado-externo\/"},"author":{"name":"Reda\u00e7\u00e3o","@id":"https:\/\/www.notibras.com\/site\/#\/schema\/person\/36ab0979449956132d3e5b517ea76ac8"},"headline":"Embraer ganha mais fatias no mercado externo","datePublished":"2026-04-28T10:13:15+00:00","dateModified":"2026-04-28T11:14:46+00:00","mainEntityOfPage":{"@id":"https:\/\/www.notibras.com\/site\/embraer-ganha-mais-fatias-no-mercado-externo\/"},"wordCount":228,"publisher":{"@id":"https:\/\/www.notibras.com\/site\/#organization"},"image":{"@id":"https:\/\/www.notibras.com\/site\/embraer-ganha-mais-fatias-no-mercado-externo\/#primaryimage"},"thumbnailUrl":"https:\/\/www.notibras.com\/site\/wp-content\/uploads\/2026\/04\/55167049252_4cdca75f93_o.webp","articleSection":["Brasil"],"inLanguage":"pt-BR"},{"@type":"WebPage","@id":"https:\/\/www.notibras.com\/site\/embraer-ganha-mais-fatias-no-mercado-externo\/","url":"https:\/\/www.notibras.com\/site\/embraer-ganha-mais-fatias-no-mercado-externo\/","name":"Embraer ganha mais fatias no mercado externo - Notibras","isPartOf":{"@id":"https:\/\/www.notibras.com\/site\/#website"},"primaryImageOfPage":{"@id":"https:\/\/www.notibras.com\/site\/embraer-ganha-mais-fatias-no-mercado-externo\/#primaryimage"},"image":{"@id":"https:\/\/www.notibras.com\/site\/embraer-ganha-mais-fatias-no-mercado-externo\/#primaryimage"},"thumbnailUrl":"https:\/\/www.notibras.com\/site\/wp-content\/uploads\/2026\/04\/55167049252_4cdca75f93_o.webp","datePublished":"2026-04-28T10:13:15+00:00","dateModified":"2026-04-28T11:14:46+00:00","breadcrumb":{"@id":"https:\/\/www.notibras.com\/site\/embraer-ganha-mais-fatias-no-mercado-externo\/#breadcrumb"},"inLanguage":"pt-BR","potentialAction":[{"@type":"ReadAction","target":["https:\/\/www.notibras.com\/site\/embraer-ganha-mais-fatias-no-mercado-externo\/"]}]},{"@type":"ImageObject","inLanguage":"pt-BR","@id":"https:\/\/www.notibras.com\/site\/embraer-ganha-mais-fatias-no-mercado-externo\/#primaryimage","url":"https:\/\/www.notibras.com\/site\/wp-content\/uploads\/2026\/04\/55167049252_4cdca75f93_o.webp","contentUrl":"https:\/\/www.notibras.com\/site\/wp-content\/uploads\/2026\/04\/55167049252_4cdca75f93_o.webp","width":770,"height":460},{"@type":"BreadcrumbList","@id":"https:\/\/www.notibras.com\/site\/embraer-ganha-mais-fatias-no-mercado-externo\/#breadcrumb","itemListElement":[{"@type":"ListItem","position":1,"name":"In\u00edcio","item":"https:\/\/www.notibras.com\/site\/"},{"@type":"ListItem","position":2,"name":"Embraer ganha mais fatias no mercado externo"}]},{"@type":"WebSite","@id":"https:\/\/www.notibras.com\/site\/#website","url":"https:\/\/www.notibras.com\/site\/","name":"Notibras","description":"Not\u00edcias de Bras\u00edlia, do Brasil e do Mundo","publisher":{"@id":"https:\/\/www.notibras.com\/site\/#organization"},"potentialAction":[{"@type":"SearchAction","target":{"@type":"EntryPoint","urlTemplate":"https:\/\/www.notibras.com\/site\/?s={search_term_string}"},"query-input":{"@type":"PropertyValueSpecification","valueRequired":true,"valueName":"search_term_string"}}],"inLanguage":"pt-BR"},{"@type":"Organization","@id":"https:\/\/www.notibras.com\/site\/#organization","name":"Grupo Notibras de Comunica\u00e7\u00e3o","url":"https:\/\/www.notibras.com\/site\/","logo":{"@type":"ImageObject","inLanguage":"pt-BR","@id":"https:\/\/www.notibras.com\/site\/#\/schema\/logo\/image\/","url":"https:\/\/www.notibras.com\/site\/wp-content\/uploads\/2023\/01\/notibras23.png","contentUrl":"https:\/\/www.notibras.com\/site\/wp-content\/uploads\/2023\/01\/notibras23.png","width":350,"height":87,"caption":"Grupo Notibras de Comunica\u00e7\u00e3o"},"image":{"@id":"https:\/\/www.notibras.com\/site\/#\/schema\/logo\/image\/"},"sameAs":["https:\/\/www.facebook.com\/notibras\/","https:\/\/x.com\/Notibras","https:\/\/www.instagram.com\/notibras\/"]},{"@type":"Person","@id":"https:\/\/www.notibras.com\/site\/#\/schema\/person\/36ab0979449956132d3e5b517ea76ac8","name":"Reda\u00e7\u00e3o","image":{"@type":"ImageObject","inLanguage":"pt-BR","@id":"https:\/\/secure.gravatar.com\/avatar\/e0a867bdedb85fd243eadf09663511f96fc81e0720a4a42581f334ad4303aa6b?s=96&d=mm&r=g","url":"https:\/\/secure.gravatar.com\/avatar\/e0a867bdedb85fd243eadf09663511f96fc81e0720a4a42581f334ad4303aa6b?s=96&d=mm&r=g","contentUrl":"https:\/\/secure.gravatar.com\/avatar\/e0a867bdedb85fd243eadf09663511f96fc81e0720a4a42581f334ad4303aa6b?s=96&d=mm&r=g","caption":"Reda\u00e7\u00e3o"}}]}},"amp_enabled":true,"_links":{"self":[{"href":"https:\/\/www.notibras.com\/site\/wp-json\/wp\/v2\/posts\/392770","targetHints":{"allow":["GET"]}}],"collection":[{"href":"https:\/\/www.notibras.com\/site\/wp-json\/wp\/v2\/posts"}],"about":[{"href":"https:\/\/www.notibras.com\/site\/wp-json\/wp\/v2\/types\/post"}],"author":[{"embeddable":true,"href":"https:\/\/www.notibras.com\/site\/wp-json\/wp\/v2\/users\/2"}],"replies":[{"embeddable":true,"href":"https:\/\/www.notibras.com\/site\/wp-json\/wp\/v2\/comments?post=392770"}],"version-history":[{"count":1,"href":"https:\/\/www.notibras.com\/site\/wp-json\/wp\/v2\/posts\/392770\/revisions"}],"predecessor-version":[{"id":392772,"href":"https:\/\/www.notibras.com\/site\/wp-json\/wp\/v2\/posts\/392770\/revisions\/392772"}],"wp:featuredmedia":[{"embeddable":true,"href":"https:\/\/www.notibras.com\/site\/wp-json\/wp\/v2\/media\/392771"}],"wp:attachment":[{"href":"https:\/\/www.notibras.com\/site\/wp-json\/wp\/v2\/media?parent=392770"}],"wp:term":[{"taxonomy":"category","embeddable":true,"href":"https:\/\/www.notibras.com\/site\/wp-json\/wp\/v2\/categories?post=392770"},{"taxonomy":"post_tag","embeddable":true,"href":"https:\/\/www.notibras.com\/site\/wp-json\/wp\/v2\/tags?post=392770"}],"curies":[{"name":"wp","href":"https:\/\/api.w.org\/{rel}","templated":true}]}}