{"id":392773,"date":"2026-04-28T08:22:28","date_gmt":"2026-04-28T11:22:28","guid":{"rendered":"https:\/\/www.notibras.com\/site\/?p=392773"},"modified":"2026-04-28T08:22:28","modified_gmt":"2026-04-28T11:22:28","slug":"prazo-para-corrigir-pendencia-esta-acabando","status":"publish","type":"post","link":"https:\/\/www.notibras.com\/site\/prazo-para-corrigir-pendencia-esta-acabando\/","title":{"rendered":"Prazo para corrigir pend\u00eancia est\u00e1 acabando"},"content":{"rendered":"<p>Os eleitores que pretendem votar nas elei\u00e7\u00f5es de outubro t\u00eam at\u00e9 o dia 6 de maio para regularizar suas pend\u00eancias na Justi\u00e7a Eleitoral.<\/p>\n<p>O prazo deve ser observado pelo cidad\u00e3o que quer tirar o primeiro t\u00edtulo de eleitor, regularizar o documento, cadastrar biometria, transferir o domic\u00edlio eleitoral e atualizar dados cadastrais.<\/p>\n<p>A partir do dia 7 de maio, o cadastro eleitoral ser\u00e1 fechado e n\u00e3o ser\u00e3o permitidas altera\u00e7\u00f5es nos dados dos eleitores.<\/p>\n<p>Para resolver as pend\u00eancias, o eleitor pode acessar o servi\u00e7o eletr\u00f4nico dispon\u00edvel no site do Tribunal Superior Eleitoral (TSE).<\/p>\n<p>Pela plataforma, \u00e9 poss\u00edvel enviar os documentos solicitados para cada tipo de servi\u00e7o e acompanhar o andamento da solicita\u00e7\u00e3o.<\/p>\n<p>O eleitor tamb\u00e9m pode procurar os cart\u00f3rios eleitorais ou postos de atendimento presenciais. A localiza\u00e7\u00e3o pode ser encontrada no site do tribunal.<\/p>\n<p>Alguns servi\u00e7os, como a coleta de biometria e a solicita\u00e7\u00e3o do primeiro t\u00edtulo, s\u00f3 podem ser realizados presencialmente.<\/p>\n<p><strong>Regulariza\u00e7\u00e3o <\/strong><br \/>\nPara verificar se o t\u00edtulo est\u00e1 regular, o eleitor pode acessar a p\u00e1gina do TSE na internet e clicar no menu Consultas. Em seguida, basta clicar em Situa\u00e7\u00e3o do T\u00edtulo.<\/p>\n<p>O passo a passo para a regulariza\u00e7\u00e3o ser\u00e1 indicado pelo sistema eletr\u00f4nico.<\/p>\n<p><strong>Cancelamento<\/strong><br \/>\nO prazo de regulariza\u00e7\u00e3o tamb\u00e9m deve ser seguido por quem teve o t\u00edtulo cancelado por deixar de votar por tr\u00eas elei\u00e7\u00f5es seguidas (tr\u00eas turnos consecutivos) e n\u00e3o justificou aus\u00eancia.<\/p>\n<p>Al\u00e9m de n\u00e3o conseguir votar nas elei\u00e7\u00f5es de outubro, a manuten\u00e7\u00e3o do cancelamento pode causar diversas restri\u00e7\u00f5es para o cidad\u00e3o, como n\u00e3o conseguir tirar passaporte ou carteira de identidade, renovar matr\u00edcula em institui\u00e7\u00e3o p\u00fablica de ensino e tomar posse em cargo p\u00fablico ap\u00f3s ser aprovado em concurso.<\/p>\n<p><strong>Primeiro t\u00edtulo <\/strong><br \/>\nDe acordo com a Constitui\u00e7\u00e3o, o voto \u00e9 obrigat\u00f3rio para quem tem entre 18 e 70 anos e facultativo para jovens entre 16 e 17 anos e quem tem mais de 70.<\/p>\n<p>Ap\u00f3s completar 15 anos, os jovens poder\u00e3o solicitar a emiss\u00e3o do primeiro t\u00edtulo de eleitor. Contudo, somente estar\u00e1 apto a votar quem tiver completado 16 anos na data da elei\u00e7\u00e3o.<\/p>\n<p><strong>Elei\u00e7\u00e3o<\/strong><br \/>\nO primeiro turno das elei\u00e7\u00f5es ser\u00e1 realizado no dia 4 de outubro. Eventual segundo turno ocorrer\u00e1 no 25 do mesmo m\u00eas.<\/p>\n","protected":false},"excerpt":{"rendered":"<p>Os eleitores que pretendem votar nas elei\u00e7\u00f5es de outubro t\u00eam at\u00e9 o dia 6 de maio para regularizar suas pend\u00eancias na Justi\u00e7a Eleitoral. O prazo deve ser observado pelo cidad\u00e3o que quer tirar o primeiro t\u00edtulo de eleitor, regularizar o documento, cadastrar biometria, transferir o domic\u00edlio eleitoral e atualizar dados cadastrais. A partir do dia [&hellip;]<\/p>\n","protected":false},"author":2,"featured_media":392774,"comment_status":"closed","ping_status":"closed","sticky":false,"template":"","format":"standard","meta":{"_acf_changed":false,"footnotes":""},"categories":[239],"tags":[],"class_list":["post-392773","post","type-post","status-publish","format-standard","has-post-thumbnail","hentry","category-eleicoes-brasilia"],"acf":[],"yoast_head":"<!-- This site is optimized with the Yoast SEO plugin v27.2 - https:\/\/yoast.com\/product\/yoast-seo-wordpress\/ -->\n<title>Prazo para corrigir pend\u00eancia est\u00e1 acabando - Notibras<\/title>\n<meta name=\"robots\" content=\"index, follow, max-snippet:-1, max-image-preview:large, max-video-preview:-1\" \/>\n<link rel=\"canonical\" href=\"https:\/\/www.notibras.com\/site\/prazo-para-corrigir-pendencia-esta-acabando\/\" \/>\n<meta property=\"og:locale\" content=\"pt_BR\" \/>\n<meta property=\"og:type\" content=\"article\" \/>\n<meta property=\"og:title\" content=\"Prazo para corrigir pend\u00eancia est\u00e1 acabando - Notibras\" \/>\n<meta property=\"og:description\" content=\"Os eleitores que pretendem votar nas elei\u00e7\u00f5es de outubro t\u00eam at\u00e9 o dia 6 de maio para regularizar suas pend\u00eancias na Justi\u00e7a Eleitoral. O prazo deve ser observado pelo cidad\u00e3o que quer tirar o primeiro t\u00edtulo de eleitor, regularizar o documento, cadastrar biometria, transferir o domic\u00edlio eleitoral e atualizar dados cadastrais. A partir do dia [&hellip;]\" \/>\n<meta property=\"og:url\" content=\"https:\/\/www.notibras.com\/site\/prazo-para-corrigir-pendencia-esta-acabando\/\" \/>\n<meta property=\"og:site_name\" content=\"Notibras\" \/>\n<meta property=\"article:publisher\" content=\"https:\/\/www.facebook.com\/notibras\/\" \/>\n<meta property=\"article:published_time\" content=\"2026-04-28T11:22:28+00:00\" \/>\n<meta property=\"og:image\" content=\"https:\/\/www.notibras.com\/site\/wp-content\/uploads\/2026\/04\/934066-_tng1842.webp\" \/>\n\t<meta property=\"og:image:width\" content=\"1170\" \/>\n\t<meta property=\"og:image:height\" content=\"700\" \/>\n\t<meta property=\"og:image:type\" content=\"image\/webp\" \/>\n<meta name=\"author\" content=\"Reda\u00e7\u00e3o\" \/>\n<meta name=\"twitter:card\" content=\"summary_large_image\" \/>\n<meta name=\"twitter:creator\" content=\"@Notibras\" \/>\n<meta name=\"twitter:site\" content=\"@Notibras\" \/>\n<meta name=\"twitter:label1\" content=\"Escrito por\" \/>\n\t<meta name=\"twitter:data1\" content=\"Reda\u00e7\u00e3o\" \/>\n\t<meta name=\"twitter:label2\" content=\"Est. tempo de leitura\" \/>\n\t<meta name=\"twitter:data2\" content=\"3 minutos\" \/>\n<script type=\"application\/ld+json\" class=\"yoast-schema-graph\">{\"@context\":\"https:\/\/schema.org\",\"@graph\":[{\"@type\":\"Article\",\"@id\":\"https:\/\/www.notibras.com\/site\/prazo-para-corrigir-pendencia-esta-acabando\/#article\",\"isPartOf\":{\"@id\":\"https:\/\/www.notibras.com\/site\/prazo-para-corrigir-pendencia-esta-acabando\/\"},\"author\":{\"name\":\"Reda\u00e7\u00e3o\",\"@id\":\"https:\/\/www.notibras.com\/site\/#\/schema\/person\/36ab0979449956132d3e5b517ea76ac8\"},\"headline\":\"Prazo para corrigir pend\u00eancia est\u00e1 acabando\",\"datePublished\":\"2026-04-28T11:22:28+00:00\",\"mainEntityOfPage\":{\"@id\":\"https:\/\/www.notibras.com\/site\/prazo-para-corrigir-pendencia-esta-acabando\/\"},\"wordCount\":411,\"publisher\":{\"@id\":\"https:\/\/www.notibras.com\/site\/#organization\"},\"image\":{\"@id\":\"https:\/\/www.notibras.com\/site\/prazo-para-corrigir-pendencia-esta-acabando\/#primaryimage\"},\"thumbnailUrl\":\"https:\/\/www.notibras.com\/site\/wp-content\/uploads\/2026\/04\/934066-_tng1842.webp\",\"articleSection\":[\"Elei\u00e7\u00f5es Bras\u00edlia\"],\"inLanguage\":\"pt-BR\"},{\"@type\":\"WebPage\",\"@id\":\"https:\/\/www.notibras.com\/site\/prazo-para-corrigir-pendencia-esta-acabando\/\",\"url\":\"https:\/\/www.notibras.com\/site\/prazo-para-corrigir-pendencia-esta-acabando\/\",\"name\":\"Prazo para corrigir pend\u00eancia est\u00e1 acabando - Notibras\",\"isPartOf\":{\"@id\":\"https:\/\/www.notibras.com\/site\/#website\"},\"primaryImageOfPage\":{\"@id\":\"https:\/\/www.notibras.com\/site\/prazo-para-corrigir-pendencia-esta-acabando\/#primaryimage\"},\"image\":{\"@id\":\"https:\/\/www.notibras.com\/site\/prazo-para-corrigir-pendencia-esta-acabando\/#primaryimage\"},\"thumbnailUrl\":\"https:\/\/www.notibras.com\/site\/wp-content\/uploads\/2026\/04\/934066-_tng1842.webp\",\"datePublished\":\"2026-04-28T11:22:28+00:00\",\"breadcrumb\":{\"@id\":\"https:\/\/www.notibras.com\/site\/prazo-para-corrigir-pendencia-esta-acabando\/#breadcrumb\"},\"inLanguage\":\"pt-BR\",\"potentialAction\":[{\"@type\":\"ReadAction\",\"target\":[\"https:\/\/www.notibras.com\/site\/prazo-para-corrigir-pendencia-esta-acabando\/\"]}]},{\"@type\":\"ImageObject\",\"inLanguage\":\"pt-BR\",\"@id\":\"https:\/\/www.notibras.com\/site\/prazo-para-corrigir-pendencia-esta-acabando\/#primaryimage\",\"url\":\"https:\/\/www.notibras.com\/site\/wp-content\/uploads\/2026\/04\/934066-_tng1842.webp\",\"contentUrl\":\"https:\/\/www.notibras.com\/site\/wp-content\/uploads\/2026\/04\/934066-_tng1842.webp\",\"width\":1170,\"height\":700},{\"@type\":\"BreadcrumbList\",\"@id\":\"https:\/\/www.notibras.com\/site\/prazo-para-corrigir-pendencia-esta-acabando\/#breadcrumb\",\"itemListElement\":[{\"@type\":\"ListItem\",\"position\":1,\"name\":\"In\u00edcio\",\"item\":\"https:\/\/www.notibras.com\/site\/\"},{\"@type\":\"ListItem\",\"position\":2,\"name\":\"Prazo para corrigir pend\u00eancia est\u00e1 acabando\"}]},{\"@type\":\"WebSite\",\"@id\":\"https:\/\/www.notibras.com\/site\/#website\",\"url\":\"https:\/\/www.notibras.com\/site\/\",\"name\":\"Notibras\",\"description\":\"Not\u00edcias de Bras\u00edlia, do Brasil e do Mundo\",\"publisher\":{\"@id\":\"https:\/\/www.notibras.com\/site\/#organization\"},\"potentialAction\":[{\"@type\":\"SearchAction\",\"target\":{\"@type\":\"EntryPoint\",\"urlTemplate\":\"https:\/\/www.notibras.com\/site\/?s={search_term_string}\"},\"query-input\":{\"@type\":\"PropertyValueSpecification\",\"valueRequired\":true,\"valueName\":\"search_term_string\"}}],\"inLanguage\":\"pt-BR\"},{\"@type\":\"Organization\",\"@id\":\"https:\/\/www.notibras.com\/site\/#organization\",\"name\":\"Grupo Notibras de Comunica\u00e7\u00e3o\",\"url\":\"https:\/\/www.notibras.com\/site\/\",\"logo\":{\"@type\":\"ImageObject\",\"inLanguage\":\"pt-BR\",\"@id\":\"https:\/\/www.notibras.com\/site\/#\/schema\/logo\/image\/\",\"url\":\"https:\/\/www.notibras.com\/site\/wp-content\/uploads\/2023\/01\/notibras23.png\",\"contentUrl\":\"https:\/\/www.notibras.com\/site\/wp-content\/uploads\/2023\/01\/notibras23.png\",\"width\":350,\"height\":87,\"caption\":\"Grupo Notibras de Comunica\u00e7\u00e3o\"},\"image\":{\"@id\":\"https:\/\/www.notibras.com\/site\/#\/schema\/logo\/image\/\"},\"sameAs\":[\"https:\/\/www.facebook.com\/notibras\/\",\"https:\/\/x.com\/Notibras\",\"https:\/\/www.instagram.com\/notibras\/\"]},{\"@type\":\"Person\",\"@id\":\"https:\/\/www.notibras.com\/site\/#\/schema\/person\/36ab0979449956132d3e5b517ea76ac8\",\"name\":\"Reda\u00e7\u00e3o\",\"image\":{\"@type\":\"ImageObject\",\"inLanguage\":\"pt-BR\",\"@id\":\"https:\/\/secure.gravatar.com\/avatar\/e0a867bdedb85fd243eadf09663511f96fc81e0720a4a42581f334ad4303aa6b?s=96&d=mm&r=g\",\"url\":\"https:\/\/secure.gravatar.com\/avatar\/e0a867bdedb85fd243eadf09663511f96fc81e0720a4a42581f334ad4303aa6b?s=96&d=mm&r=g\",\"contentUrl\":\"https:\/\/secure.gravatar.com\/avatar\/e0a867bdedb85fd243eadf09663511f96fc81e0720a4a42581f334ad4303aa6b?s=96&d=mm&r=g\",\"caption\":\"Reda\u00e7\u00e3o\"}}]}<\/script>\n<!-- \/ Yoast SEO plugin. -->","yoast_head_json":{"title":"Prazo para corrigir pend\u00eancia est\u00e1 acabando - Notibras","robots":{"index":"index","follow":"follow","max-snippet":"max-snippet:-1","max-image-preview":"max-image-preview:large","max-video-preview":"max-video-preview:-1"},"canonical":"https:\/\/www.notibras.com\/site\/prazo-para-corrigir-pendencia-esta-acabando\/","og_locale":"pt_BR","og_type":"article","og_title":"Prazo para corrigir pend\u00eancia est\u00e1 acabando - Notibras","og_description":"Os eleitores que pretendem votar nas elei\u00e7\u00f5es de outubro t\u00eam at\u00e9 o dia 6 de maio para regularizar suas pend\u00eancias na Justi\u00e7a Eleitoral. O prazo deve ser observado pelo cidad\u00e3o que quer tirar o primeiro t\u00edtulo de eleitor, regularizar o documento, cadastrar biometria, transferir o domic\u00edlio eleitoral e atualizar dados cadastrais. A partir do dia [&hellip;]","og_url":"https:\/\/www.notibras.com\/site\/prazo-para-corrigir-pendencia-esta-acabando\/","og_site_name":"Notibras","article_publisher":"https:\/\/www.facebook.com\/notibras\/","article_published_time":"2026-04-28T11:22:28+00:00","og_image":[{"width":1170,"height":700,"url":"https:\/\/www.notibras.com\/site\/wp-content\/uploads\/2026\/04\/934066-_tng1842.webp","type":"image\/webp"}],"author":"Reda\u00e7\u00e3o","twitter_card":"summary_large_image","twitter_creator":"@Notibras","twitter_site":"@Notibras","twitter_misc":{"Escrito por":"Reda\u00e7\u00e3o","Est. tempo de leitura":"3 minutos"},"schema":{"@context":"https:\/\/schema.org","@graph":[{"@type":"Article","@id":"https:\/\/www.notibras.com\/site\/prazo-para-corrigir-pendencia-esta-acabando\/#article","isPartOf":{"@id":"https:\/\/www.notibras.com\/site\/prazo-para-corrigir-pendencia-esta-acabando\/"},"author":{"name":"Reda\u00e7\u00e3o","@id":"https:\/\/www.notibras.com\/site\/#\/schema\/person\/36ab0979449956132d3e5b517ea76ac8"},"headline":"Prazo para corrigir pend\u00eancia est\u00e1 acabando","datePublished":"2026-04-28T11:22:28+00:00","mainEntityOfPage":{"@id":"https:\/\/www.notibras.com\/site\/prazo-para-corrigir-pendencia-esta-acabando\/"},"wordCount":411,"publisher":{"@id":"https:\/\/www.notibras.com\/site\/#organization"},"image":{"@id":"https:\/\/www.notibras.com\/site\/prazo-para-corrigir-pendencia-esta-acabando\/#primaryimage"},"thumbnailUrl":"https:\/\/www.notibras.com\/site\/wp-content\/uploads\/2026\/04\/934066-_tng1842.webp","articleSection":["Elei\u00e7\u00f5es Bras\u00edlia"],"inLanguage":"pt-BR"},{"@type":"WebPage","@id":"https:\/\/www.notibras.com\/site\/prazo-para-corrigir-pendencia-esta-acabando\/","url":"https:\/\/www.notibras.com\/site\/prazo-para-corrigir-pendencia-esta-acabando\/","name":"Prazo para corrigir pend\u00eancia est\u00e1 acabando - Notibras","isPartOf":{"@id":"https:\/\/www.notibras.com\/site\/#website"},"primaryImageOfPage":{"@id":"https:\/\/www.notibras.com\/site\/prazo-para-corrigir-pendencia-esta-acabando\/#primaryimage"},"image":{"@id":"https:\/\/www.notibras.com\/site\/prazo-para-corrigir-pendencia-esta-acabando\/#primaryimage"},"thumbnailUrl":"https:\/\/www.notibras.com\/site\/wp-content\/uploads\/2026\/04\/934066-_tng1842.webp","datePublished":"2026-04-28T11:22:28+00:00","breadcrumb":{"@id":"https:\/\/www.notibras.com\/site\/prazo-para-corrigir-pendencia-esta-acabando\/#breadcrumb"},"inLanguage":"pt-BR","potentialAction":[{"@type":"ReadAction","target":["https:\/\/www.notibras.com\/site\/prazo-para-corrigir-pendencia-esta-acabando\/"]}]},{"@type":"ImageObject","inLanguage":"pt-BR","@id":"https:\/\/www.notibras.com\/site\/prazo-para-corrigir-pendencia-esta-acabando\/#primaryimage","url":"https:\/\/www.notibras.com\/site\/wp-content\/uploads\/2026\/04\/934066-_tng1842.webp","contentUrl":"https:\/\/www.notibras.com\/site\/wp-content\/uploads\/2026\/04\/934066-_tng1842.webp","width":1170,"height":700},{"@type":"BreadcrumbList","@id":"https:\/\/www.notibras.com\/site\/prazo-para-corrigir-pendencia-esta-acabando\/#breadcrumb","itemListElement":[{"@type":"ListItem","position":1,"name":"In\u00edcio","item":"https:\/\/www.notibras.com\/site\/"},{"@type":"ListItem","position":2,"name":"Prazo para corrigir pend\u00eancia est\u00e1 acabando"}]},{"@type":"WebSite","@id":"https:\/\/www.notibras.com\/site\/#website","url":"https:\/\/www.notibras.com\/site\/","name":"Notibras","description":"Not\u00edcias de Bras\u00edlia, do Brasil e do Mundo","publisher":{"@id":"https:\/\/www.notibras.com\/site\/#organization"},"potentialAction":[{"@type":"SearchAction","target":{"@type":"EntryPoint","urlTemplate":"https:\/\/www.notibras.com\/site\/?s={search_term_string}"},"query-input":{"@type":"PropertyValueSpecification","valueRequired":true,"valueName":"search_term_string"}}],"inLanguage":"pt-BR"},{"@type":"Organization","@id":"https:\/\/www.notibras.com\/site\/#organization","name":"Grupo Notibras de Comunica\u00e7\u00e3o","url":"https:\/\/www.notibras.com\/site\/","logo":{"@type":"ImageObject","inLanguage":"pt-BR","@id":"https:\/\/www.notibras.com\/site\/#\/schema\/logo\/image\/","url":"https:\/\/www.notibras.com\/site\/wp-content\/uploads\/2023\/01\/notibras23.png","contentUrl":"https:\/\/www.notibras.com\/site\/wp-content\/uploads\/2023\/01\/notibras23.png","width":350,"height":87,"caption":"Grupo Notibras de Comunica\u00e7\u00e3o"},"image":{"@id":"https:\/\/www.notibras.com\/site\/#\/schema\/logo\/image\/"},"sameAs":["https:\/\/www.facebook.com\/notibras\/","https:\/\/x.com\/Notibras","https:\/\/www.instagram.com\/notibras\/"]},{"@type":"Person","@id":"https:\/\/www.notibras.com\/site\/#\/schema\/person\/36ab0979449956132d3e5b517ea76ac8","name":"Reda\u00e7\u00e3o","image":{"@type":"ImageObject","inLanguage":"pt-BR","@id":"https:\/\/secure.gravatar.com\/avatar\/e0a867bdedb85fd243eadf09663511f96fc81e0720a4a42581f334ad4303aa6b?s=96&d=mm&r=g","url":"https:\/\/secure.gravatar.com\/avatar\/e0a867bdedb85fd243eadf09663511f96fc81e0720a4a42581f334ad4303aa6b?s=96&d=mm&r=g","contentUrl":"https:\/\/secure.gravatar.com\/avatar\/e0a867bdedb85fd243eadf09663511f96fc81e0720a4a42581f334ad4303aa6b?s=96&d=mm&r=g","caption":"Reda\u00e7\u00e3o"}}]}},"amp_enabled":true,"_links":{"self":[{"href":"https:\/\/www.notibras.com\/site\/wp-json\/wp\/v2\/posts\/392773","targetHints":{"allow":["GET"]}}],"collection":[{"href":"https:\/\/www.notibras.com\/site\/wp-json\/wp\/v2\/posts"}],"about":[{"href":"https:\/\/www.notibras.com\/site\/wp-json\/wp\/v2\/types\/post"}],"author":[{"embeddable":true,"href":"https:\/\/www.notibras.com\/site\/wp-json\/wp\/v2\/users\/2"}],"replies":[{"embeddable":true,"href":"https:\/\/www.notibras.com\/site\/wp-json\/wp\/v2\/comments?post=392773"}],"version-history":[{"count":1,"href":"https:\/\/www.notibras.com\/site\/wp-json\/wp\/v2\/posts\/392773\/revisions"}],"predecessor-version":[{"id":392775,"href":"https:\/\/www.notibras.com\/site\/wp-json\/wp\/v2\/posts\/392773\/revisions\/392775"}],"wp:featuredmedia":[{"embeddable":true,"href":"https:\/\/www.notibras.com\/site\/wp-json\/wp\/v2\/media\/392774"}],"wp:attachment":[{"href":"https:\/\/www.notibras.com\/site\/wp-json\/wp\/v2\/media?parent=392773"}],"wp:term":[{"taxonomy":"category","embeddable":true,"href":"https:\/\/www.notibras.com\/site\/wp-json\/wp\/v2\/categories?post=392773"},{"taxonomy":"post_tag","embeddable":true,"href":"https:\/\/www.notibras.com\/site\/wp-json\/wp\/v2\/tags?post=392773"}],"curies":[{"name":"wp","href":"https:\/\/api.w.org\/{rel}","templated":true}]}}