{"id":392776,"date":"2026-04-28T07:31:23","date_gmt":"2026-04-28T10:31:23","guid":{"rendered":"https:\/\/www.notibras.com\/site\/?p=392776"},"modified":"2026-04-28T08:33:30","modified_gmt":"2026-04-28T11:33:30","slug":"federais-combatem-corrupcao-no-porto-do-rio","status":"publish","type":"post","link":"https:\/\/www.notibras.com\/site\/federais-combatem-corrupcao-no-porto-do-rio\/","title":{"rendered":"Federais combatem corrup\u00e7\u00e3o no Porto do Rio"},"content":{"rendered":"<p>Um esquema criminoso de facilita\u00e7\u00e3o de contrabando e de descaminho no Porto do Rio de Janeiro \u00e9 alvo da Opera\u00e7\u00e3o Mare Liberum deflagrada na manh\u00e3 desta ter\u00e7a-feira (28) pela Pol\u00edcia Federal (PF), com apoio do Gaeco\/Minist\u00e9rio P\u00fablico Federal (MPF) e da Corregedoria da Receita Federal.<\/p>\n<p>Os agentes cumprem 45 mandados de busca e apreens\u00e3o no Rio de Janeiro e no Esp\u00edrito Santo. A Justi\u00e7a determinou ainda o afastamento dos cargos de 17 auditores fiscais e de oito analistas tribut\u00e1rios.<\/p>\n<p>Al\u00e9m disso, foram adotadas medidas de bloqueio de bens e de restri\u00e7\u00f5es a atividades profissionais de nove despachantes.<\/p>\n<p>\u201cAs investiga\u00e7\u00f5es apontam atua\u00e7\u00e3o de grupo estruturado na libera\u00e7\u00e3o irregular de mercadorias, com diverg\u00eancias entre produtos importados e declarados, e poss\u00edvel supress\u00e3o de tributos\u201d, informou a PF.<\/p>\n<p>\u201cOs investigados poder\u00e3o responder por crimes como corrup\u00e7\u00e3o, associa\u00e7\u00e3o criminosa, contrabando, descaminho e lavagem de dinheiro\u201d, diz ainda a nota.<\/p>\n","protected":false},"excerpt":{"rendered":"<p>Um esquema criminoso de facilita\u00e7\u00e3o de contrabando e de descaminho no Porto do Rio de Janeiro \u00e9 alvo da Opera\u00e7\u00e3o Mare Liberum deflagrada na manh\u00e3 desta ter\u00e7a-feira (28) pela Pol\u00edcia Federal (PF), com apoio do Gaeco\/Minist\u00e9rio P\u00fablico Federal (MPF) e da Corregedoria da Receita Federal. Os agentes cumprem 45 mandados de busca e apreens\u00e3o no [&hellip;]<\/p>\n","protected":false},"author":2,"featured_media":392777,"comment_status":"closed","ping_status":"closed","sticky":false,"template":"","format":"standard","meta":{"_acf_changed":false,"footnotes":""},"categories":[16],"tags":[],"class_list":["post-392776","post","type-post","status-publish","format-standard","has-post-thumbnail","hentry","category-brasil"],"acf":[],"yoast_head":"<!-- This site is optimized with the Yoast SEO plugin v27.2 - https:\/\/yoast.com\/product\/yoast-seo-wordpress\/ -->\n<title>Federais combatem corrup\u00e7\u00e3o no Porto do Rio - Notibras<\/title>\n<meta name=\"robots\" content=\"index, follow, max-snippet:-1, max-image-preview:large, max-video-preview:-1\" \/>\n<link rel=\"canonical\" href=\"https:\/\/www.notibras.com\/site\/federais-combatem-corrupcao-no-porto-do-rio\/\" \/>\n<meta property=\"og:locale\" content=\"pt_BR\" \/>\n<meta property=\"og:type\" content=\"article\" \/>\n<meta property=\"og:title\" content=\"Federais combatem corrup\u00e7\u00e3o no Porto do Rio - Notibras\" \/>\n<meta property=\"og:description\" content=\"Um esquema criminoso de facilita\u00e7\u00e3o de contrabando e de descaminho no Porto do Rio de Janeiro \u00e9 alvo da Opera\u00e7\u00e3o Mare Liberum deflagrada na manh\u00e3 desta ter\u00e7a-feira (28) pela Pol\u00edcia Federal (PF), com apoio do Gaeco\/Minist\u00e9rio P\u00fablico Federal (MPF) e da Corregedoria da Receita Federal. Os agentes cumprem 45 mandados de busca e apreens\u00e3o no [&hellip;]\" \/>\n<meta property=\"og:url\" content=\"https:\/\/www.notibras.com\/site\/federais-combatem-corrupcao-no-porto-do-rio\/\" \/>\n<meta property=\"og:site_name\" content=\"Notibras\" \/>\n<meta property=\"article:publisher\" content=\"https:\/\/www.facebook.com\/notibras\/\" \/>\n<meta property=\"article:published_time\" content=\"2026-04-28T10:31:23+00:00\" \/>\n<meta property=\"article:modified_time\" content=\"2026-04-28T11:33:30+00:00\" \/>\n<meta property=\"og:image\" content=\"https:\/\/www.notibras.com\/site\/wp-content\/uploads\/2026\/04\/agenciabrasil260712_abr9887.webp\" \/>\n\t<meta property=\"og:image:width\" content=\"1170\" \/>\n\t<meta property=\"og:image:height\" content=\"700\" \/>\n\t<meta property=\"og:image:type\" content=\"image\/webp\" \/>\n<meta name=\"author\" content=\"Reda\u00e7\u00e3o\" \/>\n<meta name=\"twitter:card\" content=\"summary_large_image\" \/>\n<meta name=\"twitter:creator\" content=\"@Notibras\" \/>\n<meta name=\"twitter:site\" content=\"@Notibras\" \/>\n<meta name=\"twitter:label1\" content=\"Escrito por\" \/>\n\t<meta name=\"twitter:data1\" content=\"Reda\u00e7\u00e3o\" \/>\n\t<meta name=\"twitter:label2\" content=\"Est. tempo de leitura\" \/>\n\t<meta name=\"twitter:data2\" content=\"2 minutos\" \/>\n<script type=\"application\/ld+json\" class=\"yoast-schema-graph\">{\"@context\":\"https:\/\/schema.org\",\"@graph\":[{\"@type\":\"Article\",\"@id\":\"https:\/\/www.notibras.com\/site\/federais-combatem-corrupcao-no-porto-do-rio\/#article\",\"isPartOf\":{\"@id\":\"https:\/\/www.notibras.com\/site\/federais-combatem-corrupcao-no-porto-do-rio\/\"},\"author\":{\"name\":\"Reda\u00e7\u00e3o\",\"@id\":\"https:\/\/www.notibras.com\/site\/#\/schema\/person\/36ab0979449956132d3e5b517ea76ac8\"},\"headline\":\"Federais combatem corrup\u00e7\u00e3o no Porto do Rio\",\"datePublished\":\"2026-04-28T10:31:23+00:00\",\"dateModified\":\"2026-04-28T11:33:30+00:00\",\"mainEntityOfPage\":{\"@id\":\"https:\/\/www.notibras.com\/site\/federais-combatem-corrupcao-no-porto-do-rio\/\"},\"wordCount\":170,\"publisher\":{\"@id\":\"https:\/\/www.notibras.com\/site\/#organization\"},\"image\":{\"@id\":\"https:\/\/www.notibras.com\/site\/federais-combatem-corrupcao-no-porto-do-rio\/#primaryimage\"},\"thumbnailUrl\":\"https:\/\/www.notibras.com\/site\/wp-content\/uploads\/2026\/04\/agenciabrasil260712_abr9887.webp\",\"articleSection\":[\"Brasil\"],\"inLanguage\":\"pt-BR\"},{\"@type\":\"WebPage\",\"@id\":\"https:\/\/www.notibras.com\/site\/federais-combatem-corrupcao-no-porto-do-rio\/\",\"url\":\"https:\/\/www.notibras.com\/site\/federais-combatem-corrupcao-no-porto-do-rio\/\",\"name\":\"Federais combatem corrup\u00e7\u00e3o no Porto do Rio - Notibras\",\"isPartOf\":{\"@id\":\"https:\/\/www.notibras.com\/site\/#website\"},\"primaryImageOfPage\":{\"@id\":\"https:\/\/www.notibras.com\/site\/federais-combatem-corrupcao-no-porto-do-rio\/#primaryimage\"},\"image\":{\"@id\":\"https:\/\/www.notibras.com\/site\/federais-combatem-corrupcao-no-porto-do-rio\/#primaryimage\"},\"thumbnailUrl\":\"https:\/\/www.notibras.com\/site\/wp-content\/uploads\/2026\/04\/agenciabrasil260712_abr9887.webp\",\"datePublished\":\"2026-04-28T10:31:23+00:00\",\"dateModified\":\"2026-04-28T11:33:30+00:00\",\"breadcrumb\":{\"@id\":\"https:\/\/www.notibras.com\/site\/federais-combatem-corrupcao-no-porto-do-rio\/#breadcrumb\"},\"inLanguage\":\"pt-BR\",\"potentialAction\":[{\"@type\":\"ReadAction\",\"target\":[\"https:\/\/www.notibras.com\/site\/federais-combatem-corrupcao-no-porto-do-rio\/\"]}]},{\"@type\":\"ImageObject\",\"inLanguage\":\"pt-BR\",\"@id\":\"https:\/\/www.notibras.com\/site\/federais-combatem-corrupcao-no-porto-do-rio\/#primaryimage\",\"url\":\"https:\/\/www.notibras.com\/site\/wp-content\/uploads\/2026\/04\/agenciabrasil260712_abr9887.webp\",\"contentUrl\":\"https:\/\/www.notibras.com\/site\/wp-content\/uploads\/2026\/04\/agenciabrasil260712_abr9887.webp\",\"width\":1170,\"height\":700},{\"@type\":\"BreadcrumbList\",\"@id\":\"https:\/\/www.notibras.com\/site\/federais-combatem-corrupcao-no-porto-do-rio\/#breadcrumb\",\"itemListElement\":[{\"@type\":\"ListItem\",\"position\":1,\"name\":\"In\u00edcio\",\"item\":\"https:\/\/www.notibras.com\/site\/\"},{\"@type\":\"ListItem\",\"position\":2,\"name\":\"Federais combatem corrup\u00e7\u00e3o no Porto do Rio\"}]},{\"@type\":\"WebSite\",\"@id\":\"https:\/\/www.notibras.com\/site\/#website\",\"url\":\"https:\/\/www.notibras.com\/site\/\",\"name\":\"Notibras\",\"description\":\"Not\u00edcias de Bras\u00edlia, do Brasil e do Mundo\",\"publisher\":{\"@id\":\"https:\/\/www.notibras.com\/site\/#organization\"},\"potentialAction\":[{\"@type\":\"SearchAction\",\"target\":{\"@type\":\"EntryPoint\",\"urlTemplate\":\"https:\/\/www.notibras.com\/site\/?s={search_term_string}\"},\"query-input\":{\"@type\":\"PropertyValueSpecification\",\"valueRequired\":true,\"valueName\":\"search_term_string\"}}],\"inLanguage\":\"pt-BR\"},{\"@type\":\"Organization\",\"@id\":\"https:\/\/www.notibras.com\/site\/#organization\",\"name\":\"Grupo Notibras de Comunica\u00e7\u00e3o\",\"url\":\"https:\/\/www.notibras.com\/site\/\",\"logo\":{\"@type\":\"ImageObject\",\"inLanguage\":\"pt-BR\",\"@id\":\"https:\/\/www.notibras.com\/site\/#\/schema\/logo\/image\/\",\"url\":\"https:\/\/www.notibras.com\/site\/wp-content\/uploads\/2023\/01\/notibras23.png\",\"contentUrl\":\"https:\/\/www.notibras.com\/site\/wp-content\/uploads\/2023\/01\/notibras23.png\",\"width\":350,\"height\":87,\"caption\":\"Grupo Notibras de Comunica\u00e7\u00e3o\"},\"image\":{\"@id\":\"https:\/\/www.notibras.com\/site\/#\/schema\/logo\/image\/\"},\"sameAs\":[\"https:\/\/www.facebook.com\/notibras\/\",\"https:\/\/x.com\/Notibras\",\"https:\/\/www.instagram.com\/notibras\/\"]},{\"@type\":\"Person\",\"@id\":\"https:\/\/www.notibras.com\/site\/#\/schema\/person\/36ab0979449956132d3e5b517ea76ac8\",\"name\":\"Reda\u00e7\u00e3o\",\"image\":{\"@type\":\"ImageObject\",\"inLanguage\":\"pt-BR\",\"@id\":\"https:\/\/secure.gravatar.com\/avatar\/e0a867bdedb85fd243eadf09663511f96fc81e0720a4a42581f334ad4303aa6b?s=96&d=mm&r=g\",\"url\":\"https:\/\/secure.gravatar.com\/avatar\/e0a867bdedb85fd243eadf09663511f96fc81e0720a4a42581f334ad4303aa6b?s=96&d=mm&r=g\",\"contentUrl\":\"https:\/\/secure.gravatar.com\/avatar\/e0a867bdedb85fd243eadf09663511f96fc81e0720a4a42581f334ad4303aa6b?s=96&d=mm&r=g\",\"caption\":\"Reda\u00e7\u00e3o\"}}]}<\/script>\n<!-- \/ Yoast SEO plugin. -->","yoast_head_json":{"title":"Federais combatem corrup\u00e7\u00e3o no Porto do Rio - Notibras","robots":{"index":"index","follow":"follow","max-snippet":"max-snippet:-1","max-image-preview":"max-image-preview:large","max-video-preview":"max-video-preview:-1"},"canonical":"https:\/\/www.notibras.com\/site\/federais-combatem-corrupcao-no-porto-do-rio\/","og_locale":"pt_BR","og_type":"article","og_title":"Federais combatem corrup\u00e7\u00e3o no Porto do Rio - Notibras","og_description":"Um esquema criminoso de facilita\u00e7\u00e3o de contrabando e de descaminho no Porto do Rio de Janeiro \u00e9 alvo da Opera\u00e7\u00e3o Mare Liberum deflagrada na manh\u00e3 desta ter\u00e7a-feira (28) pela Pol\u00edcia Federal (PF), com apoio do Gaeco\/Minist\u00e9rio P\u00fablico Federal (MPF) e da Corregedoria da Receita Federal. Os agentes cumprem 45 mandados de busca e apreens\u00e3o no [&hellip;]","og_url":"https:\/\/www.notibras.com\/site\/federais-combatem-corrupcao-no-porto-do-rio\/","og_site_name":"Notibras","article_publisher":"https:\/\/www.facebook.com\/notibras\/","article_published_time":"2026-04-28T10:31:23+00:00","article_modified_time":"2026-04-28T11:33:30+00:00","og_image":[{"width":1170,"height":700,"url":"https:\/\/www.notibras.com\/site\/wp-content\/uploads\/2026\/04\/agenciabrasil260712_abr9887.webp","type":"image\/webp"}],"author":"Reda\u00e7\u00e3o","twitter_card":"summary_large_image","twitter_creator":"@Notibras","twitter_site":"@Notibras","twitter_misc":{"Escrito por":"Reda\u00e7\u00e3o","Est. tempo de leitura":"2 minutos"},"schema":{"@context":"https:\/\/schema.org","@graph":[{"@type":"Article","@id":"https:\/\/www.notibras.com\/site\/federais-combatem-corrupcao-no-porto-do-rio\/#article","isPartOf":{"@id":"https:\/\/www.notibras.com\/site\/federais-combatem-corrupcao-no-porto-do-rio\/"},"author":{"name":"Reda\u00e7\u00e3o","@id":"https:\/\/www.notibras.com\/site\/#\/schema\/person\/36ab0979449956132d3e5b517ea76ac8"},"headline":"Federais combatem corrup\u00e7\u00e3o no Porto do Rio","datePublished":"2026-04-28T10:31:23+00:00","dateModified":"2026-04-28T11:33:30+00:00","mainEntityOfPage":{"@id":"https:\/\/www.notibras.com\/site\/federais-combatem-corrupcao-no-porto-do-rio\/"},"wordCount":170,"publisher":{"@id":"https:\/\/www.notibras.com\/site\/#organization"},"image":{"@id":"https:\/\/www.notibras.com\/site\/federais-combatem-corrupcao-no-porto-do-rio\/#primaryimage"},"thumbnailUrl":"https:\/\/www.notibras.com\/site\/wp-content\/uploads\/2026\/04\/agenciabrasil260712_abr9887.webp","articleSection":["Brasil"],"inLanguage":"pt-BR"},{"@type":"WebPage","@id":"https:\/\/www.notibras.com\/site\/federais-combatem-corrupcao-no-porto-do-rio\/","url":"https:\/\/www.notibras.com\/site\/federais-combatem-corrupcao-no-porto-do-rio\/","name":"Federais combatem corrup\u00e7\u00e3o no Porto do Rio - Notibras","isPartOf":{"@id":"https:\/\/www.notibras.com\/site\/#website"},"primaryImageOfPage":{"@id":"https:\/\/www.notibras.com\/site\/federais-combatem-corrupcao-no-porto-do-rio\/#primaryimage"},"image":{"@id":"https:\/\/www.notibras.com\/site\/federais-combatem-corrupcao-no-porto-do-rio\/#primaryimage"},"thumbnailUrl":"https:\/\/www.notibras.com\/site\/wp-content\/uploads\/2026\/04\/agenciabrasil260712_abr9887.webp","datePublished":"2026-04-28T10:31:23+00:00","dateModified":"2026-04-28T11:33:30+00:00","breadcrumb":{"@id":"https:\/\/www.notibras.com\/site\/federais-combatem-corrupcao-no-porto-do-rio\/#breadcrumb"},"inLanguage":"pt-BR","potentialAction":[{"@type":"ReadAction","target":["https:\/\/www.notibras.com\/site\/federais-combatem-corrupcao-no-porto-do-rio\/"]}]},{"@type":"ImageObject","inLanguage":"pt-BR","@id":"https:\/\/www.notibras.com\/site\/federais-combatem-corrupcao-no-porto-do-rio\/#primaryimage","url":"https:\/\/www.notibras.com\/site\/wp-content\/uploads\/2026\/04\/agenciabrasil260712_abr9887.webp","contentUrl":"https:\/\/www.notibras.com\/site\/wp-content\/uploads\/2026\/04\/agenciabrasil260712_abr9887.webp","width":1170,"height":700},{"@type":"BreadcrumbList","@id":"https:\/\/www.notibras.com\/site\/federais-combatem-corrupcao-no-porto-do-rio\/#breadcrumb","itemListElement":[{"@type":"ListItem","position":1,"name":"In\u00edcio","item":"https:\/\/www.notibras.com\/site\/"},{"@type":"ListItem","position":2,"name":"Federais combatem corrup\u00e7\u00e3o no Porto do Rio"}]},{"@type":"WebSite","@id":"https:\/\/www.notibras.com\/site\/#website","url":"https:\/\/www.notibras.com\/site\/","name":"Notibras","description":"Not\u00edcias de Bras\u00edlia, do Brasil e do Mundo","publisher":{"@id":"https:\/\/www.notibras.com\/site\/#organization"},"potentialAction":[{"@type":"SearchAction","target":{"@type":"EntryPoint","urlTemplate":"https:\/\/www.notibras.com\/site\/?s={search_term_string}"},"query-input":{"@type":"PropertyValueSpecification","valueRequired":true,"valueName":"search_term_string"}}],"inLanguage":"pt-BR"},{"@type":"Organization","@id":"https:\/\/www.notibras.com\/site\/#organization","name":"Grupo Notibras de Comunica\u00e7\u00e3o","url":"https:\/\/www.notibras.com\/site\/","logo":{"@type":"ImageObject","inLanguage":"pt-BR","@id":"https:\/\/www.notibras.com\/site\/#\/schema\/logo\/image\/","url":"https:\/\/www.notibras.com\/site\/wp-content\/uploads\/2023\/01\/notibras23.png","contentUrl":"https:\/\/www.notibras.com\/site\/wp-content\/uploads\/2023\/01\/notibras23.png","width":350,"height":87,"caption":"Grupo Notibras de Comunica\u00e7\u00e3o"},"image":{"@id":"https:\/\/www.notibras.com\/site\/#\/schema\/logo\/image\/"},"sameAs":["https:\/\/www.facebook.com\/notibras\/","https:\/\/x.com\/Notibras","https:\/\/www.instagram.com\/notibras\/"]},{"@type":"Person","@id":"https:\/\/www.notibras.com\/site\/#\/schema\/person\/36ab0979449956132d3e5b517ea76ac8","name":"Reda\u00e7\u00e3o","image":{"@type":"ImageObject","inLanguage":"pt-BR","@id":"https:\/\/secure.gravatar.com\/avatar\/e0a867bdedb85fd243eadf09663511f96fc81e0720a4a42581f334ad4303aa6b?s=96&d=mm&r=g","url":"https:\/\/secure.gravatar.com\/avatar\/e0a867bdedb85fd243eadf09663511f96fc81e0720a4a42581f334ad4303aa6b?s=96&d=mm&r=g","contentUrl":"https:\/\/secure.gravatar.com\/avatar\/e0a867bdedb85fd243eadf09663511f96fc81e0720a4a42581f334ad4303aa6b?s=96&d=mm&r=g","caption":"Reda\u00e7\u00e3o"}}]}},"amp_enabled":true,"_links":{"self":[{"href":"https:\/\/www.notibras.com\/site\/wp-json\/wp\/v2\/posts\/392776","targetHints":{"allow":["GET"]}}],"collection":[{"href":"https:\/\/www.notibras.com\/site\/wp-json\/wp\/v2\/posts"}],"about":[{"href":"https:\/\/www.notibras.com\/site\/wp-json\/wp\/v2\/types\/post"}],"author":[{"embeddable":true,"href":"https:\/\/www.notibras.com\/site\/wp-json\/wp\/v2\/users\/2"}],"replies":[{"embeddable":true,"href":"https:\/\/www.notibras.com\/site\/wp-json\/wp\/v2\/comments?post=392776"}],"version-history":[{"count":1,"href":"https:\/\/www.notibras.com\/site\/wp-json\/wp\/v2\/posts\/392776\/revisions"}],"predecessor-version":[{"id":392778,"href":"https:\/\/www.notibras.com\/site\/wp-json\/wp\/v2\/posts\/392776\/revisions\/392778"}],"wp:featuredmedia":[{"embeddable":true,"href":"https:\/\/www.notibras.com\/site\/wp-json\/wp\/v2\/media\/392777"}],"wp:attachment":[{"href":"https:\/\/www.notibras.com\/site\/wp-json\/wp\/v2\/media?parent=392776"}],"wp:term":[{"taxonomy":"category","embeddable":true,"href":"https:\/\/www.notibras.com\/site\/wp-json\/wp\/v2\/categories?post=392776"},{"taxonomy":"post_tag","embeddable":true,"href":"https:\/\/www.notibras.com\/site\/wp-json\/wp\/v2\/tags?post=392776"}],"curies":[{"name":"wp","href":"https:\/\/api.w.org\/{rel}","templated":true}]}}