{"id":392779,"date":"2026-04-28T00:00:29","date_gmt":"2026-04-28T03:00:29","guid":{"rendered":"https:\/\/www.notibras.com\/site\/?p=392779"},"modified":"2026-04-28T08:38:02","modified_gmt":"2026-04-28T11:38:02","slug":"mp-acompanha-investigacoes-sobre-morte-de-empresario","status":"publish","type":"post","link":"https:\/\/www.notibras.com\/site\/mp-acompanha-investigacoes-sobre-morte-de-empresario\/","title":{"rendered":"MP acompanha investiga\u00e7\u00f5es sobre morte de empres\u00e1rio"},"content":{"rendered":"<p>O Grupo de Atua\u00e7\u00e3o Especializada em Seguran\u00e7a P\u00fablica do Minist\u00e9rio P\u00fablico do Estado do Rio de Janeiro (GAESP\/MPRJ) acompanha as investiga\u00e7\u00f5es da morte do empres\u00e1rio Daniel Patr\u00edcio Santos de Oliveira, ocorrida na \u00faltima quarta-feira (22), na Pavuna, zona norte do Rio.<\/p>\n<p>O caso foi comunicado ao plant\u00e3o de monitoramento, conforme previsto na ADPF 635 [Argui\u00e7\u00e3o de Descumprimento de Preceito Fundamental], conhecida como ADPF das Favelas.<\/p>\n<p>O GAESP\/MPRJ tamb\u00e9m segue acompanhando o andamento das investiga\u00e7\u00f5es conduzidas pela Corregedoria da Pol\u00edcia Militar e pela Delegacia de Homic\u00eddios da Capital para esclarecer as circunst\u00e2ncias da a\u00e7\u00e3o policial, identificar eventuais irregularidades em rela\u00e7\u00e3o aos protocolos operacionais e apurar a responsabilidade de todos os envolvidos, inclusive os que n\u00e3o estavam presentes na cena do crime.<\/p>\n<p>Daniel, de 29 anos, foi morto ap\u00f3s o carro em que estava com dois amigos ser alvo de cerca de 23 tiros, de acordo com testemunhas, durante uma abordagem policial na Pavuna. Daniel chegou a sinalizar com os far\u00f3is do ve\u00edculo, na tentativa de indicar que se tratavam de moradores da regi\u00e3o, mas os disparos n\u00e3o cessaram.<\/p>\n<p>O sargento Rafael Assun\u00e7\u00e3o Marinho e o cabo PM Rodrigo da Silva Alves foram presos em flagrante pela Corregedoria da corpora\u00e7\u00e3o por homic\u00eddio doloso, quando h\u00e1 inten\u00e7\u00e3o de matar. O crime \u00e9 previsto na Justi\u00e7a Militar. O juiz manteve os dois policiais presos, ap\u00f3s passarem por audi\u00eancia de cust\u00f3dia.<\/p>\n<p><strong>Esclarecimentos<\/strong><br \/>\nA Comiss\u00e3o de Defesa dos Direitos Humanos e Cidadania (CDDHC) da Assembleia Legislativa do Rio de Janeiro atendeu a vi\u00fava de Daniel Patr\u00edcio Santos de Oliveira, Karina Paes. A comiss\u00e3o vai oficiar a Corregedoria da Pol\u00edcia Militar e a Secretaria de Seguran\u00e7a P\u00fablica para solicitar esclarecimentos sobre os protocolos adotados na a\u00e7\u00e3o policial e informa\u00e7\u00f5es sobre o uso das c\u00e2meras corporais pelos agentes envolvidos.<\/p>\n<p>Para a presidente da CDDHC, deputada Dani Monteiro, o caso evidencia uma l\u00f3gica recorrente de viola\u00e7\u00f5es.<\/p>\n<p>\u201cH\u00e1 ind\u00edcios graves de uso desproporcional da for\u00e7a e quebra de protocolos, em um contexto que j\u00e1 vitimou outras pessoas, como a m\u00e9dica Andrea Marins, no m\u00eas passado. Mais uma vez falamos que isso n\u00e3o \u00e9 epis\u00f3dio isolado\u201d.<\/p>\n","protected":false},"excerpt":{"rendered":"<p>O Grupo de Atua\u00e7\u00e3o Especializada em Seguran\u00e7a P\u00fablica do Minist\u00e9rio P\u00fablico do Estado do Rio de Janeiro (GAESP\/MPRJ) acompanha as investiga\u00e7\u00f5es da morte do empres\u00e1rio Daniel Patr\u00edcio Santos de Oliveira, ocorrida na \u00faltima quarta-feira (22), na Pavuna, zona norte do Rio. O caso foi comunicado ao plant\u00e3o de monitoramento, conforme previsto na ADPF 635 [Argui\u00e7\u00e3o [&hellip;]<\/p>\n","protected":false},"author":2,"featured_media":392780,"comment_status":"closed","ping_status":"closed","sticky":false,"template":"","format":"standard","meta":{"_acf_changed":false,"footnotes":""},"categories":[16],"tags":[],"class_list":["post-392779","post","type-post","status-publish","format-standard","has-post-thumbnail","hentry","category-brasil"],"acf":[],"yoast_head":"<!-- This site is optimized with the Yoast SEO plugin v27.2 - https:\/\/yoast.com\/product\/yoast-seo-wordpress\/ -->\n<title>MP acompanha investiga\u00e7\u00f5es sobre morte de empres\u00e1rio - Notibras<\/title>\n<meta name=\"robots\" content=\"index, follow, max-snippet:-1, max-image-preview:large, max-video-preview:-1\" \/>\n<link rel=\"canonical\" href=\"https:\/\/www.notibras.com\/site\/mp-acompanha-investigacoes-sobre-morte-de-empresario\/\" \/>\n<meta property=\"og:locale\" content=\"pt_BR\" \/>\n<meta property=\"og:type\" content=\"article\" \/>\n<meta property=\"og:title\" content=\"MP acompanha investiga\u00e7\u00f5es sobre morte de empres\u00e1rio - Notibras\" \/>\n<meta property=\"og:description\" content=\"O Grupo de Atua\u00e7\u00e3o Especializada em Seguran\u00e7a P\u00fablica do Minist\u00e9rio P\u00fablico do Estado do Rio de Janeiro (GAESP\/MPRJ) acompanha as investiga\u00e7\u00f5es da morte do empres\u00e1rio Daniel Patr\u00edcio Santos de Oliveira, ocorrida na \u00faltima quarta-feira (22), na Pavuna, zona norte do Rio. O caso foi comunicado ao plant\u00e3o de monitoramento, conforme previsto na ADPF 635 [Argui\u00e7\u00e3o [&hellip;]\" \/>\n<meta property=\"og:url\" content=\"https:\/\/www.notibras.com\/site\/mp-acompanha-investigacoes-sobre-morte-de-empresario\/\" \/>\n<meta property=\"og:site_name\" content=\"Notibras\" \/>\n<meta property=\"article:publisher\" content=\"https:\/\/www.facebook.com\/notibras\/\" \/>\n<meta property=\"article:published_time\" content=\"2026-04-28T03:00:29+00:00\" \/>\n<meta property=\"article:modified_time\" content=\"2026-04-28T11:38:02+00:00\" \/>\n<meta property=\"og:image\" content=\"https:\/\/www.notibras.com\/site\/wp-content\/uploads\/2026\/04\/tnrgo_abr_1212188789rj.webp\" \/>\n\t<meta property=\"og:image:width\" content=\"1170\" \/>\n\t<meta property=\"og:image:height\" content=\"700\" \/>\n\t<meta property=\"og:image:type\" content=\"image\/webp\" \/>\n<meta name=\"author\" content=\"Reda\u00e7\u00e3o\" \/>\n<meta name=\"twitter:card\" content=\"summary_large_image\" \/>\n<meta name=\"twitter:creator\" content=\"@Notibras\" \/>\n<meta name=\"twitter:site\" content=\"@Notibras\" \/>\n<meta name=\"twitter:label1\" content=\"Escrito por\" \/>\n\t<meta name=\"twitter:data1\" content=\"Reda\u00e7\u00e3o\" \/>\n\t<meta name=\"twitter:label2\" content=\"Est. tempo de leitura\" \/>\n\t<meta name=\"twitter:data2\" content=\"3 minutos\" \/>\n<script type=\"application\/ld+json\" class=\"yoast-schema-graph\">{\"@context\":\"https:\/\/schema.org\",\"@graph\":[{\"@type\":\"Article\",\"@id\":\"https:\/\/www.notibras.com\/site\/mp-acompanha-investigacoes-sobre-morte-de-empresario\/#article\",\"isPartOf\":{\"@id\":\"https:\/\/www.notibras.com\/site\/mp-acompanha-investigacoes-sobre-morte-de-empresario\/\"},\"author\":{\"name\":\"Reda\u00e7\u00e3o\",\"@id\":\"https:\/\/www.notibras.com\/site\/#\/schema\/person\/36ab0979449956132d3e5b517ea76ac8\"},\"headline\":\"MP acompanha investiga\u00e7\u00f5es sobre morte de empres\u00e1rio\",\"datePublished\":\"2026-04-28T03:00:29+00:00\",\"dateModified\":\"2026-04-28T11:38:02+00:00\",\"mainEntityOfPage\":{\"@id\":\"https:\/\/www.notibras.com\/site\/mp-acompanha-investigacoes-sobre-morte-de-empresario\/\"},\"wordCount\":399,\"publisher\":{\"@id\":\"https:\/\/www.notibras.com\/site\/#organization\"},\"image\":{\"@id\":\"https:\/\/www.notibras.com\/site\/mp-acompanha-investigacoes-sobre-morte-de-empresario\/#primaryimage\"},\"thumbnailUrl\":\"https:\/\/www.notibras.com\/site\/wp-content\/uploads\/2026\/04\/tnrgo_abr_1212188789rj.webp\",\"articleSection\":[\"Brasil\"],\"inLanguage\":\"pt-BR\"},{\"@type\":\"WebPage\",\"@id\":\"https:\/\/www.notibras.com\/site\/mp-acompanha-investigacoes-sobre-morte-de-empresario\/\",\"url\":\"https:\/\/www.notibras.com\/site\/mp-acompanha-investigacoes-sobre-morte-de-empresario\/\",\"name\":\"MP acompanha investiga\u00e7\u00f5es sobre morte de empres\u00e1rio - Notibras\",\"isPartOf\":{\"@id\":\"https:\/\/www.notibras.com\/site\/#website\"},\"primaryImageOfPage\":{\"@id\":\"https:\/\/www.notibras.com\/site\/mp-acompanha-investigacoes-sobre-morte-de-empresario\/#primaryimage\"},\"image\":{\"@id\":\"https:\/\/www.notibras.com\/site\/mp-acompanha-investigacoes-sobre-morte-de-empresario\/#primaryimage\"},\"thumbnailUrl\":\"https:\/\/www.notibras.com\/site\/wp-content\/uploads\/2026\/04\/tnrgo_abr_1212188789rj.webp\",\"datePublished\":\"2026-04-28T03:00:29+00:00\",\"dateModified\":\"2026-04-28T11:38:02+00:00\",\"breadcrumb\":{\"@id\":\"https:\/\/www.notibras.com\/site\/mp-acompanha-investigacoes-sobre-morte-de-empresario\/#breadcrumb\"},\"inLanguage\":\"pt-BR\",\"potentialAction\":[{\"@type\":\"ReadAction\",\"target\":[\"https:\/\/www.notibras.com\/site\/mp-acompanha-investigacoes-sobre-morte-de-empresario\/\"]}]},{\"@type\":\"ImageObject\",\"inLanguage\":\"pt-BR\",\"@id\":\"https:\/\/www.notibras.com\/site\/mp-acompanha-investigacoes-sobre-morte-de-empresario\/#primaryimage\",\"url\":\"https:\/\/www.notibras.com\/site\/wp-content\/uploads\/2026\/04\/tnrgo_abr_1212188789rj.webp\",\"contentUrl\":\"https:\/\/www.notibras.com\/site\/wp-content\/uploads\/2026\/04\/tnrgo_abr_1212188789rj.webp\",\"width\":1170,\"height\":700},{\"@type\":\"BreadcrumbList\",\"@id\":\"https:\/\/www.notibras.com\/site\/mp-acompanha-investigacoes-sobre-morte-de-empresario\/#breadcrumb\",\"itemListElement\":[{\"@type\":\"ListItem\",\"position\":1,\"name\":\"In\u00edcio\",\"item\":\"https:\/\/www.notibras.com\/site\/\"},{\"@type\":\"ListItem\",\"position\":2,\"name\":\"MP acompanha investiga\u00e7\u00f5es sobre morte de empres\u00e1rio\"}]},{\"@type\":\"WebSite\",\"@id\":\"https:\/\/www.notibras.com\/site\/#website\",\"url\":\"https:\/\/www.notibras.com\/site\/\",\"name\":\"Notibras\",\"description\":\"Not\u00edcias de Bras\u00edlia, do Brasil e do Mundo\",\"publisher\":{\"@id\":\"https:\/\/www.notibras.com\/site\/#organization\"},\"potentialAction\":[{\"@type\":\"SearchAction\",\"target\":{\"@type\":\"EntryPoint\",\"urlTemplate\":\"https:\/\/www.notibras.com\/site\/?s={search_term_string}\"},\"query-input\":{\"@type\":\"PropertyValueSpecification\",\"valueRequired\":true,\"valueName\":\"search_term_string\"}}],\"inLanguage\":\"pt-BR\"},{\"@type\":\"Organization\",\"@id\":\"https:\/\/www.notibras.com\/site\/#organization\",\"name\":\"Grupo Notibras de Comunica\u00e7\u00e3o\",\"url\":\"https:\/\/www.notibras.com\/site\/\",\"logo\":{\"@type\":\"ImageObject\",\"inLanguage\":\"pt-BR\",\"@id\":\"https:\/\/www.notibras.com\/site\/#\/schema\/logo\/image\/\",\"url\":\"https:\/\/www.notibras.com\/site\/wp-content\/uploads\/2023\/01\/notibras23.png\",\"contentUrl\":\"https:\/\/www.notibras.com\/site\/wp-content\/uploads\/2023\/01\/notibras23.png\",\"width\":350,\"height\":87,\"caption\":\"Grupo Notibras de Comunica\u00e7\u00e3o\"},\"image\":{\"@id\":\"https:\/\/www.notibras.com\/site\/#\/schema\/logo\/image\/\"},\"sameAs\":[\"https:\/\/www.facebook.com\/notibras\/\",\"https:\/\/x.com\/Notibras\",\"https:\/\/www.instagram.com\/notibras\/\"]},{\"@type\":\"Person\",\"@id\":\"https:\/\/www.notibras.com\/site\/#\/schema\/person\/36ab0979449956132d3e5b517ea76ac8\",\"name\":\"Reda\u00e7\u00e3o\",\"image\":{\"@type\":\"ImageObject\",\"inLanguage\":\"pt-BR\",\"@id\":\"https:\/\/secure.gravatar.com\/avatar\/e0a867bdedb85fd243eadf09663511f96fc81e0720a4a42581f334ad4303aa6b?s=96&d=mm&r=g\",\"url\":\"https:\/\/secure.gravatar.com\/avatar\/e0a867bdedb85fd243eadf09663511f96fc81e0720a4a42581f334ad4303aa6b?s=96&d=mm&r=g\",\"contentUrl\":\"https:\/\/secure.gravatar.com\/avatar\/e0a867bdedb85fd243eadf09663511f96fc81e0720a4a42581f334ad4303aa6b?s=96&d=mm&r=g\",\"caption\":\"Reda\u00e7\u00e3o\"}}]}<\/script>\n<!-- \/ Yoast SEO plugin. -->","yoast_head_json":{"title":"MP acompanha investiga\u00e7\u00f5es sobre morte de empres\u00e1rio - Notibras","robots":{"index":"index","follow":"follow","max-snippet":"max-snippet:-1","max-image-preview":"max-image-preview:large","max-video-preview":"max-video-preview:-1"},"canonical":"https:\/\/www.notibras.com\/site\/mp-acompanha-investigacoes-sobre-morte-de-empresario\/","og_locale":"pt_BR","og_type":"article","og_title":"MP acompanha investiga\u00e7\u00f5es sobre morte de empres\u00e1rio - Notibras","og_description":"O Grupo de Atua\u00e7\u00e3o Especializada em Seguran\u00e7a P\u00fablica do Minist\u00e9rio P\u00fablico do Estado do Rio de Janeiro (GAESP\/MPRJ) acompanha as investiga\u00e7\u00f5es da morte do empres\u00e1rio Daniel Patr\u00edcio Santos de Oliveira, ocorrida na \u00faltima quarta-feira (22), na Pavuna, zona norte do Rio. O caso foi comunicado ao plant\u00e3o de monitoramento, conforme previsto na ADPF 635 [Argui\u00e7\u00e3o [&hellip;]","og_url":"https:\/\/www.notibras.com\/site\/mp-acompanha-investigacoes-sobre-morte-de-empresario\/","og_site_name":"Notibras","article_publisher":"https:\/\/www.facebook.com\/notibras\/","article_published_time":"2026-04-28T03:00:29+00:00","article_modified_time":"2026-04-28T11:38:02+00:00","og_image":[{"width":1170,"height":700,"url":"https:\/\/www.notibras.com\/site\/wp-content\/uploads\/2026\/04\/tnrgo_abr_1212188789rj.webp","type":"image\/webp"}],"author":"Reda\u00e7\u00e3o","twitter_card":"summary_large_image","twitter_creator":"@Notibras","twitter_site":"@Notibras","twitter_misc":{"Escrito por":"Reda\u00e7\u00e3o","Est. tempo de leitura":"3 minutos"},"schema":{"@context":"https:\/\/schema.org","@graph":[{"@type":"Article","@id":"https:\/\/www.notibras.com\/site\/mp-acompanha-investigacoes-sobre-morte-de-empresario\/#article","isPartOf":{"@id":"https:\/\/www.notibras.com\/site\/mp-acompanha-investigacoes-sobre-morte-de-empresario\/"},"author":{"name":"Reda\u00e7\u00e3o","@id":"https:\/\/www.notibras.com\/site\/#\/schema\/person\/36ab0979449956132d3e5b517ea76ac8"},"headline":"MP acompanha investiga\u00e7\u00f5es sobre morte de empres\u00e1rio","datePublished":"2026-04-28T03:00:29+00:00","dateModified":"2026-04-28T11:38:02+00:00","mainEntityOfPage":{"@id":"https:\/\/www.notibras.com\/site\/mp-acompanha-investigacoes-sobre-morte-de-empresario\/"},"wordCount":399,"publisher":{"@id":"https:\/\/www.notibras.com\/site\/#organization"},"image":{"@id":"https:\/\/www.notibras.com\/site\/mp-acompanha-investigacoes-sobre-morte-de-empresario\/#primaryimage"},"thumbnailUrl":"https:\/\/www.notibras.com\/site\/wp-content\/uploads\/2026\/04\/tnrgo_abr_1212188789rj.webp","articleSection":["Brasil"],"inLanguage":"pt-BR"},{"@type":"WebPage","@id":"https:\/\/www.notibras.com\/site\/mp-acompanha-investigacoes-sobre-morte-de-empresario\/","url":"https:\/\/www.notibras.com\/site\/mp-acompanha-investigacoes-sobre-morte-de-empresario\/","name":"MP acompanha investiga\u00e7\u00f5es sobre morte de empres\u00e1rio - Notibras","isPartOf":{"@id":"https:\/\/www.notibras.com\/site\/#website"},"primaryImageOfPage":{"@id":"https:\/\/www.notibras.com\/site\/mp-acompanha-investigacoes-sobre-morte-de-empresario\/#primaryimage"},"image":{"@id":"https:\/\/www.notibras.com\/site\/mp-acompanha-investigacoes-sobre-morte-de-empresario\/#primaryimage"},"thumbnailUrl":"https:\/\/www.notibras.com\/site\/wp-content\/uploads\/2026\/04\/tnrgo_abr_1212188789rj.webp","datePublished":"2026-04-28T03:00:29+00:00","dateModified":"2026-04-28T11:38:02+00:00","breadcrumb":{"@id":"https:\/\/www.notibras.com\/site\/mp-acompanha-investigacoes-sobre-morte-de-empresario\/#breadcrumb"},"inLanguage":"pt-BR","potentialAction":[{"@type":"ReadAction","target":["https:\/\/www.notibras.com\/site\/mp-acompanha-investigacoes-sobre-morte-de-empresario\/"]}]},{"@type":"ImageObject","inLanguage":"pt-BR","@id":"https:\/\/www.notibras.com\/site\/mp-acompanha-investigacoes-sobre-morte-de-empresario\/#primaryimage","url":"https:\/\/www.notibras.com\/site\/wp-content\/uploads\/2026\/04\/tnrgo_abr_1212188789rj.webp","contentUrl":"https:\/\/www.notibras.com\/site\/wp-content\/uploads\/2026\/04\/tnrgo_abr_1212188789rj.webp","width":1170,"height":700},{"@type":"BreadcrumbList","@id":"https:\/\/www.notibras.com\/site\/mp-acompanha-investigacoes-sobre-morte-de-empresario\/#breadcrumb","itemListElement":[{"@type":"ListItem","position":1,"name":"In\u00edcio","item":"https:\/\/www.notibras.com\/site\/"},{"@type":"ListItem","position":2,"name":"MP acompanha investiga\u00e7\u00f5es sobre morte de empres\u00e1rio"}]},{"@type":"WebSite","@id":"https:\/\/www.notibras.com\/site\/#website","url":"https:\/\/www.notibras.com\/site\/","name":"Notibras","description":"Not\u00edcias de Bras\u00edlia, do Brasil e do Mundo","publisher":{"@id":"https:\/\/www.notibras.com\/site\/#organization"},"potentialAction":[{"@type":"SearchAction","target":{"@type":"EntryPoint","urlTemplate":"https:\/\/www.notibras.com\/site\/?s={search_term_string}"},"query-input":{"@type":"PropertyValueSpecification","valueRequired":true,"valueName":"search_term_string"}}],"inLanguage":"pt-BR"},{"@type":"Organization","@id":"https:\/\/www.notibras.com\/site\/#organization","name":"Grupo Notibras de Comunica\u00e7\u00e3o","url":"https:\/\/www.notibras.com\/site\/","logo":{"@type":"ImageObject","inLanguage":"pt-BR","@id":"https:\/\/www.notibras.com\/site\/#\/schema\/logo\/image\/","url":"https:\/\/www.notibras.com\/site\/wp-content\/uploads\/2023\/01\/notibras23.png","contentUrl":"https:\/\/www.notibras.com\/site\/wp-content\/uploads\/2023\/01\/notibras23.png","width":350,"height":87,"caption":"Grupo Notibras de Comunica\u00e7\u00e3o"},"image":{"@id":"https:\/\/www.notibras.com\/site\/#\/schema\/logo\/image\/"},"sameAs":["https:\/\/www.facebook.com\/notibras\/","https:\/\/x.com\/Notibras","https:\/\/www.instagram.com\/notibras\/"]},{"@type":"Person","@id":"https:\/\/www.notibras.com\/site\/#\/schema\/person\/36ab0979449956132d3e5b517ea76ac8","name":"Reda\u00e7\u00e3o","image":{"@type":"ImageObject","inLanguage":"pt-BR","@id":"https:\/\/secure.gravatar.com\/avatar\/e0a867bdedb85fd243eadf09663511f96fc81e0720a4a42581f334ad4303aa6b?s=96&d=mm&r=g","url":"https:\/\/secure.gravatar.com\/avatar\/e0a867bdedb85fd243eadf09663511f96fc81e0720a4a42581f334ad4303aa6b?s=96&d=mm&r=g","contentUrl":"https:\/\/secure.gravatar.com\/avatar\/e0a867bdedb85fd243eadf09663511f96fc81e0720a4a42581f334ad4303aa6b?s=96&d=mm&r=g","caption":"Reda\u00e7\u00e3o"}}]}},"amp_enabled":true,"_links":{"self":[{"href":"https:\/\/www.notibras.com\/site\/wp-json\/wp\/v2\/posts\/392779","targetHints":{"allow":["GET"]}}],"collection":[{"href":"https:\/\/www.notibras.com\/site\/wp-json\/wp\/v2\/posts"}],"about":[{"href":"https:\/\/www.notibras.com\/site\/wp-json\/wp\/v2\/types\/post"}],"author":[{"embeddable":true,"href":"https:\/\/www.notibras.com\/site\/wp-json\/wp\/v2\/users\/2"}],"replies":[{"embeddable":true,"href":"https:\/\/www.notibras.com\/site\/wp-json\/wp\/v2\/comments?post=392779"}],"version-history":[{"count":1,"href":"https:\/\/www.notibras.com\/site\/wp-json\/wp\/v2\/posts\/392779\/revisions"}],"predecessor-version":[{"id":392781,"href":"https:\/\/www.notibras.com\/site\/wp-json\/wp\/v2\/posts\/392779\/revisions\/392781"}],"wp:featuredmedia":[{"embeddable":true,"href":"https:\/\/www.notibras.com\/site\/wp-json\/wp\/v2\/media\/392780"}],"wp:attachment":[{"href":"https:\/\/www.notibras.com\/site\/wp-json\/wp\/v2\/media?parent=392779"}],"wp:term":[{"taxonomy":"category","embeddable":true,"href":"https:\/\/www.notibras.com\/site\/wp-json\/wp\/v2\/categories?post=392779"},{"taxonomy":"post_tag","embeddable":true,"href":"https:\/\/www.notibras.com\/site\/wp-json\/wp\/v2\/tags?post=392779"}],"curies":[{"name":"wp","href":"https:\/\/api.w.org\/{rel}","templated":true}]}}