{"id":392782,"date":"2026-04-28T00:00:27","date_gmt":"2026-04-28T03:00:27","guid":{"rendered":"https:\/\/www.notibras.com\/site\/?p=392782"},"modified":"2026-04-28T08:42:38","modified_gmt":"2026-04-28T11:42:38","slug":"mae-e-crianca-brasileiras-morrem-no-libano-apos-ataque-de-israel","status":"publish","type":"post","link":"https:\/\/www.notibras.com\/site\/mae-e-crianca-brasileiras-morrem-no-libano-apos-ataque-de-israel\/","title":{"rendered":"M\u00e3e e crian\u00e7a brasileiras morrem no L\u00edbano ap\u00f3s ataque de Israel"},"content":{"rendered":"<p>Duas brasileiras, sendo uma mulher e o filho dela, de 11 anos de idade, morreram quando estavam em casa, em Bint Jeil, no Sul do L\u00edbano, ap\u00f3s ataques das for\u00e7as armadas israelenses, no domingo (26).<\/p>\n<p>A informa\u00e7\u00e3o foi confirmada na noite desta segunda (27) pelo Minist\u00e9rio das Rela\u00e7\u00f5es Exteriores do Brasil, o Itamaraty.<\/p>\n<p>O governo acrescentou que o pai do menino, que \u00e9 liban\u00eas, tamb\u00e9m n\u00e3o sobreviveu aos bombardeios. Outro filho do casal, que tamb\u00e9m \u00e9 brasileiro, foi hospitalizado.<\/p>\n<p>Segundo a nota, a Embaixada do Brasil em Beirute est\u00e1 em contato com a fam\u00edlia das v\u00edtimas para prestar assist\u00eancia consular, incluindo ao filho hospitalizado.<\/p>\n<p><strong>Viola\u00e7\u00f5es inaceit\u00e1veis<\/strong><br \/>\nO Minist\u00e9rio das Rela\u00e7\u00f5es Exteriores considerou que o ataque constitui mais um exemplo das \u201creiteradas e inaceit\u00e1veis&#8221; viola\u00e7\u00f5es ao cessar-fogo anunciado em 16 de abril.<\/p>\n<p>Segundo o documento emitido pela diplomacia brasileira, essas viola\u00e7\u00f5es j\u00e1 resultaram na morte de \u201cdezenas de civis libaneses, incluindo mulheres e crian\u00e7as, assim como de uma jornalista e de dois integrantes franceses da For\u00e7a Interina das Na\u00e7\u00f5es Unidas no L\u00edbano (UNIFIL)\u201d.<\/p>\n<p>O governo brasileiro expressou condol\u00eancias aos familiares das v\u00edtimas e reiterou \u201cveemente condena\u00e7\u00e3o a todos os ataques perpetrados durante a vig\u00eancia do cessar-fogo, tanto por parte das for\u00e7as israelenses quanto do Hezbollah\u201d.<\/p>\n<p>A nota do Itamaraty tamb\u00e9m condenou as demoli\u00e7\u00f5es de resid\u00eancias e de outras estruturas civis no Sul do L\u00edbano, pelas for\u00e7as israelenses.<\/p>\n<p>O Brasil pede que seja cumprida a resolu\u00e7\u00e3o do Conselho de Seguran\u00e7a das Na\u00e7\u00f5es Unidas, que estabeleceu os termos do cessar-fogo desde 2006 na regi\u00e3o e tamb\u00e9m a retirada completa das for\u00e7as israelenses do territ\u00f3rio liban\u00eas.<\/p>\n","protected":false},"excerpt":{"rendered":"<p>Duas brasileiras, sendo uma mulher e o filho dela, de 11 anos de idade, morreram quando estavam em casa, em Bint Jeil, no Sul do L\u00edbano, ap\u00f3s ataques das for\u00e7as armadas israelenses, no domingo (26). A informa\u00e7\u00e3o foi confirmada na noite desta segunda (27) pelo Minist\u00e9rio das Rela\u00e7\u00f5es Exteriores do Brasil, o Itamaraty. O governo [&hellip;]<\/p>\n","protected":false},"author":2,"featured_media":392783,"comment_status":"closed","ping_status":"closed","sticky":false,"template":"","format":"standard","meta":{"_acf_changed":false,"footnotes":""},"categories":[16],"tags":[],"class_list":["post-392782","post","type-post","status-publish","format-standard","has-post-thumbnail","hentry","category-brasil"],"acf":[],"yoast_head":"<!-- This site is optimized with the Yoast SEO plugin v27.2 - https:\/\/yoast.com\/product\/yoast-seo-wordpress\/ -->\n<title>M\u00e3e e crian\u00e7a brasileiras morrem no L\u00edbano ap\u00f3s ataque de Israel - Notibras<\/title>\n<meta name=\"robots\" content=\"index, follow, max-snippet:-1, max-image-preview:large, max-video-preview:-1\" \/>\n<link rel=\"canonical\" href=\"https:\/\/www.notibras.com\/site\/mae-e-crianca-brasileiras-morrem-no-libano-apos-ataque-de-israel\/\" \/>\n<meta property=\"og:locale\" content=\"pt_BR\" \/>\n<meta property=\"og:type\" content=\"article\" \/>\n<meta property=\"og:title\" content=\"M\u00e3e e crian\u00e7a brasileiras morrem no L\u00edbano ap\u00f3s ataque de Israel - Notibras\" \/>\n<meta property=\"og:description\" content=\"Duas brasileiras, sendo uma mulher e o filho dela, de 11 anos de idade, morreram quando estavam em casa, em Bint Jeil, no Sul do L\u00edbano, ap\u00f3s ataques das for\u00e7as armadas israelenses, no domingo (26). A informa\u00e7\u00e3o foi confirmada na noite desta segunda (27) pelo Minist\u00e9rio das Rela\u00e7\u00f5es Exteriores do Brasil, o Itamaraty. O governo [&hellip;]\" \/>\n<meta property=\"og:url\" content=\"https:\/\/www.notibras.com\/site\/mae-e-crianca-brasileiras-morrem-no-libano-apos-ataque-de-israel\/\" \/>\n<meta property=\"og:site_name\" content=\"Notibras\" \/>\n<meta property=\"article:publisher\" content=\"https:\/\/www.facebook.com\/notibras\/\" \/>\n<meta property=\"article:published_time\" content=\"2026-04-28T03:00:27+00:00\" \/>\n<meta property=\"article:modified_time\" content=\"2026-04-28T11:42:38+00:00\" \/>\n<meta property=\"og:image\" content=\"https:\/\/www.notibras.com\/site\/wp-content\/uploads\/2026\/04\/2026-04-27t130201z_1436034035_rc2oxkajqzkh_rtrmadp_3_iran-crisis-israel-lebanon.webp\" \/>\n\t<meta property=\"og:image:width\" content=\"1170\" \/>\n\t<meta property=\"og:image:height\" content=\"700\" \/>\n\t<meta property=\"og:image:type\" content=\"image\/webp\" \/>\n<meta name=\"author\" content=\"Reda\u00e7\u00e3o\" \/>\n<meta name=\"twitter:card\" content=\"summary_large_image\" \/>\n<meta name=\"twitter:creator\" content=\"@Notibras\" \/>\n<meta name=\"twitter:site\" content=\"@Notibras\" \/>\n<meta name=\"twitter:label1\" content=\"Escrito por\" \/>\n\t<meta name=\"twitter:data1\" content=\"Reda\u00e7\u00e3o\" \/>\n\t<meta name=\"twitter:label2\" content=\"Est. tempo de leitura\" \/>\n\t<meta name=\"twitter:data2\" content=\"2 minutos\" \/>\n<script type=\"application\/ld+json\" class=\"yoast-schema-graph\">{\"@context\":\"https:\/\/schema.org\",\"@graph\":[{\"@type\":\"Article\",\"@id\":\"https:\/\/www.notibras.com\/site\/mae-e-crianca-brasileiras-morrem-no-libano-apos-ataque-de-israel\/#article\",\"isPartOf\":{\"@id\":\"https:\/\/www.notibras.com\/site\/mae-e-crianca-brasileiras-morrem-no-libano-apos-ataque-de-israel\/\"},\"author\":{\"name\":\"Reda\u00e7\u00e3o\",\"@id\":\"https:\/\/www.notibras.com\/site\/#\/schema\/person\/36ab0979449956132d3e5b517ea76ac8\"},\"headline\":\"M\u00e3e e crian\u00e7a brasileiras morrem no L\u00edbano ap\u00f3s ataque de Israel\",\"datePublished\":\"2026-04-28T03:00:27+00:00\",\"dateModified\":\"2026-04-28T11:42:38+00:00\",\"mainEntityOfPage\":{\"@id\":\"https:\/\/www.notibras.com\/site\/mae-e-crianca-brasileiras-morrem-no-libano-apos-ataque-de-israel\/\"},\"wordCount\":312,\"publisher\":{\"@id\":\"https:\/\/www.notibras.com\/site\/#organization\"},\"image\":{\"@id\":\"https:\/\/www.notibras.com\/site\/mae-e-crianca-brasileiras-morrem-no-libano-apos-ataque-de-israel\/#primaryimage\"},\"thumbnailUrl\":\"https:\/\/www.notibras.com\/site\/wp-content\/uploads\/2026\/04\/2026-04-27t130201z_1436034035_rc2oxkajqzkh_rtrmadp_3_iran-crisis-israel-lebanon.webp\",\"articleSection\":[\"Brasil\"],\"inLanguage\":\"pt-BR\"},{\"@type\":\"WebPage\",\"@id\":\"https:\/\/www.notibras.com\/site\/mae-e-crianca-brasileiras-morrem-no-libano-apos-ataque-de-israel\/\",\"url\":\"https:\/\/www.notibras.com\/site\/mae-e-crianca-brasileiras-morrem-no-libano-apos-ataque-de-israel\/\",\"name\":\"M\u00e3e e crian\u00e7a brasileiras morrem no L\u00edbano ap\u00f3s ataque de Israel - Notibras\",\"isPartOf\":{\"@id\":\"https:\/\/www.notibras.com\/site\/#website\"},\"primaryImageOfPage\":{\"@id\":\"https:\/\/www.notibras.com\/site\/mae-e-crianca-brasileiras-morrem-no-libano-apos-ataque-de-israel\/#primaryimage\"},\"image\":{\"@id\":\"https:\/\/www.notibras.com\/site\/mae-e-crianca-brasileiras-morrem-no-libano-apos-ataque-de-israel\/#primaryimage\"},\"thumbnailUrl\":\"https:\/\/www.notibras.com\/site\/wp-content\/uploads\/2026\/04\/2026-04-27t130201z_1436034035_rc2oxkajqzkh_rtrmadp_3_iran-crisis-israel-lebanon.webp\",\"datePublished\":\"2026-04-28T03:00:27+00:00\",\"dateModified\":\"2026-04-28T11:42:38+00:00\",\"breadcrumb\":{\"@id\":\"https:\/\/www.notibras.com\/site\/mae-e-crianca-brasileiras-morrem-no-libano-apos-ataque-de-israel\/#breadcrumb\"},\"inLanguage\":\"pt-BR\",\"potentialAction\":[{\"@type\":\"ReadAction\",\"target\":[\"https:\/\/www.notibras.com\/site\/mae-e-crianca-brasileiras-morrem-no-libano-apos-ataque-de-israel\/\"]}]},{\"@type\":\"ImageObject\",\"inLanguage\":\"pt-BR\",\"@id\":\"https:\/\/www.notibras.com\/site\/mae-e-crianca-brasileiras-morrem-no-libano-apos-ataque-de-israel\/#primaryimage\",\"url\":\"https:\/\/www.notibras.com\/site\/wp-content\/uploads\/2026\/04\/2026-04-27t130201z_1436034035_rc2oxkajqzkh_rtrmadp_3_iran-crisis-israel-lebanon.webp\",\"contentUrl\":\"https:\/\/www.notibras.com\/site\/wp-content\/uploads\/2026\/04\/2026-04-27t130201z_1436034035_rc2oxkajqzkh_rtrmadp_3_iran-crisis-israel-lebanon.webp\",\"width\":1170,\"height\":700},{\"@type\":\"BreadcrumbList\",\"@id\":\"https:\/\/www.notibras.com\/site\/mae-e-crianca-brasileiras-morrem-no-libano-apos-ataque-de-israel\/#breadcrumb\",\"itemListElement\":[{\"@type\":\"ListItem\",\"position\":1,\"name\":\"In\u00edcio\",\"item\":\"https:\/\/www.notibras.com\/site\/\"},{\"@type\":\"ListItem\",\"position\":2,\"name\":\"M\u00e3e e crian\u00e7a brasileiras morrem no L\u00edbano ap\u00f3s ataque de Israel\"}]},{\"@type\":\"WebSite\",\"@id\":\"https:\/\/www.notibras.com\/site\/#website\",\"url\":\"https:\/\/www.notibras.com\/site\/\",\"name\":\"Notibras\",\"description\":\"Not\u00edcias de Bras\u00edlia, do Brasil e do Mundo\",\"publisher\":{\"@id\":\"https:\/\/www.notibras.com\/site\/#organization\"},\"potentialAction\":[{\"@type\":\"SearchAction\",\"target\":{\"@type\":\"EntryPoint\",\"urlTemplate\":\"https:\/\/www.notibras.com\/site\/?s={search_term_string}\"},\"query-input\":{\"@type\":\"PropertyValueSpecification\",\"valueRequired\":true,\"valueName\":\"search_term_string\"}}],\"inLanguage\":\"pt-BR\"},{\"@type\":\"Organization\",\"@id\":\"https:\/\/www.notibras.com\/site\/#organization\",\"name\":\"Grupo Notibras de Comunica\u00e7\u00e3o\",\"url\":\"https:\/\/www.notibras.com\/site\/\",\"logo\":{\"@type\":\"ImageObject\",\"inLanguage\":\"pt-BR\",\"@id\":\"https:\/\/www.notibras.com\/site\/#\/schema\/logo\/image\/\",\"url\":\"https:\/\/www.notibras.com\/site\/wp-content\/uploads\/2023\/01\/notibras23.png\",\"contentUrl\":\"https:\/\/www.notibras.com\/site\/wp-content\/uploads\/2023\/01\/notibras23.png\",\"width\":350,\"height\":87,\"caption\":\"Grupo Notibras de Comunica\u00e7\u00e3o\"},\"image\":{\"@id\":\"https:\/\/www.notibras.com\/site\/#\/schema\/logo\/image\/\"},\"sameAs\":[\"https:\/\/www.facebook.com\/notibras\/\",\"https:\/\/x.com\/Notibras\",\"https:\/\/www.instagram.com\/notibras\/\"]},{\"@type\":\"Person\",\"@id\":\"https:\/\/www.notibras.com\/site\/#\/schema\/person\/36ab0979449956132d3e5b517ea76ac8\",\"name\":\"Reda\u00e7\u00e3o\",\"image\":{\"@type\":\"ImageObject\",\"inLanguage\":\"pt-BR\",\"@id\":\"https:\/\/secure.gravatar.com\/avatar\/e0a867bdedb85fd243eadf09663511f96fc81e0720a4a42581f334ad4303aa6b?s=96&d=mm&r=g\",\"url\":\"https:\/\/secure.gravatar.com\/avatar\/e0a867bdedb85fd243eadf09663511f96fc81e0720a4a42581f334ad4303aa6b?s=96&d=mm&r=g\",\"contentUrl\":\"https:\/\/secure.gravatar.com\/avatar\/e0a867bdedb85fd243eadf09663511f96fc81e0720a4a42581f334ad4303aa6b?s=96&d=mm&r=g\",\"caption\":\"Reda\u00e7\u00e3o\"}}]}<\/script>\n<!-- \/ Yoast SEO plugin. -->","yoast_head_json":{"title":"M\u00e3e e crian\u00e7a brasileiras morrem no L\u00edbano ap\u00f3s ataque de Israel - Notibras","robots":{"index":"index","follow":"follow","max-snippet":"max-snippet:-1","max-image-preview":"max-image-preview:large","max-video-preview":"max-video-preview:-1"},"canonical":"https:\/\/www.notibras.com\/site\/mae-e-crianca-brasileiras-morrem-no-libano-apos-ataque-de-israel\/","og_locale":"pt_BR","og_type":"article","og_title":"M\u00e3e e crian\u00e7a brasileiras morrem no L\u00edbano ap\u00f3s ataque de Israel - Notibras","og_description":"Duas brasileiras, sendo uma mulher e o filho dela, de 11 anos de idade, morreram quando estavam em casa, em Bint Jeil, no Sul do L\u00edbano, ap\u00f3s ataques das for\u00e7as armadas israelenses, no domingo (26). A informa\u00e7\u00e3o foi confirmada na noite desta segunda (27) pelo Minist\u00e9rio das Rela\u00e7\u00f5es Exteriores do Brasil, o Itamaraty. O governo [&hellip;]","og_url":"https:\/\/www.notibras.com\/site\/mae-e-crianca-brasileiras-morrem-no-libano-apos-ataque-de-israel\/","og_site_name":"Notibras","article_publisher":"https:\/\/www.facebook.com\/notibras\/","article_published_time":"2026-04-28T03:00:27+00:00","article_modified_time":"2026-04-28T11:42:38+00:00","og_image":[{"width":1170,"height":700,"url":"https:\/\/www.notibras.com\/site\/wp-content\/uploads\/2026\/04\/2026-04-27t130201z_1436034035_rc2oxkajqzkh_rtrmadp_3_iran-crisis-israel-lebanon.webp","type":"image\/webp"}],"author":"Reda\u00e7\u00e3o","twitter_card":"summary_large_image","twitter_creator":"@Notibras","twitter_site":"@Notibras","twitter_misc":{"Escrito por":"Reda\u00e7\u00e3o","Est. tempo de leitura":"2 minutos"},"schema":{"@context":"https:\/\/schema.org","@graph":[{"@type":"Article","@id":"https:\/\/www.notibras.com\/site\/mae-e-crianca-brasileiras-morrem-no-libano-apos-ataque-de-israel\/#article","isPartOf":{"@id":"https:\/\/www.notibras.com\/site\/mae-e-crianca-brasileiras-morrem-no-libano-apos-ataque-de-israel\/"},"author":{"name":"Reda\u00e7\u00e3o","@id":"https:\/\/www.notibras.com\/site\/#\/schema\/person\/36ab0979449956132d3e5b517ea76ac8"},"headline":"M\u00e3e e crian\u00e7a brasileiras morrem no L\u00edbano ap\u00f3s ataque de Israel","datePublished":"2026-04-28T03:00:27+00:00","dateModified":"2026-04-28T11:42:38+00:00","mainEntityOfPage":{"@id":"https:\/\/www.notibras.com\/site\/mae-e-crianca-brasileiras-morrem-no-libano-apos-ataque-de-israel\/"},"wordCount":312,"publisher":{"@id":"https:\/\/www.notibras.com\/site\/#organization"},"image":{"@id":"https:\/\/www.notibras.com\/site\/mae-e-crianca-brasileiras-morrem-no-libano-apos-ataque-de-israel\/#primaryimage"},"thumbnailUrl":"https:\/\/www.notibras.com\/site\/wp-content\/uploads\/2026\/04\/2026-04-27t130201z_1436034035_rc2oxkajqzkh_rtrmadp_3_iran-crisis-israel-lebanon.webp","articleSection":["Brasil"],"inLanguage":"pt-BR"},{"@type":"WebPage","@id":"https:\/\/www.notibras.com\/site\/mae-e-crianca-brasileiras-morrem-no-libano-apos-ataque-de-israel\/","url":"https:\/\/www.notibras.com\/site\/mae-e-crianca-brasileiras-morrem-no-libano-apos-ataque-de-israel\/","name":"M\u00e3e e crian\u00e7a brasileiras morrem no L\u00edbano ap\u00f3s ataque de Israel - Notibras","isPartOf":{"@id":"https:\/\/www.notibras.com\/site\/#website"},"primaryImageOfPage":{"@id":"https:\/\/www.notibras.com\/site\/mae-e-crianca-brasileiras-morrem-no-libano-apos-ataque-de-israel\/#primaryimage"},"image":{"@id":"https:\/\/www.notibras.com\/site\/mae-e-crianca-brasileiras-morrem-no-libano-apos-ataque-de-israel\/#primaryimage"},"thumbnailUrl":"https:\/\/www.notibras.com\/site\/wp-content\/uploads\/2026\/04\/2026-04-27t130201z_1436034035_rc2oxkajqzkh_rtrmadp_3_iran-crisis-israel-lebanon.webp","datePublished":"2026-04-28T03:00:27+00:00","dateModified":"2026-04-28T11:42:38+00:00","breadcrumb":{"@id":"https:\/\/www.notibras.com\/site\/mae-e-crianca-brasileiras-morrem-no-libano-apos-ataque-de-israel\/#breadcrumb"},"inLanguage":"pt-BR","potentialAction":[{"@type":"ReadAction","target":["https:\/\/www.notibras.com\/site\/mae-e-crianca-brasileiras-morrem-no-libano-apos-ataque-de-israel\/"]}]},{"@type":"ImageObject","inLanguage":"pt-BR","@id":"https:\/\/www.notibras.com\/site\/mae-e-crianca-brasileiras-morrem-no-libano-apos-ataque-de-israel\/#primaryimage","url":"https:\/\/www.notibras.com\/site\/wp-content\/uploads\/2026\/04\/2026-04-27t130201z_1436034035_rc2oxkajqzkh_rtrmadp_3_iran-crisis-israel-lebanon.webp","contentUrl":"https:\/\/www.notibras.com\/site\/wp-content\/uploads\/2026\/04\/2026-04-27t130201z_1436034035_rc2oxkajqzkh_rtrmadp_3_iran-crisis-israel-lebanon.webp","width":1170,"height":700},{"@type":"BreadcrumbList","@id":"https:\/\/www.notibras.com\/site\/mae-e-crianca-brasileiras-morrem-no-libano-apos-ataque-de-israel\/#breadcrumb","itemListElement":[{"@type":"ListItem","position":1,"name":"In\u00edcio","item":"https:\/\/www.notibras.com\/site\/"},{"@type":"ListItem","position":2,"name":"M\u00e3e e crian\u00e7a brasileiras morrem no L\u00edbano ap\u00f3s ataque de Israel"}]},{"@type":"WebSite","@id":"https:\/\/www.notibras.com\/site\/#website","url":"https:\/\/www.notibras.com\/site\/","name":"Notibras","description":"Not\u00edcias de Bras\u00edlia, do Brasil e do Mundo","publisher":{"@id":"https:\/\/www.notibras.com\/site\/#organization"},"potentialAction":[{"@type":"SearchAction","target":{"@type":"EntryPoint","urlTemplate":"https:\/\/www.notibras.com\/site\/?s={search_term_string}"},"query-input":{"@type":"PropertyValueSpecification","valueRequired":true,"valueName":"search_term_string"}}],"inLanguage":"pt-BR"},{"@type":"Organization","@id":"https:\/\/www.notibras.com\/site\/#organization","name":"Grupo Notibras de Comunica\u00e7\u00e3o","url":"https:\/\/www.notibras.com\/site\/","logo":{"@type":"ImageObject","inLanguage":"pt-BR","@id":"https:\/\/www.notibras.com\/site\/#\/schema\/logo\/image\/","url":"https:\/\/www.notibras.com\/site\/wp-content\/uploads\/2023\/01\/notibras23.png","contentUrl":"https:\/\/www.notibras.com\/site\/wp-content\/uploads\/2023\/01\/notibras23.png","width":350,"height":87,"caption":"Grupo Notibras de Comunica\u00e7\u00e3o"},"image":{"@id":"https:\/\/www.notibras.com\/site\/#\/schema\/logo\/image\/"},"sameAs":["https:\/\/www.facebook.com\/notibras\/","https:\/\/x.com\/Notibras","https:\/\/www.instagram.com\/notibras\/"]},{"@type":"Person","@id":"https:\/\/www.notibras.com\/site\/#\/schema\/person\/36ab0979449956132d3e5b517ea76ac8","name":"Reda\u00e7\u00e3o","image":{"@type":"ImageObject","inLanguage":"pt-BR","@id":"https:\/\/secure.gravatar.com\/avatar\/e0a867bdedb85fd243eadf09663511f96fc81e0720a4a42581f334ad4303aa6b?s=96&d=mm&r=g","url":"https:\/\/secure.gravatar.com\/avatar\/e0a867bdedb85fd243eadf09663511f96fc81e0720a4a42581f334ad4303aa6b?s=96&d=mm&r=g","contentUrl":"https:\/\/secure.gravatar.com\/avatar\/e0a867bdedb85fd243eadf09663511f96fc81e0720a4a42581f334ad4303aa6b?s=96&d=mm&r=g","caption":"Reda\u00e7\u00e3o"}}]}},"amp_enabled":true,"_links":{"self":[{"href":"https:\/\/www.notibras.com\/site\/wp-json\/wp\/v2\/posts\/392782","targetHints":{"allow":["GET"]}}],"collection":[{"href":"https:\/\/www.notibras.com\/site\/wp-json\/wp\/v2\/posts"}],"about":[{"href":"https:\/\/www.notibras.com\/site\/wp-json\/wp\/v2\/types\/post"}],"author":[{"embeddable":true,"href":"https:\/\/www.notibras.com\/site\/wp-json\/wp\/v2\/users\/2"}],"replies":[{"embeddable":true,"href":"https:\/\/www.notibras.com\/site\/wp-json\/wp\/v2\/comments?post=392782"}],"version-history":[{"count":1,"href":"https:\/\/www.notibras.com\/site\/wp-json\/wp\/v2\/posts\/392782\/revisions"}],"predecessor-version":[{"id":392784,"href":"https:\/\/www.notibras.com\/site\/wp-json\/wp\/v2\/posts\/392782\/revisions\/392784"}],"wp:featuredmedia":[{"embeddable":true,"href":"https:\/\/www.notibras.com\/site\/wp-json\/wp\/v2\/media\/392783"}],"wp:attachment":[{"href":"https:\/\/www.notibras.com\/site\/wp-json\/wp\/v2\/media?parent=392782"}],"wp:term":[{"taxonomy":"category","embeddable":true,"href":"https:\/\/www.notibras.com\/site\/wp-json\/wp\/v2\/categories?post=392782"},{"taxonomy":"post_tag","embeddable":true,"href":"https:\/\/www.notibras.com\/site\/wp-json\/wp\/v2\/tags?post=392782"}],"curies":[{"name":"wp","href":"https:\/\/api.w.org\/{rel}","templated":true}]}}