{"id":392787,"date":"2026-04-28T00:00:27","date_gmt":"2026-04-28T03:00:27","guid":{"rendered":"https:\/\/www.notibras.com\/site\/?p=392787"},"modified":"2026-04-28T08:54:22","modified_gmt":"2026-04-28T11:54:22","slug":"projeto-leva-tratamento-de-doencas-negligenciadas-no-amazonas","status":"publish","type":"post","link":"https:\/\/www.notibras.com\/site\/projeto-leva-tratamento-de-doencas-negligenciadas-no-amazonas\/","title":{"rendered":"Projeto leva tratamento de doen\u00e7as negligenciadas no Amazonas"},"content":{"rendered":"<p>Pouco depois de completar 20 anos, o seringueiro e agricultor familiar, Augusto Bezerra da Silva, hoje com 65, foi diagnosticado com uma doen\u00e7a rara que afetou drasticamente sua vida, no interior do Acre.<\/p>\n<p>Conhecida como Doen\u00e7a Jorge Lobo ou lobomicose, a enfermidade causa les\u00f5es nodulares parecidas com queloides em diferentes partes do corpo como orelhas, pernas e bra\u00e7os.<\/p>\n<p>End\u00eamica da Amaz\u00f4nia Ocidental, a DJL, como tamb\u00e9m \u00e9 chamada, traz um impacto psicol\u00f3gico profundo j\u00e1 que mexe com a autoestima do paciente que, muitas vezes, acaba saindo do conv\u00edvio comunit\u00e1rio e se isolando em raz\u00e3o do estigma.<\/p>\n<p>No caso de seu Augusto, a doen\u00e7a o levou a interromper o trabalho, \u00e0 medida que os caro\u00e7os apareciam no seu rosto, causando dor, coceira e inflama\u00e7\u00e3o. O quadro se agrava ainda mais com a exposi\u00e7\u00e3o ao sol.<\/p>\n<p>\u201cO problema que eu passei n\u00e3o foi f\u00e1cil. Voc\u00ea, novinho, voc\u00ea se acha perfeito, sem defeito. A\u00ed depois voc\u00ea tem que se isolar, sem ter como, para melhor dizer, ser liberto. Se colocar isolado com a idade de 20 anos, at\u00e9 perto da idade de 65 n\u00e3o \u00e9 f\u00e1cil mesmo\u201d, disse seu Augusto.<\/p>\n<p><strong>Hist\u00f3rico<\/strong><br \/>\nA DJL foi descrita, pela primeira vez, em 1931 pelo dermatologista Jorge Oliveira Lobo, na capital pernambucana, que relatou o caso de uma nova micose.<\/p>\n<p>A infec\u00e7\u00e3o ocorre por meio da penetra\u00e7\u00e3o do fungo em les\u00f5es na pele. \u00c0 medida que avan\u00e7am, as les\u00f5es podem causar desfigura\u00e7\u00e3o severa e incapacita\u00e7\u00e3o.<\/p>\n<p>\u201cTodos que botam os olhos em cima da gente perguntam o que \u00e9, sem voc\u00ea ter uma resposta a dizer. N\u00e3o \u00e9 f\u00e1cil n\u00e3o. Ele pergunta: &#8216;o que \u00e9 isso?&#8217; E a gente sem saber responder. O destino \u00e9 a vontade de se isolar para ningu\u00e9m ver a gente\u201d, relatou seu Augusto.<\/p>\n<p>Dados do Minist\u00e9rio da Sa\u00fade registram, at\u00e9 o momento, 907 casos da doen\u00e7as, dos quais 496 foram detectados no Acre, como \u00e9 o caso de seu Augusto.<\/p>\n<p>A DJL atinge, principalmente, popula\u00e7\u00f5es ribeirinhas, povos origin\u00e1rios e trabalhadores extrativistas \u2013 grupos em situa\u00e7\u00e3o de vulnerabilidade social e com pouco acesso a servi\u00e7os de sa\u00fade.<\/p>\n<p>\u201cAt\u00e9 com a minha fam\u00edlia eu procurava me esconder. Eu tinha vergonha da minha pr\u00f3pria fam\u00edlia, eu tinha vergonha. Da\u00ed resolvi ficar sozinho num local distante\u201d, continuou.<\/p>\n<p><strong>Projeto Aptra Lobo<\/strong><br \/>\nDurante d\u00e9cadas, os pacientes com diagn\u00f3stico de DJL sofreram com a falta de um diagn\u00f3stico e de um tratamento eficaz. Por essa raz\u00e3o, o Minist\u00e9rio da Sa\u00fade (MS) reuniu especialistas no assunto e criou o projeto Aptra Lobo, que acompanha 104 pacientes com a lobomicose na Regi\u00e3o Norte. O objetivo \u00e9 estruturar o manejo da doen\u00e7a no Sistema \u00danico de Sa\u00fade (SUS).<\/p>\n<p>Conduzido nos estados do Acre, Amazonas e Rond\u00f4nia, o projeto integra assist\u00eancia, pesquisa cl\u00ednica e gera\u00e7\u00e3o de evid\u00eancias para apoiar a constru\u00e7\u00e3o de diretrizes no SUS.<\/p>\n<p>A iniciativa \u00e9 conduzida pelo Einstein Hospital Israelita, em parceria com a Secretaria de Vigil\u00e2ncia em Sa\u00fade e Ambiente (SVSA), no \u00e2mbito Programa de Apoio ao Desenvolvimento Institucional do Sistema \u00danico de Sa\u00fade (Proadi-SUS), do Minist\u00e9rio da Sa\u00fade.<\/p>\n<p>O projeto, que tamb\u00e9m pretende padronizar o fluxo de atendimento para a lobomicose, j\u00e1 apresenta resultados promissores: mais de 50% dos participantes tiveram melhora das les\u00f5es.<\/p>\n<p>O tratamento \u00e9 feito com o uso do antif\u00fangico itraconazol, dispon\u00edvel no SUS, com doses ajustadas a cada paciente.<\/p>\n<p>Al\u00e9m do manejo cl\u00ednico, a iniciativa amplia o acesso ao diagn\u00f3stico em \u00e1reas remotas, com realiza\u00e7\u00e3o de bi\u00f3psias e exames laboratoriais no pr\u00f3prio territ\u00f3rio, acompanhamento e tratamento da doen\u00e7a, al\u00e9m da realiza\u00e7\u00e3o de cirurgias em casos selecionados para retirada de les\u00f5es.<\/p>\n<p>Segundo o infectologista e patologista cl\u00ednico do Einstein Hospital Israelita doutor Jo\u00e3o Nobrega de Almeida J\u00fanior, equipes locais participam ativamente no projeto:<\/p>\n<p>\u201cS\u00e3o eles que captam os pacientes, fazem o diagn\u00f3stico e tratamento de acordo com as diretrizes criadas pelo projeto\u201d, disse o infectologista.<\/p>\n<p>O m\u00e9dico ressalta que o dif\u00edcil acesso \u00e0s comunidades ribeirinhas, em raz\u00e3o da dist\u00e2ncia e da geografia da regi\u00e3o, dificultam o acompanhamento dos pacientes, que \u00e9 feito a cada tr\u00eas meses, com apoio de centros de refer\u00eancia em Rio Branco, Manaus e Porto Velho.<\/p>\n<p>\u201cO acesso \u00e9 uma grande barreira. H\u00e1 ajuda de custos de transporte para o paciente e expedi\u00e7\u00f5es para alcan\u00e7ar aqueles que moram em regi\u00f5es mais remotas e de dif\u00edcil acesso\u201d, relatou.<\/p>\n<p>No caso de seu Augusto, o tratamento reduziu drasticamente as les\u00f5es causadas pela doen\u00e7a.<\/p>\n<p>\u201cHoje eu me sinto mais tranquilo porque tem pouco caro\u00e7o no meu rosto e hoje eu me sinto mais aliviado do problema que eu vinha sentindo\u201d, disse o seringueiro que continua o tratamento e retomou o contato familiar.<\/p>\n<p>\u201cMas n\u00e3o fiquei bom, n\u00e9? A gente n\u00e3o pode nem garantir 100%. \u00c9 isso: passou o tempo que eu vivia meio isolado de casa, n\u00e3o tinha mais prazer de sair de casa. Aquilo compromete a vida da gente, \u00e9 muito complicado aquele neg\u00f3cio da gente viver isolado em casa por problema de doen\u00e7a. Mas hoje eu estou me sentindo mais liberto, para melhor dizer\u201d, afirmou.<\/p>\n<p><strong>Manual<\/strong><br \/>\nEm dezembro do ano passado, o projeto lan\u00e7ou um manual que fornece ferramentas pr\u00e1ticas para melhorar o diagn\u00f3stico, o tratamento e a preven\u00e7\u00e3o da lobomicose, al\u00e9m de fortalecer a capacidade de acolher e cuidar das popula\u00e7\u00f5es afetadas.<\/p>\n<p>\u201cO manual \u00e9 o primeiro documento para auxiliar no diagn\u00f3stico e tratamento da doen\u00e7a, sendo um grande marco para uma doen\u00e7a t\u00e3o antiga e historicamente negligenciada\u201d, afirmou o infectologista.<\/p>\n<p>Segundo Almeida Jr., os pr\u00f3ximos passos envolvem a elabora\u00e7\u00e3o de um documento mais completo, como um Protocolo Cl\u00ednico e Diretrizes Terap\u00eauticas (PCDT) que deve ser lan\u00e7ado ainda em 2026.<\/p>\n<p>\u201cTerminaremos de analisar os dados gerados pelo acompanhamento dos pacientes tratados com itraconazol, [para] produzir um PCDT e discutir a renova\u00e7\u00e3o do projeto no qual ser\u00e3o discutidas a\u00e7\u00f5es que deixem um legado perene para o cuidado adequado dos pacientes acometidos. Esperamos continuar a lutar para que a Doen\u00e7a de Jorge Lobo n\u00e3o seja mais considerada uma doen\u00e7a negligenciada\u201d, concluiu.<\/p>\n","protected":false},"excerpt":{"rendered":"<p>Pouco depois de completar 20 anos, o seringueiro e agricultor familiar, Augusto Bezerra da Silva, hoje com 65, foi diagnosticado com uma doen\u00e7a rara que afetou drasticamente sua vida, no interior do Acre. Conhecida como Doen\u00e7a Jorge Lobo ou lobomicose, a enfermidade causa les\u00f5es nodulares parecidas com queloides em diferentes partes do corpo como orelhas, [&hellip;]<\/p>\n","protected":false},"author":2,"featured_media":392788,"comment_status":"closed","ping_status":"closed","sticky":false,"template":"","format":"standard","meta":{"_acf_changed":false,"footnotes":""},"categories":[16],"tags":[],"class_list":["post-392787","post","type-post","status-publish","format-standard","has-post-thumbnail","hentry","category-brasil"],"acf":[],"yoast_head":"<!-- This site is optimized with the Yoast SEO plugin v27.2 - https:\/\/yoast.com\/product\/yoast-seo-wordpress\/ -->\n<title>Projeto leva tratamento de doen\u00e7as negligenciadas no Amazonas - Notibras<\/title>\n<meta name=\"robots\" content=\"index, follow, max-snippet:-1, max-image-preview:large, max-video-preview:-1\" \/>\n<link rel=\"canonical\" href=\"https:\/\/www.notibras.com\/site\/projeto-leva-tratamento-de-doencas-negligenciadas-no-amazonas\/\" \/>\n<meta property=\"og:locale\" content=\"pt_BR\" \/>\n<meta property=\"og:type\" content=\"article\" \/>\n<meta property=\"og:title\" content=\"Projeto leva tratamento de doen\u00e7as negligenciadas no Amazonas - Notibras\" \/>\n<meta property=\"og:description\" content=\"Pouco depois de completar 20 anos, o seringueiro e agricultor familiar, Augusto Bezerra da Silva, hoje com 65, foi diagnosticado com uma doen\u00e7a rara que afetou drasticamente sua vida, no interior do Acre. Conhecida como Doen\u00e7a Jorge Lobo ou lobomicose, a enfermidade causa les\u00f5es nodulares parecidas com queloides em diferentes partes do corpo como orelhas, [&hellip;]\" \/>\n<meta property=\"og:url\" content=\"https:\/\/www.notibras.com\/site\/projeto-leva-tratamento-de-doencas-negligenciadas-no-amazonas\/\" \/>\n<meta property=\"og:site_name\" content=\"Notibras\" \/>\n<meta property=\"article:publisher\" content=\"https:\/\/www.facebook.com\/notibras\/\" \/>\n<meta property=\"article:published_time\" content=\"2026-04-28T03:00:27+00:00\" \/>\n<meta property=\"article:modified_time\" content=\"2026-04-28T11:54:22+00:00\" \/>\n<meta property=\"og:image\" content=\"https:\/\/www.notibras.com\/site\/wp-content\/uploads\/2026\/04\/mcam13062020-21.webp\" \/>\n\t<meta property=\"og:image:width\" content=\"1170\" \/>\n\t<meta property=\"og:image:height\" content=\"700\" \/>\n\t<meta property=\"og:image:type\" content=\"image\/webp\" \/>\n<meta name=\"author\" content=\"Reda\u00e7\u00e3o\" \/>\n<meta name=\"twitter:card\" content=\"summary_large_image\" \/>\n<meta name=\"twitter:creator\" content=\"@Notibras\" \/>\n<meta name=\"twitter:site\" content=\"@Notibras\" \/>\n<meta name=\"twitter:label1\" content=\"Escrito por\" \/>\n\t<meta name=\"twitter:data1\" content=\"Reda\u00e7\u00e3o\" \/>\n\t<meta name=\"twitter:label2\" content=\"Est. tempo de leitura\" \/>\n\t<meta name=\"twitter:data2\" content=\"6 minutos\" \/>\n<script type=\"application\/ld+json\" class=\"yoast-schema-graph\">{\"@context\":\"https:\/\/schema.org\",\"@graph\":[{\"@type\":\"Article\",\"@id\":\"https:\/\/www.notibras.com\/site\/projeto-leva-tratamento-de-doencas-negligenciadas-no-amazonas\/#article\",\"isPartOf\":{\"@id\":\"https:\/\/www.notibras.com\/site\/projeto-leva-tratamento-de-doencas-negligenciadas-no-amazonas\/\"},\"author\":{\"name\":\"Reda\u00e7\u00e3o\",\"@id\":\"https:\/\/www.notibras.com\/site\/#\/schema\/person\/36ab0979449956132d3e5b517ea76ac8\"},\"headline\":\"Projeto leva tratamento de doen\u00e7as negligenciadas no Amazonas\",\"datePublished\":\"2026-04-28T03:00:27+00:00\",\"dateModified\":\"2026-04-28T11:54:22+00:00\",\"mainEntityOfPage\":{\"@id\":\"https:\/\/www.notibras.com\/site\/projeto-leva-tratamento-de-doencas-negligenciadas-no-amazonas\/\"},\"wordCount\":1079,\"publisher\":{\"@id\":\"https:\/\/www.notibras.com\/site\/#organization\"},\"image\":{\"@id\":\"https:\/\/www.notibras.com\/site\/projeto-leva-tratamento-de-doencas-negligenciadas-no-amazonas\/#primaryimage\"},\"thumbnailUrl\":\"https:\/\/www.notibras.com\/site\/wp-content\/uploads\/2026\/04\/mcam13062020-21.webp\",\"articleSection\":[\"Brasil\"],\"inLanguage\":\"pt-BR\"},{\"@type\":\"WebPage\",\"@id\":\"https:\/\/www.notibras.com\/site\/projeto-leva-tratamento-de-doencas-negligenciadas-no-amazonas\/\",\"url\":\"https:\/\/www.notibras.com\/site\/projeto-leva-tratamento-de-doencas-negligenciadas-no-amazonas\/\",\"name\":\"Projeto leva tratamento de doen\u00e7as negligenciadas no Amazonas - Notibras\",\"isPartOf\":{\"@id\":\"https:\/\/www.notibras.com\/site\/#website\"},\"primaryImageOfPage\":{\"@id\":\"https:\/\/www.notibras.com\/site\/projeto-leva-tratamento-de-doencas-negligenciadas-no-amazonas\/#primaryimage\"},\"image\":{\"@id\":\"https:\/\/www.notibras.com\/site\/projeto-leva-tratamento-de-doencas-negligenciadas-no-amazonas\/#primaryimage\"},\"thumbnailUrl\":\"https:\/\/www.notibras.com\/site\/wp-content\/uploads\/2026\/04\/mcam13062020-21.webp\",\"datePublished\":\"2026-04-28T03:00:27+00:00\",\"dateModified\":\"2026-04-28T11:54:22+00:00\",\"breadcrumb\":{\"@id\":\"https:\/\/www.notibras.com\/site\/projeto-leva-tratamento-de-doencas-negligenciadas-no-amazonas\/#breadcrumb\"},\"inLanguage\":\"pt-BR\",\"potentialAction\":[{\"@type\":\"ReadAction\",\"target\":[\"https:\/\/www.notibras.com\/site\/projeto-leva-tratamento-de-doencas-negligenciadas-no-amazonas\/\"]}]},{\"@type\":\"ImageObject\",\"inLanguage\":\"pt-BR\",\"@id\":\"https:\/\/www.notibras.com\/site\/projeto-leva-tratamento-de-doencas-negligenciadas-no-amazonas\/#primaryimage\",\"url\":\"https:\/\/www.notibras.com\/site\/wp-content\/uploads\/2026\/04\/mcam13062020-21.webp\",\"contentUrl\":\"https:\/\/www.notibras.com\/site\/wp-content\/uploads\/2026\/04\/mcam13062020-21.webp\",\"width\":1170,\"height\":700},{\"@type\":\"BreadcrumbList\",\"@id\":\"https:\/\/www.notibras.com\/site\/projeto-leva-tratamento-de-doencas-negligenciadas-no-amazonas\/#breadcrumb\",\"itemListElement\":[{\"@type\":\"ListItem\",\"position\":1,\"name\":\"In\u00edcio\",\"item\":\"https:\/\/www.notibras.com\/site\/\"},{\"@type\":\"ListItem\",\"position\":2,\"name\":\"Projeto leva tratamento de doen\u00e7as negligenciadas no Amazonas\"}]},{\"@type\":\"WebSite\",\"@id\":\"https:\/\/www.notibras.com\/site\/#website\",\"url\":\"https:\/\/www.notibras.com\/site\/\",\"name\":\"Notibras\",\"description\":\"Not\u00edcias de Bras\u00edlia, do Brasil e do Mundo\",\"publisher\":{\"@id\":\"https:\/\/www.notibras.com\/site\/#organization\"},\"potentialAction\":[{\"@type\":\"SearchAction\",\"target\":{\"@type\":\"EntryPoint\",\"urlTemplate\":\"https:\/\/www.notibras.com\/site\/?s={search_term_string}\"},\"query-input\":{\"@type\":\"PropertyValueSpecification\",\"valueRequired\":true,\"valueName\":\"search_term_string\"}}],\"inLanguage\":\"pt-BR\"},{\"@type\":\"Organization\",\"@id\":\"https:\/\/www.notibras.com\/site\/#organization\",\"name\":\"Grupo Notibras de Comunica\u00e7\u00e3o\",\"url\":\"https:\/\/www.notibras.com\/site\/\",\"logo\":{\"@type\":\"ImageObject\",\"inLanguage\":\"pt-BR\",\"@id\":\"https:\/\/www.notibras.com\/site\/#\/schema\/logo\/image\/\",\"url\":\"https:\/\/www.notibras.com\/site\/wp-content\/uploads\/2023\/01\/notibras23.png\",\"contentUrl\":\"https:\/\/www.notibras.com\/site\/wp-content\/uploads\/2023\/01\/notibras23.png\",\"width\":350,\"height\":87,\"caption\":\"Grupo Notibras de Comunica\u00e7\u00e3o\"},\"image\":{\"@id\":\"https:\/\/www.notibras.com\/site\/#\/schema\/logo\/image\/\"},\"sameAs\":[\"https:\/\/www.facebook.com\/notibras\/\",\"https:\/\/x.com\/Notibras\",\"https:\/\/www.instagram.com\/notibras\/\"]},{\"@type\":\"Person\",\"@id\":\"https:\/\/www.notibras.com\/site\/#\/schema\/person\/36ab0979449956132d3e5b517ea76ac8\",\"name\":\"Reda\u00e7\u00e3o\",\"image\":{\"@type\":\"ImageObject\",\"inLanguage\":\"pt-BR\",\"@id\":\"https:\/\/secure.gravatar.com\/avatar\/e0a867bdedb85fd243eadf09663511f96fc81e0720a4a42581f334ad4303aa6b?s=96&d=mm&r=g\",\"url\":\"https:\/\/secure.gravatar.com\/avatar\/e0a867bdedb85fd243eadf09663511f96fc81e0720a4a42581f334ad4303aa6b?s=96&d=mm&r=g\",\"contentUrl\":\"https:\/\/secure.gravatar.com\/avatar\/e0a867bdedb85fd243eadf09663511f96fc81e0720a4a42581f334ad4303aa6b?s=96&d=mm&r=g\",\"caption\":\"Reda\u00e7\u00e3o\"}}]}<\/script>\n<!-- \/ Yoast SEO plugin. -->","yoast_head_json":{"title":"Projeto leva tratamento de doen\u00e7as negligenciadas no Amazonas - Notibras","robots":{"index":"index","follow":"follow","max-snippet":"max-snippet:-1","max-image-preview":"max-image-preview:large","max-video-preview":"max-video-preview:-1"},"canonical":"https:\/\/www.notibras.com\/site\/projeto-leva-tratamento-de-doencas-negligenciadas-no-amazonas\/","og_locale":"pt_BR","og_type":"article","og_title":"Projeto leva tratamento de doen\u00e7as negligenciadas no Amazonas - Notibras","og_description":"Pouco depois de completar 20 anos, o seringueiro e agricultor familiar, Augusto Bezerra da Silva, hoje com 65, foi diagnosticado com uma doen\u00e7a rara que afetou drasticamente sua vida, no interior do Acre. Conhecida como Doen\u00e7a Jorge Lobo ou lobomicose, a enfermidade causa les\u00f5es nodulares parecidas com queloides em diferentes partes do corpo como orelhas, [&hellip;]","og_url":"https:\/\/www.notibras.com\/site\/projeto-leva-tratamento-de-doencas-negligenciadas-no-amazonas\/","og_site_name":"Notibras","article_publisher":"https:\/\/www.facebook.com\/notibras\/","article_published_time":"2026-04-28T03:00:27+00:00","article_modified_time":"2026-04-28T11:54:22+00:00","og_image":[{"width":1170,"height":700,"url":"https:\/\/www.notibras.com\/site\/wp-content\/uploads\/2026\/04\/mcam13062020-21.webp","type":"image\/webp"}],"author":"Reda\u00e7\u00e3o","twitter_card":"summary_large_image","twitter_creator":"@Notibras","twitter_site":"@Notibras","twitter_misc":{"Escrito por":"Reda\u00e7\u00e3o","Est. tempo de leitura":"6 minutos"},"schema":{"@context":"https:\/\/schema.org","@graph":[{"@type":"Article","@id":"https:\/\/www.notibras.com\/site\/projeto-leva-tratamento-de-doencas-negligenciadas-no-amazonas\/#article","isPartOf":{"@id":"https:\/\/www.notibras.com\/site\/projeto-leva-tratamento-de-doencas-negligenciadas-no-amazonas\/"},"author":{"name":"Reda\u00e7\u00e3o","@id":"https:\/\/www.notibras.com\/site\/#\/schema\/person\/36ab0979449956132d3e5b517ea76ac8"},"headline":"Projeto leva tratamento de doen\u00e7as negligenciadas no Amazonas","datePublished":"2026-04-28T03:00:27+00:00","dateModified":"2026-04-28T11:54:22+00:00","mainEntityOfPage":{"@id":"https:\/\/www.notibras.com\/site\/projeto-leva-tratamento-de-doencas-negligenciadas-no-amazonas\/"},"wordCount":1079,"publisher":{"@id":"https:\/\/www.notibras.com\/site\/#organization"},"image":{"@id":"https:\/\/www.notibras.com\/site\/projeto-leva-tratamento-de-doencas-negligenciadas-no-amazonas\/#primaryimage"},"thumbnailUrl":"https:\/\/www.notibras.com\/site\/wp-content\/uploads\/2026\/04\/mcam13062020-21.webp","articleSection":["Brasil"],"inLanguage":"pt-BR"},{"@type":"WebPage","@id":"https:\/\/www.notibras.com\/site\/projeto-leva-tratamento-de-doencas-negligenciadas-no-amazonas\/","url":"https:\/\/www.notibras.com\/site\/projeto-leva-tratamento-de-doencas-negligenciadas-no-amazonas\/","name":"Projeto leva tratamento de doen\u00e7as negligenciadas no Amazonas - Notibras","isPartOf":{"@id":"https:\/\/www.notibras.com\/site\/#website"},"primaryImageOfPage":{"@id":"https:\/\/www.notibras.com\/site\/projeto-leva-tratamento-de-doencas-negligenciadas-no-amazonas\/#primaryimage"},"image":{"@id":"https:\/\/www.notibras.com\/site\/projeto-leva-tratamento-de-doencas-negligenciadas-no-amazonas\/#primaryimage"},"thumbnailUrl":"https:\/\/www.notibras.com\/site\/wp-content\/uploads\/2026\/04\/mcam13062020-21.webp","datePublished":"2026-04-28T03:00:27+00:00","dateModified":"2026-04-28T11:54:22+00:00","breadcrumb":{"@id":"https:\/\/www.notibras.com\/site\/projeto-leva-tratamento-de-doencas-negligenciadas-no-amazonas\/#breadcrumb"},"inLanguage":"pt-BR","potentialAction":[{"@type":"ReadAction","target":["https:\/\/www.notibras.com\/site\/projeto-leva-tratamento-de-doencas-negligenciadas-no-amazonas\/"]}]},{"@type":"ImageObject","inLanguage":"pt-BR","@id":"https:\/\/www.notibras.com\/site\/projeto-leva-tratamento-de-doencas-negligenciadas-no-amazonas\/#primaryimage","url":"https:\/\/www.notibras.com\/site\/wp-content\/uploads\/2026\/04\/mcam13062020-21.webp","contentUrl":"https:\/\/www.notibras.com\/site\/wp-content\/uploads\/2026\/04\/mcam13062020-21.webp","width":1170,"height":700},{"@type":"BreadcrumbList","@id":"https:\/\/www.notibras.com\/site\/projeto-leva-tratamento-de-doencas-negligenciadas-no-amazonas\/#breadcrumb","itemListElement":[{"@type":"ListItem","position":1,"name":"In\u00edcio","item":"https:\/\/www.notibras.com\/site\/"},{"@type":"ListItem","position":2,"name":"Projeto leva tratamento de doen\u00e7as negligenciadas no Amazonas"}]},{"@type":"WebSite","@id":"https:\/\/www.notibras.com\/site\/#website","url":"https:\/\/www.notibras.com\/site\/","name":"Notibras","description":"Not\u00edcias de Bras\u00edlia, do Brasil e do Mundo","publisher":{"@id":"https:\/\/www.notibras.com\/site\/#organization"},"potentialAction":[{"@type":"SearchAction","target":{"@type":"EntryPoint","urlTemplate":"https:\/\/www.notibras.com\/site\/?s={search_term_string}"},"query-input":{"@type":"PropertyValueSpecification","valueRequired":true,"valueName":"search_term_string"}}],"inLanguage":"pt-BR"},{"@type":"Organization","@id":"https:\/\/www.notibras.com\/site\/#organization","name":"Grupo Notibras de Comunica\u00e7\u00e3o","url":"https:\/\/www.notibras.com\/site\/","logo":{"@type":"ImageObject","inLanguage":"pt-BR","@id":"https:\/\/www.notibras.com\/site\/#\/schema\/logo\/image\/","url":"https:\/\/www.notibras.com\/site\/wp-content\/uploads\/2023\/01\/notibras23.png","contentUrl":"https:\/\/www.notibras.com\/site\/wp-content\/uploads\/2023\/01\/notibras23.png","width":350,"height":87,"caption":"Grupo Notibras de Comunica\u00e7\u00e3o"},"image":{"@id":"https:\/\/www.notibras.com\/site\/#\/schema\/logo\/image\/"},"sameAs":["https:\/\/www.facebook.com\/notibras\/","https:\/\/x.com\/Notibras","https:\/\/www.instagram.com\/notibras\/"]},{"@type":"Person","@id":"https:\/\/www.notibras.com\/site\/#\/schema\/person\/36ab0979449956132d3e5b517ea76ac8","name":"Reda\u00e7\u00e3o","image":{"@type":"ImageObject","inLanguage":"pt-BR","@id":"https:\/\/secure.gravatar.com\/avatar\/e0a867bdedb85fd243eadf09663511f96fc81e0720a4a42581f334ad4303aa6b?s=96&d=mm&r=g","url":"https:\/\/secure.gravatar.com\/avatar\/e0a867bdedb85fd243eadf09663511f96fc81e0720a4a42581f334ad4303aa6b?s=96&d=mm&r=g","contentUrl":"https:\/\/secure.gravatar.com\/avatar\/e0a867bdedb85fd243eadf09663511f96fc81e0720a4a42581f334ad4303aa6b?s=96&d=mm&r=g","caption":"Reda\u00e7\u00e3o"}}]}},"amp_enabled":true,"_links":{"self":[{"href":"https:\/\/www.notibras.com\/site\/wp-json\/wp\/v2\/posts\/392787","targetHints":{"allow":["GET"]}}],"collection":[{"href":"https:\/\/www.notibras.com\/site\/wp-json\/wp\/v2\/posts"}],"about":[{"href":"https:\/\/www.notibras.com\/site\/wp-json\/wp\/v2\/types\/post"}],"author":[{"embeddable":true,"href":"https:\/\/www.notibras.com\/site\/wp-json\/wp\/v2\/users\/2"}],"replies":[{"embeddable":true,"href":"https:\/\/www.notibras.com\/site\/wp-json\/wp\/v2\/comments?post=392787"}],"version-history":[{"count":1,"href":"https:\/\/www.notibras.com\/site\/wp-json\/wp\/v2\/posts\/392787\/revisions"}],"predecessor-version":[{"id":392789,"href":"https:\/\/www.notibras.com\/site\/wp-json\/wp\/v2\/posts\/392787\/revisions\/392789"}],"wp:featuredmedia":[{"embeddable":true,"href":"https:\/\/www.notibras.com\/site\/wp-json\/wp\/v2\/media\/392788"}],"wp:attachment":[{"href":"https:\/\/www.notibras.com\/site\/wp-json\/wp\/v2\/media?parent=392787"}],"wp:term":[{"taxonomy":"category","embeddable":true,"href":"https:\/\/www.notibras.com\/site\/wp-json\/wp\/v2\/categories?post=392787"},{"taxonomy":"post_tag","embeddable":true,"href":"https:\/\/www.notibras.com\/site\/wp-json\/wp\/v2\/tags?post=392787"}],"curies":[{"name":"wp","href":"https:\/\/api.w.org\/{rel}","templated":true}]}}