{"id":39279,"date":"2015-03-08T23:53:24","date_gmt":"2015-03-09T02:53:24","guid":{"rendered":"http:\/\/www.notibras.com\/site\/?p=39279"},"modified":"2015-03-09T09:08:39","modified_gmt":"2015-03-09T12:08:39","slug":"inezita-barroso-mae-da-musica-caipira-morre-em-sao-paulo-aos-90-anos","status":"publish","type":"post","link":"https:\/\/www.notibras.com\/site\/inezita-barroso-mae-da-musica-caipira-morre-em-sao-paulo-aos-90-anos\/","title":{"rendered":"Inezita Barroso, dama da m\u00fasica caipira, morre aos 90 anos"},"content":{"rendered":"<p>A cantora e apresentadora Inezita Barroso morreu na noite deste domingo, em S\u00e3o Paulo, aos 90 anos. Ela era uma defensora intransigente da cultura caipira, \u00e0 qual dava espa\u00e7o no programa &#8220;Viola, Minha Viola&#8221;, que apresentou por quase 35 anos. A informa\u00e7\u00e3o foi confirmada pelo perfil oficial da TV Cultura. Inezita estava internada no Hospital S\u00edrio-Liban\u00eas, desde o dia 19 de fevereiro. Completou 90 anos no dia 4.\u00a0 A cantora deixa uma filha, Marta Barroso, tr\u00eas netas e cinco bisnetos.<\/p>\n<p>Ignez Magdalena Aranha de Lima, nome de batismo de Inezita Barroso, nasceu em 4 de mar\u00e7o de 1925, no bairro da Barra Funda, em S\u00e3o Paulo. Filha de fam\u00edlia tradicional paulistana, passou a inf\u00e2ncia cercada por influ\u00eancias musicais diversas, mas foi na fazenda da fam\u00edlia, no interior paulista, que desenvolveu seu amor pela m\u00fasica caipira e pelas tradi\u00e7\u00f5es populares.\u00a0 Formou-se em Biblioteconomia pela USP, e foi uma grande pesquisadora do g\u00eanero musical. Por conta pr\u00f3pria, percorreu o Brasil resgatando hist\u00f3rias e can\u00e7\u00f5es.<\/p>\n<blockquote><p>Al\u00e9m da cantora, Inezita foi instrumentista, arranjadora, folclorista e professora. Em cerca de 60 anos de carreira, gravou mais de 80 discos. Como int\u00e9rprete, sua grava\u00e7\u00e3o mais famosa foi a &#8220;Moda da Pinga&#8221;, dos versos &#8220;Co&#8217;a marvada pinga \u00e9 que eu me atrapaio\/ Eu entro na venda e j\u00e1 d\u00f4 meu taio\/ Pego no copo e dali num saio\/ Ali mesmo eu bebo, ali mesmo eu caio\/ S\u00f3 pra carreg\u00e1 \u00e9 queu d\u00f4 trabaio, oi l\u00e1!&#8221;.<\/p><\/blockquote>\n<p>Na televis\u00e3o, Iniciou a sua carreira art\u00edstica junto com a TV Record, onde foi a primeira cantora contratada. Depois, passou pela extinta TV Tupi e outras emissoras, at\u00e9 chegar \u00e0 TV Cultura para comandar o &#8220;Viola, Minha Viola&#8221;, onde apresentava desde os anos 1980.<\/p>\n<p>Inezita manteve a rotina de apresenta\u00e7\u00f5es e grava\u00e7\u00f5es do programa at\u00e9 2014. Em dezembro, ela chegou a ser hospitalizada ap\u00f3s cair dentro da casa de sua filha, em Campos do Jord\u00e3o, no interior de S\u00e3o Paulo. Desde ent\u00e3o, n\u00e3o participou mais do seu tradicional programa de m\u00fasica sertaneja.<\/p>\n","protected":false},"excerpt":{"rendered":"<p>A cantora e apresentadora Inezita Barroso morreu na noite deste domingo, em S\u00e3o Paulo, aos 90 anos. Ela era uma defensora intransigente da cultura caipira, \u00e0 qual dava espa\u00e7o no programa &#8220;Viola, Minha Viola&#8221;, que apresentou por quase 35 anos. A informa\u00e7\u00e3o foi confirmada pelo perfil oficial da TV Cultura. Inezita estava internada no Hospital [&hellip;]<\/p>\n","protected":false},"author":2,"featured_media":39280,"comment_status":"open","ping_status":"closed","sticky":false,"template":"","format":"standard","meta":{"_acf_changed":false,"footnotes":""},"categories":[16],"tags":[],"class_list":["post-39279","post","type-post","status-publish","format-standard","has-post-thumbnail","hentry","category-brasil"],"acf":[],"yoast_head":"<!-- This site is optimized with the Yoast SEO plugin v27.2 - https:\/\/yoast.com\/product\/yoast-seo-wordpress\/ -->\n<title>Inezita Barroso, dama da m\u00fasica caipira, morre aos 90 anos - Notibras<\/title>\n<meta name=\"robots\" content=\"index, follow, max-snippet:-1, max-image-preview:large, max-video-preview:-1\" \/>\n<link rel=\"canonical\" href=\"https:\/\/www.notibras.com\/site\/inezita-barroso-mae-da-musica-caipira-morre-em-sao-paulo-aos-90-anos\/\" \/>\n<meta property=\"og:locale\" content=\"pt_BR\" \/>\n<meta property=\"og:type\" content=\"article\" \/>\n<meta property=\"og:title\" content=\"Inezita Barroso, dama da m\u00fasica caipira, morre aos 90 anos - Notibras\" \/>\n<meta property=\"og:description\" content=\"A cantora e apresentadora Inezita Barroso morreu na noite deste domingo, em S\u00e3o Paulo, aos 90 anos. Ela era uma defensora intransigente da cultura caipira, \u00e0 qual dava espa\u00e7o no programa &#8220;Viola, Minha Viola&#8221;, que apresentou por quase 35 anos. A informa\u00e7\u00e3o foi confirmada pelo perfil oficial da TV Cultura. Inezita estava internada no Hospital [&hellip;]\" \/>\n<meta property=\"og:url\" content=\"https:\/\/www.notibras.com\/site\/inezita-barroso-mae-da-musica-caipira-morre-em-sao-paulo-aos-90-anos\/\" \/>\n<meta property=\"og:site_name\" content=\"Notibras\" \/>\n<meta property=\"article:publisher\" content=\"https:\/\/www.facebook.com\/notibras\/\" \/>\n<meta property=\"article:published_time\" content=\"2015-03-09T02:53:24+00:00\" \/>\n<meta property=\"article:modified_time\" content=\"2015-03-09T12:08:39+00:00\" \/>\n<meta property=\"og:image\" content=\"https:\/\/www.notibras.com\/site\/wp-content\/uploads\/2015\/03\/inezita-barroso-participa-do-bate-papo-uol-1278440173977_400x300.jpg\" \/>\n\t<meta property=\"og:image:width\" content=\"400\" \/>\n\t<meta property=\"og:image:height\" content=\"300\" \/>\n\t<meta property=\"og:image:type\" content=\"image\/jpeg\" \/>\n<meta name=\"author\" content=\"Reda\u00e7\u00e3o\" \/>\n<meta name=\"twitter:card\" content=\"summary_large_image\" \/>\n<meta name=\"twitter:creator\" content=\"@Notibras\" \/>\n<meta name=\"twitter:site\" content=\"@Notibras\" \/>\n<meta name=\"twitter:label1\" content=\"Escrito por\" \/>\n\t<meta name=\"twitter:data1\" content=\"Reda\u00e7\u00e3o\" \/>\n\t<meta name=\"twitter:label2\" content=\"Est. tempo de leitura\" \/>\n\t<meta name=\"twitter:data2\" content=\"2 minutos\" \/>\n<script type=\"application\/ld+json\" class=\"yoast-schema-graph\">{\"@context\":\"https:\/\/schema.org\",\"@graph\":[{\"@type\":\"Article\",\"@id\":\"https:\/\/www.notibras.com\/site\/inezita-barroso-mae-da-musica-caipira-morre-em-sao-paulo-aos-90-anos\/#article\",\"isPartOf\":{\"@id\":\"https:\/\/www.notibras.com\/site\/inezita-barroso-mae-da-musica-caipira-morre-em-sao-paulo-aos-90-anos\/\"},\"author\":{\"name\":\"Reda\u00e7\u00e3o\",\"@id\":\"https:\/\/www.notibras.com\/site\/#\/schema\/person\/36ab0979449956132d3e5b517ea76ac8\"},\"headline\":\"Inezita Barroso, dama da m\u00fasica caipira, morre aos 90 anos\",\"datePublished\":\"2015-03-09T02:53:24+00:00\",\"dateModified\":\"2015-03-09T12:08:39+00:00\",\"mainEntityOfPage\":{\"@id\":\"https:\/\/www.notibras.com\/site\/inezita-barroso-mae-da-musica-caipira-morre-em-sao-paulo-aos-90-anos\/\"},\"wordCount\":356,\"commentCount\":0,\"publisher\":{\"@id\":\"https:\/\/www.notibras.com\/site\/#organization\"},\"image\":{\"@id\":\"https:\/\/www.notibras.com\/site\/inezita-barroso-mae-da-musica-caipira-morre-em-sao-paulo-aos-90-anos\/#primaryimage\"},\"thumbnailUrl\":\"https:\/\/www.notibras.com\/site\/wp-content\/uploads\/2015\/03\/inezita-barroso-participa-do-bate-papo-uol-1278440173977_400x300.jpg\",\"articleSection\":[\"Brasil\"],\"inLanguage\":\"pt-BR\",\"potentialAction\":[{\"@type\":\"CommentAction\",\"name\":\"Comment\",\"target\":[\"https:\/\/www.notibras.com\/site\/inezita-barroso-mae-da-musica-caipira-morre-em-sao-paulo-aos-90-anos\/#respond\"]}]},{\"@type\":\"WebPage\",\"@id\":\"https:\/\/www.notibras.com\/site\/inezita-barroso-mae-da-musica-caipira-morre-em-sao-paulo-aos-90-anos\/\",\"url\":\"https:\/\/www.notibras.com\/site\/inezita-barroso-mae-da-musica-caipira-morre-em-sao-paulo-aos-90-anos\/\",\"name\":\"Inezita Barroso, dama da m\u00fasica caipira, morre aos 90 anos - Notibras\",\"isPartOf\":{\"@id\":\"https:\/\/www.notibras.com\/site\/#website\"},\"primaryImageOfPage\":{\"@id\":\"https:\/\/www.notibras.com\/site\/inezita-barroso-mae-da-musica-caipira-morre-em-sao-paulo-aos-90-anos\/#primaryimage\"},\"image\":{\"@id\":\"https:\/\/www.notibras.com\/site\/inezita-barroso-mae-da-musica-caipira-morre-em-sao-paulo-aos-90-anos\/#primaryimage\"},\"thumbnailUrl\":\"https:\/\/www.notibras.com\/site\/wp-content\/uploads\/2015\/03\/inezita-barroso-participa-do-bate-papo-uol-1278440173977_400x300.jpg\",\"datePublished\":\"2015-03-09T02:53:24+00:00\",\"dateModified\":\"2015-03-09T12:08:39+00:00\",\"breadcrumb\":{\"@id\":\"https:\/\/www.notibras.com\/site\/inezita-barroso-mae-da-musica-caipira-morre-em-sao-paulo-aos-90-anos\/#breadcrumb\"},\"inLanguage\":\"pt-BR\",\"potentialAction\":[{\"@type\":\"ReadAction\",\"target\":[\"https:\/\/www.notibras.com\/site\/inezita-barroso-mae-da-musica-caipira-morre-em-sao-paulo-aos-90-anos\/\"]}]},{\"@type\":\"ImageObject\",\"inLanguage\":\"pt-BR\",\"@id\":\"https:\/\/www.notibras.com\/site\/inezita-barroso-mae-da-musica-caipira-morre-em-sao-paulo-aos-90-anos\/#primaryimage\",\"url\":\"https:\/\/www.notibras.com\/site\/wp-content\/uploads\/2015\/03\/inezita-barroso-participa-do-bate-papo-uol-1278440173977_400x300.jpg\",\"contentUrl\":\"https:\/\/www.notibras.com\/site\/wp-content\/uploads\/2015\/03\/inezita-barroso-participa-do-bate-papo-uol-1278440173977_400x300.jpg\",\"width\":400,\"height\":300},{\"@type\":\"BreadcrumbList\",\"@id\":\"https:\/\/www.notibras.com\/site\/inezita-barroso-mae-da-musica-caipira-morre-em-sao-paulo-aos-90-anos\/#breadcrumb\",\"itemListElement\":[{\"@type\":\"ListItem\",\"position\":1,\"name\":\"In\u00edcio\",\"item\":\"https:\/\/www.notibras.com\/site\/\"},{\"@type\":\"ListItem\",\"position\":2,\"name\":\"Inezita Barroso, dama da m\u00fasica caipira, morre aos 90 anos\"}]},{\"@type\":\"WebSite\",\"@id\":\"https:\/\/www.notibras.com\/site\/#website\",\"url\":\"https:\/\/www.notibras.com\/site\/\",\"name\":\"Notibras\",\"description\":\"Not\u00edcias de Bras\u00edlia, do Brasil e do Mundo\",\"publisher\":{\"@id\":\"https:\/\/www.notibras.com\/site\/#organization\"},\"potentialAction\":[{\"@type\":\"SearchAction\",\"target\":{\"@type\":\"EntryPoint\",\"urlTemplate\":\"https:\/\/www.notibras.com\/site\/?s={search_term_string}\"},\"query-input\":{\"@type\":\"PropertyValueSpecification\",\"valueRequired\":true,\"valueName\":\"search_term_string\"}}],\"inLanguage\":\"pt-BR\"},{\"@type\":\"Organization\",\"@id\":\"https:\/\/www.notibras.com\/site\/#organization\",\"name\":\"Grupo Notibras de Comunica\u00e7\u00e3o\",\"url\":\"https:\/\/www.notibras.com\/site\/\",\"logo\":{\"@type\":\"ImageObject\",\"inLanguage\":\"pt-BR\",\"@id\":\"https:\/\/www.notibras.com\/site\/#\/schema\/logo\/image\/\",\"url\":\"https:\/\/www.notibras.com\/site\/wp-content\/uploads\/2023\/01\/notibras23.png\",\"contentUrl\":\"https:\/\/www.notibras.com\/site\/wp-content\/uploads\/2023\/01\/notibras23.png\",\"width\":350,\"height\":87,\"caption\":\"Grupo Notibras de Comunica\u00e7\u00e3o\"},\"image\":{\"@id\":\"https:\/\/www.notibras.com\/site\/#\/schema\/logo\/image\/\"},\"sameAs\":[\"https:\/\/www.facebook.com\/notibras\/\",\"https:\/\/x.com\/Notibras\",\"https:\/\/www.instagram.com\/notibras\/\"]},{\"@type\":\"Person\",\"@id\":\"https:\/\/www.notibras.com\/site\/#\/schema\/person\/36ab0979449956132d3e5b517ea76ac8\",\"name\":\"Reda\u00e7\u00e3o\",\"image\":{\"@type\":\"ImageObject\",\"inLanguage\":\"pt-BR\",\"@id\":\"https:\/\/secure.gravatar.com\/avatar\/e0a867bdedb85fd243eadf09663511f96fc81e0720a4a42581f334ad4303aa6b?s=96&d=mm&r=g\",\"url\":\"https:\/\/secure.gravatar.com\/avatar\/e0a867bdedb85fd243eadf09663511f96fc81e0720a4a42581f334ad4303aa6b?s=96&d=mm&r=g\",\"contentUrl\":\"https:\/\/secure.gravatar.com\/avatar\/e0a867bdedb85fd243eadf09663511f96fc81e0720a4a42581f334ad4303aa6b?s=96&d=mm&r=g\",\"caption\":\"Reda\u00e7\u00e3o\"}}]}<\/script>\n<!-- \/ Yoast SEO plugin. -->","yoast_head_json":{"title":"Inezita Barroso, dama da m\u00fasica caipira, morre aos 90 anos - Notibras","robots":{"index":"index","follow":"follow","max-snippet":"max-snippet:-1","max-image-preview":"max-image-preview:large","max-video-preview":"max-video-preview:-1"},"canonical":"https:\/\/www.notibras.com\/site\/inezita-barroso-mae-da-musica-caipira-morre-em-sao-paulo-aos-90-anos\/","og_locale":"pt_BR","og_type":"article","og_title":"Inezita Barroso, dama da m\u00fasica caipira, morre aos 90 anos - Notibras","og_description":"A cantora e apresentadora Inezita Barroso morreu na noite deste domingo, em S\u00e3o Paulo, aos 90 anos. Ela era uma defensora intransigente da cultura caipira, \u00e0 qual dava espa\u00e7o no programa &#8220;Viola, Minha Viola&#8221;, que apresentou por quase 35 anos. A informa\u00e7\u00e3o foi confirmada pelo perfil oficial da TV Cultura. Inezita estava internada no Hospital [&hellip;]","og_url":"https:\/\/www.notibras.com\/site\/inezita-barroso-mae-da-musica-caipira-morre-em-sao-paulo-aos-90-anos\/","og_site_name":"Notibras","article_publisher":"https:\/\/www.facebook.com\/notibras\/","article_published_time":"2015-03-09T02:53:24+00:00","article_modified_time":"2015-03-09T12:08:39+00:00","og_image":[{"width":400,"height":300,"url":"https:\/\/www.notibras.com\/site\/wp-content\/uploads\/2015\/03\/inezita-barroso-participa-do-bate-papo-uol-1278440173977_400x300.jpg","type":"image\/jpeg"}],"author":"Reda\u00e7\u00e3o","twitter_card":"summary_large_image","twitter_creator":"@Notibras","twitter_site":"@Notibras","twitter_misc":{"Escrito por":"Reda\u00e7\u00e3o","Est. tempo de leitura":"2 minutos"},"schema":{"@context":"https:\/\/schema.org","@graph":[{"@type":"Article","@id":"https:\/\/www.notibras.com\/site\/inezita-barroso-mae-da-musica-caipira-morre-em-sao-paulo-aos-90-anos\/#article","isPartOf":{"@id":"https:\/\/www.notibras.com\/site\/inezita-barroso-mae-da-musica-caipira-morre-em-sao-paulo-aos-90-anos\/"},"author":{"name":"Reda\u00e7\u00e3o","@id":"https:\/\/www.notibras.com\/site\/#\/schema\/person\/36ab0979449956132d3e5b517ea76ac8"},"headline":"Inezita Barroso, dama da m\u00fasica caipira, morre aos 90 anos","datePublished":"2015-03-09T02:53:24+00:00","dateModified":"2015-03-09T12:08:39+00:00","mainEntityOfPage":{"@id":"https:\/\/www.notibras.com\/site\/inezita-barroso-mae-da-musica-caipira-morre-em-sao-paulo-aos-90-anos\/"},"wordCount":356,"commentCount":0,"publisher":{"@id":"https:\/\/www.notibras.com\/site\/#organization"},"image":{"@id":"https:\/\/www.notibras.com\/site\/inezita-barroso-mae-da-musica-caipira-morre-em-sao-paulo-aos-90-anos\/#primaryimage"},"thumbnailUrl":"https:\/\/www.notibras.com\/site\/wp-content\/uploads\/2015\/03\/inezita-barroso-participa-do-bate-papo-uol-1278440173977_400x300.jpg","articleSection":["Brasil"],"inLanguage":"pt-BR","potentialAction":[{"@type":"CommentAction","name":"Comment","target":["https:\/\/www.notibras.com\/site\/inezita-barroso-mae-da-musica-caipira-morre-em-sao-paulo-aos-90-anos\/#respond"]}]},{"@type":"WebPage","@id":"https:\/\/www.notibras.com\/site\/inezita-barroso-mae-da-musica-caipira-morre-em-sao-paulo-aos-90-anos\/","url":"https:\/\/www.notibras.com\/site\/inezita-barroso-mae-da-musica-caipira-morre-em-sao-paulo-aos-90-anos\/","name":"Inezita Barroso, dama da m\u00fasica caipira, morre aos 90 anos - Notibras","isPartOf":{"@id":"https:\/\/www.notibras.com\/site\/#website"},"primaryImageOfPage":{"@id":"https:\/\/www.notibras.com\/site\/inezita-barroso-mae-da-musica-caipira-morre-em-sao-paulo-aos-90-anos\/#primaryimage"},"image":{"@id":"https:\/\/www.notibras.com\/site\/inezita-barroso-mae-da-musica-caipira-morre-em-sao-paulo-aos-90-anos\/#primaryimage"},"thumbnailUrl":"https:\/\/www.notibras.com\/site\/wp-content\/uploads\/2015\/03\/inezita-barroso-participa-do-bate-papo-uol-1278440173977_400x300.jpg","datePublished":"2015-03-09T02:53:24+00:00","dateModified":"2015-03-09T12:08:39+00:00","breadcrumb":{"@id":"https:\/\/www.notibras.com\/site\/inezita-barroso-mae-da-musica-caipira-morre-em-sao-paulo-aos-90-anos\/#breadcrumb"},"inLanguage":"pt-BR","potentialAction":[{"@type":"ReadAction","target":["https:\/\/www.notibras.com\/site\/inezita-barroso-mae-da-musica-caipira-morre-em-sao-paulo-aos-90-anos\/"]}]},{"@type":"ImageObject","inLanguage":"pt-BR","@id":"https:\/\/www.notibras.com\/site\/inezita-barroso-mae-da-musica-caipira-morre-em-sao-paulo-aos-90-anos\/#primaryimage","url":"https:\/\/www.notibras.com\/site\/wp-content\/uploads\/2015\/03\/inezita-barroso-participa-do-bate-papo-uol-1278440173977_400x300.jpg","contentUrl":"https:\/\/www.notibras.com\/site\/wp-content\/uploads\/2015\/03\/inezita-barroso-participa-do-bate-papo-uol-1278440173977_400x300.jpg","width":400,"height":300},{"@type":"BreadcrumbList","@id":"https:\/\/www.notibras.com\/site\/inezita-barroso-mae-da-musica-caipira-morre-em-sao-paulo-aos-90-anos\/#breadcrumb","itemListElement":[{"@type":"ListItem","position":1,"name":"In\u00edcio","item":"https:\/\/www.notibras.com\/site\/"},{"@type":"ListItem","position":2,"name":"Inezita Barroso, dama da m\u00fasica caipira, morre aos 90 anos"}]},{"@type":"WebSite","@id":"https:\/\/www.notibras.com\/site\/#website","url":"https:\/\/www.notibras.com\/site\/","name":"Notibras","description":"Not\u00edcias de Bras\u00edlia, do Brasil e do Mundo","publisher":{"@id":"https:\/\/www.notibras.com\/site\/#organization"},"potentialAction":[{"@type":"SearchAction","target":{"@type":"EntryPoint","urlTemplate":"https:\/\/www.notibras.com\/site\/?s={search_term_string}"},"query-input":{"@type":"PropertyValueSpecification","valueRequired":true,"valueName":"search_term_string"}}],"inLanguage":"pt-BR"},{"@type":"Organization","@id":"https:\/\/www.notibras.com\/site\/#organization","name":"Grupo Notibras de Comunica\u00e7\u00e3o","url":"https:\/\/www.notibras.com\/site\/","logo":{"@type":"ImageObject","inLanguage":"pt-BR","@id":"https:\/\/www.notibras.com\/site\/#\/schema\/logo\/image\/","url":"https:\/\/www.notibras.com\/site\/wp-content\/uploads\/2023\/01\/notibras23.png","contentUrl":"https:\/\/www.notibras.com\/site\/wp-content\/uploads\/2023\/01\/notibras23.png","width":350,"height":87,"caption":"Grupo Notibras de Comunica\u00e7\u00e3o"},"image":{"@id":"https:\/\/www.notibras.com\/site\/#\/schema\/logo\/image\/"},"sameAs":["https:\/\/www.facebook.com\/notibras\/","https:\/\/x.com\/Notibras","https:\/\/www.instagram.com\/notibras\/"]},{"@type":"Person","@id":"https:\/\/www.notibras.com\/site\/#\/schema\/person\/36ab0979449956132d3e5b517ea76ac8","name":"Reda\u00e7\u00e3o","image":{"@type":"ImageObject","inLanguage":"pt-BR","@id":"https:\/\/secure.gravatar.com\/avatar\/e0a867bdedb85fd243eadf09663511f96fc81e0720a4a42581f334ad4303aa6b?s=96&d=mm&r=g","url":"https:\/\/secure.gravatar.com\/avatar\/e0a867bdedb85fd243eadf09663511f96fc81e0720a4a42581f334ad4303aa6b?s=96&d=mm&r=g","contentUrl":"https:\/\/secure.gravatar.com\/avatar\/e0a867bdedb85fd243eadf09663511f96fc81e0720a4a42581f334ad4303aa6b?s=96&d=mm&r=g","caption":"Reda\u00e7\u00e3o"}}]}},"amp_enabled":true,"_links":{"self":[{"href":"https:\/\/www.notibras.com\/site\/wp-json\/wp\/v2\/posts\/39279","targetHints":{"allow":["GET"]}}],"collection":[{"href":"https:\/\/www.notibras.com\/site\/wp-json\/wp\/v2\/posts"}],"about":[{"href":"https:\/\/www.notibras.com\/site\/wp-json\/wp\/v2\/types\/post"}],"author":[{"embeddable":true,"href":"https:\/\/www.notibras.com\/site\/wp-json\/wp\/v2\/users\/2"}],"replies":[{"embeddable":true,"href":"https:\/\/www.notibras.com\/site\/wp-json\/wp\/v2\/comments?post=39279"}],"version-history":[{"count":0,"href":"https:\/\/www.notibras.com\/site\/wp-json\/wp\/v2\/posts\/39279\/revisions"}],"wp:featuredmedia":[{"embeddable":true,"href":"https:\/\/www.notibras.com\/site\/wp-json\/wp\/v2\/media\/39280"}],"wp:attachment":[{"href":"https:\/\/www.notibras.com\/site\/wp-json\/wp\/v2\/media?parent=39279"}],"wp:term":[{"taxonomy":"category","embeddable":true,"href":"https:\/\/www.notibras.com\/site\/wp-json\/wp\/v2\/categories?post=39279"},{"taxonomy":"post_tag","embeddable":true,"href":"https:\/\/www.notibras.com\/site\/wp-json\/wp\/v2\/tags?post=39279"}],"curies":[{"name":"wp","href":"https:\/\/api.w.org\/{rel}","templated":true}]}}